{"id":7804,"date":"2016-02-29T14:29:24","date_gmt":"2016-02-29T17:29:24","guid":{"rendered":"http:\/\/webvasco.com\/artigos\/?p=7804"},"modified":"2016-02-29T14:37:57","modified_gmt":"2016-02-29T17:37:57","slug":"o-barquinho-mais-uma-vez-naufragou","status":"publish","type":"post","link":"https:\/\/webvasco.com\/artigos\/colunistas\/luizcarlosrocha\/o-barquinho-mais-uma-vez-naufragou\/","title":{"rendered":"O BARQUINHO MAIS UMA VEZ NAUFRAGOU!"},"content":{"rendered":"<div>\n<div style=\"color:#000; background-color:#fff; font-family:HelveticaNeue-Light, Helvetica Neue Light, Helvetica Neue, Helvetica, Arial, Lucida Grande, sans-serif;font-size:32px\">\n<div class=\"\" style=\"text-align:justify;text-indent:35.4pt;tab-stops:111.0pt\" id=\"yui_3_16_0_1_1456666613834_62314\"><span style=\"font-size:12.0pt;line-height:115%;font-family:&quot;Arial&quot;,sans-serif\" id=\"yui_3_16_0_1_1456666613834_62316\" class=\"\">&nbsp; &nbsp;&nbsp;Foi a segunda partida consecutiva que o  Vasco da Gama n\u00e3o obteve \u00eaxito na vit\u00f3ria. Ontem, em S\u00e3o Janu\u00e1rio a Caravela  Vasca\u00edna saiu na frente com gol de Riascos, mas cedeu o empate ao Botafogo, em  cobran\u00e7a de falta magn\u00edfica de Emerson. O resultado da S\u00e9tima Rodada do  Campeonato Carioca, manteve o time do comandante Jorginho na lideran\u00e7a do Chave  A, com 17 pontos ganhos, em 21 disputados.<o:p id=\"yui_3_16_0_1_1456666613834_62318\" class=\"\"><\/o:p><\/span><\/div>\n<div class=\"\" style=\"text-align:justify;text-indent:35.4pt;tab-stops:111.0pt\" id=\"yui_3_16_0_1_1456666613834_62320\"><span style=\"font-size:12.0pt;line-height:115%;font-family:&quot;Arial&quot;,sans-serif\" id=\"yui_3_16_0_1_1456666613834_62322\" class=\"\">Depois  de uma etapa inicial em p\u00e9 de igualdade, o tempo complementar foi marcado por  lances de ousadia, que valeram o ingresso. Os 8.869 presentes (7.921 pagantes),  tiveram a oportunidade de testemunhar a rapidez de \u00c9der Lu\u00eds no que diz  respeito ao passe para o colombiano Riascos marcar e deixar o Cruzmaltino na  frente. Observaram tamb\u00e9m a bola na trave do talentoso Nen\u00ea. E viram o bala\u00e7o  do menino Emerson, que definiu o marcador.<o:p id=\"yui_3_16_0_1_1456666613834_62324\" class=\"\"><\/o:p><\/span><\/div>\n<div class=\"\" style=\"text-align:justify;text-indent:35.4pt;tab-stops:111.0pt\" id=\"yui_3_16_0_1_1456666613834_62326\"><span style=\"font-size:12.0pt;line-height:115%;font-family:&quot;Arial&quot;,sans-serif\" id=\"yui_3_16_0_1_1456666613834_62328\" class=\"\">Em  noite de festa, torcedores de Vasco e Botafogo unidos aplaudiram o treinador  Ricardo Gomes, hoje no Alvinegro, mas com passagem recente pelo Mach\u00e3o da Gama.  A homenagem foi em agradecimento aos servi\u00e7os prestados ao clube e o  reconhecimento pelo t\u00edtulo de campe\u00e3o da Copa do Brasil, na temporada 2011.<o:p id=\"yui_3_16_0_1_1456666613834_62330\" class=\"\"><\/o:p><\/span><\/div>\n<div class=\"\" style=\"text-align:justify;text-indent:35.4pt;tab-stops:111.0pt\" id=\"yui_3_16_0_1_1456666613834_62332\"><span style=\"font-size:12.0pt;line-height:115%;font-family:&quot;Arial&quot;,sans-serif\" id=\"yui_3_16_0_1_1456666613834_62334\" class=\"\">Muito  bonito as atitudes fora de campo, mas o fato \u00e9 que o Vasco come\u00e7ou a cair de  produ\u00e7\u00e3o. Para o pr\u00f3ximo desafio, domingo, \u00e0s 17h (de Bras\u00edlia-DF), contra o  Bonsucesso, como visitante, Nen\u00ea, Jorge Henrique, Riascos e Cia. ter\u00e3o nova  chance de recolocar o Trem Bala da Colina nos trilhos rumo ao bicampeonato. <o:p id=\"yui_3_16_0_1_1456666613834_62336\" class=\"\"><\/o:p><\/span><\/div>\n<div class=\"\" style=\"text-align:justify;text-indent:35.4pt;tab-stops:111.0pt\" id=\"yui_3_16_0_1_1456666613834_62338\"><span style=\"font-size:12.0pt;line-height:115%;font-family:&quot;Arial&quot;,sans-serif\" id=\"yui_3_16_0_1_1456666613834_62340\" class=\"\">&nbsp;&nbsp;&nbsp;&nbsp;&nbsp;&nbsp;&nbsp;&nbsp;&nbsp;&nbsp;&nbsp;&nbsp;&nbsp;&nbsp;&nbsp;&nbsp;&nbsp;&nbsp;&nbsp;&nbsp;&nbsp;&nbsp;&nbsp;&nbsp; <o:p id=\"yui_3_16_0_1_1456666613834_62342\" class=\"\"><\/o:p><\/span><\/div>\n<div class=\"\" style=\"text-align:justify;text-indent:35.4pt;tab-stops:111.0pt\" id=\"yui_3_16_0_1_1456666613834_62344\"><span style=\"font-size:12.0pt;line-height:115%;font-family:&quot;Arial&quot;,sans-serif\" id=\"yui_3_16_0_1_1456666613834_62346\" class=\"\"><o:p id=\"yui_3_16_0_1_1456666613834_62348\" class=\"\">&nbsp;<\/o:p><\/span><\/div>\n<div class=\"\" style=\"text-align:justify;text-indent:35.4pt;tab-stops:111.0pt\" id=\"yui_3_16_0_1_1456666613834_62350\"><b id=\"yui_3_16_0_1_1456666613834_62352\" class=\"\"><u id=\"yui_3_16_0_1_1456666613834_62354\" class=\"\"><span style=\"font-size:20.0pt;line-height:115%;font-family:&quot;Arial&quot;,sans-serif\" id=\"yui_3_16_0_1_1456666613834_62356\" class=\"\">DIVULGUEM ESSA COVARDIA:<\/span><\/u><\/b><span style=\"font-size:16.0pt;line-height:115%;font-family:&quot;Arial&quot;,sans-serif\" id=\"yui_3_16_0_1_1456666613834_62358\" class=\"\"> GOSTARIA  DE PEDIR A TODOS OS MEUS AMIGOS E LEITORES QUE TIRASSE UM TEMPINHO PARA LER A  PETI\u00c7\u00c3O P\u00daBLICA, AO QUAL SEGUE ABAIXO O LINK. TAL DOCUMENTO REFERE-SE A <b id=\"yui_3_16_0_1_1456666613834_62360\" class=\"\"><u id=\"yui_3_16_0_1_1456666613834_62362\" class=\"\">UM ATO DE COVARDIA POR PARTE DA  VOLKSWAGEN DO BRASIL EM COAUTORIA DA ABOLI\u00c7\u00c3O VE\u00cdCULOS (GRUPO AB)<\/u><\/b>  CONTRA ESTE VELHO JORNALISTA. A REFERIDA CONCESSION\u00c1RIA EST\u00c1 ME LESANDO DESDE  FEVEREIRO DE 2013. MEU CARRO FOI BATIDO DENTRO DA OFICINA, FURTARAM ACESS\u00d3RIOS,  TEM PROBLEMAS CAUSADOS POR ELES, AL\u00c9M DE DEFEITOS DE FABRICA\u00c7\u00c3O. O CARRO 0 KM  COMPRADO POR MIM HOJE SE ENCONTRA NA OFICINA DA ABOLI\u00c7\u00c3O VE\u00cdCULOS (CENTRO DE  NITER\u00d3I) <b id=\"yui_3_16_0_1_1456666613834_62364\" class=\"\"><u id=\"yui_3_16_0_1_1456666613834_62366\" class=\"\">DESDE 10 DE JUNHO DE 2013<\/u><\/b>,  OU MELHOR, H\u00c1 <b id=\"yui_3_16_0_1_1456666613834_62368\" class=\"\"><u id=\"yui_3_16_0_1_1456666613834_62370\" class=\"\">33 MESES, OU SEJA, 2  ANOS E NOVE MESES.<\/u><\/b> <b id=\"yui_3_16_0_1_1456666613834_62372\" class=\"\"><u id=\"yui_3_16_0_1_1456666613834_62374\" class=\"\">TEM APENAS  729 KM RODADOS<\/u><\/b> PARA COMPROVAR O CALV\u00c1RIO TENHO DOCUMENTOS, GRAVA\u00c7\u00d5ES DE  AUDIO E V\u00cdDEO, MAIS DE 600 FOTOGRAFIAS E E-MAILS TROCADOS COM FUNCION\u00c1RIOS DO  BAIXO, M\u00c9DIO E ALTO ESCAL\u00c3O DA EMPRESA. POR FAVOR, ASSINEM O DOCUMENTO PARA QUE  OUTROS CONSUMIDORES N\u00c3O SEJAM LESADOS POR EMPRESAS DESTE N\u00cdVEL.&nbsp; <\/span><a href=\"https:\/\/secure.avaaz.org\/po\/petition\/Aos_Orgaos_de_Defesa_do_Consumidor_e_ao_Poder_Judiciario_JUSTICA_CONTRA_UMA_MARCA_E_SUA_REVENDERORA_QUE_DESCUMPREM_A_LEI\/?lJEcNfb&amp;pv=0\" id=\"yui_3_16_0_1_1456666613834_62376\" class=\"\"><span style=\"font-size:16.0pt;line-height:115%;font-family:&quot;Arial&quot;,sans-serif\" id=\"yui_3_16_0_1_1456666613834_62378\" class=\"\"><a href=\"https:\/\/secure.avaaz.org\/po\/petition\/Aos_Orgaos_de_Defesa_do_Consumidor_e_ao_Poder_Judiciario_JUSTICA_CONTRA_UMA_MARCA_E_SUA_REVENDERORA_QUE_DESCUMPREM_A_LEI\/?lJEcNfb&amp;pv=0\" >https:\/\/secure.avaaz.org\/po\/petition\/Aos_Orgaos_de_Defesa_do_Consumidor_e_ao_Poder_Judiciario_JUSTICA_CONTRA_UMA_MARCA_E_SUA_REVENDERORA_QUE_DESCUMPREM_A_LEI\/?lJEcNfb&amp;pv=0<\/a><\/span><\/a><span style=\"font-size:16.0pt;line-height:115%;font-family:&quot;Arial&quot;,sans-serif\" id=\"yui_3_16_0_1_1456666613834_62380\" class=\"\"><o:p id=\"yui_3_16_0_1_1456666613834_62382\" class=\"\"><\/o:p><\/span><\/div>\n<div class=\"\" style=\"text-align:justify;tab-stops:111.0pt\" id=\"yui_3_16_0_1_1456666613834_62384\"><span style=\"font-size:16.0pt;line-height:115%;font-family:&quot;Arial&quot;,sans-serif\" id=\"yui_3_16_0_1_1456666613834_62386\" class=\"\"><o:p id=\"yui_3_16_0_1_1456666613834_62388\" class=\"\">&nbsp;<\/o:p><\/span><\/div>\n<div class=\"\" style=\"text-align:justify;tab-stops:111.0pt\" id=\"yui_3_16_0_1_1456666613834_62390\"><b id=\"yui_3_16_0_1_1456666613834_62392\" class=\"\"><span style=\"font-size:16.0pt;line-height:115%;font-family:&quot;Arial&quot;,sans-serif\" id=\"yui_3_16_0_1_1456666613834_62394\" class=\"\">&nbsp;&nbsp;&nbsp;&nbsp;&nbsp;&nbsp;&nbsp;&nbsp;&nbsp;&nbsp;&nbsp;&nbsp;&nbsp;&nbsp;&nbsp;&nbsp;&nbsp;&nbsp;&nbsp;&nbsp;&nbsp;&nbsp;&nbsp;&nbsp; &nbsp;&nbsp;&nbsp;&nbsp;&nbsp;&nbsp; <o:p id=\"yui_3_16_0_1_1456666613834_62396\" class=\"\"><\/o:p><\/span><\/b><\/div>\n<div id=\"yui_3_16_0_1_1456666613834_62243\">                                    <\/div>\n<div class=\"\" style=\"text-align:justify\" id=\"yui_3_16_0_1_1456666613834_62312\" dir=\"ltr\"><b id=\"yui_3_16_0_1_1456666613834_62311\" class=\"\"><span style=\"font-size:14.0pt;line-height:115%;font-family:&quot;Arial&quot;,sans-serif\" id=\"yui_3_16_0_1_1456666613834_62310\" class=\"\">AP\u00d3S  AS TODAS AS PARTIDAS DO VASC\u00c3O EM MEU PERFIL DO FACEBOOK (QUEM QUISER RECEBER  AS CR\u00d4NICAS DE PRIMEIRA M\u00c3O \u00c9 S\u00d3 ME ADICIONAR), E NOS SITES WEBVASCO  (www.webvasco.com), E VASCA\u00cdNOS UNIDOS (www.vascainosunidos.com.br) TEM A  OPINI\u00c3O DO JORNALISTA LUIZ CARLOS ROCHA. LEIAM! COMPARTILHEM E CURTAM!  VASCA\u00cdNOS UNIDOS JAMAIS SER\u00c3O VENCIDOS.<o:p id=\"yui_3_16_0_1_1456666613834_62401\" class=\"\"><\/o:p><\/span><\/b><\/div>\n<div id=\"yui_3_16_0_1_1456666613834_62242\"><span><br \/><\/span><\/div>\n<div id=\"yui_3_16_0_1_1456666613834_62241\"><span><br \/><\/span><\/div>\n<div id=\"yui_3_16_0_1_1456666613834_62240\"><span><br \/><\/span><\/div>\n<div><\/div>\n<div id=\"yui_3_16_0_1_1456666613834_62216\">&nbsp;<\/div>\n<div class=\"signature\" id=\"yui_3_16_0_1_1456666613834_62198\">\n<div id=\"RTEContent\">\n<div id=\"yui_3_16_0_1_1456666613834_62197\">\n<div id=\"yui_3_16_0_1_1456666613834_62196\">\n<div id=\"yui_3_16_0_1_1456666613834_62195\">\n<div align=\"center\" id=\"yui_3_16_0_1_1456666613834_62215\"><\/div>\n<\/div>\n<\/div>\n<\/div>\n<\/div>\n<\/div>\n<\/div>\n<\/div>\n<p><\/p>\n","protected":false},"excerpt":{"rendered":"<p>&nbsp; &nbsp;&nbsp;Foi a segunda partida consecutiva que o Vasco da Gama n\u00e3o obteve \u00eaxito na&#8230;<\/p>\n","protected":false},"author":7,"featured_media":0,"comment_status":"open","ping_status":"closed","sticky":false,"template":"","format":"standard","meta":{"footnotes":""},"categories":[4],"tags":[],"class_list":["post-7804","post","type-post","status-publish","format-standard","hentry","category-luizcarlosrocha"],"_links":{"self":[{"href":"https:\/\/webvasco.com\/artigos\/wp-json\/wp\/v2\/posts\/7804","targetHints":{"allow":["GET"]}}],"collection":[{"href":"https:\/\/webvasco.com\/artigos\/wp-json\/wp\/v2\/posts"}],"about":[{"href":"https:\/\/webvasco.com\/artigos\/wp-json\/wp\/v2\/types\/post"}],"author":[{"embeddable":true,"href":"https:\/\/webvasco.com\/artigos\/wp-json\/wp\/v2\/users\/7"}],"replies":[{"embeddable":true,"href":"https:\/\/webvasco.com\/artigos\/wp-json\/wp\/v2\/comments?post=7804"}],"version-history":[{"count":0,"href":"https:\/\/webvasco.com\/artigos\/wp-json\/wp\/v2\/posts\/7804\/revisions"}],"wp:attachment":[{"href":"https:\/\/webvasco.com\/artigos\/wp-json\/wp\/v2\/media?parent=7804"}],"wp:term":[{"taxonomy":"category","embeddable":true,"href":"https:\/\/webvasco.com\/artigos\/wp-json\/wp\/v2\/categories?post=7804"},{"taxonomy":"post_tag","embeddable":true,"href":"https:\/\/webvasco.com\/artigos\/wp-json\/wp\/v2\/tags?post=7804"}],"curies":[{"name":"wp","href":"https:\/\/api.w.org\/{rel}","templated":true}]}}