{"id":7805,"date":"2016-03-13T19:55:25","date_gmt":"2016-03-13T22:55:25","guid":{"rendered":"http:\/\/webvasco.com\/artigos\/?p=7805"},"modified":"2016-03-13T20:01:54","modified_gmt":"2016-03-13T23:01:54","slug":"de-ndegas-para-luan","status":"publish","type":"post","link":"https:\/\/webvasco.com\/artigos\/colunistas\/luizcarlosrocha\/de-ndegas-para-luan\/","title":{"rendered":"DE N&Aacute;DEGAS PARA LUAN!"},"content":{"rendered":"<div>\n<div style=\"color:#000; background-color:#fff; font-family:HelveticaNeue-Light, Helvetica Neue Light, Helvetica Neue, Helvetica, Arial, Lucida Grande, sans-serif;font-size:32px\">\n<div class=\"\" style=\"text-align:justify;text-indent:35.4pt;tab-stops:111.0pt\" id=\"yui_3_16_0_1_1457619985890_133605\"><span style=\"font-size:12.0pt;line-height:115%;font-family:&quot;Arial&quot;,sans-serif\" id=\"yui_3_16_0_1_1457619985890_133607\" class=\"\">Pois  \u00e9. Come\u00e7ou assim: A velha m\u00e1xima diz que aquele nascido de bumbum virado para a  lua ter\u00e1 sempre sorte. O Vasco da Gama tem mais do que isso. Possui estrela. O  clube de S\u00e3o Janu\u00e1rio, mostrou que n\u00e3o s\u00f3 nasceu com a bunda, mas tamb\u00e9m com a  coxa para a lua, digo, para o zagueiro Luan! Al\u00e9m do defensor que marcou o segundo  gol, o atacante Jorge Henrique abriu o marcador. O Cruzmaltino come\u00e7ou bem a Segunda  Fase do Campeonato Carioca ao derrotar em casa o Bangu, por 2 a 0.<o:p id=\"yui_3_16_0_1_1457619985890_133609\" class=\"\"><\/o:p><\/span><\/div>\n<div class=\"\" style=\"text-align:justify;text-indent:35.4pt;tab-stops:111.0pt\" id=\"yui_3_16_0_1_1457619985890_133611\"><span style=\"font-size:12.0pt;line-height:115%;font-family:&quot;Arial&quot;,sans-serif\" id=\"yui_3_16_0_1_1457619985890_133613\" class=\"\">Com o  resultado, o Mach\u00e3o da Gama \u00e9 l\u00edder da Ta\u00e7a Guanabara, por possuir melhor saldo  de gols (2) e tr\u00eas pontos na tabela de classifica\u00e7\u00e3o, seguido por Boavista e  pelos Exclu\u00eddos, tamb\u00e9m com tr\u00eas pontos, por\u00e9m, com saldo de gols inferior.  Somente no s\u00e1bado o Vasco enfrentar\u00e1 a equipe de Saquarema, em Cariacica, no  Esp\u00edrito Santo, em partida v\u00e1lida pela competi\u00e7\u00e3o supramencionada. At\u00e9 l\u00e1 o  treinador Jorginho, bem como seu auxiliar Zinho ter\u00e3o de corrigir alguns erros  da equipe.<o:p id=\"yui_3_16_0_1_1457619985890_133615\" class=\"\"><\/o:p><\/span><\/div>\n<div class=\"\" style=\"text-align:justify;text-indent:35.4pt;tab-stops:111.0pt\" id=\"yui_3_16_0_1_1457619985890_133617\"><span style=\"font-size:12.0pt;line-height:115%;font-family:&quot;Arial&quot;,sans-serif\" id=\"yui_3_16_0_1_1457619985890_133619\" class=\"\">O gol  da sorte saiu na etapa complementar. Aos 28 minutos Nen\u00ea caiu bem pr\u00f3ximo a  \u00e1rea e o \u00e1rbitro marcou a falta. Antes de cobrar, Andrezinho ainda olhou para  Jorge Henrique dando a entender que seria uma jogada ensaiada. Que nada. Bateu  direto. O capit\u00e3o Rodrigo escorou de cabe\u00e7a pr\u00f3ximo ao segundo pau, e a redonda  escorou na coxa do companheiro de zaga Luan, que sem entender nada apenas  comemorou. <o:p id=\"yui_3_16_0_1_1457619985890_133621\" class=\"\"><\/o:p><\/span><\/div>\n<div class=\"\" style=\"text-align:justify;text-indent:35.4pt;tab-stops:111.0pt\" id=\"yui_3_16_0_1_1457619985890_133623\"><span style=\"font-size:12.0pt;line-height:115%;font-family:&quot;Arial&quot;,sans-serif\" id=\"yui_3_16_0_1_1457619985890_133625\" class=\"\">Sorte?  Que seja! O importante \u00e9 vencer e fazer gols. Que a lua e o Luan possam estar  sempre em favor do Vasco. Vale lembrar, que o jogo foi contra um time  considerado pequeno. Certamente nos cl\u00e1ssicos a dificuldade ser\u00e1 bem maior, e a  sorte talvez n\u00e3o tenha a mesma propor\u00e7\u00e3o. <o:p id=\"yui_3_16_0_1_1457619985890_133627\" class=\"\"><\/o:p><\/span><\/div>\n<div class=\"\" style=\"text-align:justify;text-indent:35.4pt;tab-stops:111.0pt\" id=\"yui_3_16_0_1_1457619985890_133629\"><span style=\"font-size:12.0pt;line-height:115%;font-family:&quot;Arial&quot;,sans-serif\" id=\"yui_3_16_0_1_1457619985890_133631\" class=\"\"><o:p id=\"yui_3_16_0_1_1457619985890_133633\" class=\"\">&nbsp;<\/o:p><\/span><\/div>\n<div class=\"\" style=\"text-align:justify;text-indent:35.4pt;tab-stops:111.0pt\" id=\"yui_3_16_0_1_1457619985890_133635\"><span style=\"font-size:12.0pt;line-height:115%;font-family:&quot;Arial&quot;,sans-serif\" id=\"yui_3_16_0_1_1457619985890_133637\" class=\"\"><o:p id=\"yui_3_16_0_1_1457619985890_133639\" class=\"\">&nbsp;<\/o:p><\/span><\/div>\n<div class=\"\" style=\"text-align:justify;text-indent:35.4pt;tab-stops:111.0pt\" id=\"yui_3_16_0_1_1457619985890_133641\"><b id=\"yui_3_16_0_1_1457619985890_133643\" class=\"\"><u id=\"yui_3_16_0_1_1457619985890_133645\" class=\"\"><span style=\"font-size:20.0pt;line-height:115%;font-family:&quot;Arial&quot;,sans-serif\" id=\"yui_3_16_0_1_1457619985890_133647\" class=\"\">DIVULGUEM ESSA COVARDIA:<\/span><\/u><\/b><span style=\"font-size:16.0pt;line-height:115%;font-family:&quot;Arial&quot;,sans-serif\" id=\"yui_3_16_0_1_1457619985890_133649\" class=\"\"> GOSTARIA  DE PEDIR A TODOS OS MEUS AMIGOS E LEITORES QUE TIRASSE UM TEMPINHO PARA LER A  PETI\u00c7\u00c3O P\u00daBLICA, AO QUAL SEGUE ABAIXO O LINK. TAL DOCUMENTO REFERE-SE A <b id=\"yui_3_16_0_1_1457619985890_133651\" class=\"\"><u id=\"yui_3_16_0_1_1457619985890_133653\" class=\"\">UM ATO DE COVARDIA POR PARTE DA  VOLKSWAGEN DO BRASIL EM COAUTORIA DA ABOLI\u00c7\u00c3O VE\u00cdCULOS (GRUPO AB)<\/u><\/b>  CONTRA ESTE VELHO JORNALISTA. A REFERIDA CONCESSION\u00c1RIA EST\u00c1 ME LESANDO DESDE  FEVEREIRO DE 2013. MEU CARRO FOI BATIDO DENTRO DA OFICINA, FURTARAM ACESS\u00d3RIOS,  TEM PROBLEMAS CAUSADOS POR ELES, AL\u00c9M DE DEFEITOS DE FABRICA\u00c7\u00c3O. O CARRO 0 KM  COMPRADO POR MIM HOJE SE ENCONTRA NA OFICINA DA ABOLI\u00c7\u00c3O VE\u00cdCULOS (CENTRO DE  NITER\u00d3I) <b id=\"yui_3_16_0_1_1457619985890_133655\" class=\"\"><u id=\"yui_3_16_0_1_1457619985890_133657\" class=\"\">DESDE 10 DE JUNHO DE 2013<\/u><\/b>,  OU MELHOR, H\u00c1 <b id=\"yui_3_16_0_1_1457619985890_133659\" class=\"\"><u id=\"yui_3_16_0_1_1457619985890_133661\" class=\"\">33 MESES, OU SEJA, 2  ANOS E NOVE MESES.<\/u><\/b> <b id=\"yui_3_16_0_1_1457619985890_133663\" class=\"\"><u id=\"yui_3_16_0_1_1457619985890_133665\" class=\"\">TEM APENAS  729 KM RODADOS<\/u><\/b> PARA COMPROVAR O CALV\u00c1RIO TENHO DOCUMENTOS, GRAVA\u00c7\u00d5ES DE  AUDIO E V\u00cdDEO, MAIS DE 600 FOTOGRAFIAS E E-MAILS TROCADOS COM FUNCION\u00c1RIOS DO  BAIXO, M\u00c9DIO E ALTO ESCAL\u00c3O DA EMPRESA. POR FAVOR, ASSINEM O DOCUMENTO PARA QUE  OUTROS CONSUMIDORES N\u00c3O SEJAM LESADOS POR EMPRESAS DESTE N\u00cdVEL.&nbsp; <\/span><a href=\"https:\/\/secure.avaaz.org\/po\/petition\/Aos_Orgaos_de_Defesa_do_Consumidor_e_ao_Poder_Judiciario_JUSTICA_CONTRA_UMA_MARCA_E_SUA_REVENDERORA_QUE_DESCUMPREM_A_LEI\/?lJEcNfb&amp;pv=0\" id=\"yui_3_16_0_1_1457619985890_133667\" class=\"\"><span style=\"font-size:16.0pt;line-height:115%;font-family:&quot;Arial&quot;,sans-serif\" id=\"yui_3_16_0_1_1457619985890_133669\" class=\"\"><a href=\"https:\/\/secure.avaaz.org\/po\/petition\/Aos_Orgaos_de_Defesa_do_Consumidor_e_ao_Poder_Judiciario_JUSTICA_CONTRA_UMA_MARCA_E_SUA_REVENDERORA_QUE_DESCUMPREM_A_LEI\/?lJEcNfb&amp;pv=0\" >https:\/\/secure.avaaz.org\/po\/petition\/Aos_Orgaos_de_Defesa_do_Consumidor_e_ao_Poder_Judiciario_JUSTICA_CONTRA_UMA_MARCA_E_SUA_REVENDERORA_QUE_DESCUMPREM_A_LEI\/?lJEcNfb&amp;pv=0<\/a><\/span><\/a><span style=\"font-size:16.0pt;line-height:115%;font-family:&quot;Arial&quot;,sans-serif\" id=\"yui_3_16_0_1_1457619985890_133671\" class=\"\"><o:p id=\"yui_3_16_0_1_1457619985890_133673\" class=\"\"><\/o:p><\/span><\/div>\n<div class=\"\" style=\"text-align:justify;tab-stops:111.0pt\" id=\"yui_3_16_0_1_1457619985890_133675\"><span style=\"font-size:16.0pt;line-height:115%;font-family:&quot;Arial&quot;,sans-serif\" id=\"yui_3_16_0_1_1457619985890_133677\" class=\"\"><o:p id=\"yui_3_16_0_1_1457619985890_133679\" class=\"\">&nbsp;<\/o:p><\/span><\/div>\n<div class=\"\" style=\"text-align:justify;tab-stops:111.0pt\" id=\"yui_3_16_0_1_1457619985890_133681\"><b id=\"yui_3_16_0_1_1457619985890_133683\" class=\"\"><span style=\"font-size:16.0pt;line-height:115%;font-family:&quot;Arial&quot;,sans-serif\" id=\"yui_3_16_0_1_1457619985890_133685\" class=\"\">&nbsp;&nbsp;&nbsp;&nbsp;&nbsp;&nbsp;&nbsp;&nbsp;&nbsp;&nbsp;&nbsp;&nbsp;&nbsp;&nbsp;&nbsp;&nbsp;&nbsp;&nbsp;&nbsp;&nbsp;&nbsp;&nbsp;&nbsp;&nbsp; &nbsp;&nbsp;&nbsp;&nbsp;&nbsp;&nbsp; <o:p id=\"yui_3_16_0_1_1457619985890_133687\" class=\"\"><\/o:p><\/span><\/b><\/div>\n<div id=\"yui_3_16_0_1_1457619985890_133356\">                                    <\/div>\n<div class=\"\" style=\"text-align:justify\" dir=\"ltr\" id=\"yui_3_16_0_1_1457619985890_133689\"><b id=\"yui_3_16_0_1_1457619985890_133691\" class=\"\"><span style=\"font-size:14.0pt;line-height:115%;font-family:&quot;Arial&quot;,sans-serif\" id=\"yui_3_16_0_1_1457619985890_133693\" class=\"\">AP\u00d3S  AS TODAS AS PARTIDAS DO VASC\u00c3O EM MEU PERFIL DO FACEBOOK (QUEM QUISER RECEBER  AS CR\u00d4NICAS DE PRIMEIRA M\u00c3O \u00c9 S\u00d3 ME ADICIONAR), E NOS SITES WEBVASCO  (www.webvasco.com), E VASCA\u00cdNOS UNIDOS (www.vascainosunidos.com.br) TEM A  OPINI\u00c3O DO JORNALISTA LUIZ CARLOS ROCHA. LEIAM! COMPARTILHEM E CURTAM!  VASCA\u00cdNOS UNIDOS JAMAIS SER\u00c3O VENCIDOS.<o:p id=\"yui_3_16_0_1_1457619985890_133695\" class=\"\"><\/o:p><\/span><\/b><\/div>\n<div id=\"yui_3_16_0_1_1457619985890_133356\"><span><br \/><\/span><\/div>\n<div id=\"yui_3_16_0_1_1457619985890_133356\"><span><br \/><\/span><\/div>\n<div id=\"yui_3_16_0_1_1457619985890_133356\"><span><br \/><\/span><\/div>\n<div><\/div>\n<div id=\"yui_3_16_0_1_1457619985890_133355\">&nbsp;<\/div>\n<div class=\"signature\" id=\"yui_3_16_0_1_1457619985890_133348\">\n<div id=\"RTEContent\">\n<div id=\"yui_3_16_0_1_1457619985890_133347\">\n<div id=\"yui_3_16_0_1_1457619985890_133346\">\n<div id=\"yui_3_16_0_1_1457619985890_133345\">\n<div align=\"center\" id=\"yui_3_16_0_1_1457619985890_133344\"><\/div>\n<\/div>\n<\/div>\n<\/div>\n<\/div>\n<\/div>\n<\/div>\n<\/div>\n<p><\/p>\n","protected":false},"excerpt":{"rendered":"<p>Pois \u00e9. Come\u00e7ou assim: A velha m\u00e1xima diz que aquele nascido de bumbum virado para&#8230;<\/p>\n","protected":false},"author":7,"featured_media":0,"comment_status":"open","ping_status":"closed","sticky":false,"template":"","format":"standard","meta":{"footnotes":""},"categories":[4],"tags":[],"class_list":["post-7805","post","type-post","status-publish","format-standard","hentry","category-luizcarlosrocha"],"_links":{"self":[{"href":"https:\/\/webvasco.com\/artigos\/wp-json\/wp\/v2\/posts\/7805","targetHints":{"allow":["GET"]}}],"collection":[{"href":"https:\/\/webvasco.com\/artigos\/wp-json\/wp\/v2\/posts"}],"about":[{"href":"https:\/\/webvasco.com\/artigos\/wp-json\/wp\/v2\/types\/post"}],"author":[{"embeddable":true,"href":"https:\/\/webvasco.com\/artigos\/wp-json\/wp\/v2\/users\/7"}],"replies":[{"embeddable":true,"href":"https:\/\/webvasco.com\/artigos\/wp-json\/wp\/v2\/comments?post=7805"}],"version-history":[{"count":0,"href":"https:\/\/webvasco.com\/artigos\/wp-json\/wp\/v2\/posts\/7805\/revisions"}],"wp:attachment":[{"href":"https:\/\/webvasco.com\/artigos\/wp-json\/wp\/v2\/media?parent=7805"}],"wp:term":[{"taxonomy":"category","embeddable":true,"href":"https:\/\/webvasco.com\/artigos\/wp-json\/wp\/v2\/categories?post=7805"},{"taxonomy":"post_tag","embeddable":true,"href":"https:\/\/webvasco.com\/artigos\/wp-json\/wp\/v2\/tags?post=7805"}],"curies":[{"name":"wp","href":"https:\/\/api.w.org\/{rel}","templated":true}]}}