{"id":7806,"date":"2016-03-25T18:35:58","date_gmt":"2016-03-25T21:35:58","guid":{"rendered":"http:\/\/webvasco.com\/artigos\/?p=7806"},"modified":"2016-03-27T10:10:28","modified_gmt":"2016-03-27T13:10:28","slug":"argumentos-sobre-a-revitalizao-do-entorno-de-sj-ou-a-reivindicamos-imediatamente-ou-a-perderemos-para-sempre","status":"publish","type":"post","link":"https:\/\/webvasco.com\/artigos\/colunistas\/marcelopaiva\/argumentos-sobre-a-revitalizao-do-entorno-de-sj-ou-a-reivindicamos-imediatamente-ou-a-perderemos-para-sempre\/","title":{"rendered":"Argumentos Sobre a Revitaliza&ccedil;&atilde;o do Entorno de SJ. Ou a Reivindicamos imediatamente, ou a perderemos para sempre!"},"content":{"rendered":"<p>Caros Amigos Vasca\u00ednos!<\/p>\n<p>Depois de algum tempo ausente em minhas colunas, em virtude de longos compromissos profissionais, venho colocar a quest\u00e3o da Revitaliza\u00e7\u00e3o do Entorno do\u00a0 Est\u00e1dio de SJ (S\u00e3o Janu\u00e1rio), novamente no meio Vasca\u00edno.<\/p>\n<p><img loading=\"lazy\" decoding=\"async\" style=\"margin-top: 39px; margin-right: 0px;\" src=\"http:\/\/incondicionalmentevasco.files.wordpress.com\/2012\/11\/entorno-de-sc3a3o-januc3a1rio.jpg\" alt=\"\" width=\"331\" height=\"247\" \/><\/p>\n<p><span style=\"color: #0000ff;\">Entorno Atual de SJ<br \/>\n<\/span><span style=\"color: #0000ff;\">Fonte da imagem: Internet<\/span><\/p>\n<div><\/div>\n<p>Como todos os Vasca\u00ednos sabem, este portal (<a href=\"http:\/\/webvasco.com\" target=\"1\">webvasco.com<\/a>) \u00e9 um conceituado ve\u00edculo de intera\u00e7\u00e3o entre os Vasca\u00ednos nas redes sociais e a quest\u00e3o da Revitaliza\u00e7\u00e3o do Entorno de SJ, que \u00e9 o pr\u00e9 requisito para a posterior Amplia\u00e7\u00e3o\/Moderniza\u00e7\u00e3o do nosso est\u00e1dio, e \u00e9 uma das BANDEIRAS VASCA\u00cdNAS a qual empenhamos, como tamb\u00e9m a empenho fazendo parte do Movimento Volunt\u00e1rio pela Revitaliza\u00e7\u00e3o do Entorno de SJ, em conjunto com os Srs: Andr\u00e9 Pedro, Marcus Simonini, Raimundo Almeida, Maur\u00edcio Mendes e Phillipi Labanca.<\/p>\n<p>Todos sabemos que este vi\u00e9s j\u00e1 teria acontecido, caso o evento ol\u00edmpico &#8220;Rugby Rio 2016&#8221; acontecesse no est\u00e1dio do nosso amado Clube, cujo evento demandaria tais obras de Acessibilidade e Mobilidade Urbana em seu entorno, em conjunto com o Programa &#8220;Morar Carioca&#8221; da Prefeitura da Cidade do Rio de Janeiro. Obras pontuais de MODERNIZA\u00c7\u00c3O, tamb\u00e9m seriam feitas dentro do est\u00e1dio, de modo a se realizar este Esporte que retorna ao cen\u00e1rio ol\u00edmpico ap\u00f3s 92 anos.<\/p>\n<p><b>Vamos lembrar alguns fatos dentro deste contexto:<\/b><\/p>\n<p>Uma Carta de Inten\u00e7\u00f5es, objetivando esta linha de a\u00e7\u00e3o, foi assinada entre o COB (Comit\u00ea Ol\u00edmpico Brasileiro) e o CRVG (Clube de Regatas Vasco da Gama) em Julho de 2010 (<span style=\"color: #ff0000;\"><b>VEJAM AO CLICAR AQUI<\/b><\/span> &#8211; <a href=\"http:\/\/www.sidneyrezende.com\/noticia\/94672+vasco+assina+acordo+para+sao+januario+ser+sede+do+rugby+nas+olimpiadas+de+2016\" target=\"_blank\">http:\/\/www.sidneyrezende.com\/<wbr><\/wbr>noticia\/94672+vasco+assina+<wbr><\/wbr>acordo+para+sao+januario+ser+<wbr><\/wbr>sede+do+rugby+nas+olimpiadas+<wbr><\/wbr>de+2016<\/a>) e que em Outubro, de 2012, para surpresa negativa de toda a Torcida<br \/>\nVasca\u00edna, perdemos este vi\u00e9s ol\u00edmpico, cuja diretoria anterior n\u00e3o deu at\u00e9 hoje uma explica\u00e7\u00e3o plaus\u00edvel para esta irrepar\u00e1vel perda.<\/p>\n<p>Este evento ol\u00edmpico nos proporcionaria uma IMENSA VISIBILIDADE, ao nosso Clube para o mundo, al\u00e9m das benfeitorias que viriam com essa linha de a\u00e7\u00e3o.<\/p>\n<p><img loading=\"lazy\" decoding=\"async\" style=\"margin-right: 0px;\" src=\"http:\/\/www.netvasco.com.br\/news\/noticias16\/arquivos\/20100721-0004-10-sao-januario-oficializado-como-sede-de-rugbi-nas-olimpiadas.jpg\" alt=\"http:\/\/www.netvasco.com.br\/news\/noticias16\/arquivos\/20100721-0004-10-sao-januario-oficializado-como-sede-de-rugbi-nas-olimpiadas.jpg\" width=\"326\" height=\"216\" \/><\/p>\n<p><span style=\"color: #0000ff;\">Assinatura da carta de inten\u00e7\u00f5es, entre o COB e o CRVG, visando o Rugby Rio 2016 em S\u00e3o Janu\u00e1rio<br \/>\n<\/span><span style=\"color: #0000ff;\">Fonte da imagem: <a href=\"http:\/\/vasco.com.br\" target=\"1\">vasco.com.br<\/a><br \/>\n<\/span><\/p>\n<p>Mesmo com a perda do Rugby Rio 2016 em SJ, o Programa &#8220;Morar Carioca&#8221; se manteve ativo e a Revitaliza\u00e7\u00e3o do Entorno do Est\u00e1dio de SJ foi novamente apalavrada, pelo Sr Prefeito da Cidade do RJ, em Julho de 2014 (<span style=\"color: #ff0000;\"><b>VEJA AO CLICAR AQUI<\/b><\/span> &#8211; <a href=\"http:\/\/www.rio.rj.gov.br\/web\/guest\/exibeconteudo?id=4822086\" target=\"_blank\">http:\/\/www.rio.rj.gov.br\/web\/<wbr><\/wbr>guest\/exibeconteudo?id=4822086<\/a>), inclusive com a verba prevista no valor de R$ 31.000.000,00 (Trinta e um Milh\u00f5es de Reais, valor pequeno para tais benfeitorias) para obras de Acessibilidade, Habita\u00e7\u00e3o, Regulariza\u00e7\u00e3o Fundi\u00e1ria, Saneamento, Ilumina\u00e7\u00e3o, Lazer, etc &#8230;<\/p>\n<p>Como podemos ver, independente da perda do Rugby Rio 2016 em SJ, a Revitaliza\u00e7\u00e3o do Entorno est\u00e1 em aberto, no compasso de espera em seu modo macro, embora algumas pequenas interven\u00e7\u00f5es estejam sendo feitas<br \/>\nat\u00e9 aqui.<\/p>\n<div>Lembramos tamb\u00e9m, que est\u00e1 prevista a constru\u00e7\u00e3o da esta\u00e7\u00e3o S\u00e3o Janu\u00e1rio do BRT Transbrasil, na Av Brasil, em frente ao novo acesso previsto ligando a mesma ao Est\u00e1dio de SJ (<span style=\"color: #ff0000;\"><b>VEJA AO CLICAR AQUI <\/b><\/span>&#8211; <a href=\"http:\/\/www.wikirio.com.br\/TransBrasil\" target=\"_blank\">http:\/\/www.wikirio.com.br\/<wbr><\/wbr>TransBrasil<\/a>). Para quem n\u00e3o conhecer o que \u00e9 o BRT (Bus Rapid Transit), ele \u00e9 um corredor expresso de \u00f4nibus, que est\u00e1 sendo constru\u00eddo, e que ligar\u00e1 o bairro de Deodoro at\u00e9 o aeroporto Santos Dumont, no Centro do Rio de Janeiro.<\/div>\n<div>\n<p>\u00a0\u00a0\u00a0\u00a0 <img loading=\"lazy\" decoding=\"async\" style=\"margin-right: 0px;\" src=\"http:\/\/www.webvasco.com\/social\/images\/3657423.jpg?c91e4b\" alt=\"3657423\" width=\"326\" height=\"284\" \/><\/p>\n<\/div>\n<div><span style=\"color: #0000ff;\">\u00a0\u00a0\u00a0\u00a0 Previs\u00e3o do novo entorno de S\u00e3o Janu\u00e1rio<br \/>\n<\/span><\/div>\n<div><span style=\"color: #0000ff;\">\u00a0\u00a0\u00a0\u00a0 Fonte da Imagem: Portal da SMH &#8211; Prefeitura do Rio<\/span><span style=\"color: #0000ff;\"> de Janeiro<\/span><\/div>\n<div>\n<p><img loading=\"lazy\" decoding=\"async\" style=\"margin-right: 0px;\" src=\"http:\/\/www.webvasco.com\/social\/images\/20130306-1016-1-cara-nova.-a-rua-ricardo-machado-reurbanizada-na-barreira-do-vasco_mini.jpg?c91e4b\" alt=\"20130306-1016-1-cara-nova.-a-rua-ricardo-machado-reurbanizada-na-barreira-do-vasco mini\" width=\"328\" height=\"246\" \/><\/p>\n<\/div>\n<div><span style=\"color: #0000ff;\">\u00a0 \u00a0 \u00a0 Prov\u00e1vel Rua Ricardo Machado, entre o\u00a0 Est\u00e1dio\u00a0 de<br \/>\n<\/span><\/div>\n<div><span style=\"color: #0000ff;\">\u00a0\u00a0\u00a0\u00a0\u00a0 S\u00e3o Janu\u00e1rio e a Barreira do Vasco, conforme projeto.<br \/>\n<\/span><\/div>\n<div>\n<p><span style=\"color: #0000ff;\">\u00a0 \u00a0 \u00a0 Fonte da Imagem: Jornal O Globo &#8211; RJ\u00a0 &#8211; 06\/03\/13<\/span><\/p>\n<p><img loading=\"lazy\" decoding=\"async\" style=\"margin-top: 33px; margin-right: 0px;\" src=\"http:\/\/og.infg.com.br\/in\/13075307-5e1-012\/FT1500A\/550\/2014-728040472-004_pca-almerio-de-moura_barreira_do_vasco.jpg_20140626.jpg\" alt=\"\" width=\"345\" height=\"191\" \/><\/p>\n<\/div>\n<div>\u00a0\u00a0\u00a0\u00a0\u00a0 <span style=\"color: #0000ff;\">Nova Pra\u00e7a em frente a portaria principal do Est\u00e1dio de<br \/>\n<\/span><\/div>\n<div><span style=\"color: #0000ff;\">\u00a0\u00a0\u00a0\u00a0\u00a0 S\u00e3o Janu\u00e1rio &#8211; RJ<br \/>\n<\/span><\/div>\n<div><span style=\"color: #0000ff;\">\u00a0 \u00a0 \u00a0 Fonte da Imagem: <a href=\"http:\/\/oglobo.globo.com\" target=\"1\">oglobo.globo.com<\/a> &#8211; 30\/06\/14<br \/>\n<\/span><\/div>\n<div><\/div>\n<p>Quanto ao PROJETO INICIAL OR\u00c7ADO EM R$ 100.000.000,00 (Cem Milh\u00f5es de Reais) previsto para aquela regi\u00e3o, quando o CRVG estava com uma carta de inten\u00e7\u00f5es assinada para sediar o Rugby Rio 2016 (<span style=\"color: #ff0000;\"><b>VEJA AO CLICAR AQUI<\/b><\/span> &#8211; <a href=\"http:\/\/noticias.r7.com\/rio-de-janeiro\/noticias\/barreira-do-vasco-e-caju-vao-receber-r-100-milhoes-em-obras-de-urbanizacao-e-infraestrutura-20130306.html\" target=\"_blank\">http:\/\/noticias.r7.com\/rio-de-<wbr><\/wbr>janeiro\/noticias\/barreira-do-<wbr><\/wbr>vasco-e-caju-vao-receber-r-<wbr><\/wbr>100-milhoes-em-obras-de-<wbr><\/wbr>urbanizacao-e-infraestrutura-<wbr><\/wbr>20130306.html<\/a>), eu e mais o amigo, colega de prop\u00f3sito e colega de profiss\u00e3o, Eng\u00ba Civil Raimundo Almeida, estivemos em Setembro de 2011 no CAU &#8211; RJ (Centro de Arquitetura e Urbanismo da Cidade do Rio de Janeiro) em uma REUNI\u00c3O com a Coordenadora de Urbanismo Municipal, de modo a apresentarmos SUGEST\u00d5ES e IDEIAS conjuntas, para aquela regi\u00e3o ESQUECIDA pelo Poder P\u00fablico h\u00e1 d\u00e9cadas, assim como tivemos acesso ao referido projeto Municipal, para aquela \u00e1rea.<\/p>\n<p>Um quesito que o projeto da Prefeitura GUARDOU SEMELHAN\u00c7A, com as nossas sugest\u00f5es, foi a rua prevista acessando a Av. Brasil a rua General Alm\u00e9rio de Moura, onde se encontra o est\u00e1dio de SJ.<\/p>\n<p>Tivemos uma boa recep\u00e7\u00e3o, por parte da Coordenadora e REPRODUZIMOS NA IMAGEM ABAIXO, de modo simplista e artesanal, o QUESITO ACESSIBILIDADE previsto naquele projeto:<\/p>\n<p><a href=\"https:\/\/webvasco.com\/artigos\/wp-content\/uploads\/2016\/03\/image.jpeg\" rel=\"attachment wp-att-7815\"><img loading=\"lazy\" decoding=\"async\" class=\"alignleft size-large wp-image-7815\" src=\"https:\/\/webvasco.com\/artigos\/wp-content\/uploads\/2016\/03\/image-1024x501.jpeg\" alt=\"image\" width=\"1024\" height=\"501\" srcset=\"https:\/\/webvasco.com\/artigos\/wp-content\/uploads\/2016\/03\/image-1024x501.jpeg 1024w, https:\/\/webvasco.com\/artigos\/wp-content\/uploads\/2016\/03\/image-150x73.jpeg 150w, https:\/\/webvasco.com\/artigos\/wp-content\/uploads\/2016\/03\/image-300x147.jpeg 300w, https:\/\/webvasco.com\/artigos\/wp-content\/uploads\/2016\/03\/image-768x376.jpeg 768w\" sizes=\"auto, (max-width: 1024px) 100vw, 1024px\" \/><\/a><\/p>\n<div><\/div>\n<div><span style=\"color: #0000ff;\">Imagem artesanal, sobre o projeto de Revitaliza\u00e7\u00e3o da Prefeitura Municipal do RJ, quesito Acessibilidade, previsto para o Entorno de SJ, quando o CRVG estava com\u00a0 a\u00a0 Carta\u00a0 de Inten\u00e7\u00f5es assinada, entre o COB e o mesmo, de<br \/>\nmodo a se realizar\u00a0 o\u00a0 Rugby\u00a0 Rio\u00a0 2016.<br \/>\n<\/span><\/div>\n<div><span style=\"color: #0000ff;\">Fonte da imagem, como refer\u00eancia, google maps: Movimento Volunt\u00e1rio pela Revitaliza\u00e7\u00e3o<br \/>\ndo Entorno do Est\u00e1dio de SJ,<br \/>\n<\/span><\/div>\n<div><\/div>\n<div><\/div>\n<div>\n<p>Lembramos a todos os Vasca\u00ednos que esta linha de a\u00e7\u00e3o \u00e9 pontual e necess\u00e1ria para o entorno, pois beneficiar\u00e1 n\u00e3o somente o CRVG, mas sim a todos os moradores, trabalhadores, comerciantes e at\u00e9 mesmo a popula\u00e7\u00e3o da Cidade do Rio de Janeiro, que ganhar\u00e3o novas portas de entrada para aquela regi\u00e3o do Bairro de S\u00e3o Crist\u00f3v\u00e3o e adjac\u00eancias.<\/p>\n<\/div>\n<div>\n<p>Essa iniciativa conta com o apoio de moradores, comerciantes, empres\u00e1rios da regi\u00e3o e autoridades do Bairro Imperial de S\u00e3o Crist\u00f3v\u00e3o e seus arredores, pois ir\u00e1 alavancar o potencial de investimentos naquele Bairro ao revitaliz\u00e1-lo, abrindo a possibilidade de novos im\u00f3veis habitacionais, comerciais, industriais, culturais, tais como: shoppings, Lojas, Cinemas, \u00c1reas de Lazer, Postos M\u00e9dicos, entre outros, que mudar\u00e3o a situa\u00e7\u00e3o atual de &#8220;REGI\u00c3O ESTAGNADA&#8221; para &#8220;REGI\u00c3O POTENCIALIZADA&#8221;!<\/p>\n<\/div>\n<div>\n<p>Outro argumento interessante, que podemos passar dentro do contexto, \u00e9 o fato daquela regi\u00e3o possuir o apelo Hist\u00f3rico e Cultural. Pois a cerca de 2 Km de S\u00e3o Janu\u00e1rio existe a &#8220;QUINTA DA BOA VISTA&#8221; que \u00e9 um Parque a c\u00e9u aberto, na Cidade do Rio de Janeiro (semelhante ao &#8220;Central Park&#8221; da Cidade de Nova York &#8211; E.U.A.), cujo local est\u00e1 o MUSEU IMPERIAL que remonta a Hist\u00f3ria do Brasil Imp\u00e9rio, assim como a proximidade do CENTRO DE TRADI\u00c7\u00d5ES NORDESTINAS (Popular Feira de S\u00e3o Crist\u00f3v\u00e3o), est\u00e1 pr\u00f3ximo da CADEG (Centro de Abastecimento Aliment\u00edcio do RJ), idem para o POLO RIO DE LUSTRES DE BENFICA (O maior polo de Ilumina\u00e7\u00e3o do RJ), como tamb\u00e9m o OBSERVAT\u00d3RIO NACIONAL, a R\u00c1DIO TUPI RJ (1280 AM\/ 96,5 FM), entre outros atrativos daquela Regi\u00e3o Hist\u00f3rica e Cultural do Brasil, que est\u00e1 situada numa das Regi\u00f5es mais CENTRAIS da Cidade do Rio de Janeiro.<\/p>\n<\/div>\n<div>\n<p>Quanto que o Munic\u00edpio do Rio de Janeiro, o CRVG e a Iniciativa Privada n\u00e3o perdem, assim como os moradores e turistas da Cidade, em n\u00e3o se PROMOVER um CIRCUITO ESPORTIVO, CULTURAL E HIST\u00d3RICO, aproximando e integrando estes equipamentos com a Popula\u00e7\u00e3o?<\/p>\n<p><img loading=\"lazy\" decoding=\"async\" style=\"margin-top: 0px; margin-right: 0px;\" src=\"http:\/\/yourholidayhomes.com\/images\/content\/thinks\/657\/orig-quinta-aerea.jpg\" alt=\"\" width=\"347\" height=\"241\" \/><\/p>\n<\/div>\n<div><\/div>\n<div>\u00a0<span style=\"color: #0000ff;\">\u00a0\u00a0\u00a0\u00a0 Quinta da Boa Vista &#8211; Bairro de S\u00e3o Crist\u00f3v\u00e3o &#8211; RJ, ao fundo o Museu Imperial<br \/>\n<\/span><span style=\"color: #0000ff;\">\u00a0 \u00a0 \u00a0 Fonte da imagem: <a href=\"http:\/\/yourholidayhome.com\" target=\"1\">yourholidayhome.com<\/a><\/span><\/div>\n<div>\n<p><img loading=\"lazy\" decoding=\"async\" style=\"margin-top: 10px; margin-right: 0px;\" src=\"http:\/\/www.riofilmcommission.com\/locacoes\/img\/lightbox\/feira_de_sao_cristovao__pedro_kirilos_1285106901.jpg\" alt=\"\" width=\"356\" height=\"237\" \/><\/p>\n<\/div>\n<div>\u00a0 \u00a0 \u00a0 <span style=\"color: #0000ff;\">Centro de Tradi\u00e7\u00f5es Nordestinas (Feira de S\u00e3o Crist\u00f3v\u00e3o) &#8211; Bairro de S\u00e3o Crist\u00f3v\u00e3o &#8211; RJ<br \/>\n<\/span><span style=\"color: #0000ff;\">\u00a0 \u00a0 \u00a0 Fonte da imagem: <a href=\"http:\/\/www.riofilmcommission.com\">www.riofilmcommission.com<\/a><\/span><\/div>\n<div>\n<p>Queremos lembrar aos Vasca\u00ednos, que o nosso Grupo Volunt\u00e1rio da Revitaliza\u00e7\u00e3o do Entorno de SJ teve reuni\u00f5es de interc\u00e2mbio, tanto com a diretoria anterior do CRVG, quanto a atual.<\/p>\n<p>Em rela\u00e7\u00e3o a anterior, a mesma se mostrou interessada em promover a aproxima\u00e7\u00e3o com o Poder P\u00fablico, de modo a se buscar esta benfeitoria comum ao CRVG, aos moradores e a toda aquela regi\u00e3o, mas que na pr\u00e1tica n\u00e3o teve pr\u00f3 atividade suficiente para se buscar e se realizar esta importante linha de a\u00e7\u00e3o.<\/p>\n<\/div>\n<div>\n<p>Em rela\u00e7\u00e3o a atual diretoria do CRVG, tivemos uma reuni\u00e3o com a mesma, em Dezembro de 2014, onde apresentamos o nosso trabalho volunt\u00e1rio, como tamb\u00e9m a raz\u00e3o deste prop\u00f3sito ser realizado, assim como deixamos um farto material sobre este trabalho. Apresentamos tamb\u00e9m, o APOIO INCONDICIONAL de moradores, empres\u00e1rios e autoridades daquele Bairro, que ENXERGAM O POTENCIAL HABITACIONAL, COMERCIAL E TUR\u00cdSTICO, com a Revitaliza\u00e7\u00e3o daquela \u00e1rea. Pois o CRVG \u00e9 o &#8220;carro chefe&#8221; de qualquer linha de a\u00e7\u00e3o naquele local.<\/p>\n<\/div>\n<div>\n<p>Infelizmente n\u00e3o obtivemos ainda um retorno da atual diretoria sobre este trabalho e sobre o seu apoio. Pois o CRVG TEM QUE SER O MAIOR INTERESSADO nessas benfeitorias, por mais que voluntariamente estamos todos lutando por isso e por mais que o Torcedor Vasca\u00edno almeje isto.<\/p>\n<\/div>\n<div>\n<p>Possa ser que a atual diretoria do CRVG esteja maturando essa possibilidade, perante o Poder P\u00fablico, de modo reservado?<\/p>\n<\/div>\n<div>\n<p>Esperamos que seja isso! Pois o Vasco da Gama tem que ser GIGANTE tamb\u00e9m nesta condi\u00e7\u00e3o!<\/p>\n<\/div>\n<div>\n<p>Quanto ao Poder P\u00fablico, neste caso a Prefeitura da Cidade do Rio de Janeiro, a mesma possui em m\u00e3os um ABAIXO ASSINADO ELETR\u00d4NICO, de 10.313 assinaturas (<span style=\"color: #ff0000;\"><b>VEJA AO CLICAR AQUI<\/b><\/span> <span style=\"color: #ff0000;\"><b>NO FIM DAQUELA COLUNA<\/b><\/span> &#8211;\u00a0<a href=\"http:\/\/www.webvasco.com\/social\/leia-no-webvasco\/colunas\/marcelo-paiva\/314-agora-e-oficial-autoridades-do-rio-de-janeiro-receberam-o-abaixo-assinado-pela-revitalizacao.html\" target=\"_blank\">http:\/\/www.webvasco.com\/<wbr><\/wbr>social\/leia-no-webvasco\/<wbr><\/wbr>colunas\/marcelo-paiva\/314-<wbr><\/wbr>agora-e-oficial-autoridades-<wbr><\/wbr>do-rio-de-janeiro-receberam-o-<wbr><\/wbr>abaixo-assinado-pela-<wbr><\/wbr>revitalizacao.html<\/a>) reivindicando a Revitaliza\u00e7\u00e3o do Entorno do Est\u00e1dio de SJ, quando o CRVG ainda estava definido para realizar o Rugby Rio 2016. At\u00e9 hoje a Prefeitura ainda N\u00c3O DEU UMA RESPOSTA ao grupo Volunt\u00e1rio, sobre esta reivindica\u00e7\u00e3o!<\/p>\n<\/div>\n<div>\n<p>Ap\u00f3s todos estes bons argumentos citados at\u00e9 aqui, percebemos que para esta importante linha de a\u00e7\u00e3o se concretizar \u00e9 de suma import\u00e2ncia o CRVG procurar o Poder P\u00fablico e solicitar que o projeto de refer\u00eancia para a Revitaliza\u00e7\u00e3o do Entorno de SJ, aquele inicial quando o Vasco da Gama estava previsto sediar o Rugby Rio 2016, SAIA DO PAPEL atrav\u00e9s da VERBA J\u00c1 DESTINADA PARA ISSO, conforme visto anteriormente.<\/p>\n<\/div>\n<div>\n<p>Tudo \u00e9 quest\u00e3o de VONTADE POL\u00cdTICA entre as partes, de modo que no entendimento de ambos seja ENXERGADA e EXECUTADA essa obra de infra estrutura comum ao Clube, aos moradores, ao com\u00e9rcio e ind\u00fastria local, e at\u00e9 mesmo ao pr\u00f3prio Poder P\u00fablico.<\/p>\n<\/div>\n<div>\n<p>Que o CRVG aja o mais r\u00e1pido poss\u00edvel e que a Prefeitura Municipal do Rio de Janeiro ENXERGUE a POTENCIALIZA\u00c7\u00c3O daquela regi\u00e3o, carente de a\u00e7\u00f5es P\u00fablicas h\u00e1 d\u00e9cadas.<\/p>\n<\/div>\n<div>\n<p>Antes que um dia o nosso Est\u00e1dio de SJ, quase centen\u00e1rio, seja possivelmente INTERDITADO pelas &#8220;For\u00e7as Ocultas&#8221;, alegando obsol\u00eancia e fadiga do equipamento.<\/p>\n<\/div>\n<div>\n<p>S\u00e3o Janu\u00e1rio DEVE e MERECE uma moderniza\u00e7\u00e3o, seguida de amplia\u00e7\u00e3o nos conceitos atuais de sustentabilidade (Capta\u00e7\u00e3o de \u00e1gua de chuva para limpeza em geral e irriga\u00e7\u00e3o do gramado. Capta\u00e7\u00e3o de energia solar para armazenamento, de modo a iluminar alguns pontos do Est\u00e1dio, entre outros &#8230;).<\/p>\n<\/div>\n<div>\n<p>Para isso ocorrer reca\u00edmos novamente na necessidade do pr\u00e9 requisito &#8220;Revitaliza\u00e7\u00e3o do Entorno de SJ&#8221; SER CUMPRIDO, de modo posterior a &#8220;Moderniza\u00e7\u00e3o\/Amplia\u00e7\u00e3o&#8221; do est\u00e1dio ocorrer a &#8220;reboque&#8221; no momento<br \/>\ncerto!<br \/>\n<img loading=\"lazy\" decoding=\"async\" style=\"margin-top: 52px; margin-right: 0px;\" src=\"http:\/\/1.bp.blogspot.com\/-Wauxk0Rw7bo\/TbDihxikm_I\/AAAAAAAAAJM\/Kk1IMek7p6M\/s1600\/novo_estadio__vasco_da_gama.jpg\" alt=\"\" width=\"341\" height=\"207\" \/><\/p>\n<\/div>\n<div>\u00a0 \u00a0 \u00a0 <span style=\"color: #0000ff;\">Projeto da Luso Arenas para S\u00e3o Janu\u00e1rio em 1998 &#8211; 40.000 espectadores. Este projeto ainda est\u00e1 em aberto!<br \/>\n<\/span><span style=\"color: #0000ff;\">\u00a0 \u00a0 \u00a0 Fonte da imagem: <a href=\"http:\/\/skyscrapercity.com\" target=\"1\">skyscrapercity.com<\/a><\/span><\/div>\n<div>\n<p><img loading=\"lazy\" decoding=\"async\" style=\"margin-top: 52px; margin-right: 0px;\" src=\"http:\/\/assets.inhabitat.com\/wp-content\/blogs.dir\/1\/files\/2010\/05\/aviva-ed07.jpg\" alt=\"\" width=\"349\" height=\"227\" \/><\/p>\n<\/div>\n<div>\u00a0\u00a0\u00a0\u00a0\u00a0 <span style=\"color: #0000ff;\">Aviva Stadium &#8211; Dublin &#8211; Eire &#8211; 40.000 espectadores.<br \/>\n<\/span><\/div>\n<div><span style=\"color: #0000ff;\">\u00a0 \u00a0 \u00a0 Formato semelhante (&#8220;ferradura&#8221;) ao atual Est\u00e1dio de S\u00e3o Janu\u00e1rio, como refer\u00eancia.<br \/>\n<\/span><span style=\"color: #0000ff;\">\u00a0 \u00a0 \u00a0 Fonte da imagem: <a href=\"http:\/\/inhabitat.com\" target=\"1\">inhabitat.com<\/a><br \/>\n<\/span><\/div>\n<div>\n<p>&nbsp;<\/p>\n<\/div>\n<div>\n<p><b>Como Vasca\u00ednos vision\u00e1rios que somos devemos nos empenharmos em cobrar do CRVG, como &#8220;carro chefe&#8221; de quaisquer linhas de a\u00e7\u00f5es naquela regi\u00e3o,provid\u00eancias perante o Poder P\u00fablico, reivindicando tais benfeitorias explanadas nesta mat\u00e9ria. Assim como massificarmos na m\u00eddia em geral, este apelo.<\/b><\/p>\n<p>Pois argumentos fortes e contundentes existem e n\u00e3o podemos deixar o 3\u00ba e \u00faltimo &#8220;cavalo selado&#8221; passar! Os outros dois foram: um no Pan Americano de 2007 e o outro, na Olimp\u00edada Rio 2016.<\/p>\n<\/div>\n<div>\n<p>Lembramos a todos os Vasca\u00ednos, ao Prefeito da Cidade do Rio de Janeiro e a todos os postulantes a este cargo, seja de situa\u00e7\u00e3o ou de oposi\u00e7\u00e3o, <b>que este \u00e9 um ANO ELEITORAL em todas as Cidades Brasileiras <\/b>e que Revitalizar o entorno de SJ \u00e9 um BEM COMUM a toda aquela regi\u00e3o e a toda a Cidade do Rio de Janeiro. E n\u00e3o somente ao CRVG.<\/p>\n<\/div>\n<div>\n<p>Que o Vasco da Gama LUTE por essa premissa e posteriormente modernize e amplie o seu est\u00e1dio.<\/p>\n<\/div>\n<div>\n<p>Pois todo e qualquer grande Clube hoje que n\u00e3o possuir um est\u00e1dio pr\u00f3prio atualizado, ou uma arena multi uso, tender\u00e3o a desaparecerem como grandes clubes no futuro pr\u00f3ximo!<\/p>\n<\/div>\n<div>\n<p>Que pequemos por excesso, mas nunca por omiss\u00e3o!<\/p>\n<\/div>\n<div>\n<p>\u00a0\u00a0\u00a0\u00a0<span style=\"color: #ff0000;\"><br \/>\n<\/span><b><span style=\"color: #ff0000;\"> Pois um dia a Hist\u00f3ria ir\u00e1 COBRAR POSITIVAMENTE ou NEGATIVAMENTE, a todos aqueles que direta, ou indiretamente, tiveram a oportunidade de FAZER, OU N\u00c3O, esta BENFEITORIA comum ao CRVG e a toda aquela Regi\u00e3o!<\/span><\/b><\/p>\n<p>&nbsp;<\/p>\n<\/div>\n<div><b>Revitaliza\u00e7\u00e3o do Entorno do Est\u00e1dio de S\u00e3o Janu\u00e1rio J\u00c1!<br \/>\n<\/b><\/div>\n<div><\/div>\n<p>Sauda\u00e7\u00f5es Vasca\u00ednas a todos e vamos a algumas imagens abaixo, que ajudam a complementar os argumentos apresentados nesta coluna:<\/p>\n<p><span style=\"font-size: 12pt; font-family: 'Times New Roman','serif';\"><b><span style=\"color: blue;\">QUADRO COMPARATIVO DE DIST\u00c2NCIAS A PARTIR DO EST\u00c1DIO DE S\u00c3O JANU\u00c1RIO &#8211; RIO DE JANEIRO &#8211; RJ:<\/span><\/b><\/span><\/p>\n<p>&nbsp;<\/p>\n<table border=\"1\" width=\"381\" cellspacing=\"0\" cellpadding=\"0\">\n<tbody>\n<tr style=\"height: 41.55pt;\">\n<td style=\"width: 302.65pt; border: 1pt solid windowtext; padding: 0cm 5.4pt; height: 41.55pt;\" colspan=\"2\" valign=\"top\" width=\"404\">&nbsp;<\/p>\n<p class=\"MsoNormal\" style=\"margin-bottom: 0.0001pt; line-height: normal;\"><span style=\"font-size: 12pt; font-family: 'Times New Roman','serif';\">\u00a0\u00a0\u00a0\u00a0 <\/span><\/p>\n<p><b><span style=\"color: red;\">\u00a0\u00a0\u00a0\u00a0\u00a0\u00a0\u00a0\u00a0\u00a0\u00a0\u00a0\u00a0\u00a0\u00a0\u00a0\u00a0\u00a0\u00a0\u00a0\u00a0\u00a0\u00a0\u00a0\u00a0\u00a0\u00a0\u00a0\u00a0\u00a0\u00a0<wbr><\/wbr>\u00a0\u00a0\u00a0\u00a0 DIST\u00c2NCIAS<\/span><\/b><\/p>\n<p>&nbsp;<\/td>\n<\/tr>\n<tr style=\"height: 13.6pt;\">\n<td style=\"width: 162.85pt; border-width: medium 1pt 1pt; border-style: none solid solid; border-color: -moz-use-text-color windowtext windowtext; background: #b6dde8 none repeat scroll 0% 0%; padding: 0cm 5.4pt; height: 13.6pt;\" valign=\"top\" width=\"217\">&nbsp;<\/p>\n<p class=\"MsoNormal\" style=\"line-height: normal;\"><b><span style=\"font-size: 12pt; font-family: 'Times New Roman','serif'; color: #365f91;\">SJ x Av Brasil (BR 101):<\/span><\/b><\/p>\n<p>&nbsp;<\/td>\n<td style=\"width: 139.8pt; border-width: medium 1pt 1pt medium; border-style: none solid solid none; border-color: -moz-use-text-color windowtext windowtext -moz-use-text-color; background: #b6dde8 none repeat scroll 0% 0%; padding: 0cm 5.4pt; height: 13.6pt;\" valign=\"top\" width=\"186\">&nbsp;<\/p>\n<p class=\"MsoNormal\" style=\"line-height: normal;\"><span style=\"font-size: 12pt; font-family: 'Times New Roman','serif'; color: red;\">0,3 Km<\/span><\/p>\n<p>&nbsp;<\/td>\n<\/tr>\n<tr style=\"height: 13.6pt;\">\n<td style=\"width: 162.85pt; border-width: medium 1pt 1pt; border-style: none solid solid; border-color: -moz-use-text-color windowtext windowtext; padding: 0cm 5.4pt; height: 13.6pt;\" valign=\"top\" width=\"217\">&nbsp;<\/p>\n<p class=\"MsoNormal\" style=\"line-height: normal;\"><b><span style=\"font-size: 12pt; font-family: 'Times New Roman','serif'; color: #365f91;\">SJ x Ponte Rio\/ Niter\u00f3i (BR 101):<\/span><\/b><\/p>\n<p>&nbsp;<\/td>\n<td style=\"width: 139.8pt; border-width: medium 1pt 1pt medium; border-style: none solid solid none; border-color: -moz-use-text-color windowtext windowtext -moz-use-text-color; padding: 0cm 5.4pt; height: 13.6pt;\" valign=\"top\" width=\"186\">&nbsp;<\/p>\n<p class=\"MsoNormal\" style=\"line-height: normal;\"><span style=\"font-size: 12pt; font-family: 'Times New Roman','serif'; color: red;\">3 Km<\/span><\/p>\n<p>&nbsp;<\/td>\n<\/tr>\n<tr style=\"height: 13.6pt;\">\n<td style=\"width: 162.85pt; border-width: medium 1pt 1pt; border-style: none solid solid; border-color: -moz-use-text-color windowtext windowtext; background: #b6dde8 none repeat scroll 0% 0%; padding: 0cm 5.4pt; height: 13.6pt;\" valign=\"top\" width=\"217\">&nbsp;<\/p>\n<p class=\"MsoNormal\" style=\"line-height: normal;\"><b><span style=\"font-size: 12pt; font-family: 'Times New Roman','serif'; color: #365f91;\">SJ x Centro do Rio de Janeiro:<\/span><\/b><\/p>\n<p>&nbsp;<\/td>\n<td style=\"width: 139.8pt; border-width: medium 1pt 1pt medium; border-style: none solid solid none; border-color: -moz-use-text-color windowtext windowtext -moz-use-text-color; background: #b6dde8 none repeat scroll 0% 0%; padding: 0cm 5.4pt; height: 13.6pt;\" valign=\"top\" width=\"186\">&nbsp;<\/p>\n<p class=\"MsoNormal\" style=\"line-height: normal;\"><span style=\"font-size: 12pt; font-family: 'Times New Roman','serif'; color: red;\">8 Km<\/span><\/p>\n<p>&nbsp;<\/td>\n<\/tr>\n<tr style=\"height: 12.85pt;\">\n<td style=\"width: 162.85pt; border-width: medium 1pt 1pt; border-style: none solid solid; border-color: -moz-use-text-color windowtext windowtext; padding: 0cm 5.4pt; height: 12.85pt;\" valign=\"top\" width=\"217\">&nbsp;<\/p>\n<p class=\"MsoNormal\" style=\"line-height: normal;\"><b><span style=\"font-size: 12pt; font-family: 'Times New Roman','serif'; color: #365f91;\">SJ x Rodovi\u00e1ria do Rio de Janeiro:<\/span><\/b><\/p>\n<p>&nbsp;<\/td>\n<td style=\"width: 139.8pt; border-width: medium 1pt 1pt medium; border-style: none solid solid none; border-color: -moz-use-text-color windowtext windowtext -moz-use-text-color; padding: 0cm 5.4pt; height: 12.85pt;\" valign=\"top\" width=\"186\">&nbsp;<\/p>\n<p class=\"MsoNormal\" style=\"line-height: normal;\"><span style=\"font-size: 12pt; font-family: 'Times New Roman','serif'; color: red;\">4 Km<\/span><\/p>\n<p>&nbsp;<\/td>\n<\/tr>\n<tr style=\"height: 13.6pt;\">\n<td style=\"width: 162.85pt; border-width: medium 1pt 1pt; border-style: none solid solid; border-color: -moz-use-text-color windowtext windowtext; background: #b6dde8 none repeat scroll 0% 0%; padding: 0cm 5.4pt; height: 13.6pt;\" valign=\"top\" width=\"217\">&nbsp;<\/p>\n<p class=\"MsoNormal\" style=\"line-height: normal;\"><b><span style=\"font-size: 12pt; font-family: 'Times New Roman','serif'; color: #365f91;\">SJ x Porto do Rio de Janeiro:<\/span><\/b><\/p>\n<p>&nbsp;<\/td>\n<td style=\"width: 139.8pt; border-width: medium 1pt 1pt medium; border-style: none solid solid none; border-color: -moz-use-text-color windowtext windowtext -moz-use-text-color; background: #b6dde8 none repeat scroll 0% 0%; padding: 0cm 5.4pt; height: 13.6pt;\" valign=\"top\" width=\"186\">&nbsp;<\/p>\n<p class=\"MsoNormal\" style=\"line-height: normal;\"><span style=\"font-size: 12pt; font-family: 'Times New Roman','serif'; color: red;\">6 Km<\/span><\/p>\n<p>&nbsp;<\/td>\n<\/tr>\n<tr style=\"height: 27.2pt;\">\n<td style=\"width: 162.85pt; border-width: medium 1pt 1pt; border-style: none solid solid; border-color: -moz-use-text-color windowtext windowtext; padding: 0cm 5.4pt; height: 27.2pt;\" valign=\"top\" width=\"217\">&nbsp;<\/p>\n<p class=\"MsoNormal\" style=\"line-height: normal;\" align=\"left\"><b><span style=\"font-size: 12pt; font-family: 'Times New Roman','serif'; color: #365f91;\">SJ x Aeroporto Santos Dumont (Centro do Rio de Janeiro):<\/span><\/b><\/p>\n<p>&nbsp;<\/td>\n<td style=\"width: 139.8pt; border-width: medium 1pt 1pt medium; border-style: none solid solid none; border-color: -moz-use-text-color windowtext windowtext -moz-use-text-color; padding: 0cm 5.4pt; height: 27.2pt;\" valign=\"top\" width=\"186\">&nbsp;<\/p>\n<p class=\"MsoNormal\" style=\"line-height: normal;\"><span style=\"font-size: 12pt; font-family: 'Times New Roman','serif'; color: red;\">10 Km<\/span><\/p>\n<p>&nbsp;<\/td>\n<\/tr>\n<tr style=\"height: 27.2pt;\">\n<td style=\"width: 162.85pt; border-width: medium 1pt 1pt; border-style: none solid solid; border-color: -moz-use-text-color windowtext windowtext; background: #b6dde8 none repeat scroll 0% 0%; padding: 0cm 5.4pt; height: 27.2pt;\" valign=\"top\" width=\"217\">&nbsp;<\/p>\n<p class=\"MsoNormal\" style=\"line-height: normal;\"><b><span style=\"font-size: 12pt; font-family: 'Times New Roman','serif'; color: #365f91;\">SJ x Aeroporto Internacional Gale\u00e3o\/Tom Jobim (Zona Norte do Rio de<br \/>\nJaneiro):<\/span><\/b><\/p>\n<p>&nbsp;<\/td>\n<td style=\"width: 139.8pt; border-width: medium 1pt 1pt medium; border-style: none solid solid none; border-color: -moz-use-text-color windowtext windowtext -moz-use-text-color; background: #b6dde8 none repeat scroll 0% 0%; padding: 0cm 5.4pt; height: 27.2pt;\" valign=\"top\" width=\"186\">&nbsp;<\/p>\n<p class=\"MsoNormal\" style=\"line-height: normal;\"><span style=\"font-size: 12pt; font-family: 'Times New Roman','serif'; color: red;\">12 Km<\/span><\/p>\n<p>&nbsp;<\/td>\n<\/tr>\n<tr style=\"height: 13.6pt;\">\n<td style=\"width: 162.85pt; border-width: medium 1pt 1pt; border-style: none solid solid; border-color: -moz-use-text-color windowtext windowtext; padding: 0cm 5.4pt; height: 13.6pt;\" valign=\"top\" width=\"217\">&nbsp;<\/p>\n<p class=\"MsoNormal\" style=\"line-height: normal;\"><b><span style=\"font-size: 12pt; font-family: 'Times New Roman','serif'; color: #365f91;\">SJ x Rodovia BR 040 (Rio x BH):<\/span><\/b><\/p>\n<p>&nbsp;<\/td>\n<td style=\"width: 139.8pt; border-width: medium 1pt 1pt medium; border-style: none solid solid none; border-color: -moz-use-text-color windowtext windowtext -moz-use-text-color; padding: 0cm 5.4pt; height: 13.6pt;\" valign=\"top\" width=\"186\">&nbsp;<\/p>\n<p class=\"MsoNormal\" style=\"line-height: normal;\"><span style=\"font-size: 12pt; font-family: 'Times New Roman','serif'; color: red;\">12 Km<\/span><\/p>\n<p>&nbsp;<\/td>\n<\/tr>\n<tr style=\"height: 13.6pt;\">\n<td style=\"width: 162.85pt; border-width: medium 1pt 1pt; border-style: none solid solid; border-color: -moz-use-text-color windowtext windowtext; background: #b6dde8 none repeat scroll 0% 0%; padding: 0cm 5.4pt; height: 13.6pt;\" valign=\"top\" width=\"217\">&nbsp;<\/p>\n<p class=\"MsoNormal\" style=\"line-height: normal;\"><b><span style=\"font-size: 12pt; font-family: 'Times New Roman','serif'; color: #365f91;\">SJ x Rodovia BR 116 (Rio x SP):<\/span><\/b><\/p>\n<p>&nbsp;<\/td>\n<td style=\"width: 139.8pt; border-width: medium 1pt 1pt medium; border-style: none solid solid none; border-color: -moz-use-text-color windowtext windowtext -moz-use-text-color; background: #b6dde8 none repeat scroll 0% 0%; padding: 0cm 5.4pt; height: 13.6pt;\" valign=\"top\" width=\"186\">&nbsp;<\/p>\n<p class=\"MsoNormal\" style=\"line-height: normal;\"><span style=\"font-size: 12pt; font-family: 'Times New Roman','serif'; color: red;\">17 Km<\/span><\/p>\n<p>&nbsp;<\/td>\n<\/tr>\n<tr style=\"height: 13.6pt;\">\n<td style=\"width: 162.85pt; border-width: medium 1pt 1pt; border-style: none solid solid; border-color: -moz-use-text-color windowtext windowtext; padding: 0cm 5.4pt; height: 13.6pt;\" valign=\"top\" width=\"217\">&nbsp;<\/p>\n<p class=\"MsoNormal\" style=\"line-height: normal;\"><b><span style=\"font-size: 12pt; font-family: 'Times New Roman','serif'; color: #365f91;\">SJ x Esta\u00e7\u00f5es de Trem e de Metr\u00f4, de S\u00e3o Crist\u00f3v\u00e3o (ao lado da Quinta<br \/>\nda Boa Vista):<\/span><\/b><\/p>\n<p>&nbsp;<\/td>\n<td style=\"width: 139.8pt; border-width: medium 1pt 1pt medium; border-style: none solid solid none; border-color: -moz-use-text-color windowtext windowtext -moz-use-text-color; padding: 0cm 5.4pt; height: 13.6pt;\" valign=\"top\" width=\"186\">&nbsp;<\/p>\n<p class=\"MsoNormal\" style=\"line-height: normal;\"><span style=\"font-size: 12pt; font-family: 'Times New Roman','serif'; color: red;\">2 Km<\/span><\/p>\n<p>&nbsp;<\/td>\n<\/tr>\n<\/tbody>\n<\/table>\n<p>Como podemos ver, neste quadro, S\u00e3o Janu\u00e1rio est\u00e1 numa Regi\u00e3o Central do Rio de Janeiro. Mais ainda que o pr\u00f3prio Maracan\u00e3 e o pr\u00f3prio Engenh\u00e3o!<\/p>\n<p>&nbsp;<\/p>\n<p>&nbsp;<\/p>\n<p>&nbsp;<\/p>\n<p><b><span style=\"color: #0000ff;\">COMPARATIVO, POR SEMELHAN\u00c7A, DO ANTIGO EST\u00c1DIO DO PALMEIRAS &#8211; SP COM S\u00c3O JANU\u00c1RIO ATUAL:<br \/>\n<\/span><br \/>\n<\/b><\/p>\n<div>\n<p>\u00a0\u00a0\u00a0\u00a0 <img loading=\"lazy\" decoding=\"async\" style=\"margin-right: 0px;\" src=\"https:\/\/encrypted-tbn0.gstatic.com\/images?q=tbn:ANd9GcRUq3X8BFcnoAz4x24WE8p2X12Y9F-ZTrNwo4HrwgcAE91nnzjCDw\" alt=\"\" width=\"401\" height=\"266\" name=\"m_-2316248524583090700_m_8149210243908587410_m_-1804462378351422269_m_-8695559078906440207_m_-1743860525074231037_264912443246208373_-6528897931514306295_4855734036334081230_316156143121873149_-5832270816528915890_1415cc7ec9686b51_1415cb0be789b041_14016166c99d5278_13fedff868997c7b_F5d8AkAOwnLo6M:\" \/><\/p>\n<\/div>\n<div>\u00a0\u00a0\u00a0\u00a0\u00a0 <span style=\"color: #0000ff;\">Antigo Est\u00e1dio Palestra It\u00e1lia &#8211; Palmeiras &#8211; Bairro de Perdizes &#8211; SP<br \/>\n<\/span><span style=\"color: #0000ff;\">\u00a0\u00a0\u00a0\u00a0\u00a0 (Antes da constru\u00e7\u00e3o da nova Arena Multi Uso)<br \/>\n<\/span><span style=\"color: #0000ff;\">Fonte da imagem: Internet<br \/>\n<\/span><\/div>\n<div><\/div>\n<div><\/div>\n<div>\u00a0\u00a0\u00a0\u00a0 <img loading=\"lazy\" decoding=\"async\" style=\"margin-right: 0px;\" src=\"https:\/\/encrypted-tbn0.gstatic.com\/images?q=tbn:ANd9GcR05zyIiwo2tsdMUvRHyQDjrtNmX8XdVylKG61W0gpKvf2qM-mW\" alt=\"\" width=\"403\" height=\"298\" name=\"m_-2316248524583090700_m_8149210243908587410_m_-1804462378351422269_m_-8695559078906440207_m_-1743860525074231037_264912443246208373_-6528897931514306295_4855734036334081230_316156143121873149_-5832270816528915890_1415cc7ec9686b51_1415cb0be789b041_14016166c99d5278_13fedff868997c7b_6rx0vi4SyHF5YM:\" \/><\/div>\n<div><\/div>\n<div>\u00a0\u00a0\u00a0\u00a0\u00a0 <span style=\"color: #0000ff;\">Atual Est\u00e1dio de S\u00e3o Janu\u00e1rio &#8211; Vasco da Gama\u00a0 &#8211;\u00a0 Bairro\u00a0 Vasco<\/span><span style=\"color: #0000ff;\"> da Gama (S\u00e3o Crist\u00f3v\u00e3o) &#8211; RJ<br \/>\n<\/span><span style=\"color: #0000ff;\">Fonte da imagem: Internet <\/span><\/div>\n<div>\n<p>&nbsp;<\/p>\n<\/div>\n<div>\n<p><span style=\"color: #ff0000;\"><b>Reparem acima a SEMELHAN\u00c7A entre ambos!<\/b><\/span><\/p>\n<p>&nbsp;<\/p>\n<\/div>\n<div>\n<p><span style=\"color: #0000cd;\"><b>V\u00cdDEO, abaixo, SOBRE A NOVA ARENA DO PALMEIRAS &#8211; SP<\/b>, ap\u00f3s o Clube ENXERGAR um Nobre futuro atrav\u00e9s da Revitaliza\u00e7\u00e3o do seu equipamento. Mesmo com a sua acessibilidade n\u00e3o t\u00e3o eficiente (tr\u00e2nsito intenso), com exce\u00e7\u00e3o da Av. Francisco Matarazzo e dos viadutos Pomp\u00e9ia e Ant\u00e1rtica,quase ao lado. <\/span><\/p>\n<\/div>\n<div>\n<p>Parab\u00e9ns ao Clube Co Irm\u00e3o de SP, SEP (Sociedade Esportiva Palmeiras) pelos seus Dirigentes pensarem grande e terem a coragem, e a sabedoria, de transformarem o seu obsoleto est\u00e1dio em uma das Arenas mais funcionais do mundo!<\/p>\n<\/div>\n<div>\n<p><b>Fica aqui um recado ao Clube de Regatas Vasco da Gama: Este \u00e9 um exemplo a ser seguido!<\/b> Afinal, Hist\u00f3ria, Tradi\u00e7\u00e3o e Grandeza TEMOS PARA ISSO! Como j\u00e1 a tivemos, em 1927, ao construirmos o Est\u00e1dio de S\u00e3o Janu\u00e1rio!<\/p>\n<\/div>\n<div>\n<p><span style=\"color: #ff0000;\"><b>EM TEMPO:<\/b><\/span> Para detalhes complementares, sobre este prop\u00f3sito, assistam ap\u00f3s o t\u00e9rmino desta coluna (<span style=\"color: #ff0000;\"><b>VEJA AO CLICAR AQUI<\/b><\/span> &#8211; <a href=\"https:\/\/youtu.be\/X-OaDK5fxFU\">https:\/\/youtu.be\/X-OaDK5fxFU<\/a> ) a entrevista (35 min) do Grupo Volunt\u00e1rio, em Agosto de 2015, ao Programa &#8220;Expresso da Colina&#8221;!<\/p>\n<p>&nbsp;<\/p>\n<\/div>\n<div>\n<p><span style=\"color: #0000ff;\"><b>ARENA ALLIANS PARQUE &#8211; S E Palmeiras &#8211; SP:<\/b><\/span><\/p>\n<p>&nbsp;<\/p>\n<\/div>\n<p><iframe loading=\"lazy\" src=\"https:\/\/www.youtube.com\/embed\/dXT5ZUeKnx4\" width=\"560\" height=\"315\" frameborder=\"0\" allowfullscreen=\"allowfullscreen\"><\/iframe><\/p>\n<div>\n<p><a href=\"https:\/\/www.youtube.com\/watch?feature=player_embedded&amp;v=dXT5ZUeKnx4\" target=\"_blank\">https:\/\/www.youtube.com\/watch?<wbr><\/wbr>feature=player_embedded&amp;v=<wbr><\/wbr>dXT5ZUeKnx4<\/a><\/p>\n<p>SAUDA\u00c7\u00d5ES VASCA\u00cdNAS!<\/p>\n<\/div>\n","protected":false},"excerpt":{"rendered":"<p>Caros Amigos Vasca\u00ednos! Depois de algum tempo ausente em minhas colunas, em virtude de longos&#8230;<\/p>\n","protected":false},"author":3,"featured_media":7807,"comment_status":"open","ping_status":"closed","sticky":false,"template":"","format":"standard","meta":{"footnotes":""},"categories":[16],"tags":[],"class_list":["post-7806","post","type-post","status-publish","format-standard","has-post-thumbnail","hentry","category-marcelopaiva"],"_links":{"self":[{"href":"https:\/\/webvasco.com\/artigos\/wp-json\/wp\/v2\/posts\/7806","targetHints":{"allow":["GET"]}}],"collection":[{"href":"https:\/\/webvasco.com\/artigos\/wp-json\/wp\/v2\/posts"}],"about":[{"href":"https:\/\/webvasco.com\/artigos\/wp-json\/wp\/v2\/types\/post"}],"author":[{"embeddable":true,"href":"https:\/\/webvasco.com\/artigos\/wp-json\/wp\/v2\/users\/3"}],"replies":[{"embeddable":true,"href":"https:\/\/webvasco.com\/artigos\/wp-json\/wp\/v2\/comments?post=7806"}],"version-history":[{"count":8,"href":"https:\/\/webvasco.com\/artigos\/wp-json\/wp\/v2\/posts\/7806\/revisions"}],"predecessor-version":[{"id":7817,"href":"https:\/\/webvasco.com\/artigos\/wp-json\/wp\/v2\/posts\/7806\/revisions\/7817"}],"wp:featuredmedia":[{"embeddable":true,"href":"https:\/\/webvasco.com\/artigos\/wp-json\/wp\/v2\/media\/7807"}],"wp:attachment":[{"href":"https:\/\/webvasco.com\/artigos\/wp-json\/wp\/v2\/media?parent=7806"}],"wp:term":[{"taxonomy":"category","embeddable":true,"href":"https:\/\/webvasco.com\/artigos\/wp-json\/wp\/v2\/categories?post=7806"},{"taxonomy":"post_tag","embeddable":true,"href":"https:\/\/webvasco.com\/artigos\/wp-json\/wp\/v2\/tags?post=7806"}],"curies":[{"name":"wp","href":"https:\/\/api.w.org\/{rel}","templated":true}]}}