{"id":781,"date":"2014-02-14T11:52:43","date_gmt":"2014-02-14T14:52:43","guid":{"rendered":"http:\/\/webvasco.com\/artigos\/?p=781"},"modified":"2014-02-14T12:00:04","modified_gmt":"2014-02-14T15:00:04","slug":"mensagem-a-eurico-miranda-a-carruagem-pode-virar-abbora","status":"publish","type":"post","link":"https:\/\/webvasco.com\/artigos\/colunistas\/marcus-simonini\/mensagem-a-eurico-miranda-a-carruagem-pode-virar-abbora\/","title":{"rendered":"Mensagem a Eurico Miranda: A carruagem pode virar ab&oacute;bora"},"content":{"rendered":"<div>\n<div dir='ltr'>No intuito de informar os associados visando as pr\u00f3ximas elei\u00e7\u00f5es do Vasco publicamos este artigo, para o qual pedimos atenta leitura e reflex\u00e3o:<br \/>&nbsp;<\/p>\n<p><\/p>\n<div>\n<div><strong><font size=\"5\">Mensagem a Eurico Miranda: A carruagem pode virar  ab\u00f3bora<\/font><\/strong><\/div>\n<div>&nbsp;<\/div>\n<div>\n<div align=\"justify\" class=\"ecxpostmeta-primary\"><span class=\"ecxmeta_date\"><strong><font color=\"#808080\">13 de fevereiro de 2014<\/font><\/strong><\/span>&nbsp;&nbsp;<\/div>\n<div align=\"justify\" class=\"ecxpostmeta-primary\">&nbsp;<span class=\"ecxmeta_edit\"><\/span><\/div>\n<p align=\"justify\" class=\"ecxentry ecxclearfix\">Certamente alguns amigos v\u00e3o estranhar a  forma serena com que estou respondendo \u00e0s injustas e levianas agress\u00f5es que  recebi de uma organiza\u00e7\u00e3o para-vasca\u00edna, que atende pelo cognome de \u201ccasaca!\u201d.  Isto mesmo, com ponto de exclama\u00e7\u00e3o. \u00c9 assim que arrogantemente eles se  intitulam.<\/p>\n<p align=\"justify\" class=\"ecxentry ecxclearfix\">&nbsp;<\/p>\n<p align=\"justify\" class=\"ecxentry ecxclearfix\">Afirmo inicialmente que durante o  per\u00edodo (2008\/2011) em que presidi o Conselho Fiscal do Vasco, procurei manter  boas rela\u00e7\u00f5es institucionais com os demais Poderes do Clube, inclusive com o  Conselho de Benem\u00e9ritos, onde possuo diversos queridos amigos.<\/p>\n<p align=\"justify\" class=\"ecxentry ecxclearfix\">&nbsp;<\/p>\n<p align=\"justify\" class=\"ecxentry ecxclearfix\">Assim ocorreu quando o presidente  daquele Conselho foi o saudoso Brigadeiro Carlos Alberto Martins Cavalheiro,  substitu\u00eddo pela elei\u00e7\u00e3o de Eurico \u00c2ngelo de Oliveira Miranda.<\/p>\n<p align=\"justify\" class=\"ecxentry ecxclearfix\">&nbsp;<\/p>\n<p align=\"justify\" class=\"ecxentry ecxclearfix\">Com Eurico Miranda as boas rela\u00e7\u00f5es  institucionais tiveram continuidade e ele colaborou com o Conselho Fiscal,  fornecendo c\u00f3pia xerox de uma s\u00e9rie de documentos relativos ao rumoroso caso dos  direitos de forma\u00e7\u00e3o (Mecanismo de Solidariedade) envolvendo os atletas Geder e  Souza. Teve tamb\u00e9m uma atitude correta no caso da malograda cess\u00e3o de S\u00e3o  Janu\u00e1rio para a pr\u00e1tica do R\u00fagbi Seven, das Olimp\u00edadas de 2016.<\/p>\n<p align=\"justify\" class=\"ecxentry ecxclearfix\">&nbsp;<\/p>\n<p align=\"justify\" class=\"ecxentry ecxclearfix\">Certa vez, numa reuni\u00e3o do Conselho de  Benem\u00e9ritos, Eurico declarou que o corajoso trabalho que eu vinha desempenhando  no Vasco a frente do Conselho Fiscal \u00e9 que ainda impedia uma verdadeira  avalanche de destrui\u00e7\u00e3o do nosso Clube. Que poderia ser que esse trabalho, n\u00e3o  tivesse o reconhecimento imediato, mas que um dia haveria de ser reconhecido,  nem que fosse pelos netos dele.<\/p>\n<p align=\"justify\" class=\"ecxentry ecxclearfix\">&nbsp;<\/p>\n<p align=\"justify\" class=\"ecxentry ecxclearfix\">Em outra ocasi\u00e3o Eurico me disse que eu  e ele, fomos jogados um contra o outro, por espertalh\u00f5es que se beneficiaram  disso. Em parte dou raz\u00e3o.<\/p>\n<p align=\"justify\" class=\"ecxentry ecxclearfix\">&nbsp;<\/p>\n<p align=\"justify\" class=\"ecxentry ecxclearfix\">Quando deixei a presid\u00eancia do Conselho  Fiscal, houve um natural afastamento, mesmo porque nunca fomos amigos, aliados  ou t\u00ednhamos qualquer tipo de acordo.<\/p>\n<p align=\"justify\" class=\"ecxentry ecxclearfix\">&nbsp;<\/p>\n<p align=\"justify\" class=\"ecxentry ecxclearfix\">Com a prolifera\u00e7\u00e3o de candidaturas, o  desastre que vem sendo a \u201cadministra\u00e7\u00e3o\u201d Dinamite e principalmente o  investimento que est\u00e1 sendo feito na falta de mem\u00f3ria dos vasca\u00ednos, mesmo  considerando o alto \u00edndice de rejei\u00e7\u00e3o, hoje, at\u00e9 por indecis\u00f5es e incompet\u00eancia  dos demais candidatos, no meu entendimento Eurico Miranda tem um relativo  favoritismo nas pr\u00f3ximas elei\u00e7\u00f5es.<\/p>\n<p align=\"justify\" class=\"ecxentry ecxclearfix\">&nbsp;<\/p>\n<p align=\"justify\" class=\"ecxentry ecxclearfix\">Curiosamente eu estava quieto, apenas  acompanhando atentamente o processo eleitoral do Vasco, quando de repente um dos  mais raivosos seguidores (pena de aluguel e fanfarr\u00e3o do teclado) daquela seita  de adora\u00e7\u00e3o a Eurico Miranda, baseado em falsas informa\u00e7\u00f5es, resolveu desferir  uma s\u00e9rie de ataques totalmente infundados contra mim. Poderia desmenti-los um  por um, com vasto arsenal de provas, inclusive devolvendo em dobro. Entretanto,  por princ\u00edpio, n\u00e3o respondo a \u201cpau mandado\u201d, nem tampouco a figura menor, v\u00edtima  inconsciente de profundos remorsos morais. N\u00e3o costumo a brigar para baixo.<\/p>\n<p align=\"justify\" class=\"ecxentry ecxclearfix\">&nbsp;<\/p>\n<p align=\"justify\" class=\"ecxentry ecxclearfix\">Com essa seita a apoi\u00e1-lo, o Eurico  definitivamente n\u00e3o precisaria ter desafetos ou inimigos. Ela por si s\u00f3 cumpre  esse papel, in\u00fameros s\u00e3o os casos de ex-amigos e correligion\u00e1rios terem se  afastado do ex-presidente, inclusive, produzindo em escala industrial inimigos,  ati\u00e7ando velhos advers\u00e1rios e abrindo antigas feridas, como no caso em tela.<\/p>\n<p align=\"justify\" class=\"ecxentry ecxclearfix\">&nbsp;<\/p>\n<p align=\"justify\" class=\"ecxentry ecxclearfix\">Existem muitos antigos e atuais  advers\u00e1rios de Eurico, que instigados podem transformar o sonho da volta \u00e0  presid\u00eancia do Vasco em um verdadeiro pesadelo, usando apenas intelig\u00eancia,  determina\u00e7\u00e3o e uma respeit\u00e1vel \u201cmuni\u00e7\u00e3o\u201d de fatos e documentos. Eurico \u00e9 muito  esperto e alguma coisa deve ter aprendido com a li\u00e7\u00e3o de 2008, em que foi apeado  do poder.<\/p>\n<p align=\"justify\" class=\"ecxentry ecxclearfix\">&nbsp;<\/p>\n<p align=\"justify\" class=\"ecxentry ecxclearfix\">Melhor faria seguindo com a sua campanha  dentro de razo\u00e1veis princ\u00edpios \u00e9ticos, n\u00e3o necessitando tampouco de se travestir  de \u201cEuriquinho, paz e amor\u201d e contendo seu grupo de pretensos aliados mais  hist\u00e9ricos, neonazistas e irrespons\u00e1veis.<\/p>\n<p align=\"justify\" class=\"ecxentry ecxclearfix\">&nbsp;<\/p>\n<p align=\"justify\" class=\"ecxentry ecxclearfix\">&nbsp;<\/p>\n<p align=\"justify\" class=\"ecxentry ecxclearfix\">&nbsp;<\/p>\n<div class=\"ecxcab-author-inner\">\n<div align=\"justify\" class=\"ecxcab-author-image\"><img loading=\"lazy\" decoding=\"async\" width=\"150\" height=\"150\" src=\"http&#58;\/\/fuzarca.net.br\/wp-content\/uploads\/avatars\/4\/d2d001a276216a9010b622d9eaa366c4-bpfull.jpg\"\/> <\/div>\n<p align=\"justify\" class=\"ecxcab-author-image\">\n<div align=\"justify\" class=\"ecxcab-author-overlay\"><\/div>\n<p align=\"justify\" class=\"ecxcab-author-image\">\n<p align=\"justify\">\n<div align=\"justify\" class=\"ecxcab-author-name\"><a class=\"ecxcab-author-name\" href=\"http:\/\/fuzarca.net.br\/membros\/herculesfigueiredo\/\" target=\"_blank\" rel=\"author\"><strong><font color=\"#bf0000\">Hercules  Figueiredo<\/font><\/strong><\/a><\/div>\n<p align=\"justify\" class=\"ecxcab-author-info\">Nascido na Cidade do Rio de Janeiro em  18\/06\/1949, engenheiro civil pela UFRJ (Turma de 1973), s\u00f3cio Aspirante desde  1959, Patrimonial desde 1964 e Remido desde 1990. Membro Efetivo do Conselho  Deliberativo durante sete tri\u00eanios, Membro Efetivo do Conselho Fiscal no tri\u00eanio  1998-2000, candidato a Presidente do Clube em 2000, Vice-Presidente do MUV de  2001-2008 e Presidente do Conselho Fiscal no tri\u00eanio 2008-2011.<\/p>\n<p align=\"justify\" class=\"ecxcab-author-info\">&nbsp;<\/p>\n<p align=\"justify\" class=\"ecxcab-author-info\"><strong><font color=\"#800000\" size=\"4\">FONTE:<\/font><\/strong> <a href=\"http:\/\/fuzarca.net.br\/2014\/02\/mensagem-a-eurico-miranda-a-carruagem-pode-virar-abobora\/#more-555\" target=\"_blank\"><\/a><a href=\"http:\/\/fuzarca.net.br\/2014\/02\/mensagem-a-eurico-miranda-a-carruagem-pode-virar-abobora\/#more-555\" >http:\/\/fuzarca.net.br\/2014\/02\/mensagem-a-eurico-miranda-a-carruagem-pode-virar-abobora\/#more-555<\/a><\/p>\n<p class=\"ecxcab-author-info\"><font face=\"Arial\" size=\"2\"><\/font><\/p>\n<\/div>\n<\/div>\n<\/div><\/div>\n<\/div>\n<p><\/p>\n","protected":false},"excerpt":{"rendered":"<p>No intuito de informar os associados visando as pr\u00f3ximas elei\u00e7\u00f5es do Vasco publicamos este artigo,&#8230;<\/p>\n","protected":false},"author":8,"featured_media":261,"comment_status":"open","ping_status":"closed","sticky":false,"template":"","format":"standard","meta":{"footnotes":""},"categories":[6],"tags":[],"class_list":["post-781","post","type-post","status-publish","format-standard","has-post-thumbnail","hentry","category-marcus-simonini"],"_links":{"self":[{"href":"https:\/\/webvasco.com\/artigos\/wp-json\/wp\/v2\/posts\/781","targetHints":{"allow":["GET"]}}],"collection":[{"href":"https:\/\/webvasco.com\/artigos\/wp-json\/wp\/v2\/posts"}],"about":[{"href":"https:\/\/webvasco.com\/artigos\/wp-json\/wp\/v2\/types\/post"}],"author":[{"embeddable":true,"href":"https:\/\/webvasco.com\/artigos\/wp-json\/wp\/v2\/users\/8"}],"replies":[{"embeddable":true,"href":"https:\/\/webvasco.com\/artigos\/wp-json\/wp\/v2\/comments?post=781"}],"version-history":[{"count":0,"href":"https:\/\/webvasco.com\/artigos\/wp-json\/wp\/v2\/posts\/781\/revisions"}],"wp:featuredmedia":[{"embeddable":true,"href":"https:\/\/webvasco.com\/artigos\/wp-json\/wp\/v2\/media\/261"}],"wp:attachment":[{"href":"https:\/\/webvasco.com\/artigos\/wp-json\/wp\/v2\/media?parent=781"}],"wp:term":[{"taxonomy":"category","embeddable":true,"href":"https:\/\/webvasco.com\/artigos\/wp-json\/wp\/v2\/categories?post=781"},{"taxonomy":"post_tag","embeddable":true,"href":"https:\/\/webvasco.com\/artigos\/wp-json\/wp\/v2\/tags?post=781"}],"curies":[{"name":"wp","href":"https:\/\/api.w.org\/{rel}","templated":true}]}}