{"id":7818,"date":"2016-03-27T23:47:03","date_gmt":"2016-03-28T02:47:03","guid":{"rendered":"http:\/\/webvasco.com\/artigos\/?p=7818"},"modified":"2016-03-27T23:57:53","modified_gmt":"2016-03-28T02:57:53","slug":"com-fogo-potente-o-caldeiro-ferveu","status":"publish","type":"post","link":"https:\/\/webvasco.com\/artigos\/colunistas\/luizcarlosrocha\/com-fogo-potente-o-caldeiro-ferveu\/","title":{"rendered":"COM FOG&Atilde;O POTENTE O CALDEIR&Atilde;O FERVEU!"},"content":{"rendered":"<div>\n<div style=\"color:#000; background-color:#fff; font-family:HelveticaNeue-Light, Helvetica Neue Light, Helvetica Neue, Helvetica, Arial, Lucida Grande, sans-serif;font-size:32px\">\n<div class=\"\" style=\"text-align:justify;text-indent:35.4pt;tab-stops:111.0pt\" id=\"yui_3_16_0_ym18_1_1459133124800_4379\"><span style=\"font-size:12.0pt;line-height:115%;font-family:&quot;Arial&quot;,sans-serif\" id=\"yui_3_16_0_ym18_1_1459133124800_4381\" class=\"\">Na Terceira  Rodada, da Ta\u00e7a Guanabara, do Campeonato Carioca, temporada 2016, em S\u00e3o  Janu\u00e1rio, deu a l\u00f3gica. O Vasco da Gama bateu o Botafogo, por 1 a 0, com gol do  atacante Thalles. O torcedor alvinegro gosta de supersti\u00e7\u00e3o, ent\u00e3o vamos a ela.  O Fog\u00e3o come\u00e7ou a partida com um futebol arrasador, com imensa press\u00e3o.  Resultado: a chama foi muita alta e o Caldeir\u00e3o ferveu. <o:p id=\"yui_3_16_0_ym18_1_1459133124800_4383\" class=\"\"><\/o:p><\/span><\/div>\n<div class=\"\" style=\"text-align:justify;text-indent:35.4pt;tab-stops:111.0pt\" id=\"yui_3_16_0_ym18_1_1459133124800_4385\"><span style=\"font-size:12.0pt;line-height:115%;font-family:&quot;Arial&quot;,sans-serif\" id=\"yui_3_16_0_ym18_1_1459133124800_4387\" class=\"\">Com o  resultado do embate, o Mach\u00e3o da Gama permaneceu invicto \u2013agora o \u00fanico na  competi\u00e7\u00e3o -, \u00e9 l\u00edder isolado com nove pontos ganhos na tabela de classifica\u00e7\u00e3o  e tem 100% de aproveitamento nesta fase do campeonato. O pr\u00f3ximo desafio do  Cruzmaltino ser\u00e1 na quarta-feira, dia 30, contra os Exclu\u00eddos, \u00e0s 21h 45m, no  Est\u00e1dio Man\u00e9 Garrincha, em Bras\u00edlia\/DF.<o:p id=\"yui_3_16_0_ym18_1_1459133124800_4389\" class=\"\"><\/o:p><\/span><\/div>\n<div class=\"\" style=\"text-align:justify;text-indent:35.4pt;tab-stops:111.0pt\" id=\"yui_3_16_0_ym18_1_1459133124800_4391\"><span style=\"font-size:12.0pt;line-height:115%;font-family:&quot;Arial&quot;,sans-serif\" id=\"yui_3_16_0_ym18_1_1459133124800_4393\" class=\"\">N\u00e3o se  discute o n\u00edvel futebol\u00edstico de ambas as equipes. At\u00e9, porque, h\u00e1 quem diga  que o time de General Severiano atuou melhor. Talvez sim. Por\u00e9m, dentro de  casa, com a for\u00e7a da Imensa Torcida Bem Feliz dificilmente o Vasc\u00e3o perde  pontos. <o:p id=\"yui_3_16_0_ym18_1_1459133124800_4395\" class=\"\"><\/o:p><\/span><\/div>\n<div class=\"\" style=\"text-align:justify;text-indent:35.4pt;tab-stops:111.0pt\" id=\"yui_3_16_0_ym18_1_1459133124800_4397\"><span style=\"font-size:12.0pt;line-height:115%;font-family:&quot;Arial&quot;,sans-serif\" id=\"yui_3_16_0_ym18_1_1459133124800_4399\" class=\"\">A  trinca Jorge Henrique, Julio dos Santos e Jordi falharam muito durante o jogo!  \u00c9 o caso do treinador Jorginho rever se merecem atuar com o manto vasca\u00edno. Por  outro lado, o meia Nen\u00ea n\u00e3o precisou apresentar-se de forma brilhante, para dar  um passe na medida para Thalles marcar o \u00fanico gol da tarde. Outro que jogou  bem foi Andrezinho. <o:p id=\"yui_3_16_0_ym18_1_1459133124800_4401\" class=\"\"><\/o:p><\/span><\/div>\n<div class=\"\" style=\"text-align:justify;text-indent:35.4pt;tab-stops:111.0pt\" id=\"yui_3_16_0_ym18_1_1459133124800_4403\"><span style=\"font-size:12.0pt;line-height:115%;font-family:&quot;Arial&quot;,sans-serif\" id=\"yui_3_16_0_ym18_1_1459133124800_4405\" class=\"\">Enfim,  Jorginho, Zinho e pupilos tem chances reais de conquistarem o t\u00edtulo. Uma vez,  que o futebol apresentado pelo Vasco, ao longo da competi\u00e7\u00e3o n\u00e3o \u00e9 aquele que  empolga, mas \u00e9 o eficiente. Portanto, o que vale s\u00e3o mais tr\u00eas pontos na conta!<o:p id=\"yui_3_16_0_ym18_1_1459133124800_4407\" class=\"\"><\/o:p><\/span><\/div>\n<div class=\"\" style=\"text-align:justify;text-indent:35.4pt;tab-stops:111.0pt\" id=\"yui_3_16_0_ym18_1_1459133124800_4409\"><span style=\"font-size:12.0pt;line-height:115%;font-family:&quot;Arial&quot;,sans-serif\" id=\"yui_3_16_0_ym18_1_1459133124800_4411\" class=\"\"><o:p id=\"yui_3_16_0_ym18_1_1459133124800_4413\" class=\"\">&nbsp;<\/o:p><\/span><\/div>\n<div class=\"\" style=\"text-align:justify;text-indent:35.4pt;tab-stops:111.0pt\" id=\"yui_3_16_0_ym18_1_1459133124800_4415\"><b id=\"yui_3_16_0_ym18_1_1459133124800_4417\" class=\"\"><u id=\"yui_3_16_0_ym18_1_1459133124800_4419\" class=\"\"><span style=\"font-size:20.0pt;line-height:115%;font-family:&quot;Arial&quot;,sans-serif\" id=\"yui_3_16_0_ym18_1_1459133124800_4421\" class=\"\">DIVULGUEM ESSA COVARDIA:<\/span><\/u><\/b><span style=\"font-size:16.0pt;line-height:115%;font-family:&quot;Arial&quot;,sans-serif\" id=\"yui_3_16_0_ym18_1_1459133124800_4423\" class=\"\"> GOSTARIA  DE PEDIR A TODOS OS MEUS AMIGOS E LEITORES QUE TIRASSE UM TEMPINHO PARA LER A  PETI\u00c7\u00c3O P\u00daBLICA, AO QUAL SEGUE ABAIXO O LINK. TAL DOCUMENTO REFERE-SE A <b id=\"yui_3_16_0_ym18_1_1459133124800_4425\" class=\"\"><u id=\"yui_3_16_0_ym18_1_1459133124800_4427\" class=\"\">UM ATO DE COVARDIA POR PARTE DA  VOLKSWAGEN DO BRASIL EM COAUTORIA DA ABOLI\u00c7\u00c3O VE\u00cdCULOS (GRUPO AB)<\/u><\/b>  CONTRA ESTE VELHO JORNALISTA. A REFERIDA CONCESSION\u00c1RIA EST\u00c1 ME LESANDO DESDE  FEVEREIRO DE 2013. MEU CARRO FOI BATIDO DENTRO DA OFICINA, FURTARAM ACESS\u00d3RIOS,  TEM PROBLEMAS CAUSADOS POR ELES, AL\u00c9M DE DEFEITOS DE FABRICA\u00c7\u00c3O. O CARRO 0 KM  COMPRADO POR MIM HOJE SE ENCONTRA NA OFICINA DA ABOLI\u00c7\u00c3O VE\u00cdCULOS (CENTRO DE  NITER\u00d3I) <b id=\"yui_3_16_0_ym18_1_1459133124800_4429\" class=\"\"><u id=\"yui_3_16_0_ym18_1_1459133124800_4431\" class=\"\">DESDE 10 DE JUNHO DE 2013<\/u><\/b>,  OU MELHOR, H\u00c1 <b id=\"yui_3_16_0_ym18_1_1459133124800_4433\" class=\"\"><u id=\"yui_3_16_0_ym18_1_1459133124800_4435\" class=\"\">33 MESES, OU SEJA, 2  ANOS E NOVE MESES.<\/u><\/b> <b id=\"yui_3_16_0_ym18_1_1459133124800_4437\" class=\"\"><u id=\"yui_3_16_0_ym18_1_1459133124800_4439\" class=\"\">TEM APENAS  729 KM RODADOS<\/u><\/b> PARA COMPROVAR O CALV\u00c1RIO TENHO DOCUMENTOS, GRAVA\u00c7\u00d5ES DE  AUDIO E V\u00cdDEO, MAIS DE 600 FOTOGRAFIAS E E-MAILS TROCADOS COM FUNCION\u00c1RIOS DO  BAIXO, M\u00c9DIO E ALTO ESCAL\u00c3O DA EMPRESA. POR FAVOR, ASSINEM O DOCUMENTO PARA QUE  OUTROS CONSUMIDORES N\u00c3O SEJAM LESADOS POR EMPRESAS DESTE N\u00cdVEL.&nbsp; <\/span><a href=\"https:\/\/secure.avaaz.org\/po\/petition\/Aos_Orgaos_de_Defesa_do_Consumidor_e_ao_Poder_Judiciario_JUSTICA_CONTRA_UMA_MARCA_E_SUA_REVENDERORA_QUE_DESCUMPREM_A_LEI\/?lJEcNfb&amp;pv=0\" id=\"yui_3_16_0_ym18_1_1459133124800_4441\" class=\"\"><span style=\"font-size:16.0pt;line-height:115%;font-family:&quot;Arial&quot;,sans-serif\" id=\"yui_3_16_0_ym18_1_1459133124800_4443\" class=\"\">https:\/\/secure.avaaz.org\/po\/petition\/Aos_Orgaos_de_Defesa_do_Consumidor_e_ao_Poder_Judiciario_JUSTICA_CONTRA_UMA_MARCA_E_SUA_REVENDERORA_QUE_DESCUMPREM_A_LEI\/?lJEcNfb&amp;pv=0<\/span><\/a><span style=\"font-size:16.0pt;line-height:115%;font-family:&quot;Arial&quot;,sans-serif\" id=\"yui_3_16_0_ym18_1_1459133124800_4445\" class=\"\"><o:p id=\"yui_3_16_0_ym18_1_1459133124800_4447\" class=\"\"><\/o:p><\/span><\/div>\n<div class=\"\" style=\"text-align:justify;tab-stops:111.0pt\" id=\"yui_3_16_0_ym18_1_1459133124800_4449\"><span style=\"font-size:16.0pt;line-height:115%;font-family:&quot;Arial&quot;,sans-serif\" id=\"yui_3_16_0_ym18_1_1459133124800_4451\" class=\"\"><o:p id=\"yui_3_16_0_ym18_1_1459133124800_4453\" class=\"\">&nbsp;<\/o:p><\/span><\/div>\n<div class=\"\" style=\"text-align:justify;tab-stops:111.0pt\" id=\"yui_3_16_0_ym18_1_1459133124800_4455\"><b id=\"yui_3_16_0_ym18_1_1459133124800_4457\" class=\"\"><span style=\"font-size:16.0pt;line-height:115%;font-family:&quot;Arial&quot;,sans-serif\" id=\"yui_3_16_0_ym18_1_1459133124800_4459\" class=\"\">&nbsp;&nbsp;&nbsp;&nbsp;&nbsp;&nbsp;&nbsp;&nbsp;&nbsp;&nbsp;&nbsp;&nbsp;&nbsp;&nbsp;&nbsp;&nbsp;&nbsp;&nbsp;&nbsp;&nbsp;&nbsp;&nbsp;&nbsp;&nbsp; &nbsp;&nbsp;&nbsp;&nbsp;&nbsp;&nbsp; <o:p id=\"yui_3_16_0_ym18_1_1459133124800_4461\" class=\"\"><\/o:p><\/span><\/b><\/div>\n<div id=\"yui_3_16_0_ym18_1_1459133124800_4307\">                                    <\/div>\n<div class=\"\" style=\"text-align:justify\" id=\"yui_3_16_0_ym18_1_1459133124800_4377\" dir=\"ltr\"><b id=\"yui_3_16_0_ym18_1_1459133124800_4464\" class=\"\"><span style=\"font-size:14.0pt;line-height:115%;font-family:&quot;Arial&quot;,sans-serif\" id=\"yui_3_16_0_ym18_1_1459133124800_4466\" class=\"\">AP\u00d3S  AS TODAS AS PARTIDAS DO VASC\u00c3O EM MEU PERFIL DO FACEBOOK (QUEM QUISER RECEBER  AS CR\u00d4NICAS DE PRIMEIRA M\u00c3O \u00c9 S\u00d3 ME ADICIONAR), E NOS SITES WEBVASCO  (<a href=\"http:\/\/www.webvasco.com\">www.webvasco.com<\/a>), E VASCA\u00cdNOS UNIDOS (<a href=\"http:\/\/www.vascainosunidos.com.br\">www.vascainosunidos.com.br<\/a>) TEM A  OPINI\u00c3O DO JORNALISTA LUIZ CARLOS ROCHA. LEIAM! COMPARTILHEM E CURTAM!  VASCA\u00cdNOS UNIDOS JAMAIS SER\u00c3O VENCIDOS.<o:p id=\"yui_3_16_0_ym18_1_1459133124800_4468\" class=\"\"><\/o:p><\/span><\/b><\/div>\n<div id=\"yui_3_16_0_ym18_1_1459133124800_4307\"><span><br \/><\/span><\/div>\n<div id=\"yui_3_16_0_ym18_1_1459133124800_4307\"><span><br \/><\/span><\/div>\n<div><\/div>\n<div id=\"yui_3_16_0_ym18_1_1459133124800_4237\">&nbsp;<\/div>\n<div class=\"signature\" id=\"yui_3_16_0_ym18_1_1459133124800_4242\">\n<div id=\"RTEContent\">\n<div id=\"yui_3_16_0_ym18_1_1459133124800_4241\">\n<div id=\"yui_3_16_0_ym18_1_1459133124800_4240\">\n<div id=\"yui_3_16_0_ym18_1_1459133124800_4239\">\n<div align=\"center\" id=\"yui_3_16_0_ym18_1_1459133124800_4238\"><\/div>\n<div align=\"center\" id=\"yui_3_16_0_ym18_1_1459133124800_4293\"><\/div>\n<\/div>\n<\/div>\n<\/div>\n<\/div>\n<\/div>\n<\/div>\n<\/div>\n<p><\/p>\n","protected":false},"excerpt":{"rendered":"<p>Na Terceira Rodada, da Ta\u00e7a Guanabara, do Campeonato Carioca, temporada 2016, em S\u00e3o Janu\u00e1rio, deu&#8230;<\/p>\n","protected":false},"author":7,"featured_media":0,"comment_status":"open","ping_status":"closed","sticky":false,"template":"","format":"standard","meta":{"footnotes":""},"categories":[4],"tags":[],"class_list":["post-7818","post","type-post","status-publish","format-standard","hentry","category-luizcarlosrocha"],"_links":{"self":[{"href":"https:\/\/webvasco.com\/artigos\/wp-json\/wp\/v2\/posts\/7818","targetHints":{"allow":["GET"]}}],"collection":[{"href":"https:\/\/webvasco.com\/artigos\/wp-json\/wp\/v2\/posts"}],"about":[{"href":"https:\/\/webvasco.com\/artigos\/wp-json\/wp\/v2\/types\/post"}],"author":[{"embeddable":true,"href":"https:\/\/webvasco.com\/artigos\/wp-json\/wp\/v2\/users\/7"}],"replies":[{"embeddable":true,"href":"https:\/\/webvasco.com\/artigos\/wp-json\/wp\/v2\/comments?post=7818"}],"version-history":[{"count":0,"href":"https:\/\/webvasco.com\/artigos\/wp-json\/wp\/v2\/posts\/7818\/revisions"}],"wp:attachment":[{"href":"https:\/\/webvasco.com\/artigos\/wp-json\/wp\/v2\/media?parent=7818"}],"wp:term":[{"taxonomy":"category","embeddable":true,"href":"https:\/\/webvasco.com\/artigos\/wp-json\/wp\/v2\/categories?post=7818"},{"taxonomy":"post_tag","embeddable":true,"href":"https:\/\/webvasco.com\/artigos\/wp-json\/wp\/v2\/tags?post=7818"}],"curies":[{"name":"wp","href":"https:\/\/api.w.org\/{rel}","templated":true}]}}