{"id":7819,"date":"2016-04-03T20:57:52","date_gmt":"2016-04-03T23:57:52","guid":{"rendered":"http:\/\/webvasco.com\/artigos\/?p=7819"},"modified":"2016-04-03T21:02:37","modified_gmt":"2016-04-04T00:02:37","slug":"quem-no-faz-leva","status":"publish","type":"post","link":"https:\/\/webvasco.com\/artigos\/colunistas\/luizcarlosrocha\/quem-no-faz-leva\/","title":{"rendered":"QUEM N&Atilde;O FAZ, LEVA!"},"content":{"rendered":"<div>\n<div style=\"color:#000; background-color:#fff; font-family:HelveticaNeue-Light, Helvetica Neue Light, Helvetica Neue, Helvetica, Arial, Lucida Grande, sans-serif;font-size:32px\">\n<div style=\"text-align:justify;text-indent:35.4pt;tab-stops:111.0pt\" id=\"yui_3_16_0_ym18_1_1459727785452_4541\"><span style=\"font-size:12.0pt;line-height:115%;font-family:&quot;Arial&quot;,sans-serif\" id=\"yui_3_16_0_ym18_1_1459727785452_4542\">De  her\u00f3i a vil\u00e3o. O Vasco da Gama ganhava do Volta Redonda o jogo por 1 a 0, com  gol do pr\u00f3prio camisa 10, quando Nen\u00ea perdeu um p\u00eanalti, deixando de levar a  equipe \u00e0 vit\u00f3ria, que consequentemente perderia a lideran\u00e7a da competi\u00e7\u00e3o.  Cobrou mal a penalidade m\u00e1xima. O goleiro Mota defendeu. Com isso o Volta\u00e7o  cresceu. Empatou a partida com Niltinho e calou S\u00e3o Janu\u00e1rio!<o:p id=\"yui_3_16_0_ym18_1_1459727785452_4543\"><\/o:p><\/span><\/div>\n<div style=\"text-align:justify;text-indent:35.4pt;tab-stops:111.0pt\" id=\"yui_3_16_0_ym18_1_1459727785452_4544\"><span style=\"font-size:12.0pt;line-height:115%;font-family:&quot;Arial&quot;,sans-serif\" id=\"yui_3_16_0_ym18_1_1459727785452_4545\">O  resultado da Quinta Rodada, da Segunda Fase, do Campeonato Carioca serviu para  o Cruzmaltino ligar o alerta, pois \u00e9 o segundo embate consecutivo que o corol\u00e1rio  \u00e9 igualit\u00e1rio no que tange ao marcador. At\u00e9, porque, p\u00eanalti \u2013 na filosofia  futebol\u00edstica \u2013 \u00e9 coisa que n\u00e3o se perde! De nada adiantou seus passes  perfeitos. O gol marcado. Dribles certos, se quando a responsabilidade chegou  aos seus p\u00e9s Nen\u00ea falhou feio!<o:p id=\"yui_3_16_0_ym18_1_1459727785452_4546\"><\/o:p><\/span><\/div>\n<div style=\"text-align:justify;text-indent:35.4pt;tab-stops:111.0pt\" id=\"yui_3_16_0_ym18_1_1459727785452_4547\"><span style=\"font-size:12.0pt;line-height:115%;font-family:&quot;Arial&quot;,sans-serif\" id=\"yui_3_16_0_ym18_1_1459727785452_4548\">Da  S\u00e9rie: Nada est\u00e1 t\u00e3o ruim, que n\u00e3o possa piorar, o Vasco viu o FlormimenC  assumir a ponta na tabela de classifica\u00e7\u00e3o, da referida competi\u00e7\u00e3o. S\u00e1bado, dia  09 de abril, tamb\u00e9m na Colina Hist\u00f3rica o time comandado pelo treinador  Jorginho enfrentar\u00e1 o Madureira, que servir\u00e1 como um \u201cjogo-treino\u201d, visando a  partida da \u00faltima rodada contra as Meninas das Laranjeiras.<o:p id=\"yui_3_16_0_ym18_1_1459727785452_4549\"><\/o:p><\/span><\/div>\n<div style=\"text-align:justify;text-indent:35.4pt;tab-stops:111.0pt\" id=\"yui_3_16_0_ym18_1_1459727785452_4550\"><span style=\"font-size:12.0pt;line-height:115%;font-family:&quot;Arial&quot;,sans-serif\" id=\"yui_3_16_0_ym18_1_1459727785452_4551\">Conclus\u00e3o:  Para ser campe\u00e3o carioca, o Vasco precisa acertar muitos detalhes fora, e  principalmente dentro de campo. O que vale, \u00e9 que a competi\u00e7\u00e3o da FERJ est\u00e1  nivelada por baixo. Sendo assim, mesmo com alguns erros prim\u00e1rios que os  vasca\u00ednos cometeram s\u00e3o favoritos ao t\u00edtulo. <o:p id=\"yui_3_16_0_ym18_1_1459727785452_4552\"><\/o:p><\/span><\/div>\n<div style=\"text-align:justify;text-indent:35.4pt;tab-stops:111.0pt\" id=\"yui_3_16_0_ym18_1_1459727785452_4553\"><span style=\"font-size:12.0pt;line-height:115%;font-family:&quot;Arial&quot;,sans-serif\" id=\"yui_3_16_0_ym18_1_1459727785452_4554\"><o:p id=\"yui_3_16_0_ym18_1_1459727785452_4555\">&nbsp;<\/o:p><\/span><\/div>\n<div style=\"text-align:justify;text-indent:35.4pt;tab-stops:111.0pt\" id=\"yui_3_16_0_ym18_1_1459727785452_4556\"><span style=\"font-size:12.0pt;line-height:115%;font-family:&quot;Arial&quot;,sans-serif\" id=\"yui_3_16_0_ym18_1_1459727785452_4557\"><o:p id=\"yui_3_16_0_ym18_1_1459727785452_4558\">&nbsp;<\/o:p><\/span><\/div>\n<div style=\"text-align:justify;text-indent:35.4pt;tab-stops:111.0pt\" id=\"yui_3_16_0_ym18_1_1459727785452_4559\"><b id=\"yui_3_16_0_ym18_1_1459727785452_4560\"><u id=\"yui_3_16_0_ym18_1_1459727785452_4561\"><span style=\"font-size:20.0pt;line-height:115%;font-family:&quot;Arial&quot;,sans-serif\" id=\"yui_3_16_0_ym18_1_1459727785452_4562\">DIVULGUEM ESSA COVARDIA:<\/span><\/u><\/b><span style=\"font-size:16.0pt;line-height:115%;font-family:&quot;Arial&quot;,sans-serif\" id=\"yui_3_16_0_ym18_1_1459727785452_4563\"> GOSTARIA  DE PEDIR A TODOS OS MEUS AMIGOS E LEITORES QUE TIRASSE UM TEMPINHO PARA LER A  PETI\u00c7\u00c3O P\u00daBLICA, AO QUAL SEGUE ABAIXO O LINK. TAL DOCUMENTO REFERE-SE A <b id=\"yui_3_16_0_ym18_1_1459727785452_4564\"><u id=\"yui_3_16_0_ym18_1_1459727785452_4565\">UM ATO DE COVARDIA POR PARTE DA  VOLKSWAGEN DO BRASIL EM COAUTORIA DA ABOLI\u00c7\u00c3O VE\u00cdCULOS (GRUPO AB)<\/u><\/b>  CONTRA ESTE VELHO JORNALISTA. A REFERIDA CONCESSION\u00c1RIA EST\u00c1 ME LESANDO DESDE  FEVEREIRO DE 2013. MEU CARRO FOI BATIDO DENTRO DA OFICINA, FURTARAM ACESS\u00d3RIOS,  TEM PROBLEMAS CAUSADOS POR ELES, AL\u00c9M DE DEFEITOS DE FABRICA\u00c7\u00c3O. O CARRO 0 KM  COMPRADO POR MIM HOJE SE ENCONTRA NA OFICINA DA ABOLI\u00c7\u00c3O VE\u00cdCULOS (CENTRO DE  NITER\u00d3I) <b id=\"yui_3_16_0_ym18_1_1459727785452_4566\"><u id=\"yui_3_16_0_ym18_1_1459727785452_4567\">DESDE 10 DE JUNHO DE 2013<\/u><\/b>,  OU MELHOR, H\u00c1 <b id=\"yui_3_16_0_ym18_1_1459727785452_4568\"><u id=\"yui_3_16_0_ym18_1_1459727785452_4569\">34 MESES, OU SEJA, 2  ANOS E DEZ MESES.<\/u><\/b> <b id=\"yui_3_16_0_ym18_1_1459727785452_4570\"><u id=\"yui_3_16_0_ym18_1_1459727785452_4571\">TEM APENAS 729  KM RODADOS<\/u><\/b> PARA COMPROVAR O CALV\u00c1RIO TENHO DOCUMENTOS, GRAVA\u00c7\u00d5ES DE  AUDIO E V\u00cdDEO, MAIS DE 600 FOTOGRAFIAS E E-MAILS TROCADOS COM FUNCION\u00c1RIOS DO  BAIXO, M\u00c9DIO E ALTO ESCAL\u00c3O DA EMPRESA. POR FAVOR, ASSINEM O DOCUMENTO PARA QUE  OUTROS CONSUMIDORES N\u00c3O SEJAM LESADOS POR EMPRESAS DESTE N\u00cdVEL.&nbsp; <\/span><a href=\"https:\/\/secure.avaaz.org\/po\/petition\/Aos_Orgaos_de_Defesa_do_Consumidor_e_ao_Poder_Judiciario_JUSTICA_CONTRA_UMA_MARCA_E_SUA_REVENDERORA_QUE_DESCUMPREM_A_LEI\/?lJEcNfb&amp;pv=0\" id=\"yui_3_16_0_ym18_1_1459727785452_4572\"><span style=\"font-size:16.0pt;line-height:115%;font-family:&quot;Arial&quot;,sans-serif\" id=\"yui_3_16_0_ym18_1_1459727785452_4573\">https:\/\/secure.avaaz.org\/po\/petition\/Aos_Orgaos_de_Defesa_do_Consumidor_e_ao_Poder_Judiciario_JUSTICA_CONTRA_UMA_MARCA_E_SUA_REVENDERORA_QUE_DESCUMPREM_A_LEI\/?lJEcNfb&amp;pv=0<\/span><\/a><span style=\"font-size:16.0pt;line-height:115%;font-family:&quot;Arial&quot;,sans-serif\" id=\"yui_3_16_0_ym18_1_1459727785452_4574\"><o:p id=\"yui_3_16_0_ym18_1_1459727785452_4575\"><\/o:p><\/span><\/div>\n<div style=\"text-align:justify;tab-stops:111.0pt\" id=\"yui_3_16_0_ym18_1_1459727785452_4576\"><span style=\"font-size:16.0pt;line-height:115%;font-family:&quot;Arial&quot;,sans-serif\" id=\"yui_3_16_0_ym18_1_1459727785452_4577\"><o:p id=\"yui_3_16_0_ym18_1_1459727785452_4578\">&nbsp;<\/o:p><\/span><\/div>\n<div style=\"text-align:justify;tab-stops:111.0pt\" id=\"yui_3_16_0_ym18_1_1459727785452_4579\"><b id=\"yui_3_16_0_ym18_1_1459727785452_4580\"><span style=\"font-size:16.0pt;line-height:115%;font-family:&quot;Arial&quot;,sans-serif\" id=\"yui_3_16_0_ym18_1_1459727785452_4581\">&nbsp;&nbsp;&nbsp;&nbsp;&nbsp;&nbsp;&nbsp;&nbsp;&nbsp;&nbsp;&nbsp;&nbsp;&nbsp;&nbsp;&nbsp;&nbsp;&nbsp;&nbsp;&nbsp;&nbsp;&nbsp;&nbsp;&nbsp;&nbsp; &nbsp;&nbsp;&nbsp;&nbsp;&nbsp;&nbsp; <o:p id=\"yui_3_16_0_ym18_1_1459727785452_4582\"><\/o:p><\/span><\/b><\/div>\n<div id=\"yui_3_16_0_ym18_1_1459727785452_4406\">                                    <\/div>\n<div style=\"text-align:justify\" dir=\"ltr\" id=\"yui_3_16_0_ym18_1_1459727785452_4583\"><b id=\"yui_3_16_0_ym18_1_1459727785452_4584\"><span style=\"font-size:14.0pt;line-height:115%;font-family:&quot;Arial&quot;,sans-serif\" id=\"yui_3_16_0_ym18_1_1459727785452_4585\">AP\u00d3S  AS TODAS AS PARTIDAS DO VASC\u00c3O EM MEU PERFIL DO FACEBOOK (QUEM QUISER RECEBER  AS CR\u00d4NICAS DE PRIMEIRA M\u00c3O \u00c9 S\u00d3 ME ADICIONAR), E NOS SITES WEBVASCO  (<a href=\"http:\/\/www.webvasco.com\">www.webvasco.com<\/a>), E VASCA\u00cdNOS UNIDOS (<a href=\"http:\/\/www.vascainosunidos.com.br\">www.vascainosunidos.com.br<\/a>) TEM A  OPINI\u00c3O DO JORNALISTA LUIZ CARLOS ROCHA. LEIAM! COMPARTILHEM E CURTAM!  VASCA\u00cdNOS UNIDOS JAMAIS SER\u00c3O VENCIDOS.<o:p id=\"yui_3_16_0_ym18_1_1459727785452_4586\"><\/o:p><\/span><\/b><\/div>\n<div id=\"yui_3_16_0_ym18_1_1459727785452_4362\"><span><br \/><\/span><\/div>\n<div id=\"yui_3_16_0_ym18_1_1459727785452_4361\"><span><br \/><\/span><\/div>\n<div id=\"yui_3_16_0_ym18_1_1459727785452_4407\"><span><br \/><\/span><\/div>\n<div><\/div>\n<div id=\"yui_3_16_0_ym18_1_1459727785452_4408\">&nbsp;<\/div>\n<div class=\"signature\" id=\"yui_3_16_0_ym18_1_1459727785452_4269\">\n<div id=\"RTEContent\">\n<div id=\"yui_3_16_0_ym18_1_1459727785452_4268\">\n<div id=\"yui_3_16_0_ym18_1_1459727785452_4267\">\n<div id=\"yui_3_16_0_ym18_1_1459727785452_4266\">\n<div align=\"center\" id=\"yui_3_16_0_ym18_1_1459727785452_4287\"><\/div>\n<\/div>\n<\/div>\n<\/div>\n<\/div>\n<\/div>\n<\/div>\n<\/div>\n<p><\/p>\n","protected":false},"excerpt":{"rendered":"<p>De her\u00f3i a vil\u00e3o. O Vasco da Gama ganhava do Volta Redonda o jogo por&#8230;<\/p>\n","protected":false},"author":7,"featured_media":0,"comment_status":"open","ping_status":"closed","sticky":false,"template":"","format":"standard","meta":{"footnotes":""},"categories":[4],"tags":[],"class_list":["post-7819","post","type-post","status-publish","format-standard","hentry","category-luizcarlosrocha"],"_links":{"self":[{"href":"https:\/\/webvasco.com\/artigos\/wp-json\/wp\/v2\/posts\/7819","targetHints":{"allow":["GET"]}}],"collection":[{"href":"https:\/\/webvasco.com\/artigos\/wp-json\/wp\/v2\/posts"}],"about":[{"href":"https:\/\/webvasco.com\/artigos\/wp-json\/wp\/v2\/types\/post"}],"author":[{"embeddable":true,"href":"https:\/\/webvasco.com\/artigos\/wp-json\/wp\/v2\/users\/7"}],"replies":[{"embeddable":true,"href":"https:\/\/webvasco.com\/artigos\/wp-json\/wp\/v2\/comments?post=7819"}],"version-history":[{"count":0,"href":"https:\/\/webvasco.com\/artigos\/wp-json\/wp\/v2\/posts\/7819\/revisions"}],"wp:attachment":[{"href":"https:\/\/webvasco.com\/artigos\/wp-json\/wp\/v2\/media?parent=7819"}],"wp:term":[{"taxonomy":"category","embeddable":true,"href":"https:\/\/webvasco.com\/artigos\/wp-json\/wp\/v2\/categories?post=7819"},{"taxonomy":"post_tag","embeddable":true,"href":"https:\/\/webvasco.com\/artigos\/wp-json\/wp\/v2\/tags?post=7819"}],"curies":[{"name":"wp","href":"https:\/\/api.w.org\/{rel}","templated":true}]}}