{"id":7820,"date":"2016-04-10T10:46:18","date_gmt":"2016-04-10T13:46:18","guid":{"rendered":"http:\/\/webvasco.com\/artigos\/?p=7820"},"modified":"2016-04-10T10:47:35","modified_gmt":"2016-04-10T13:47:35","slug":"blindado","status":"publish","type":"post","link":"https:\/\/webvasco.com\/artigos\/colunistas\/luizcarlosrocha\/blindado\/","title":{"rendered":"BLINDADO!"},"content":{"rendered":"<div>\n<div style=\"color:#000; background-color:#fff; font-family:HelveticaNeue-Light, Helvetica Neue Light, Helvetica Neue, Helvetica, Arial, Lucida Grande, sans-serif;font-size:32px\">\n<div style=\"text-align:justify;text-indent:35.4pt;tab-stops:111.0pt\" id=\"yui_3_16_0_ym19_1_1460237691060_30509\"><span style=\"font-size:12.0pt;line-height:115%;font-family:&quot;Arial&quot;,sans-serif\" id=\"yui_3_16_0_ym19_1_1460237691060_30510\">Ao  derrotar, ontem, o Madureira, em S\u00e3o Janu\u00e1rio, por 1 a 0, com gol de Nen\u00ea, o  Vasco da Gama garantiu o direito de disputar \u00e0 Ta\u00e7a Guanabara &nbsp;contra o FlorminenC, no pr\u00f3ximo domingo. A  partida que n\u00e3o teve muitos lances de destaque foi v\u00e1lida pela Sexta Rodada, da  Segunda Fase, do Campeonato Carioca. Agora com 14 pontos ganhos na tabela de  classifica\u00e7\u00e3o o Mach\u00e3o da Gama \u00e9 l\u00edder. O melhor de tudo \u00e9 a blindagem!<o:p id=\"yui_3_16_0_ym19_1_1460237691060_30511\"><\/o:p><\/span><\/div>\n<div style=\"text-align:justify;text-indent:35.4pt;tab-stops:111.0pt\" id=\"yui_3_16_0_ym19_1_1460237691060_30512\"><span style=\"font-size:12.0pt;line-height:115%;font-family:&quot;Arial&quot;,sans-serif\" id=\"yui_3_16_0_ym19_1_1460237691060_30513\">O  Cruzmaltino est\u00e1 invicto h\u00e1 19 jogos, ou cinco meses. Maior invicto do Brasil  entre os clubes das S\u00e9ries A, B e C. Fant\u00e1stico! Se depender da equipe  comandada pelo treinador Jorginho, o t\u00edtulo vir\u00e1 daqui a tr\u00eas rodadas. Este  poder\u00e1 ser o quinto, pois sagrou-se campe\u00e3o nos anos de 1924, 1947, 1949 e 1992  (naquele ano com Roberto Dinamite, maior \u00eddolo do clube de todos os tempos).<o:p id=\"yui_3_16_0_ym19_1_1460237691060_30514\"><\/o:p><\/span><\/div>\n<div style=\"text-align:justify;text-indent:35.4pt;tab-stops:111.0pt\" id=\"yui_3_16_0_ym19_1_1460237691060_30515\"><span style=\"font-size:12.0pt;line-height:115%;font-family:&quot;Arial&quot;,sans-serif\" id=\"yui_3_16_0_ym19_1_1460237691060_30516\">Basta  ser campe\u00e3o da Ta\u00e7a Guanabara domingo e depois ganhar os outros dois jogos que  decidem o Carioc\u00e3o 2016. Ser\u00e3o semifinal e final do campeonato mais charmoso do  pa\u00eds. Partidas \u00edmpares.&nbsp; Mas antes disso,  o compromisso do Gigante da Colina ser\u00e1 quarta-feira, dia 13 de abril, contra o  Remo, em Bel\u00e9m (PA), pela primeira fase da Copa do Brasil. Provavelmente os  titulares ser\u00e3o poupados.<o:p id=\"yui_3_16_0_ym19_1_1460237691060_30517\"><\/o:p><\/span><\/div>\n<div style=\"text-align:justify;text-indent:35.4pt;tab-stops:111.0pt\" id=\"yui_3_16_0_ym19_1_1460237691060_30518\"><span style=\"font-size:12.0pt;line-height:115%;font-family:&quot;Arial&quot;,sans-serif\" id=\"yui_3_16_0_ym19_1_1460237691060_30519\">Embora  as v\u00e9speras de levar mais um caneco para S\u00e3o Janu\u00e1rio, os atletas est\u00e3o com os  p\u00e9s no ch\u00e3o. &#8220;Ter cinco meses (de invencibilidade) \u00e9 bom para dar  confian\u00e7a, mas temos que ter consci\u00eancia de que n\u00e3o estamos jogando bem&#8221;,  disparou o lateral direito Madson. O coment\u00e1rio do jogador se deu depois das  vaias da Imensa Torcida Bem Feliz, ao t\u00e9rmino da partida.<o:p id=\"yui_3_16_0_ym19_1_1460237691060_30520\"><\/o:p><\/span><\/div>\n<div style=\"text-align:justify;text-indent:35.4pt;tab-stops:111.0pt\" id=\"yui_3_16_0_ym19_1_1460237691060_30521\"><span style=\"font-size:12.0pt;line-height:115%;font-family:&quot;Arial&quot;,sans-serif\" id=\"yui_3_16_0_ym19_1_1460237691060_30522\"><o:p id=\"yui_3_16_0_ym19_1_1460237691060_30523\">&nbsp;<\/o:p><\/span><\/div>\n<div style=\"text-align:justify;text-indent:35.4pt;tab-stops:111.0pt\" id=\"yui_3_16_0_ym19_1_1460237691060_30524\"><span style=\"font-size:12.0pt;line-height:115%;font-family:&quot;Arial&quot;,sans-serif\" id=\"yui_3_16_0_ym19_1_1460237691060_30525\"><o:p id=\"yui_3_16_0_ym19_1_1460237691060_30526\">&nbsp;<\/o:p><\/span><\/div>\n<div style=\"text-align:justify;text-indent:35.4pt;tab-stops:111.0pt\" id=\"yui_3_16_0_ym19_1_1460237691060_30527\"><span style=\"font-size:12.0pt;line-height:115%;font-family:&quot;Arial&quot;,sans-serif\" id=\"yui_3_16_0_ym19_1_1460237691060_30528\"><o:p id=\"yui_3_16_0_ym19_1_1460237691060_30529\">&nbsp;<\/o:p><\/span><\/div>\n<div style=\"text-align:justify;text-indent:35.4pt;tab-stops:111.0pt\" id=\"yui_3_16_0_ym19_1_1460237691060_30530\"><b id=\"yui_3_16_0_ym19_1_1460237691060_30531\"><u id=\"yui_3_16_0_ym19_1_1460237691060_30532\"><span style=\"font-size:20.0pt;line-height:115%;font-family:&quot;Arial&quot;,sans-serif\" id=\"yui_3_16_0_ym19_1_1460237691060_30533\">DIVULGUEM ESSA COVARDIA:<\/span><\/u><\/b><span style=\"font-size:16.0pt;line-height:115%;font-family:&quot;Arial&quot;,sans-serif\" id=\"yui_3_16_0_ym19_1_1460237691060_30534\"> GOSTARIA  DE PEDIR A TODOS OS MEUS AMIGOS E LEITORES QUE TIRASSE UM TEMPINHO PARA LER A  PETI\u00c7\u00c3O P\u00daBLICA, AO QUAL SEGUE ABAIXO O LINK. TAL DOCUMENTO REFERE-SE A <b id=\"yui_3_16_0_ym19_1_1460237691060_30535\"><u id=\"yui_3_16_0_ym19_1_1460237691060_30536\">UM ATO DE COVARDIA POR PARTE DA  VOLKSWAGEN DO BRASIL EM COAUTORIA DA ABOLI\u00c7\u00c3O VE\u00cdCULOS (GRUPO AB)<\/u><\/b>  CONTRA ESTE VELHO JORNALISTA. A REFERIDA CONCESSION\u00c1RIA EST\u00c1 ME LESANDO DESDE  FEVEREIRO DE 2013. MEU CARRO FOI BATIDO DENTRO DA OFICINA, FURTARAM ACESS\u00d3RIOS,  TEM PROBLEMAS CAUSADOS POR ELES, AL\u00c9M DE DEFEITOS DE FABRICA\u00c7\u00c3O. O CARRO 0 KM  COMPRADO POR MIM HOJE SE ENCONTRA NA OFICINA DA ABOLI\u00c7\u00c3O VE\u00cdCULOS (CENTRO DE  NITER\u00d3I) <b id=\"yui_3_16_0_ym19_1_1460237691060_30537\"><u id=\"yui_3_16_0_ym19_1_1460237691060_30538\">DESDE 10 DE JUNHO DE 2013<\/u><\/b>,  OU MELHOR, H\u00c1 <b id=\"yui_3_16_0_ym19_1_1460237691060_30539\"><u id=\"yui_3_16_0_ym19_1_1460237691060_30540\">34 MESES, OU SEJA, 2  ANOS E DEZ MESES.<\/u><\/b> <b id=\"yui_3_16_0_ym19_1_1460237691060_30541\"><u id=\"yui_3_16_0_ym19_1_1460237691060_30542\">TEM APENAS 729  KM RODADOS<\/u><\/b> PARA COMPROVAR O CALV\u00c1RIO TENHO DOCUMENTOS, GRAVA\u00c7\u00d5ES DE  AUDIO E V\u00cdDEO, MAIS DE 600 FOTOGRAFIAS E E-MAILS TROCADOS COM FUNCION\u00c1RIOS DO  BAIXO, M\u00c9DIO E ALTO ESCAL\u00c3O DA EMPRESA. POR FAVOR, ASSINEM O DOCUMENTO PARA QUE  OUTROS CONSUMIDORES N\u00c3O SEJAM LESADOS POR EMPRESAS DESTE N\u00cdVEL.&nbsp; <\/span><a href=\"https:\/\/secure.avaaz.org\/po\/petition\/Aos_Orgaos_de_Defesa_do_Consumidor_e_ao_Poder_Judiciario_JUSTICA_CONTRA_UMA_MARCA_E_SUA_REVENDERORA_QUE_DESCUMPREM_A_LEI\/?lJEcNfb&amp;pv=0\" id=\"yui_3_16_0_ym19_1_1460237691060_30543\"><span style=\"font-size:16.0pt;line-height:115%;font-family:&quot;Arial&quot;,sans-serif\" id=\"yui_3_16_0_ym19_1_1460237691060_30544\">https:\/\/secure.avaaz.org\/po\/petition\/Aos_Orgaos_de_Defesa_do_Consumidor_e_ao_Poder_Judiciario_JUSTICA_CONTRA_UMA_MARCA_E_SUA_REVENDERORA_QUE_DESCUMPREM_A_LEI\/?lJEcNfb&amp;pv=0<\/span><\/a><span style=\"font-size:16.0pt;line-height:115%;font-family:&quot;Arial&quot;,sans-serif\" id=\"yui_3_16_0_ym19_1_1460237691060_30545\"><o:p id=\"yui_3_16_0_ym19_1_1460237691060_30546\"><\/o:p><\/span><\/div>\n<div style=\"text-align:justify;tab-stops:111.0pt\" id=\"yui_3_16_0_ym19_1_1460237691060_30547\"><span style=\"font-size:16.0pt;line-height:115%;font-family:&quot;Arial&quot;,sans-serif\" id=\"yui_3_16_0_ym19_1_1460237691060_30548\"><o:p id=\"yui_3_16_0_ym19_1_1460237691060_30549\">&nbsp;<\/o:p><\/span><\/div>\n<div style=\"text-align:justify;tab-stops:111.0pt\" id=\"yui_3_16_0_ym19_1_1460237691060_30550\"><b id=\"yui_3_16_0_ym19_1_1460237691060_30551\"><span style=\"font-size:16.0pt;line-height:115%;font-family:&quot;Arial&quot;,sans-serif\" id=\"yui_3_16_0_ym19_1_1460237691060_30552\">&nbsp;&nbsp;&nbsp;&nbsp;&nbsp;&nbsp;&nbsp;&nbsp;&nbsp;&nbsp;&nbsp;&nbsp;&nbsp;&nbsp;&nbsp;&nbsp;&nbsp;&nbsp;&nbsp;&nbsp;&nbsp;&nbsp;&nbsp;&nbsp; &nbsp;&nbsp;&nbsp;&nbsp;&nbsp;&nbsp; <o:p id=\"yui_3_16_0_ym19_1_1460237691060_30553\"><\/o:p><\/span><\/b><\/div>\n<div id=\"yui_3_16_0_ym19_1_1460237691060_30331\">                                        <\/div>\n<div style=\"text-align:justify\" dir=\"ltr\" id=\"yui_3_16_0_ym19_1_1460237691060_30554\"><b id=\"yui_3_16_0_ym19_1_1460237691060_30555\"><span style=\"font-size:14.0pt;line-height:115%;font-family:&quot;Arial&quot;,sans-serif\" id=\"yui_3_16_0_ym19_1_1460237691060_30556\">AP\u00d3S  AS TODAS AS PARTIDAS DO VASC\u00c3O EM MEU PERFIL DO FACEBOOK (QUEM QUISER RECEBER  AS CR\u00d4NICAS DE PRIMEIRA M\u00c3O \u00c9 S\u00d3 ME ADICIONAR), E NOS SITES WEBVASCO  (<a href=\"http:\/\/www.webvasco.com\">www.webvasco.com<\/a>), E VASCA\u00cdNOS UNIDOS (<a href=\"http:\/\/www.vascainosunidos.com.br\">www.vascainosunidos.com.br<\/a>) TEM A  OPINI\u00c3O DO JORNALISTA LUIZ CARLOS ROCHA. LEIAM! COMPARTILHEM E CURTAM!  VASCA\u00cdNOS UNIDOS JAMAIS SER\u00c3O VENCIDOS.<o:p id=\"yui_3_16_0_ym19_1_1460237691060_30557\"><\/o:p><\/span><\/b><\/div>\n<div id=\"yui_3_16_0_ym19_1_1460237691060_30330\"><span><br \/><\/span><\/div>\n<div id=\"yui_3_16_0_ym19_1_1460237691060_30329\"><span><br \/><\/span><\/div>\n<div id=\"yui_3_16_0_ym19_1_1460237691060_30328\"><span><br \/><\/span><\/div>\n<div><\/div>\n<div id=\"yui_3_16_0_ym19_1_1460237691060_30327\">&nbsp;<\/div>\n<div class=\"signature\" id=\"yui_3_16_0_ym19_1_1460237691060_30297\">\n<div id=\"RTEContent\">\n<div id=\"yui_3_16_0_ym19_1_1460237691060_30296\">\n<div id=\"yui_3_16_0_ym19_1_1460237691060_30295\">\n<div id=\"yui_3_16_0_ym19_1_1460237691060_30294\">\n<div align=\"center\" id=\"yui_3_16_0_ym19_1_1460237691060_30300\"><\/div>\n<\/div>\n<\/div>\n<\/div>\n<\/div>\n<\/div>\n<\/div>\n<\/div>\n<p><\/p>\n","protected":false},"excerpt":{"rendered":"<p>Ao derrotar, ontem, o Madureira, em S\u00e3o Janu\u00e1rio, por 1 a 0, com gol de&#8230;<\/p>\n","protected":false},"author":7,"featured_media":0,"comment_status":"open","ping_status":"closed","sticky":false,"template":"","format":"standard","meta":{"footnotes":""},"categories":[4],"tags":[],"class_list":["post-7820","post","type-post","status-publish","format-standard","hentry","category-luizcarlosrocha"],"_links":{"self":[{"href":"https:\/\/webvasco.com\/artigos\/wp-json\/wp\/v2\/posts\/7820","targetHints":{"allow":["GET"]}}],"collection":[{"href":"https:\/\/webvasco.com\/artigos\/wp-json\/wp\/v2\/posts"}],"about":[{"href":"https:\/\/webvasco.com\/artigos\/wp-json\/wp\/v2\/types\/post"}],"author":[{"embeddable":true,"href":"https:\/\/webvasco.com\/artigos\/wp-json\/wp\/v2\/users\/7"}],"replies":[{"embeddable":true,"href":"https:\/\/webvasco.com\/artigos\/wp-json\/wp\/v2\/comments?post=7820"}],"version-history":[{"count":0,"href":"https:\/\/webvasco.com\/artigos\/wp-json\/wp\/v2\/posts\/7820\/revisions"}],"wp:attachment":[{"href":"https:\/\/webvasco.com\/artigos\/wp-json\/wp\/v2\/media?parent=7820"}],"wp:term":[{"taxonomy":"category","embeddable":true,"href":"https:\/\/webvasco.com\/artigos\/wp-json\/wp\/v2\/categories?post=7820"},{"taxonomy":"post_tag","embeddable":true,"href":"https:\/\/webvasco.com\/artigos\/wp-json\/wp\/v2\/tags?post=7820"}],"curies":[{"name":"wp","href":"https:\/\/api.w.org\/{rel}","templated":true}]}}