{"id":7822,"date":"2016-04-14T11:05:28","date_gmt":"2016-04-14T14:05:28","guid":{"rendered":"http:\/\/webvasco.com\/artigos\/?p=7822"},"modified":"2016-04-14T11:07:26","modified_gmt":"2016-04-14T14:07:26","slug":"papel-fora-de-casa","status":"publish","type":"post","link":"https:\/\/webvasco.com\/artigos\/colunistas\/luizcarlosrocha\/papel-fora-de-casa\/","title":{"rendered":"PAPEL FORA DE CASA!"},"content":{"rendered":"<div>\n<div style=\"color:#000; background-color:#fff; font-family:HelveticaNeue-Light, Helvetica Neue Light, Helvetica Neue, Helvetica, Arial, Lucida Grande, sans-serif;font-size:32px\">\n<div align=\"center\" style=\"text-align:center;text-indent:35.4pt;tab-stops:167.25pt\" id=\"yui_3_16_0_ym19_1_1460592460650_49243\"><span style=\"font-family: Arial, sans-serif; font-size: 12pt; line-height: 115%; text-align: justify; text-indent: 35.4pt;\" id=\"yui_3_16_0_ym19_1_1460592460650_49323\">Ao  bater o Remo, ontem, por 1 a 0, gol de Thalles, no Mangueir\u00e3o, em Bel\u00e9m do  Par\u00e1, na partida de estreia da Copa do Brasil, o Vasco da Gama garantiu certo  conforto para o embate de volta, em S\u00e3o Janu\u00e1rio, dia 27 de abril. Nesta fase,  a equipe que ganhar por dois gols ou mais de diferen\u00e7a fora de casa, elimina o  jogo de volta. Faltou pouco, mas o Cruzmaltino fez o dever de casa, ou melhor,  fora de casa!<\/span><\/div>\n<div style=\"text-align:justify;text-indent:35.4pt;tab-stops:111.0pt\" id=\"yui_3_16_0_ym19_1_1460592460650_49256\"><span style=\"font-size:12.0pt;line-height:115%;font-family:&quot;Arial&quot;,sans-serif\" id=\"yui_3_16_0_ym19_1_1460592460650_49257\">O  atacante Xod\u00f3 da torcida, chamado de Thallesm\u00e3 ou Ballothalles entrou no fim da  partida, pois substituiu o tamb\u00e9m atacante Riascos e marcou um gola\u00e7o de  cabe\u00e7a. Se passar de fase, os meninos comandados pelo treinador Jorginho  enfrentar\u00e3o o CRB, de Alagoas. A equipe nordestina n\u00e3o far\u00e1 partida de volta.  Garantiu a vaga vencendo o Ivinhema, por 2 a 0, fora de casa.<o:p id=\"yui_3_16_0_ym19_1_1460592460650_49258\"><\/o:p><\/span><\/div>\n<div style=\"text-align:justify;text-indent:35.4pt;tab-stops:111.0pt\" id=\"yui_3_16_0_ym19_1_1460592460650_49259\"><span style=\"font-size:12.0pt;line-height:115%;font-family:&quot;Arial&quot;,sans-serif\" id=\"yui_3_16_0_ym19_1_1460592460650_49260\">Riascos  n\u00e3o fez uma \u00f3tima partida, mas tentou de bicicleta abrir o placar. Quase deu  certo. Marcelo Mattos foi um guerreiro em campo. Luan foi seguro. Martin Silva  foi espetacular! Nen\u00ea mostrou categoria como sempre. Uma mariposa ficou grudada  na parte de tr\u00e1s de sua camisa, e o craque sequer notou sua presen\u00e7a. O curioso  ficou por conta da posi\u00e7\u00e3o do inseto que estava exatamente em cima do n\u00famero  10, indicando uma seta para o alto. Para os mais supersticiosos pode ser um  sinal de avan\u00e7o na competi\u00e7\u00e3o.<o:p id=\"yui_3_16_0_ym19_1_1460592460650_49261\"><\/o:p><\/span><\/div>\n<div style=\"text-align:justify;text-indent:35.4pt;tab-stops:111.0pt\" id=\"yui_3_16_0_ym19_1_1460592460650_49262\"><span style=\"font-size:12.0pt;line-height:115%;font-family:&quot;Arial&quot;,sans-serif\" id=\"yui_3_16_0_ym19_1_1460592460650_49263\">Ap\u00f3s  cruzamento perfeito do lateral esquerdo Henrique, Thalles de cabe\u00e7a definiu o  jogo. Com o resultado, o Vasco j\u00e1 soma 20 partidas de invencibilidade. Esse \u00e9 o  Mach\u00e3o da Gama!<o:p id=\"yui_3_16_0_ym19_1_1460592460650_49264\"><\/o:p><\/span><\/div>\n<div style=\"text-align:justify;text-indent:35.4pt;tab-stops:111.0pt\" id=\"yui_3_16_0_ym19_1_1460592460650_49265\"><span style=\"font-size:12.0pt;line-height:115%;font-family:&quot;Arial&quot;,sans-serif\" id=\"yui_3_16_0_ym19_1_1460592460650_49266\"><o:p id=\"yui_3_16_0_ym19_1_1460592460650_49267\">&nbsp;<\/o:p><\/span><\/div>\n<div style=\"text-align:justify;text-indent:35.4pt;tab-stops:111.0pt\" id=\"yui_3_16_0_ym19_1_1460592460650_49268\"><span style=\"font-size:12.0pt;line-height:115%;font-family:&quot;Arial&quot;,sans-serif\" id=\"yui_3_16_0_ym19_1_1460592460650_49269\"><o:p id=\"yui_3_16_0_ym19_1_1460592460650_49270\">&nbsp;<\/o:p><\/span><\/div>\n<div style=\"text-align:justify;text-indent:35.4pt;tab-stops:111.0pt\" id=\"yui_3_16_0_ym19_1_1460592460650_49271\"><b id=\"yui_3_16_0_ym19_1_1460592460650_49272\"><u id=\"yui_3_16_0_ym19_1_1460592460650_49273\"><span style=\"font-size:20.0pt;line-height:115%;font-family:&quot;Arial&quot;,sans-serif\" id=\"yui_3_16_0_ym19_1_1460592460650_49274\">DIVULGUEM ESSA COVARDIA:<\/span><\/u><\/b><span style=\"font-size:16.0pt;line-height:115%;font-family:&quot;Arial&quot;,sans-serif\" id=\"yui_3_16_0_ym19_1_1460592460650_49275\"> GOSTARIA  DE PEDIR A TODOS OS MEUS AMIGOS E LEITORES QUE TIRASSE UM TEMPINHO PARA LER A  PETI\u00c7\u00c3O P\u00daBLICA, AO QUAL SEGUE ABAIXO O LINK. TAL DOCUMENTO REFERE-SE A <b id=\"yui_3_16_0_ym19_1_1460592460650_49276\"><u id=\"yui_3_16_0_ym19_1_1460592460650_49277\">UM ATO DE COVARDIA POR PARTE DA  VOLKSWAGEN DO BRASIL EM COAUTORIA DA ABOLI\u00c7\u00c3O VE\u00cdCULOS (GRUPO AB)<\/u><\/b>  CONTRA ESTE VELHO JORNALISTA. A REFERIDA CONCESSION\u00c1RIA EST\u00c1 ME LESANDO DESDE  FEVEREIRO DE 2013. MEU CARRO FOI BATIDO DENTRO DA OFICINA, FURTARAM ACESS\u00d3RIOS,  TEM PROBLEMAS CAUSADOS POR ELES, AL\u00c9M DE DEFEITOS DE FABRICA\u00c7\u00c3O. O CARRO 0 KM  COMPRADO POR MIM HOJE SE ENCONTRA NA OFICINA DA ABOLI\u00c7\u00c3O VE\u00cdCULOS (CENTRO DE  NITER\u00d3I) <b id=\"yui_3_16_0_ym19_1_1460592460650_49278\"><u id=\"yui_3_16_0_ym19_1_1460592460650_49279\">DESDE 10 DE JUNHO DE 2013<\/u><\/b>,  OU MELHOR, H\u00c1 <b id=\"yui_3_16_0_ym19_1_1460592460650_49280\"><u id=\"yui_3_16_0_ym19_1_1460592460650_49281\">34 MESES, OU SEJA, 2  ANOS E DEZ MESES.<\/u><\/b> <b id=\"yui_3_16_0_ym19_1_1460592460650_49282\"><u id=\"yui_3_16_0_ym19_1_1460592460650_49283\">TEM APENAS 729  KM RODADOS<\/u><\/b> PARA COMPROVAR O CALV\u00c1RIO TENHO DOCUMENTOS, GRAVA\u00c7\u00d5ES DE  AUDIO E V\u00cdDEO, MAIS DE 600 FOTOGRAFIAS E E-MAILS TROCADOS COM FUNCION\u00c1RIOS DO  BAIXO, M\u00c9DIO E ALTO ESCAL\u00c3O DA EMPRESA. POR FAVOR, ASSINEM O DOCUMENTO PARA QUE  OUTROS CONSUMIDORES N\u00c3O SEJAM LESADOS POR EMPRESAS DESTE N\u00cdVEL.&nbsp; <\/span><a href=\"https:\/\/secure.avaaz.org\/po\/petition\/Aos_Orgaos_de_Defesa_do_Consumidor_e_ao_Poder_Judiciario_JUSTICA_CONTRA_UMA_MARCA_E_SUA_REVENDERORA_QUE_DESCUMPREM_A_LEI\/?lJEcNfb&amp;pv=0\" id=\"yui_3_16_0_ym19_1_1460592460650_49284\"><span style=\"font-size:16.0pt;line-height:115%;font-family:&quot;Arial&quot;,sans-serif\" id=\"yui_3_16_0_ym19_1_1460592460650_49285\">https:\/\/secure.avaaz.org\/po\/petition\/Aos_Orgaos_de_Defesa_do_Consumidor_e_ao_Poder_Judiciario_JUSTICA_CONTRA_UMA_MARCA_E_SUA_REVENDERORA_QUE_DESCUMPREM_A_LEI\/?lJEcNfb&amp;pv=0<\/span><\/a><span style=\"font-size:16.0pt;line-height:115%;font-family:&quot;Arial&quot;,sans-serif\" id=\"yui_3_16_0_ym19_1_1460592460650_49286\"><o:p id=\"yui_3_16_0_ym19_1_1460592460650_49287\"><\/o:p><\/span><\/div>\n<div style=\"text-align:justify;tab-stops:111.0pt\" id=\"yui_3_16_0_ym19_1_1460592460650_49288\"><span style=\"font-size:16.0pt;line-height:115%;font-family:&quot;Arial&quot;,sans-serif\" id=\"yui_3_16_0_ym19_1_1460592460650_49289\"><o:p id=\"yui_3_16_0_ym19_1_1460592460650_49290\">&nbsp;<\/o:p><\/span><\/div>\n<div style=\"text-align:justify;tab-stops:111.0pt\" id=\"yui_3_16_0_ym19_1_1460592460650_49291\"><b id=\"yui_3_16_0_ym19_1_1460592460650_49292\"><span style=\"font-size:16.0pt;line-height:115%;font-family:&quot;Arial&quot;,sans-serif\" id=\"yui_3_16_0_ym19_1_1460592460650_49293\">&nbsp;&nbsp;&nbsp;&nbsp;&nbsp;&nbsp;&nbsp;&nbsp;&nbsp;&nbsp;&nbsp;&nbsp;&nbsp;&nbsp;&nbsp;&nbsp;&nbsp;&nbsp;&nbsp;&nbsp;&nbsp;&nbsp;&nbsp;&nbsp; &nbsp;&nbsp;&nbsp;&nbsp;&nbsp;&nbsp; <o:p id=\"yui_3_16_0_ym19_1_1460592460650_49294\"><\/o:p><\/span><\/b><\/div>\n<div style=\"text-align:justify\" id=\"yui_3_16_0_ym19_1_1460592460650_49295\"><b id=\"yui_3_16_0_ym19_1_1460592460650_49296\"><span style=\"font-size:14.0pt;line-height:115%;font-family:&quot;Arial&quot;,sans-serif\" id=\"yui_3_16_0_ym19_1_1460592460650_49297\">AP\u00d3S  AS TODAS AS PARTIDAS DO VASC\u00c3O EM MEU PERFIL DO FACEBOOK (QUEM QUISER RECEBER  AS CR\u00d4NICAS DE PRIMEIRA M\u00c3O \u00c9 S\u00d3 ME ADICIONAR), E NOS SITES WEBVASCO  (<a href=\"http:\/\/www.webvasco.com\">www.webvasco.com<\/a>), E VASCA\u00cdNOS UNIDOS (<a href=\"http:\/\/www.vascainosunidos.com.br\">www.vascainosunidos.com.br<\/a>) TEM A  OPINI\u00c3O DO JORNALISTA LUIZ CARLOS ROCHA. LEIAM! COMPARTILHEM E CURTAM!  VASCA\u00cdNOS UNIDOS JAMAIS SER\u00c3O VENCIDOS.<o:p id=\"yui_3_16_0_ym19_1_1460592460650_49298\"><\/o:p><\/span><\/b><\/div>\n<div id=\"yui_3_16_0_ym19_1_1460592460650_49057\">                                                    <\/div>\n<div style=\"text-align:justify\" dir=\"ltr\" id=\"yui_3_16_0_ym19_1_1460592460650_49299\"><b id=\"yui_3_16_0_ym19_1_1460592460650_49300\"><span style=\"font-size:14.0pt;line-height:115%;font-family:&quot;Arial&quot;,sans-serif\" id=\"yui_3_16_0_ym19_1_1460592460650_49301\">&nbsp;<\/span><\/b><\/div>\n<div id=\"yui_3_16_0_ym19_1_1460592460650_49057\"><span><br \/><\/span><\/div>\n<div><\/div>\n<div id=\"yui_3_16_0_ym19_1_1460592460650_49058\">&nbsp;<\/div>\n<div class=\"signature\" id=\"yui_3_16_0_ym19_1_1460592460650_49054\">\n<div id=\"RTEContent\">\n<div id=\"yui_3_16_0_ym19_1_1460592460650_49053\">\n<div id=\"yui_3_16_0_ym19_1_1460592460650_49052\">\n<div id=\"yui_3_16_0_ym19_1_1460592460650_49051\">\n<div align=\"center\" id=\"yui_3_16_0_ym19_1_1460592460650_49059\"><\/div>\n<\/div>\n<\/div>\n<\/div>\n<\/div>\n<\/div>\n<\/div>\n<\/div>\n<p><\/p>\n","protected":false},"excerpt":{"rendered":"<p>Ao bater o Remo, ontem, por 1 a 0, gol de Thalles, no Mangueir\u00e3o, em&#8230;<\/p>\n","protected":false},"author":7,"featured_media":0,"comment_status":"open","ping_status":"closed","sticky":false,"template":"","format":"standard","meta":{"footnotes":""},"categories":[4],"tags":[],"class_list":["post-7822","post","type-post","status-publish","format-standard","hentry","category-luizcarlosrocha"],"_links":{"self":[{"href":"https:\/\/webvasco.com\/artigos\/wp-json\/wp\/v2\/posts\/7822","targetHints":{"allow":["GET"]}}],"collection":[{"href":"https:\/\/webvasco.com\/artigos\/wp-json\/wp\/v2\/posts"}],"about":[{"href":"https:\/\/webvasco.com\/artigos\/wp-json\/wp\/v2\/types\/post"}],"author":[{"embeddable":true,"href":"https:\/\/webvasco.com\/artigos\/wp-json\/wp\/v2\/users\/7"}],"replies":[{"embeddable":true,"href":"https:\/\/webvasco.com\/artigos\/wp-json\/wp\/v2\/comments?post=7822"}],"version-history":[{"count":0,"href":"https:\/\/webvasco.com\/artigos\/wp-json\/wp\/v2\/posts\/7822\/revisions"}],"wp:attachment":[{"href":"https:\/\/webvasco.com\/artigos\/wp-json\/wp\/v2\/media?parent=7822"}],"wp:term":[{"taxonomy":"category","embeddable":true,"href":"https:\/\/webvasco.com\/artigos\/wp-json\/wp\/v2\/categories?post=7822"},{"taxonomy":"post_tag","embeddable":true,"href":"https:\/\/webvasco.com\/artigos\/wp-json\/wp\/v2\/tags?post=7822"}],"curies":[{"name":"wp","href":"https:\/\/api.w.org\/{rel}","templated":true}]}}