{"id":7823,"date":"2016-04-17T23:56:44","date_gmt":"2016-04-18T02:56:44","guid":{"rendered":"http:\/\/webvasco.com\/artigos\/?p=7823"},"modified":"2016-04-17T23:58:05","modified_gmt":"2016-04-18T02:58:05","slug":"vasco-corre-o-riascos-de-ser-campeo-invicto","status":"publish","type":"post","link":"https:\/\/webvasco.com\/artigos\/colunistas\/luizcarlosrocha\/vasco-corre-o-riascos-de-ser-campeo-invicto\/","title":{"rendered":"VASCO CORRE O RIASCOS DE SER CAMPE&Atilde;O INVICTO!"},"content":{"rendered":"<div>\n<div style=\"color:#000; background-color:#fff; font-family:HelveticaNeue-Light, Helvetica Neue Light, Helvetica Neue, Helvetica, Arial, Lucida Grande, sans-serif;font-size:32px\">\n<div style=\"text-align:justify;text-indent:35.4pt;tab-stops:111.0pt\" id=\"yui_3_16_0_ym19_1_1460919104638_36348\"><span style=\"font-size:12.0pt;line-height:115%;font-family:&quot;Arial&quot;,sans-serif\" id=\"yui_3_16_0_ym19_1_1460919104638_36349\">Os 32.061  presentes, em Manaus foram testemunhas que: \u00c9 o destino ganhar das Meninas das  Laranjocas! S\u00f3 o Fred e o Levir n\u00e3o sabiam disso! Tanto que a maioria nas  arquibancadas torcia para o Mach\u00e3o da Gama! Fato! Ap\u00f3s derrotar o FlorminenC,  por 1 a 0, gol de Riascos, o Cruzmaltino sagrou-se campe\u00e3o invicto da Ta\u00e7a  Guanabara. <o:p id=\"yui_3_16_0_ym19_1_1460919104638_36350\"><\/o:p><\/span><\/div>\n<div style=\"text-align:justify;text-indent:35.4pt;tab-stops:111.0pt\" id=\"yui_3_16_0_ym19_1_1460919104638_36351\"><span style=\"font-size:12.0pt;line-height:115%;font-family:&quot;Arial&quot;,sans-serif\" id=\"yui_3_16_0_ym19_1_1460919104638_36352\">No  pr\u00f3ximo domingo, dia 24, o fregu\u00eas Molambo ser\u00e1 a v\u00edtima da vez. Em hor\u00e1rio e  local a ser definido pela FERJ. A vantagem do empate ficar\u00e1 com o Vasco, por  ter a melhor campanha do Campeonato Carioca. Na outra semifinal As Flores ter\u00e3o  a vantagem diante dos Chor\u00f5es. Para s\u00f3 depois acontecerem as duas partidas da  final\u00edssima da competi\u00e7\u00e3o estadual.<o:p id=\"yui_3_16_0_ym19_1_1460919104638_36353\"><\/o:p><\/span><\/div>\n<div style=\"text-align:justify;text-indent:35.4pt;tab-stops:111.0pt\" id=\"yui_3_16_0_ym19_1_1460919104638_36354\"><span style=\"font-size:12.0pt;line-height:115%;font-family:&quot;Arial&quot;,sans-serif\" id=\"yui_3_16_0_ym19_1_1460919104638_36355\">O time  de Jorginho e seus pupilos completaram hoje 21 jogos sem perder. E no que  depender do atacante Riascos \u2013 artilheiro do campeonato com 8 gols \u2013 o Vasco da  Gama poder\u00e1 ser campe\u00e3o carioca de forma invicta. Para isso bastam 3 empates.  Como terminou a Segunda Fase do Carioca, com 17 pontos ganhos (l\u00edder absoluto),  basta uma igualdade no placar diante do Povo do Gueto para garantir a vaga na  Final. A partir da\u00ed, como tem a melhor campanha, jogar\u00e1 por dois empates. <o:p id=\"yui_3_16_0_ym19_1_1460919104638_36356\"><\/o:p><\/span><\/div>\n<div style=\"text-align:justify;text-indent:35.4pt;tab-stops:111.0pt\" id=\"yui_3_16_0_ym19_1_1460919104638_36357\"><span style=\"font-size:12.0pt;line-height:115%;font-family:&quot;Arial&quot;,sans-serif\" id=\"yui_3_16_0_ym19_1_1460919104638_36358\">S\u00e3o  Janu\u00e1rio receber\u00e1 o seu 12\u00aa Trof\u00e9u, da Ta\u00e7a Guanabara, e R$1,45 milh\u00e3o (R$ 1,2  milh\u00e3o e mais R$ 250 mil pela vaga nas semifinais). Mas o melhor foi garantir a  invencibilidade que j\u00e1 duram quatro meses (desde novembro de 2015), e estourar,  ops!, digo, acabar com a invencibilidade das Meninas!<o:p id=\"yui_3_16_0_ym19_1_1460919104638_36359\"><\/o:p><\/span><\/div>\n<div style=\"text-align:justify;text-indent:35.4pt;tab-stops:111.0pt\" id=\"yui_3_16_0_ym19_1_1460919104638_36360\"><span style=\"font-size:12.0pt;line-height:115%;font-family:&quot;Arial&quot;,sans-serif\" id=\"yui_3_16_0_ym19_1_1460919104638_36361\">\u00c9  campe\u00e3o!<o:p id=\"yui_3_16_0_ym19_1_1460919104638_36362\"><\/o:p><\/span><\/div>\n<div style=\"text-align:justify;text-indent:35.4pt;tab-stops:111.0pt\" id=\"yui_3_16_0_ym19_1_1460919104638_36363\"><span style=\"font-size:12.0pt;line-height:115%;font-family:&quot;Arial&quot;,sans-serif\" id=\"yui_3_16_0_ym19_1_1460919104638_36364\"><o:p id=\"yui_3_16_0_ym19_1_1460919104638_36365\">&nbsp;<\/o:p><\/span><\/div>\n<div style=\"text-align:justify;text-indent:35.4pt;tab-stops:111.0pt\" id=\"yui_3_16_0_ym19_1_1460919104638_36366\"><span style=\"font-size:12.0pt;line-height:115%;font-family:&quot;Arial&quot;,sans-serif\" id=\"yui_3_16_0_ym19_1_1460919104638_36367\"><o:p id=\"yui_3_16_0_ym19_1_1460919104638_36368\">&nbsp;<\/o:p><\/span><\/div>\n<div style=\"text-align:justify;text-indent:35.4pt;tab-stops:111.0pt\" id=\"yui_3_16_0_ym19_1_1460919104638_36369\"><b id=\"yui_3_16_0_ym19_1_1460919104638_36370\"><u id=\"yui_3_16_0_ym19_1_1460919104638_36371\"><span style=\"font-size:20.0pt;line-height:115%;font-family:&quot;Arial&quot;,sans-serif\" id=\"yui_3_16_0_ym19_1_1460919104638_36372\">DIVULGUEM ESSA COVARDIA:<\/span><\/u><\/b><span style=\"font-size:16.0pt;line-height:115%;font-family:&quot;Arial&quot;,sans-serif\" id=\"yui_3_16_0_ym19_1_1460919104638_36373\"> GOSTARIA  DE PEDIR A TODOS OS MEUS AMIGOS E LEITORES QUE TIRASSE UM TEMPINHO PARA LER A  PETI\u00c7\u00c3O P\u00daBLICA, AO QUAL SEGUE ABAIXO O LINK. TAL DOCUMENTO REFERE-SE A <b id=\"yui_3_16_0_ym19_1_1460919104638_36374\"><u id=\"yui_3_16_0_ym19_1_1460919104638_36375\">UM ATO DE COVARDIA POR PARTE DA  VOLKSWAGEN DO BRASIL EM COAUTORIA DA ABOLI\u00c7\u00c3O VE\u00cdCULOS (GRUPO AB)<\/u><\/b>  CONTRA ESTE VELHO JORNALISTA. A REFERIDA CONCESSION\u00c1RIA EST\u00c1 ME LESANDO DESDE  FEVEREIRO DE 2013. MEU CARRO FOI BATIDO DENTRO DA OFICINA, FURTARAM ACESS\u00d3RIOS,  TEM PROBLEMAS CAUSADOS POR ELES, AL\u00c9M DE DEFEITOS DE FABRICA\u00c7\u00c3O. O CARRO 0 KM  COMPRADO POR MIM HOJE SE ENCONTRA NA OFICINA DA ABOLI\u00c7\u00c3O VE\u00cdCULOS (CENTRO DE  NITER\u00d3I) <b id=\"yui_3_16_0_ym19_1_1460919104638_36376\"><u id=\"yui_3_16_0_ym19_1_1460919104638_36377\">DESDE 10 DE JUNHO DE 2013<\/u><\/b>,  OU MELHOR, H\u00c1 <b id=\"yui_3_16_0_ym19_1_1460919104638_36378\"><u id=\"yui_3_16_0_ym19_1_1460919104638_36379\">34 MESES, OU SEJA, 2  ANOS E DEZ MESES.<\/u><\/b> <b id=\"yui_3_16_0_ym19_1_1460919104638_36380\"><u id=\"yui_3_16_0_ym19_1_1460919104638_36381\">TEM APENAS 729  KM RODADOS<\/u><\/b> PARA COMPROVAR O CALV\u00c1RIO TENHO DOCUMENTOS, GRAVA\u00c7\u00d5ES DE  AUDIO E V\u00cdDEO, MAIS DE 600 FOTOGRAFIAS E E-MAILS TROCADOS COM FUNCION\u00c1RIOS DO  BAIXO, M\u00c9DIO E ALTO ESCAL\u00c3O DA EMPRESA. POR FAVOR, ASSINEM O DOCUMENTO PARA QUE  OUTROS CONSUMIDORES N\u00c3O SEJAM LESADOS POR EMPRESAS DESTE N\u00cdVEL.&nbsp; <\/span><a href=\"https:\/\/secure.avaaz.org\/po\/petition\/Aos_Orgaos_de_Defesa_do_Consumidor_e_ao_Poder_Judiciario_JUSTICA_CONTRA_UMA_MARCA_E_SUA_REVENDERORA_QUE_DESCUMPREM_A_LEI\/?lJEcNfb&amp;pv=0\" id=\"yui_3_16_0_ym19_1_1460919104638_36382\"><span style=\"font-size:16.0pt;line-height:115%;font-family:&quot;Arial&quot;,sans-serif\" id=\"yui_3_16_0_ym19_1_1460919104638_36383\">https:\/\/secure.avaaz.org\/po\/petition\/Aos_Orgaos_de_Defesa_do_Consumidor_e_ao_Poder_Judiciario_JUSTICA_CONTRA_UMA_MARCA_E_SUA_REVENDERORA_QUE_DESCUMPREM_A_LEI\/?lJEcNfb&amp;pv=0<\/span><\/a><span style=\"font-size:16.0pt;line-height:115%;font-family:&quot;Arial&quot;,sans-serif\" id=\"yui_3_16_0_ym19_1_1460919104638_36384\"><o:p id=\"yui_3_16_0_ym19_1_1460919104638_36385\"><\/o:p><\/span><\/div>\n<div style=\"text-align:justify;tab-stops:111.0pt\" id=\"yui_3_16_0_ym19_1_1460919104638_36386\"><span style=\"font-size:16.0pt;line-height:115%;font-family:&quot;Arial&quot;,sans-serif\" id=\"yui_3_16_0_ym19_1_1460919104638_36387\"><o:p id=\"yui_3_16_0_ym19_1_1460919104638_36388\">&nbsp;<\/o:p><\/span><\/div>\n<div style=\"text-align:justify;tab-stops:111.0pt\" id=\"yui_3_16_0_ym19_1_1460919104638_36389\"><b id=\"yui_3_16_0_ym19_1_1460919104638_36390\"><span style=\"font-size:16.0pt;line-height:115%;font-family:&quot;Arial&quot;,sans-serif\" id=\"yui_3_16_0_ym19_1_1460919104638_36391\">&nbsp;&nbsp;&nbsp;&nbsp;&nbsp;&nbsp;&nbsp;&nbsp;&nbsp;&nbsp;&nbsp;&nbsp;&nbsp;&nbsp;&nbsp;&nbsp;&nbsp;&nbsp;&nbsp;&nbsp;&nbsp;&nbsp;&nbsp;&nbsp; &nbsp;&nbsp;&nbsp;&nbsp;&nbsp;&nbsp; <o:p id=\"yui_3_16_0_ym19_1_1460919104638_36392\"><\/o:p><\/span><\/b><\/div>\n<div id=\"yui_3_16_0_ym19_1_1460919104638_36212\">                                        <\/div>\n<div style=\"text-align:justify\" dir=\"ltr\" id=\"yui_3_16_0_ym19_1_1460919104638_36393\"><b id=\"yui_3_16_0_ym19_1_1460919104638_36394\"><span style=\"font-size:14.0pt;line-height:115%;font-family:&quot;Arial&quot;,sans-serif\" id=\"yui_3_16_0_ym19_1_1460919104638_36395\">AP\u00d3S  AS TODAS AS PARTIDAS DO VASC\u00c3O EM MEU PERFIL DO FACEBOOK (QUEM QUISER RECEBER  AS CR\u00d4NICAS DE PRIMEIRA M\u00c3O \u00c9 S\u00d3 ME ADICIONAR), E NOS SITES WEBVASCO  (<a href=\"http:\/\/www.webvasco.com\">www.webvasco.com<\/a>), E VASCA\u00cdNOS UNIDOS (<a href=\"http:\/\/www.vascainosunidos.com.br\">www.vascainosunidos.com.br<\/a>) TEM A  OPINI\u00c3O DO JORNALISTA LUIZ CARLOS ROCHA. LEIAM! COMPARTILHEM E CURTAM!  VASCA\u00cdNOS UNIDOS JAMAIS SER\u00c3O VENCIDOS.<o:p id=\"yui_3_16_0_ym19_1_1460919104638_36396\"><\/o:p><\/span><\/b><\/div>\n<div id=\"yui_3_16_0_ym19_1_1460919104638_36213\"><span><br \/><\/span><\/div>\n<div id=\"yui_3_16_0_ym19_1_1460919104638_36227\"><span><br \/><\/span><\/div>\n<div id=\"yui_3_16_0_ym19_1_1460919104638_36214\"><span><br \/><\/span><\/div>\n<div><\/div>\n<div id=\"yui_3_16_0_ym19_1_1460919104638_36226\">&nbsp;<\/div>\n<div class=\"signature\" id=\"yui_3_16_0_ym19_1_1460919104638_36146\">\n<div id=\"RTEContent\">\n<div id=\"yui_3_16_0_ym19_1_1460919104638_36145\">\n<div id=\"yui_3_16_0_ym19_1_1460919104638_36144\">\n<div id=\"yui_3_16_0_ym19_1_1460919104638_36143\">\n<div align=\"center\" id=\"yui_3_16_0_ym19_1_1460919104638_36154\"><\/div>\n<\/div>\n<\/div>\n<\/div>\n<\/div>\n<\/div>\n<\/div>\n<\/div>\n<p><\/p>\n","protected":false},"excerpt":{"rendered":"<p>Os 32.061 presentes, em Manaus foram testemunhas que: \u00c9 o destino ganhar das Meninas das&#8230;<\/p>\n","protected":false},"author":7,"featured_media":0,"comment_status":"open","ping_status":"closed","sticky":false,"template":"","format":"standard","meta":{"footnotes":""},"categories":[4],"tags":[],"class_list":["post-7823","post","type-post","status-publish","format-standard","hentry","category-luizcarlosrocha"],"_links":{"self":[{"href":"https:\/\/webvasco.com\/artigos\/wp-json\/wp\/v2\/posts\/7823","targetHints":{"allow":["GET"]}}],"collection":[{"href":"https:\/\/webvasco.com\/artigos\/wp-json\/wp\/v2\/posts"}],"about":[{"href":"https:\/\/webvasco.com\/artigos\/wp-json\/wp\/v2\/types\/post"}],"author":[{"embeddable":true,"href":"https:\/\/webvasco.com\/artigos\/wp-json\/wp\/v2\/users\/7"}],"replies":[{"embeddable":true,"href":"https:\/\/webvasco.com\/artigos\/wp-json\/wp\/v2\/comments?post=7823"}],"version-history":[{"count":0,"href":"https:\/\/webvasco.com\/artigos\/wp-json\/wp\/v2\/posts\/7823\/revisions"}],"wp:attachment":[{"href":"https:\/\/webvasco.com\/artigos\/wp-json\/wp\/v2\/media?parent=7823"}],"wp:term":[{"taxonomy":"category","embeddable":true,"href":"https:\/\/webvasco.com\/artigos\/wp-json\/wp\/v2\/categories?post=7823"},{"taxonomy":"post_tag","embeddable":true,"href":"https:\/\/webvasco.com\/artigos\/wp-json\/wp\/v2\/tags?post=7823"}],"curies":[{"name":"wp","href":"https:\/\/api.w.org\/{rel}","templated":true}]}}