{"id":7824,"date":"2016-04-25T01:03:43","date_gmt":"2016-04-25T04:03:43","guid":{"rendered":"http:\/\/webvasco.com\/artigos\/?p=7824"},"modified":"2016-04-27T21:08:55","modified_gmt":"2016-04-28T00:08:55","slug":"a-dois-passos-do-paraso-2","status":"publish","type":"post","link":"https:\/\/webvasco.com\/artigos\/colunistas\/luizcarlosrocha\/a-dois-passos-do-paraso-2\/","title":{"rendered":"A DOIS PASSOS DO PARA&Iacute;SO!"},"content":{"rendered":"<div>\n<div style=\"color:#000; background-color:#fff; font-family:HelveticaNeue-Light, Helvetica Neue Light, Helvetica Neue, Helvetica, Arial, Lucida Grande, sans-serif;font-size:32px\">\n<div style=\"text-align:justify;text-indent:35.4pt;tab-stops:111.0pt\" id=\"yui_3_16_0_ym19_1_1461723628364_18679\"><span style=\"font-size:12.0pt;line-height:115%;font-family:&quot;Arial&quot;,sans-serif\" id=\"yui_3_16_0_ym19_1_1461723628364_18680\">Invicto!  Eu j\u00e1 sabia! E agora Wallace, o que fazer com a bandeira? Quase l\u00e1. Poderiam  ser v\u00e1rios os t\u00edtulos desta cr\u00f4nica depois da vit\u00f3ria mai\u00fascula do Vasco da  Gama \u2013 jogava pelo empate \u2013 por 2 a 0, com gols de Andrezinho e Riascos, na  Arena da Amaz\u00f4nia, em Manaus, no confronto diante do Molambo. O resultado da  semifinal do Campeonato Carioca, garantiu a vaga do Gigante da Colina, com a  vantagem de empatar nos dias 01 e 08 de maio, no palco maior do futebol.<o:p id=\"yui_3_16_0_ym19_1_1461723628364_18681\"><\/o:p><\/span><\/div>\n<div style=\"text-align:justify;text-indent:35.4pt;tab-stops:111.0pt\" id=\"yui_3_16_0_ym19_1_1461723628364_18682\"><span style=\"font-size:12.0pt;line-height:115%;font-family:&quot;Arial&quot;,sans-serif\" id=\"yui_3_16_0_ym19_1_1461723628364_18683\">Na  temporada o Cruzmaltino somou 22 jogos sem saber o que \u00e9 perder. Nove deles  contra o maior rival, o Exclu\u00eddo! \u00c9 a terceira elimina\u00e7\u00e3o consecutiva (Carioca  de 2015, Copa do Brasil 2015 e agora Carioca 2016). Algu\u00e9m precisa avisar ao  Tadeu Schmidt, que o Vasc\u00e3o poder\u00e1 pedir m\u00fasica no Fant\u00e1stico (Revista  Eletr\u00f4nica da TV Globo). Certamente ser\u00e1: \u201cVou torcer para o Vasco ser campe\u00e3o,  S\u00e3o Janu\u00e1rio meu caldeir\u00e3o&#8230;\u201d<o:p id=\"yui_3_16_0_ym19_1_1461723628364_18684\"><\/o:p><\/span><\/div>\n<div style=\"text-align:justify;text-indent:35.4pt;tab-stops:111.0pt\" id=\"yui_3_16_0_ym19_1_1461723628364_18685\"><span style=\"font-size:12.0pt;line-height:115%;font-family:&quot;Arial&quot;,sans-serif\" id=\"yui_3_16_0_ym19_1_1461723628364_18686\">O que  o Povo do Gueto precisa aprender de uma vez por todas, \u00e9 que o bem sempre  ganhar\u00e1 do mal. Que o Vasco \u00e9 o tudo e Resto \u00e9 o nada! De nada adianta o  zagueiro Wallace fincar uma bandeira f\u00e9tida antes do jogo come\u00e7ar, se esta n\u00e3o  tem qualquer valor, tampouco respeito! Pobre atleta! <o:p id=\"yui_3_16_0_ym19_1_1461723628364_18687\"><\/o:p><\/span><\/div>\n<div style=\"text-align:justify;text-indent:35.4pt;tab-stops:111.0pt\" id=\"yui_3_16_0_ym19_1_1461723628364_18688\"><span style=\"font-size:12.0pt;line-height:115%;font-family:&quot;Arial&quot;,sans-serif\" id=\"yui_3_16_0_ym19_1_1461723628364_18689\">E por  citar o respeito, o drible do Riascos em cima do zagueiro esquerdo C\u00e9sar  Martins foi uma coisa fora do comum. Deu a C\u00e9sar o que \u00e9 de C\u00e9sar, ou seja, a  humilha\u00e7\u00e3o! Botou o defensor do mal para dan\u00e7ar. Nen\u00ea deu passe de calcanhar  para Andrezinho. Rodrigo foi um verdadeiro xerife dentro da \u00e1rea. O arqueiro  Martin Silva sempre seguro. O respeito jamais deixou o Mach\u00e3o da Gama. E ponto!<o:p id=\"yui_3_16_0_ym19_1_1461723628364_18690\"><\/o:p><\/span><\/div>\n<div style=\"text-align:justify;text-indent:35.4pt;tab-stops:111.0pt\" id=\"yui_3_16_0_ym19_1_1461723628364_18691\"><span style=\"font-size:12.0pt;line-height:115%;font-family:&quot;Arial&quot;,sans-serif\" id=\"yui_3_16_0_ym19_1_1461723628364_18692\">Antes  de se preparar para as finais do Campeonato Carioca (mais charmoso do Brasil),  que acontecer\u00e3o no Maracan\u00e3, dias 01 e 08 de maio (anivers\u00e1rio da minha m\u00e3e  botafoguense, mas quem ganhar\u00e1 o presente sou eu), a equipe de Jorginho  enfrentar\u00e1 o Remo, quarta-feira, a partir das 21h45m, pela Copa do Brasil, em  S\u00e3o Janu\u00e1rio.<o:p id=\"yui_3_16_0_ym19_1_1461723628364_18693\"><\/o:p><\/span><\/div>\n<div style=\"text-align:justify;text-indent:35.4pt;tab-stops:111.0pt\" id=\"yui_3_16_0_ym19_1_1461723628364_18694\"><b id=\"yui_3_16_0_ym19_1_1461723628364_18695\"><span style=\"font-size:12.0pt;line-height:115%;font-family:&quot;Arial&quot;,sans-serif\" id=\"yui_3_16_0_ym19_1_1461723628364_18696\">CRF: A nova sigla que dizer: CONTINUO  SENDO FREGU\u00caS!<o:p id=\"yui_3_16_0_ym19_1_1461723628364_18697\"><\/o:p><\/span><\/b><\/div>\n<div style=\"text-align:justify;text-indent:35.4pt;tab-stops:111.0pt\" id=\"yui_3_16_0_ym19_1_1461723628364_18698\"><b id=\"yui_3_16_0_ym19_1_1461723628364_18699\"><u id=\"yui_3_16_0_ym19_1_1461723628364_18700\"><span style=\"font-size:12.0pt;line-height:115%;font-family:&quot;Arial&quot;,sans-serif\" id=\"yui_3_16_0_ym19_1_1461723628364_18701\">\u00c1RBITRAGEM<\/span><\/u><\/b><span style=\"font-size:12.0pt;line-height:115%;font-family:&quot;Arial&quot;,sans-serif\" id=\"yui_3_16_0_ym19_1_1461723628364_18702\">: Luan  ao recuar uma bola para o goleiro Martin Silva tomou um cart\u00e3o amarelo do  \u00e1rbitro Leonardo Garcia Cavaleiro. E de quebra o referido moderador ainda  marcou uma falta t\u00e9cnica em favor do time da G\u00e1vea, em dois lances. Tal ato  poderia ter prejudicado a equipe de S\u00e3o Janu\u00e1rio. O zagueiro vasca\u00edno em  momento nenhum menosprezou o advers\u00e1rio \u2013 at\u00e9 porque o fregu\u00eas tem sempre raz\u00e3o  \u2013 apenas a regra \u00e9 clara. Fosse recuada a bola com o p\u00e9, o arqueiro n\u00e3o poderia  colocar as m\u00e3os. A partir da\u00ed, inteligentemente, o Camisa 3, resolveu levantar  a bola com o p\u00e9 e cabecear para o goleiro, para que este pudesse abra\u00e7ar a bola  de forma mais segura. Conclus\u00e3o do lance: Leonardo Garcia Cavaleiro queria  aparecer e n\u00e3o apitar uma partida de futebol. Por isso que \u00e1rbitro jamais pode  usar a nomenclatura de juiz. Juiz s\u00f3 de direito! <o:p id=\"yui_3_16_0_ym19_1_1461723628364_18703\"><\/o:p><\/span><\/div>\n<div style=\"text-align:justify;text-indent:35.4pt;tab-stops:111.0pt\" id=\"yui_3_16_0_ym19_1_1461723628364_18704\"><span style=\"font-size:12.0pt;line-height:115%;font-family:&quot;Arial&quot;,sans-serif\" id=\"yui_3_16_0_ym19_1_1461723628364_18705\"><o:p id=\"yui_3_16_0_ym19_1_1461723628364_18706\">&nbsp;<\/o:p><\/span><\/div>\n<div style=\"text-align:justify;text-indent:35.4pt;tab-stops:111.0pt\" id=\"yui_3_16_0_ym19_1_1461723628364_18707\"><span style=\"font-size:12.0pt;line-height:115%;font-family:&quot;Arial&quot;,sans-serif\" id=\"yui_3_16_0_ym19_1_1461723628364_18708\"><o:p id=\"yui_3_16_0_ym19_1_1461723628364_18709\">&nbsp;<\/o:p><\/span><\/div>\n<div style=\"text-align:justify;text-indent:35.4pt;tab-stops:111.0pt\" id=\"yui_3_16_0_ym19_1_1461723628364_18710\"><b id=\"yui_3_16_0_ym19_1_1461723628364_18711\"><u id=\"yui_3_16_0_ym19_1_1461723628364_18712\"><span style=\"font-size:20.0pt;line-height:115%;font-family:&quot;Arial&quot;,sans-serif\" id=\"yui_3_16_0_ym19_1_1461723628364_18713\">DIVULGUEM ESSA COVARDIA:<\/span><\/u><\/b><span style=\"font-size:16.0pt;line-height:115%;font-family:&quot;Arial&quot;,sans-serif\" id=\"yui_3_16_0_ym19_1_1461723628364_18714\"> GOSTARIA  DE PEDIR A TODOS OS MEUS AMIGOS E LEITORES QUE TIRASSE UM TEMPINHO PARA LER A  PETI\u00c7\u00c3O P\u00daBLICA, AO QUAL SEGUE ABAIXO O LINK. TAL DOCUMENTO REFERE-SE A <b id=\"yui_3_16_0_ym19_1_1461723628364_18715\"><u id=\"yui_3_16_0_ym19_1_1461723628364_18716\">UM ATO DE COVARDIA POR PARTE DA  VOLKSWAGEN DO BRASIL EM COAUTORIA DA ABOLI\u00c7\u00c3O VE\u00cdCULOS (GRUPO AB)<\/u><\/b>  CONTRA ESTE VELHO JORNALISTA. A REFERIDA CONCESSION\u00c1RIA EST\u00c1 ME LESANDO DESDE  FEVEREIRO DE 2013. MEU CARRO FOI BATIDO DENTRO DA OFICINA, FURTARAM ACESS\u00d3RIOS,  TEM PROBLEMAS CAUSADOS POR ELES, AL\u00c9M DE DEFEITOS DE FABRICA\u00c7\u00c3O. O CARRO 0 KM  COMPRADO POR MIM HOJE SE ENCONTRA NA OFICINA DA ABOLI\u00c7\u00c3O VE\u00cdCULOS (CENTRO DE  NITER\u00d3I) <b id=\"yui_3_16_0_ym19_1_1461723628364_18717\"><u id=\"yui_3_16_0_ym19_1_1461723628364_18718\">DESDE 10 DE JUNHO DE 2013<\/u><\/b>,  OU MELHOR, H\u00c1 <b id=\"yui_3_16_0_ym19_1_1461723628364_18719\"><u id=\"yui_3_16_0_ym19_1_1461723628364_18720\">34 MESES, OU SEJA, 2  ANOS E DEZ MESES.<\/u><\/b> <b id=\"yui_3_16_0_ym19_1_1461723628364_18721\"><u id=\"yui_3_16_0_ym19_1_1461723628364_18722\">TEM APENAS 729  KM RODADOS<\/u><\/b> PARA COMPROVAR O CALV\u00c1RIO TENHO DOCUMENTOS, GRAVA\u00c7\u00d5ES DE  AUDIO E V\u00cdDEO, MAIS DE 600 FOTOGRAFIAS E E-MAILS TROCADOS COM FUNCION\u00c1RIOS DO  BAIXO, M\u00c9DIO E ALTO ESCAL\u00c3O DA EMPRESA. POR FAVOR, ASSINEM O DOCUMENTO PARA QUE  OUTROS CONSUMIDORES N\u00c3O SEJAM LESADOS POR EMPRESAS DESTE N\u00cdVEL.&nbsp; <\/span><a href=\"https:\/\/secure.avaaz.org\/po\/petition\/Aos_Orgaos_de_Defesa_do_Consumidor_e_ao_Poder_Judiciario_JUSTICA_CONTRA_UMA_MARCA_E_SUA_REVENDERORA_QUE_DESCUMPREM_A_LEI\/?lJEcNfb&amp;pv=0\" id=\"yui_3_16_0_ym19_1_1461723628364_18723\"><span style=\"font-size:16.0pt;line-height:115%;font-family:&quot;Arial&quot;,sans-serif\" id=\"yui_3_16_0_ym19_1_1461723628364_18724\">https:\/\/secure.avaaz.org\/po\/petition\/Aos_Orgaos_de_Defesa_do_Consumidor_e_ao_Poder_Judiciario_JUSTICA_CONTRA_UMA_MARCA_E_SUA_REVENDERORA_QUE_DESCUMPREM_A_LEI\/?lJEcNfb&amp;pv=0<\/span><\/a><span style=\"font-size:16.0pt;line-height:115%;font-family:&quot;Arial&quot;,sans-serif\" id=\"yui_3_16_0_ym19_1_1461723628364_18725\"><o:p id=\"yui_3_16_0_ym19_1_1461723628364_18726\"><\/o:p><\/span><\/div>\n<div style=\"text-align:justify;tab-stops:111.0pt\" id=\"yui_3_16_0_ym19_1_1461723628364_18727\"><span style=\"font-size:16.0pt;line-height:115%;font-family:&quot;Arial&quot;,sans-serif\" id=\"yui_3_16_0_ym19_1_1461723628364_18728\"><o:p id=\"yui_3_16_0_ym19_1_1461723628364_18729\">&nbsp;<\/o:p><\/span><\/div>\n<div style=\"text-align:justify;tab-stops:111.0pt\" id=\"yui_3_16_0_ym19_1_1461723628364_18730\"><b id=\"yui_3_16_0_ym19_1_1461723628364_18731\"><span style=\"font-size:16.0pt;line-height:115%;font-family:&quot;Arial&quot;,sans-serif\" id=\"yui_3_16_0_ym19_1_1461723628364_18732\">&nbsp;&nbsp;&nbsp;&nbsp;&nbsp;&nbsp;&nbsp;&nbsp;&nbsp;&nbsp;&nbsp;&nbsp;&nbsp;&nbsp;&nbsp;&nbsp;&nbsp;&nbsp;&nbsp;&nbsp;&nbsp;&nbsp;&nbsp;&nbsp; &nbsp;&nbsp;&nbsp;&nbsp;&nbsp;&nbsp; <o:p id=\"yui_3_16_0_ym19_1_1461723628364_18733\"><\/o:p><\/span><\/b><\/div>\n<div id=\"yui_3_16_0_ym19_1_1461723628364_18445\">                                                <\/div>\n<div style=\"text-align:justify\" dir=\"ltr\" id=\"yui_3_16_0_ym19_1_1461723628364_18734\"><b id=\"yui_3_16_0_ym19_1_1461723628364_18735\"><span style=\"font-size:14.0pt;line-height:115%;font-family:&quot;Arial&quot;,sans-serif\" id=\"yui_3_16_0_ym19_1_1461723628364_18736\">AP\u00d3S  AS TODAS AS PARTIDAS DO VASC\u00c3O EM MEU PERFIL DO FACEBOOK (QUEM QUISER RECEBER  AS CR\u00d4NICAS DE PRIMEIRA M\u00c3O \u00c9 S\u00d3 ME ADICIONAR), E NOS SITES WEBVASCO  (<a href=\"http:\/\/www.webvasco.com\">www.webvasco.com<\/a>), E VASCA\u00cdNOS UNIDOS (<a href=\"http:\/\/www.vascainosunidos.com.br\">www.vascainosunidos.com.br<\/a>) TEM A  OPINI\u00c3O DO JORNALISTA LUIZ CARLOS ROCHA. LEIAM! COMPARTILHEM E CURTAM!  VASCA\u00cdNOS UNIDOS JAMAIS SER\u00c3O VENCIDOS.<o:p id=\"yui_3_16_0_ym19_1_1461723628364_18737\"><\/o:p><\/span><\/b><\/div>\n<div id=\"yui_3_16_0_ym19_1_1461723628364_18445\"><span><br \/><\/span><\/div>\n<div id=\"yui_3_16_0_ym19_1_1461723628364_18445\"><span><br \/><\/span><\/div>\n<div id=\"yui_3_16_0_ym19_1_1461723628364_18445\"><span><br \/><\/span><\/div>\n<div><\/div>\n<div id=\"yui_3_16_0_ym19_1_1461723628364_18446\">&nbsp;<\/div>\n<div class=\"signature\" id=\"yui_3_16_0_ym19_1_1461723628364_18455\">\n<div id=\"RTEContent\">\n<div id=\"yui_3_16_0_ym19_1_1461723628364_18454\">\n<div id=\"yui_3_16_0_ym19_1_1461723628364_18453\">\n<div id=\"yui_3_16_0_ym19_1_1461723628364_18452\">\n<div align=\"center\" id=\"yui_3_16_0_ym19_1_1461723628364_18482\"><\/div>\n<\/div>\n<\/div>\n<\/div>\n<\/div>\n<\/div>\n<\/div>\n<\/div>\n<p><\/p>\n","protected":false},"excerpt":{"rendered":"<p>Invicto! Eu j\u00e1 sabia! E agora Wallace, o que fazer com a bandeira? Quase l\u00e1&#8230;.<\/p>\n","protected":false},"author":7,"featured_media":0,"comment_status":"open","ping_status":"closed","sticky":false,"template":"","format":"standard","meta":{"footnotes":""},"categories":[4],"tags":[],"class_list":["post-7824","post","type-post","status-publish","format-standard","hentry","category-luizcarlosrocha"],"_links":{"self":[{"href":"https:\/\/webvasco.com\/artigos\/wp-json\/wp\/v2\/posts\/7824","targetHints":{"allow":["GET"]}}],"collection":[{"href":"https:\/\/webvasco.com\/artigos\/wp-json\/wp\/v2\/posts"}],"about":[{"href":"https:\/\/webvasco.com\/artigos\/wp-json\/wp\/v2\/types\/post"}],"author":[{"embeddable":true,"href":"https:\/\/webvasco.com\/artigos\/wp-json\/wp\/v2\/users\/7"}],"replies":[{"embeddable":true,"href":"https:\/\/webvasco.com\/artigos\/wp-json\/wp\/v2\/comments?post=7824"}],"version-history":[{"count":1,"href":"https:\/\/webvasco.com\/artigos\/wp-json\/wp\/v2\/posts\/7824\/revisions"}],"predecessor-version":[{"id":7826,"href":"https:\/\/webvasco.com\/artigos\/wp-json\/wp\/v2\/posts\/7824\/revisions\/7826"}],"wp:attachment":[{"href":"https:\/\/webvasco.com\/artigos\/wp-json\/wp\/v2\/media?parent=7824"}],"wp:term":[{"taxonomy":"category","embeddable":true,"href":"https:\/\/webvasco.com\/artigos\/wp-json\/wp\/v2\/categories?post=7824"},{"taxonomy":"post_tag","embeddable":true,"href":"https:\/\/webvasco.com\/artigos\/wp-json\/wp\/v2\/tags?post=7824"}],"curies":[{"name":"wp","href":"https:\/\/api.w.org\/{rel}","templated":true}]}}