{"id":7827,"date":"2016-04-28T14:41:45","date_gmt":"2016-04-28T17:41:45","guid":{"rendered":"http:\/\/webvasco.com\/artigos\/?p=7827"},"modified":"2016-04-28T15:11:39","modified_gmt":"2016-04-28T18:11:39","slug":"sem-se-esforar","status":"publish","type":"post","link":"https:\/\/webvasco.com\/artigos\/colunistas\/luizcarlosrocha\/sem-se-esforar\/","title":{"rendered":"SEM SE ESFOR&Ccedil;AR!"},"content":{"rendered":"<div>\n<div style=\"color:#000; background-color:#fff; font-family:HelveticaNeue-Light, Helvetica Neue Light, Helvetica Neue, Helvetica, Arial, Lucida Grande, sans-serif;font-size:32px\">\n<div style=\"text-align:justify;text-indent:35.4pt;tab-stops:111.0pt\" id=\"yui_3_16_0_ym19_1_1461723628364_137653\"><span style=\"font-size:12.0pt;line-height:115%;font-family:&quot;Arial&quot;,sans-serif\" id=\"yui_3_16_0_ym19_1_1461723628364_137654\">Ao  bater o Remo\/PA, por 2 a 1, com gols de Caio Monteiro e Rafael Vaz, com Max  descontando, em S\u00e3o Janu\u00e1rio, ontem, o Vasco da Gama avan\u00e7ou para a Segunda Fase  da Copa do Brasil. O pr\u00f3ximo advers\u00e1rio ser\u00e1 o Clube de Regatas Brasil, de  Alagoas. Por\u00e9m, antes deste compromisso o foco ser\u00e1 nas partidas finais do Carioc\u00e3o  2016.<o:p id=\"yui_3_16_0_ym19_1_1461723628364_137655\"><\/o:p><\/span><\/div>\n<div style=\"text-align:justify;text-indent:35.4pt;tab-stops:111.0pt\" id=\"yui_3_16_0_ym19_1_1461723628364_137656\"><span style=\"font-size:12.0pt;line-height:115%;font-family:&quot;Arial&quot;,sans-serif\" id=\"yui_3_16_0_ym19_1_1461723628364_137657\">Quanto  ao jogo de ontem, n\u00e3o houve qualquer dificuldade de passar pelo advers\u00e1rio.  Tanto que o treinador Jorginho poupou seis titulares visando a primeira partida  da Final\u00edssima do Campeonato Carioca, que acontecer\u00e1 neste domingo, 1\u00ba de maio  (dia do trabalhador, ent\u00e3o vamos mostrar trabalho rapaziada vasca\u00edna), no Palco  Maior do Cen\u00e1rio Futebol\u00edstico. Nen\u00ea e Cia. ter\u00e3o a vantagem de empatar os dois  embates para que o Trof\u00e9u da FERJ fique na Colina Hist\u00f3rica.<o:p id=\"yui_3_16_0_ym19_1_1461723628364_137658\"><\/o:p><\/span><\/div>\n<div style=\"text-align:justify;text-indent:35.4pt;tab-stops:111.0pt\" id=\"yui_3_16_0_ym19_1_1461723628364_137659\"><b id=\"yui_3_16_0_ym19_1_1461723628364_137660\"><u id=\"yui_3_16_0_ym19_1_1461723628364_137661\"><span style=\"font-size:12.0pt;line-height:115%;font-family:&quot;Arial&quot;,sans-serif\" id=\"yui_3_16_0_ym19_1_1461723628364_137662\">RAFAEL VAZ:<\/span><\/u><\/b><span style=\"font-size:12.0pt;line-height:115%;font-family:&quot;Arial&quot;,sans-serif\" id=\"yui_3_16_0_ym19_1_1461723628364_137663\"> Mesmo  tendo feito o segundo gol da partida ontem, o zagueiro foi inseguro em sua fun\u00e7\u00e3o  durante todo o tempo que permaneceu em campo. \u00c9 n\u00edtido que n\u00e3o pode ser nem  reserva no Vasco, que dir\u00e1 titular, mesmo que em uma partida \u201cpraticamente  ganha\u201d. O empres\u00e1rio deste rapaz deve ser muito influente. Uma esp\u00e9cie de  empres\u00e1rio-padrinho!<o:p id=\"yui_3_16_0_ym19_1_1461723628364_137664\"><\/o:p><\/span><\/div>\n<div style=\"text-align:justify;text-indent:35.4pt;tab-stops:111.0pt\" id=\"yui_3_16_0_ym19_1_1461723628364_137665\"><b id=\"yui_3_16_0_ym19_1_1461723628364_137666\"><u id=\"yui_3_16_0_ym19_1_1461723628364_137667\"><span style=\"font-size:12.0pt;line-height:115%;font-family:&quot;Arial&quot;,sans-serif\" id=\"yui_3_16_0_ym19_1_1461723628364_137668\">EVANDER:<\/span><\/u><\/b><span style=\"font-size:12.0pt;line-height:115%;font-family:&quot;Arial&quot;,sans-serif\" id=\"yui_3_16_0_ym19_1_1461723628364_137669\"> O  meia-atacante Evander, que estreou oficialmente ontem (pois havia atuado apenas  seis minutos em duas partidas, e isso n\u00e3o conta), na equipe titular mostrou que  poder\u00e1 ser um trunfo vasca\u00edno se bem aproveitado. Goleador, j\u00e1 soma no  curr\u00edculo 113 gols divididos entre o Cruzmaltino e a Sele\u00e7\u00e3o Brasileira (de  base). O garoto tem apenas 17 anos, mas foi imbat\u00edvel como seu xar\u00e1 o Boxeador  Evander Holyfield. Levantou as arquibancadas em alguns momentos, e fez a Imensa  Torcida Bem (agora muito mais) Feliz aplaudi-lo. Sucesso para voc\u00ea matador!<o:p id=\"yui_3_16_0_ym19_1_1461723628364_137670\"><\/o:p><\/span><\/div>\n<div style=\"text-align:justify;text-indent:35.4pt;tab-stops:111.0pt\" id=\"yui_3_16_0_ym19_1_1461723628364_137671\"><span style=\"font-size:12.0pt;line-height:115%;font-family:&quot;Arial&quot;,sans-serif\" id=\"yui_3_16_0_ym19_1_1461723628364_137672\"><o:p id=\"yui_3_16_0_ym19_1_1461723628364_137673\">&nbsp;<\/o:p><\/span><\/div>\n<div style=\"text-align:justify;text-indent:35.4pt;tab-stops:111.0pt\" id=\"yui_3_16_0_ym19_1_1461723628364_137674\"><b id=\"yui_3_16_0_ym19_1_1461723628364_137675\"><u id=\"yui_3_16_0_ym19_1_1461723628364_137676\"><span style=\"font-size:20.0pt;line-height:115%;font-family:&quot;Arial&quot;,sans-serif\" id=\"yui_3_16_0_ym19_1_1461723628364_137677\">DIVULGUEM ESSA COVARDIA:<\/span><\/u><\/b><span style=\"font-size:16.0pt;line-height:115%;font-family:&quot;Arial&quot;,sans-serif\" id=\"yui_3_16_0_ym19_1_1461723628364_137678\"> GOSTARIA  DE PEDIR A TODOS OS MEUS AMIGOS E LEITORES QUE TIRASSE UM TEMPINHO PARA LER A  PETI\u00c7\u00c3O P\u00daBLICA, AO QUAL SEGUE ABAIXO O LINK. TAL DOCUMENTO REFERE-SE A <b id=\"yui_3_16_0_ym19_1_1461723628364_137679\"><u id=\"yui_3_16_0_ym19_1_1461723628364_137680\">UM ATO DE COVARDIA POR PARTE DA  VOLKSWAGEN DO BRASIL EM COAUTORIA DA ABOLI\u00c7\u00c3O VE\u00cdCULOS (GRUPO AB)<\/u><\/b>  CONTRA ESTE VELHO JORNALISTA. A REFERIDA CONCESSION\u00c1RIA EST\u00c1 ME LESANDO DESDE  FEVEREIRO DE 2013. MEU CARRO FOI BATIDO DENTRO DA OFICINA, FURTARAM ACESS\u00d3RIOS,  TEM PROBLEMAS CAUSADOS POR ELES, AL\u00c9M DE DEFEITOS DE FABRICA\u00c7\u00c3O. O CARRO 0 KM  COMPRADO POR MIM HOJE SE ENCONTRA NA OFICINA DA ABOLI\u00c7\u00c3O VE\u00cdCULOS (CENTRO DE  NITER\u00d3I) <b id=\"yui_3_16_0_ym19_1_1461723628364_137681\"><u id=\"yui_3_16_0_ym19_1_1461723628364_137682\">DESDE 10 DE JUNHO DE 2013<\/u><\/b>,  OU MELHOR, H\u00c1 <b id=\"yui_3_16_0_ym19_1_1461723628364_137683\"><u id=\"yui_3_16_0_ym19_1_1461723628364_137684\">34 MESES, OU SEJA, 2  ANOS E DEZ MESES.<\/u><\/b> <b id=\"yui_3_16_0_ym19_1_1461723628364_137685\"><u id=\"yui_3_16_0_ym19_1_1461723628364_137686\">TEM APENAS 729  KM RODADOS<\/u><\/b> PARA COMPROVAR O CALV\u00c1RIO TENHO DOCUMENTOS, GRAVA\u00c7\u00d5ES DE  AUDIO E V\u00cdDEO, MAIS DE 600 FOTOGRAFIAS E E-MAILS TROCADOS COM FUNCION\u00c1RIOS DO  BAIXO, M\u00c9DIO E ALTO ESCAL\u00c3O DA EMPRESA. POR FAVOR, ASSINEM O DOCUMENTO PARA QUE  OUTROS CONSUMIDORES N\u00c3O SEJAM LESADOS POR EMPRESAS DESTE N\u00cdVEL.&nbsp; <\/span><a href=\"https:\/\/secure.avaaz.org\/po\/petition\/Aos_Orgaos_de_Defesa_do_Consumidor_e_ao_Poder_Judiciario_JUSTICA_CONTRA_UMA_MARCA_E_SUA_REVENDERORA_QUE_DESCUMPREM_A_LEI\/?lJEcNfb&amp;pv=0\" id=\"yui_3_16_0_ym19_1_1461723628364_137687\"><span style=\"font-size:16.0pt;line-height:115%;font-family:&quot;Arial&quot;,sans-serif\" id=\"yui_3_16_0_ym19_1_1461723628364_137688\">https:\/\/secure.avaaz.org\/po\/petition\/Aos_Orgaos_de_Defesa_do_Consumidor_e_ao_Poder_Judiciario_JUSTICA_CONTRA_UMA_MARCA_E_SUA_REVENDERORA_QUE_DESCUMPREM_A_LEI\/?lJEcNfb&amp;pv=0<\/span><\/a><span style=\"font-size:16.0pt;line-height:115%;font-family:&quot;Arial&quot;,sans-serif\" id=\"yui_3_16_0_ym19_1_1461723628364_137689\"><o:p id=\"yui_3_16_0_ym19_1_1461723628364_137690\"><\/o:p><\/span><\/div>\n<div style=\"text-align:justify;tab-stops:111.0pt\" id=\"yui_3_16_0_ym19_1_1461723628364_137691\"><span style=\"font-size:16.0pt;line-height:115%;font-family:&quot;Arial&quot;,sans-serif\" id=\"yui_3_16_0_ym19_1_1461723628364_137692\"><o:p id=\"yui_3_16_0_ym19_1_1461723628364_137693\">&nbsp;<\/o:p><\/span><\/div>\n<div style=\"text-align:justify;tab-stops:111.0pt\" id=\"yui_3_16_0_ym19_1_1461723628364_137694\"><b id=\"yui_3_16_0_ym19_1_1461723628364_137695\"><span style=\"font-size:16.0pt;line-height:115%;font-family:&quot;Arial&quot;,sans-serif\" id=\"yui_3_16_0_ym19_1_1461723628364_137696\">&nbsp;&nbsp;&nbsp;&nbsp;&nbsp;&nbsp;&nbsp;&nbsp;&nbsp;&nbsp;&nbsp;&nbsp;&nbsp;&nbsp;&nbsp;&nbsp;&nbsp;&nbsp;&nbsp;&nbsp;&nbsp;&nbsp;&nbsp;&nbsp; &nbsp;&nbsp;&nbsp;&nbsp;&nbsp;&nbsp; <o:p id=\"yui_3_16_0_ym19_1_1461723628364_137697\"><\/o:p><\/span><\/b><\/div>\n<div id=\"yui_3_16_0_ym19_1_1461723628364_137451\">                                <\/div>\n<div style=\"text-align:justify\" dir=\"ltr\" id=\"yui_3_16_0_ym19_1_1461723628364_137698\"><b id=\"yui_3_16_0_ym19_1_1461723628364_137699\"><span style=\"font-size:14.0pt;line-height:115%;font-family:&quot;Arial&quot;,sans-serif\" id=\"yui_3_16_0_ym19_1_1461723628364_137700\">AP\u00d3S  AS TODAS AS PARTIDAS DO VASC\u00c3O EM MEU PERFIL DO FACEBOOK (QUEM QUISER RECEBER  AS CR\u00d4NICAS DE PRIMEIRA M\u00c3O \u00c9 S\u00d3 ME ADICIONAR), E NOS SITES WEBVASCO  (<a href=\"http:\/\/www.webvasco.com\">www.webvasco.com<\/a>), E VASCA\u00cdNOS UNIDOS (<a href=\"http:\/\/www.vascainosunidos.com.br\">www.vascainosunidos.com.br<\/a>) TEM A  OPINI\u00c3O DO JORNALISTA LUIZ CARLOS ROCHA. LEIAM! COMPARTILHEM E CURTAM!  VASCA\u00cdNOS UNIDOS JAMAIS SER\u00c3O VENCIDOS.<o:p id=\"yui_3_16_0_ym19_1_1461723628364_137701\"><\/o:p><\/span><\/b><\/div>\n<div id=\"yui_3_16_0_ym19_1_1461723628364_137451\"><span><br \/><\/span><\/div>\n<div id=\"yui_3_16_0_ym19_1_1461723628364_137451\"><span><br \/><\/span><\/div>\n<div><\/div>\n<div id=\"yui_3_16_0_ym19_1_1461723628364_137454\">&nbsp;<\/div>\n<div class=\"signature\" id=\"yui_3_16_0_ym19_1_1461723628364_137459\">\n<div id=\"RTEContent\">\n<div id=\"yui_3_16_0_ym19_1_1461723628364_137458\">\n<div id=\"yui_3_16_0_ym19_1_1461723628364_137457\">\n<div id=\"yui_3_16_0_ym19_1_1461723628364_137456\">\n<div align=\"center\" id=\"yui_3_16_0_ym19_1_1461723628364_137455\"><\/div>\n<\/div>\n<\/div>\n<\/div>\n<\/div>\n<\/div>\n<\/div>\n<\/div>\n<p><\/p>\n","protected":false},"excerpt":{"rendered":"<p>Ao bater o Remo\/PA, por 2 a 1, com gols de Caio Monteiro e Rafael&#8230;<\/p>\n","protected":false},"author":7,"featured_media":0,"comment_status":"open","ping_status":"closed","sticky":false,"template":"","format":"standard","meta":{"footnotes":""},"categories":[4],"tags":[],"class_list":["post-7827","post","type-post","status-publish","format-standard","hentry","category-luizcarlosrocha"],"_links":{"self":[{"href":"https:\/\/webvasco.com\/artigos\/wp-json\/wp\/v2\/posts\/7827","targetHints":{"allow":["GET"]}}],"collection":[{"href":"https:\/\/webvasco.com\/artigos\/wp-json\/wp\/v2\/posts"}],"about":[{"href":"https:\/\/webvasco.com\/artigos\/wp-json\/wp\/v2\/types\/post"}],"author":[{"embeddable":true,"href":"https:\/\/webvasco.com\/artigos\/wp-json\/wp\/v2\/users\/7"}],"replies":[{"embeddable":true,"href":"https:\/\/webvasco.com\/artigos\/wp-json\/wp\/v2\/comments?post=7827"}],"version-history":[{"count":0,"href":"https:\/\/webvasco.com\/artigos\/wp-json\/wp\/v2\/posts\/7827\/revisions"}],"wp:attachment":[{"href":"https:\/\/webvasco.com\/artigos\/wp-json\/wp\/v2\/media?parent=7827"}],"wp:term":[{"taxonomy":"category","embeddable":true,"href":"https:\/\/webvasco.com\/artigos\/wp-json\/wp\/v2\/categories?post=7827"},{"taxonomy":"post_tag","embeddable":true,"href":"https:\/\/webvasco.com\/artigos\/wp-json\/wp\/v2\/tags?post=7827"}],"curies":[{"name":"wp","href":"https:\/\/api.w.org\/{rel}","templated":true}]}}