{"id":7828,"date":"2016-05-01T23:26:47","date_gmt":"2016-05-02T02:26:47","guid":{"rendered":"http:\/\/webvasco.com\/artigos\/?p=7828"},"modified":"2016-05-01T23:37:50","modified_gmt":"2016-05-02T02:37:50","slug":"com-um-p-na-taa","status":"publish","type":"post","link":"https:\/\/webvasco.com\/artigos\/colunistas\/luizcarlosrocha\/com-um-p-na-taa\/","title":{"rendered":"COM UM P&Eacute; NA TA&Ccedil;A!"},"content":{"rendered":"<div>\n<div style=\"color:#000; background-color:#fff; font-family:HelveticaNeue-Light, Helvetica Neue Light, Helvetica Neue, Helvetica, Arial, Lucida Grande, sans-serif;font-size:32px\">\n<div style=\"text-align:justify;text-indent:35.4pt;tab-stops:111.0pt\" id=\"yui_3_16_0_ym19_1_1462155889725_4432\"><span style=\"font-size:12.0pt;line-height:115%;font-family:&quot;Arial&quot;,sans-serif\" id=\"yui_3_16_0_ym19_1_1462155889725_4433\">A tarde  de 1\u00ba de maio de 2016 (dia do trabalhador), marcou e muito os &nbsp;43.822 presentes (37.207 pagantes), no  Maracan\u00e3, pois eles viram os motivos pelo qual o Vasco da Gama ser\u00e1 campe\u00e3o  (bi), no pr\u00f3ximo domingo, dia 08, no mesmo local, aonde ser\u00e1 realizada a  final\u00edssima do Campeonato Carioca. Afinal, s\u00e3o 24 partidas de invencibilidade  vasca\u00edna. N\u00e3o importa que o Manequinho atuou melhor, pois o gol do atacante  Jorge Henrique, teve mais valor e deixou a situa\u00e7\u00e3o mais tranquila e favor\u00e1vel  para n\u00f3s. Afinal, o 1 a 0 diante do Botafogo fez a diferen\u00e7a.<o:p id=\"yui_3_16_0_ym19_1_1462155889725_4434\"><\/o:p><\/span><\/div>\n<div style=\"text-align:justify;text-indent:35.4pt;tab-stops:111.0pt\" id=\"yui_3_16_0_ym19_1_1462155889725_4435\"><span style=\"font-size:12.0pt;line-height:115%;font-family:&quot;Arial&quot;,sans-serif\" id=\"yui_3_16_0_ym19_1_1462155889725_4436\">O  Cruzmaltino jogava pelo empate, por ter tido melhor campanha durante a fase  anterior da competi\u00e7\u00e3o, tendo sido superior em pontos ganhos na tabela de  classifica\u00e7\u00e3o da competi\u00e7\u00e3o supracitada. Mas os pupilos do treinador Jorginho  ignoraram a vantagem e no momento em que o advers\u00e1rio pressionava, o Camisa 11  guardou a redonda, abrindo e definindo o placar. Praticamente colocando a  equipe de S\u00e3o Janu\u00e1rio com a m\u00e3o na ta\u00e7a, neste caso o p\u00e9. <o:p id=\"yui_3_16_0_ym19_1_1462155889725_4437\"><\/o:p><\/span><\/div>\n<div style=\"text-align:justify;text-indent:35.4pt;tab-stops:111.0pt\" id=\"yui_3_16_0_ym19_1_1462155889725_4438\"><span style=\"font-size:12.0pt;line-height:115%;font-family:&quot;Arial&quot;,sans-serif\" id=\"yui_3_16_0_ym19_1_1462155889725_4439\">Para o  pr\u00f3ximo confronto a situa\u00e7\u00e3o \u00e9 a seguinte: O empate \u00e9 do Vasc\u00e3o. Se a  Cachorrada vencer por apenas um gol de diferen\u00e7a, n\u00e3o importando o placar a  decis\u00e3o ser\u00e1 decidida nos p\u00eanaltis. Mas se por acaso o Alvinegro vencer por  dois gols ou mais de diferen\u00e7a ser\u00e1 automaticamente o Campe\u00e3o Carioca de 2016.<o:p id=\"yui_3_16_0_ym19_1_1462155889725_4440\"><\/o:p><\/span><\/div>\n<div style=\"text-align:justify;text-indent:35.4pt;tab-stops:111.0pt\" id=\"yui_3_16_0_ym19_1_1462155889725_4441\"><span style=\"font-size:12.0pt;line-height:115%;font-family:&quot;Arial&quot;,sans-serif\" id=\"yui_3_16_0_ym19_1_1462155889725_4442\">O  Gigante da Colina visa a conquista do campeonato, mas tamb\u00e9m defende a fase  invicta. Porque n\u00e3o os dois juntos? O feito aconteceu pela \u00faltima vez em 1992.  Naquela ocasi\u00e3o o ex-presidente Carlos Roberto Bombinha de Oliveira ainda era  jogador. Conhecido por seu talento como atleta (como gestor foi uma nega\u00e7\u00e3o)  como Roberto Dinamite. <o:p id=\"yui_3_16_0_ym19_1_1462155889725_4443\"><\/o:p><\/span><\/div>\n<div style=\"text-align:justify;text-indent:35.4pt;tab-stops:111.0pt\" id=\"yui_3_16_0_ym19_1_1462155889725_4444\"><span style=\"font-size:12.0pt;line-height:115%;font-family:&quot;Arial&quot;,sans-serif\" id=\"yui_3_16_0_ym19_1_1462155889725_4445\">Agora  \u00e9 se preparar para domingo levar mais um para a linda Sala de Trof\u00e9us de S\u00e3o  Janu\u00e1rio. Ser\u00e1 o 24 \u00ba de Campe\u00e3o Carioca, profissional de futebol. Esse \u00e9 o  Mach\u00e3o da Gama!<o:p id=\"yui_3_16_0_ym19_1_1462155889725_4446\"><\/o:p><\/span><\/div>\n<div style=\"text-align:justify;text-indent:35.4pt;tab-stops:111.0pt\" id=\"yui_3_16_0_ym19_1_1462155889725_4447\"><span style=\"font-size:12.0pt;line-height:115%;font-family:&quot;Arial&quot;,sans-serif\" id=\"yui_3_16_0_ym19_1_1462155889725_4448\"><o:p id=\"yui_3_16_0_ym19_1_1462155889725_4449\">&nbsp;<\/o:p><\/span><\/div>\n<div style=\"text-align:justify;text-indent:35.4pt;tab-stops:111.0pt\" id=\"yui_3_16_0_ym19_1_1462155889725_4450\"><span style=\"font-size:12.0pt;line-height:115%;font-family:&quot;Arial&quot;,sans-serif\" id=\"yui_3_16_0_ym19_1_1462155889725_4451\"><o:p id=\"yui_3_16_0_ym19_1_1462155889725_4452\">&nbsp;<\/o:p><\/span><\/div>\n<div style=\"text-align:justify;text-indent:35.4pt;tab-stops:111.0pt\" id=\"yui_3_16_0_ym19_1_1462155889725_4453\"><b id=\"yui_3_16_0_ym19_1_1462155889725_4454\"><u id=\"yui_3_16_0_ym19_1_1462155889725_4455\"><span style=\"font-size:20.0pt;line-height:115%;font-family:&quot;Arial&quot;,sans-serif\" id=\"yui_3_16_0_ym19_1_1462155889725_4456\">DIVULGUEM ESSA COVARDIA:<\/span><\/u><\/b><span style=\"font-size:16.0pt;line-height:115%;font-family:&quot;Arial&quot;,sans-serif\" id=\"yui_3_16_0_ym19_1_1462155889725_4457\"> GOSTARIA  DE PEDIR A TODOS OS MEUS AMIGOS E LEITORES QUE TIRASSE UM TEMPINHO PARA LER A  PETI\u00c7\u00c3O P\u00daBLICA, AO QUAL SEGUE ABAIXO O LINK. TAL DOCUMENTO REFERE-SE A <b id=\"yui_3_16_0_ym19_1_1462155889725_4458\"><u id=\"yui_3_16_0_ym19_1_1462155889725_4459\">UM ATO DE COVARDIA POR PARTE DA  VOLKSWAGEN DO BRASIL EM COAUTORIA DA ABOLI\u00c7\u00c3O VE\u00cdCULOS (GRUPO AB)<\/u><\/b>  CONTRA ESTE VELHO JORNALISTA. A REFERIDA CONCESSION\u00c1RIA EST\u00c1 ME LESANDO DESDE  FEVEREIRO DE 2013. MEU CARRO FOI BATIDO DENTRO DA OFICINA, FURTARAM ACESS\u00d3RIOS,  TEM PROBLEMAS CAUSADOS POR ELES, AL\u00c9M DE DEFEITOS DE FABRICA\u00c7\u00c3O. O CARRO 0 KM  COMPRADO POR MIM HOJE SE ENCONTRA NA OFICINA DA ABOLI\u00c7\u00c3O VE\u00cdCULOS (CENTRO DE  NITER\u00d3I) <b id=\"yui_3_16_0_ym19_1_1462155889725_4460\"><u id=\"yui_3_16_0_ym19_1_1462155889725_4461\">DESDE 10 DE JUNHO DE 2013<\/u><\/b>,  OU MELHOR, H\u00c1 <b id=\"yui_3_16_0_ym19_1_1462155889725_4462\"><u id=\"yui_3_16_0_ym19_1_1462155889725_4463\">34 MESES, OU SEJA, 2  ANOS E DEZ MESES.<\/u><\/b> <b id=\"yui_3_16_0_ym19_1_1462155889725_4464\"><u id=\"yui_3_16_0_ym19_1_1462155889725_4465\">TEM APENAS 729  KM RODADOS<\/u><\/b> PARA COMPROVAR O CALV\u00c1RIO TENHO DOCUMENTOS, GRAVA\u00c7\u00d5ES DE  AUDIO E V\u00cdDEO, MAIS DE 600 FOTOGRAFIAS E E-MAILS TROCADOS COM FUNCION\u00c1RIOS DO  BAIXO, M\u00c9DIO E ALTO ESCAL\u00c3O DA EMPRESA. POR FAVOR, ASSINEM O DOCUMENTO PARA QUE  OUTROS CONSUMIDORES N\u00c3O SEJAM LESADOS POR EMPRESAS DESTE N\u00cdVEL.&nbsp; <\/span><a href=\"https:\/\/secure.avaaz.org\/po\/petition\/Aos_Orgaos_de_Defesa_do_Consumidor_e_ao_Poder_Judiciario_JUSTICA_CONTRA_UMA_MARCA_E_SUA_REVENDERORA_QUE_DESCUMPREM_A_LEI\/?lJEcNfb&amp;pv=0\" id=\"yui_3_16_0_ym19_1_1462155889725_4466\"><span style=\"font-size:16.0pt;line-height:115%;font-family:&quot;Arial&quot;,sans-serif\" id=\"yui_3_16_0_ym19_1_1462155889725_4467\">https:\/\/secure.avaaz.org\/po\/petition\/Aos_Orgaos_de_Defesa_do_Consumidor_e_ao_Poder_Judiciario_JUSTICA_CONTRA_UMA_MARCA_E_SUA_REVENDERORA_QUE_DESCUMPREM_A_LEI\/?lJEcNfb&amp;pv=0<\/span><\/a><span style=\"font-size:16.0pt;line-height:115%;font-family:&quot;Arial&quot;,sans-serif\" id=\"yui_3_16_0_ym19_1_1462155889725_4468\"><o:p id=\"yui_3_16_0_ym19_1_1462155889725_4469\"><\/o:p><\/span><\/div>\n<div style=\"text-align:justify;tab-stops:111.0pt\" id=\"yui_3_16_0_ym19_1_1462155889725_4470\"><span style=\"font-size:16.0pt;line-height:115%;font-family:&quot;Arial&quot;,sans-serif\" id=\"yui_3_16_0_ym19_1_1462155889725_4471\"><o:p id=\"yui_3_16_0_ym19_1_1462155889725_4472\">&nbsp;<\/o:p><\/span><\/div>\n<div style=\"text-align:justify;tab-stops:111.0pt\" id=\"yui_3_16_0_ym19_1_1462155889725_4473\"><b id=\"yui_3_16_0_ym19_1_1462155889725_4474\"><span style=\"font-size:16.0pt;line-height:115%;font-family:&quot;Arial&quot;,sans-serif\" id=\"yui_3_16_0_ym19_1_1462155889725_4475\">&nbsp;&nbsp;&nbsp;&nbsp;&nbsp;&nbsp;&nbsp;&nbsp;&nbsp;&nbsp;&nbsp;&nbsp;&nbsp;&nbsp;&nbsp;&nbsp;&nbsp;&nbsp;&nbsp;&nbsp;&nbsp;&nbsp;&nbsp;&nbsp; &nbsp;&nbsp;&nbsp;&nbsp;&nbsp;&nbsp; <o:p id=\"yui_3_16_0_ym19_1_1462155889725_4476\"><\/o:p><\/span><\/b><\/div>\n<div id=\"yui_3_16_0_ym19_1_1462155889725_4248\">                                        <\/div>\n<div style=\"text-align:justify\" dir=\"ltr\" id=\"yui_3_16_0_ym19_1_1462155889725_4477\"><b id=\"yui_3_16_0_ym19_1_1462155889725_4478\"><span style=\"font-size:14.0pt;line-height:115%;font-family:&quot;Arial&quot;,sans-serif\" id=\"yui_3_16_0_ym19_1_1462155889725_4479\">AP\u00d3S  AS TODAS AS PARTIDAS DO VASC\u00c3O EM MEU PERFIL DO FACEBOOK (QUEM QUISER RECEBER  AS CR\u00d4NICAS DE PRIMEIRA M\u00c3O \u00c9 S\u00d3 ME ADICIONAR), E NOS SITES WEBVASCO  (<a href=\"http:\/\/www.webvasco.com\">www.webvasco.com<\/a>), E VASCA\u00cdNOS UNIDOS (<a href=\"http:\/\/www.vascainosunidos.com.br\">www.vascainosunidos.com.br<\/a>) TEM A  OPINI\u00c3O DO JORNALISTA LUIZ CARLOS ROCHA. LEIAM! COMPARTILHEM E CURTAM!  VASCA\u00cdNOS UNIDOS JAMAIS SER\u00c3O VENCIDOS.<o:p id=\"yui_3_16_0_ym19_1_1462155889725_4480\"><\/o:p><\/span><\/b><\/div>\n<div id=\"yui_3_16_0_ym19_1_1462155889725_4248\"><span><br \/><\/span><\/div>\n<div id=\"yui_3_16_0_ym19_1_1462155889725_4248\"><span><br \/><\/span><\/div>\n<div><\/div>\n<div id=\"yui_3_16_0_ym19_1_1462155889725_4249\">&nbsp;<\/div>\n<div class=\"signature\" id=\"yui_3_16_0_ym19_1_1462155889725_4254\">\n<div id=\"RTEContent\">\n<div id=\"yui_3_16_0_ym19_1_1462155889725_4253\">\n<div id=\"yui_3_16_0_ym19_1_1462155889725_4252\">\n<div id=\"yui_3_16_0_ym19_1_1462155889725_4251\">\n<div align=\"center\" id=\"yui_3_16_0_ym19_1_1462155889725_4250\"><\/div>\n<\/div>\n<\/div>\n<\/div>\n<\/div>\n<\/div>\n<\/div>\n<\/div>\n<p><\/p>\n","protected":false},"excerpt":{"rendered":"<p>A tarde de 1\u00ba de maio de 2016 (dia do trabalhador), marcou e muito os&#8230;<\/p>\n","protected":false},"author":7,"featured_media":0,"comment_status":"open","ping_status":"closed","sticky":false,"template":"","format":"standard","meta":{"footnotes":""},"categories":[4],"tags":[],"class_list":["post-7828","post","type-post","status-publish","format-standard","hentry","category-luizcarlosrocha"],"_links":{"self":[{"href":"https:\/\/webvasco.com\/artigos\/wp-json\/wp\/v2\/posts\/7828","targetHints":{"allow":["GET"]}}],"collection":[{"href":"https:\/\/webvasco.com\/artigos\/wp-json\/wp\/v2\/posts"}],"about":[{"href":"https:\/\/webvasco.com\/artigos\/wp-json\/wp\/v2\/types\/post"}],"author":[{"embeddable":true,"href":"https:\/\/webvasco.com\/artigos\/wp-json\/wp\/v2\/users\/7"}],"replies":[{"embeddable":true,"href":"https:\/\/webvasco.com\/artigos\/wp-json\/wp\/v2\/comments?post=7828"}],"version-history":[{"count":0,"href":"https:\/\/webvasco.com\/artigos\/wp-json\/wp\/v2\/posts\/7828\/revisions"}],"wp:attachment":[{"href":"https:\/\/webvasco.com\/artigos\/wp-json\/wp\/v2\/media?parent=7828"}],"wp:term":[{"taxonomy":"category","embeddable":true,"href":"https:\/\/webvasco.com\/artigos\/wp-json\/wp\/v2\/categories?post=7828"},{"taxonomy":"post_tag","embeddable":true,"href":"https:\/\/webvasco.com\/artigos\/wp-json\/wp\/v2\/tags?post=7828"}],"curies":[{"name":"wp","href":"https:\/\/api.w.org\/{rel}","templated":true}]}}