{"id":7829,"date":"2016-05-09T07:57:55","date_gmt":"2016-05-09T10:57:55","guid":{"rendered":"http:\/\/webvasco.com\/artigos\/?p=7829"},"modified":"2016-05-09T08:07:58","modified_gmt":"2016-05-09T11:07:58","slug":"vaz-co-da-gama","status":"publish","type":"post","link":"https:\/\/webvasco.com\/artigos\/colunistas\/luizcarlosrocha\/vaz-co-da-gama\/","title":{"rendered":"VAZ CO DA GAMA!"},"content":{"rendered":"<div>\n<div style=\"color:#000; background-color:#fff; font-family:HelveticaNeue-Light, Helvetica Neue Light, Helvetica Neue, Helvetica, Arial, Lucida Grande, sans-serif;font-size:32px\">\n<div align=\"center\" style=\"text-align:center;text-indent:35.4pt;tab-stops:167.25pt\" id=\"yui_3_16_0_ym19_1_1462732946920_33382\"><span style=\"font-family: Arial, sans-serif; font-size: 12pt; line-height: 115%; text-align: justify; text-indent: 35.4pt;\">&nbsp;<\/span><\/div>\n<div style=\"text-align:justify;text-indent:35.4pt;tab-stops:111.0pt\" id=\"yui_3_16_0_ym19_1_1462732946920_33389\"><span style=\"font-size:12.0pt;line-height:115%;font-family:&quot;Arial&quot;,sans-serif\" id=\"yui_3_16_0_ym19_1_1462732946920_33390\">Aqui \u00e9  Vasco! O zagueiro Rafael Vaz provou isso. Com o empate em 1 a 1, ontem, no  Est\u00e1dio do Maracan\u00e3, entre Vasco da Gama e Botafogo, o Gigante da Colina  sagrou-se Bicampe\u00e3o Carioca Invicto! O meia Leandrinho inaugurou o marcador,  mas Vaz deixou tudo igual e definiu o placar.Com isso o 24\u00ba t\u00edtulo estadual  tornou-se realidade.<o:p id=\"yui_3_16_0_ym19_1_1462732946920_33391\"><\/o:p><\/span><\/div>\n<div style=\"text-align:justify;text-indent:35.4pt;tab-stops:111.0pt\" id=\"yui_3_16_0_ym19_1_1462732946920_33392\"><span style=\"font-size:12.0pt;line-height:115%;font-family:&quot;Arial&quot;,sans-serif\" id=\"yui_3_16_0_ym19_1_1462732946920_33393\">Misticamente  estava escrito: Exatos sessenta mil torcedores estavam l\u00e1. Ent\u00e3o Alvinegro, \u201cc\u00ea  senta e chora!\u201d Logo aos quatro (n\u00famero da camisa de Mauro Galv\u00e3o, que atuou  por ambas as equipes, mas foi com o manto vasca\u00edno que obteve as maiores e mais  importantes conquistas) minutos, ap\u00f3s uma bobeira da zaga cruzmaltina, Diego  cruzou na medida para Leandrinho fazer o gol botafoguense.<o:p id=\"yui_3_16_0_ym19_1_1462732946920_33394\"><\/o:p><\/span><\/div>\n<div style=\"text-align:justify;text-indent:35.4pt;tab-stops:111.0pt\" id=\"yui_3_16_0_ym19_1_1462732946920_33395\"><span style=\"font-size:12.0pt;line-height:115%;font-family:&quot;Arial&quot;,sans-serif\" id=\"yui_3_16_0_ym19_1_1462732946920_33396\">Naquele  momento era festa em General Severiano. Mas o Vasco n\u00e3o se abateu. Afinal,  general s\u00f3 manda na terra e o Vasc\u00e3o \u00e9 Campe\u00e3o de Terra e Mar! Pois \u00e9. Ent\u00e3o  aos 11 minutos (camisa que vestia um certo baixinho imbat\u00edvel em decis\u00f5es)  Rafael Vaz empatou a partida e deu o t\u00edtulo ao Mach\u00e3o da Gama! O curioso \u00e9 que  o t\u00edtulo botafoguense s\u00f3 durou sete (camisa do maior \u00eddolo do clube, saudoso  Garrincha) minutos. Portanto, os n\u00fameros mostraram que glorioso mesmo \u00e9 aquele  que vive de gl\u00f3rias concretas como Jorginho e seus pupilos.<o:p id=\"yui_3_16_0_ym19_1_1462732946920_33397\"><\/o:p><\/span><\/div>\n<div style=\"text-align:justify;text-indent:35.4pt;tab-stops:111.0pt\" id=\"yui_3_16_0_ym19_1_1462732946920_33398\"><span style=\"font-size:12.0pt;line-height:115%;font-family:&quot;Arial&quot;,sans-serif\" id=\"yui_3_16_0_ym19_1_1462732946920_33399\">Ontem  o Maracan\u00e3 pegou FOGO. Mas o futebol vasca\u00edno BOTA qualquer advers\u00e1rio em seu  devido lugar! Foram v\u00e1rias conquistas. Bicampe\u00e3o carioca (2015\/2016). O sexto  t\u00edtulo invicto (1924, 1945, 1947, 1949, 1992 e 2016), tendo um a mais que o  rival Povo do Gueto. E manteve a invencibilidade de 25 partidas. Na Sele\u00e7\u00e3o do  Campeonato Carioca o Vasco tamb\u00e9m foi implac\u00e1vel, dentre os selecionados est\u00e3o:  Martin Silva (goleiro), Rodrigo (zagueiro), Luan (zagueiro), Andrezinho (meia),  Nen\u00ea (meia e craque do campeonato, dupla coroa), Riascos (atacante), Jorginho (treinador)  e o ataque mais positivo. Ufa! \u00c9 muito destaque para um time s\u00f3!<o:p id=\"yui_3_16_0_ym19_1_1462732946920_33400\"><\/o:p><\/span><\/div>\n<div style=\"text-align:justify;text-indent:35.4pt;tab-stops:111.0pt\" id=\"yui_3_16_0_ym19_1_1462732946920_33401\"><span style=\"font-size:12.0pt;line-height:115%;font-family:&quot;Arial&quot;,sans-serif\" id=\"yui_3_16_0_ym19_1_1462732946920_33402\">A  pr\u00f3xima apresenta\u00e7\u00e3o do Vasco da Gama ser\u00e1 s\u00e1bado, dia 14 de maio, \u00e0s 16h, no  Est\u00e1dio do Castel\u00e3o, em Fortaleza\/CE, contra o Sampaio Corr\u00eaa, em partida de estreia  do Campeonato Brasileiro, da S\u00e9rie B. At\u00e9 l\u00e1 o Gigante da Colina vai curtindo  mais um t\u00edtulo de campe\u00e3o carioca e tirando onda de Rei do Rio.<o:p id=\"yui_3_16_0_ym19_1_1462732946920_33403\"><\/o:p><\/span><\/div>\n<div style=\"text-align:justify;text-indent:35.4pt;tab-stops:111.0pt\" id=\"yui_3_16_0_ym19_1_1462732946920_33404\"><b id=\"yui_3_16_0_ym19_1_1462732946920_33405\"><u id=\"yui_3_16_0_ym19_1_1462732946920_33406\"><span style=\"font-size:12.0pt;line-height:115%;font-family:&quot;Arial&quot;,sans-serif\" id=\"yui_3_16_0_ym19_1_1462732946920_33407\">M\u00c3E:<\/span><\/u><\/b><span style=\"font-size:12.0pt;line-height:115%;font-family:&quot;Arial&quot;,sans-serif\" id=\"yui_3_16_0_ym19_1_1462732946920_33408\"> &nbsp;Dedico a cr\u00f4nica de hoje a minha m\u00e3e Edir  Guimar\u00e3es Rocha, que al\u00e9m de minha genitora tamb\u00e9m \u00e9 aniversariante do dia.  Por\u00e9m, torcedora do Botafogo! Que pena. Vice! E por falar em m\u00e3es, o \u00e1rbitro Leonardo  Garcia Cavaleiro parecia n\u00e3o ter m\u00e3e ao dar cinco minutos de descontos na etapa  complementar! Al\u00e9m disso, n\u00e3o expulsar o Leandrinho, que j\u00e1 tinha cart\u00e3o  amarelo e comemorou tirando a camisa, colocando-a no rosto \u00e9 no m\u00ednimo n\u00e3o  saber das regras. Louco! Sem no\u00e7\u00e3o!<o:p id=\"yui_3_16_0_ym19_1_1462732946920_33409\"><\/o:p><\/span><\/div>\n<div style=\"text-align:justify;text-indent:35.4pt;tab-stops:111.0pt\" id=\"yui_3_16_0_ym19_1_1462732946920_33410\"><span style=\"font-size:12.0pt;line-height:115%;font-family:&quot;Arial&quot;,sans-serif\" id=\"yui_3_16_0_ym19_1_1462732946920_33411\"><o:p id=\"yui_3_16_0_ym19_1_1462732946920_33412\">&nbsp;<\/o:p><\/span><\/div>\n<div style=\"text-align:justify;text-indent:35.4pt;tab-stops:111.0pt\" id=\"yui_3_16_0_ym19_1_1462732946920_33413\"><b id=\"yui_3_16_0_ym19_1_1462732946920_33414\"><u id=\"yui_3_16_0_ym19_1_1462732946920_33415\"><span style=\"font-size:20.0pt;line-height:115%;font-family:&quot;Arial&quot;,sans-serif\" id=\"yui_3_16_0_ym19_1_1462732946920_33416\">DIVULGUEM ESSA COVARDIA:<\/span><\/u><\/b><span style=\"font-size:16.0pt;line-height:115%;font-family:&quot;Arial&quot;,sans-serif\" id=\"yui_3_16_0_ym19_1_1462732946920_33417\"> GOSTARIA  DE PEDIR A TODOS OS MEUS AMIGOS E LEITORES QUE TIRASSE UM TEMPINHO PARA LER A  PETI\u00c7\u00c3O P\u00daBLICA, AO QUAL SEGUE ABAIXO O LINK. TAL DOCUMENTO REFERE-SE A <b id=\"yui_3_16_0_ym19_1_1462732946920_33418\"><u id=\"yui_3_16_0_ym19_1_1462732946920_33419\">UM ATO DE COVARDIA POR PARTE DA  VOLKSWAGEN DO BRASIL EM COAUTORIA DA ABOLI\u00c7\u00c3O VE\u00cdCULOS (GRUPO AB)<\/u><\/b>  CONTRA ESTE VELHO JORNALISTA. A REFERIDA CONCESSION\u00c1RIA EST\u00c1 ME LESANDO DESDE  FEVEREIRO DE 2013. MEU CARRO FOI BATIDO DENTRO DA OFICINA, FURTARAM ACESS\u00d3RIOS,  TEM PROBLEMAS CAUSADOS POR ELES, AL\u00c9M DE DEFEITOS DE FABRICA\u00c7\u00c3O. O CARRO 0 KM  COMPRADO POR MIM HOJE SE ENCONTRA NA OFICINA DA ABOLI\u00c7\u00c3O VE\u00cdCULOS (CENTRO DE  NITER\u00d3I) <b id=\"yui_3_16_0_ym19_1_1462732946920_33420\"><u id=\"yui_3_16_0_ym19_1_1462732946920_33421\">DESDE 10 DE JUNHO DE 2013<\/u><\/b>,  OU MELHOR, H\u00c1 <b id=\"yui_3_16_0_ym19_1_1462732946920_33422\"><u id=\"yui_3_16_0_ym19_1_1462732946920_33423\">34 MESES, OU SEJA, 2  ANOS E DEZ MESES.<\/u><\/b> <b id=\"yui_3_16_0_ym19_1_1462732946920_33424\"><u id=\"yui_3_16_0_ym19_1_1462732946920_33425\">TEM APENAS 729  KM RODADOS<\/u><\/b> PARA COMPROVAR O CALV\u00c1RIO TENHO DOCUMENTOS, GRAVA\u00c7\u00d5ES DE  AUDIO E V\u00cdDEO, MAIS DE 600 FOTOGRAFIAS E E-MAILS TROCADOS COM FUNCION\u00c1RIOS DO  BAIXO, M\u00c9DIO E ALTO ESCAL\u00c3O DA EMPRESA. POR FAVOR, ASSINEM O DOCUMENTO PARA QUE  OUTROS CONSUMIDORES N\u00c3O SEJAM LESADOS POR EMPRESAS DESTE N\u00cdVEL.&nbsp; <\/span><a href=\"https:\/\/secure.avaaz.org\/po\/petition\/Aos_Orgaos_de_Defesa_do_Consumidor_e_ao_Poder_Judiciario_JUSTICA_CONTRA_UMA_MARCA_E_SUA_REVENDERORA_QUE_DESCUMPREM_A_LEI\/?lJEcNfb&amp;pv=0\" id=\"yui_3_16_0_ym19_1_1462732946920_33426\"><span style=\"font-size:16.0pt;line-height:115%;font-family:&quot;Arial&quot;,sans-serif\" id=\"yui_3_16_0_ym19_1_1462732946920_33427\">https:\/\/secure.avaaz.org\/po\/petition\/Aos_Orgaos_de_Defesa_do_Consumidor_e_ao_Poder_Judiciario_JUSTICA_CONTRA_UMA_MARCA_E_SUA_REVENDERORA_QUE_DESCUMPREM_A_LEI\/?lJEcNfb&amp;pv=0<\/span><\/a><span style=\"font-size:16.0pt;line-height:115%;font-family:&quot;Arial&quot;,sans-serif\" id=\"yui_3_16_0_ym19_1_1462732946920_33428\"><o:p id=\"yui_3_16_0_ym19_1_1462732946920_33429\"><\/o:p><\/span><\/div>\n<div style=\"text-align:justify;tab-stops:111.0pt\" id=\"yui_3_16_0_ym19_1_1462732946920_33430\"><span style=\"font-size:16.0pt;line-height:115%;font-family:&quot;Arial&quot;,sans-serif\" id=\"yui_3_16_0_ym19_1_1462732946920_33431\"><o:p id=\"yui_3_16_0_ym19_1_1462732946920_33432\">&nbsp;<\/o:p><\/span><\/div>\n<div style=\"text-align:justify;tab-stops:111.0pt\" id=\"yui_3_16_0_ym19_1_1462732946920_33433\"><b id=\"yui_3_16_0_ym19_1_1462732946920_33434\"><span style=\"font-size:16.0pt;line-height:115%;font-family:&quot;Arial&quot;,sans-serif\" id=\"yui_3_16_0_ym19_1_1462732946920_33435\">&nbsp;&nbsp;&nbsp;&nbsp;&nbsp;&nbsp;&nbsp;&nbsp;&nbsp;&nbsp;&nbsp;&nbsp;&nbsp;&nbsp;&nbsp;&nbsp;&nbsp;&nbsp;&nbsp;&nbsp;&nbsp;&nbsp;&nbsp;&nbsp; &nbsp;&nbsp;&nbsp;&nbsp;&nbsp;&nbsp; <o:p id=\"yui_3_16_0_ym19_1_1462732946920_33436\"><\/o:p><\/span><\/b><\/div>\n<div style=\"text-align:justify\" id=\"yui_3_16_0_ym19_1_1462732946920_33437\"><b id=\"yui_3_16_0_ym19_1_1462732946920_33438\"><span style=\"font-size:14.0pt;line-height:115%;font-family:&quot;Arial&quot;,sans-serif\" id=\"yui_3_16_0_ym19_1_1462732946920_33439\">AP\u00d3S  AS TODAS AS PARTIDAS DO VASC\u00c3O EM MEU PERFIL DO FACEBOOK (QUEM QUISER RECEBER  AS CR\u00d4NICAS DE PRIMEIRA M\u00c3O \u00c9 S\u00d3 ME ADICIONAR), E NOS SITES WEBVASCO  (<a href=\"http:\/\/www.webvasco.com\">www.webvasco.com<\/a>), E VASCA\u00cdNOS UNIDOS (<a href=\"http:\/\/www.vascainosunidos.com.br\">www.vascainosunidos.com.br<\/a>) TEM A  OPINI\u00c3O DO JORNALISTA LUIZ CARLOS ROCHA. LEIAM! COMPARTILHEM E CURTAM!  VASCA\u00cdNOS UNIDOS JAMAIS SER\u00c3O VENCIDOS.<o:p id=\"yui_3_16_0_ym19_1_1462732946920_33440\"><\/o:p><\/span><\/b><\/div>\n<div style=\"text-align:justify\" id=\"yui_3_16_0_ym19_1_1462732946920_33441\"><b id=\"yui_3_16_0_ym19_1_1462732946920_33442\"><span style=\"font-size:14.0pt;line-height:115%;font-family:&quot;Arial&quot;,sans-serif\" id=\"yui_3_16_0_ym19_1_1462732946920_33443\"><o:p id=\"yui_3_16_0_ym19_1_1462732946920_33444\">&nbsp;<\/o:p><\/span><\/b><\/div>\n<div style=\"text-align:justify\" id=\"yui_3_16_0_ym19_1_1462732946920_33445\"><b id=\"yui_3_16_0_ym19_1_1462732946920_33446\"><span style=\"font-size:14.0pt;line-height:115%;font-family:&quot;Arial&quot;,sans-serif\" id=\"yui_3_16_0_ym19_1_1462732946920_33447\"><o:p id=\"yui_3_16_0_ym19_1_1462732946920_33448\">&nbsp;<\/o:p><\/span><\/b><\/div>\n<div id=\"yui_3_16_0_ym19_1_1462732946920_33065\">                                                            <\/div>\n<div style=\"text-align:justify\" dir=\"ltr\" id=\"yui_3_16_0_ym19_1_1462732946920_33449\"><b id=\"yui_3_16_0_ym19_1_1462732946920_33450\"><span style=\"font-size:14.0pt;line-height:115%;font-family:&quot;Arial&quot;,sans-serif\" id=\"yui_3_16_0_ym19_1_1462732946920_33451\">&nbsp;<\/span><\/b><\/div>\n<div id=\"yui_3_16_0_ym19_1_1462732946920_33065\"><span><br \/><\/span><\/div>\n<div id=\"yui_3_16_0_ym19_1_1462732946920_33065\"><span><br \/><\/span><\/div>\n<div id=\"yui_3_16_0_ym19_1_1462732946920_33065\"><span><br \/><\/span><\/div>\n<div><\/div>\n<div id=\"yui_3_16_0_ym19_1_1462732946920_33159\">&nbsp;<\/div>\n<div class=\"signature\" id=\"yui_3_16_0_ym19_1_1462732946920_33164\">\n<div id=\"RTEContent\">\n<div id=\"yui_3_16_0_ym19_1_1462732946920_33163\">\n<div id=\"yui_3_16_0_ym19_1_1462732946920_33162\">\n<div id=\"yui_3_16_0_ym19_1_1462732946920_33161\">\n<div align=\"center\" id=\"yui_3_16_0_ym19_1_1462732946920_33160\"><\/div>\n<\/div>\n<\/div>\n<\/div>\n<\/div>\n<\/div>\n<\/div>\n<\/div>\n<p><\/p>\n","protected":false},"excerpt":{"rendered":"<p>&nbsp; Aqui \u00e9 Vasco! O zagueiro Rafael Vaz provou isso. Com o empate em 1&#8230;<\/p>\n","protected":false},"author":7,"featured_media":0,"comment_status":"open","ping_status":"closed","sticky":false,"template":"","format":"standard","meta":{"footnotes":""},"categories":[4],"tags":[],"class_list":["post-7829","post","type-post","status-publish","format-standard","hentry","category-luizcarlosrocha"],"_links":{"self":[{"href":"https:\/\/webvasco.com\/artigos\/wp-json\/wp\/v2\/posts\/7829","targetHints":{"allow":["GET"]}}],"collection":[{"href":"https:\/\/webvasco.com\/artigos\/wp-json\/wp\/v2\/posts"}],"about":[{"href":"https:\/\/webvasco.com\/artigos\/wp-json\/wp\/v2\/types\/post"}],"author":[{"embeddable":true,"href":"https:\/\/webvasco.com\/artigos\/wp-json\/wp\/v2\/users\/7"}],"replies":[{"embeddable":true,"href":"https:\/\/webvasco.com\/artigos\/wp-json\/wp\/v2\/comments?post=7829"}],"version-history":[{"count":0,"href":"https:\/\/webvasco.com\/artigos\/wp-json\/wp\/v2\/posts\/7829\/revisions"}],"wp:attachment":[{"href":"https:\/\/webvasco.com\/artigos\/wp-json\/wp\/v2\/media?parent=7829"}],"wp:term":[{"taxonomy":"category","embeddable":true,"href":"https:\/\/webvasco.com\/artigos\/wp-json\/wp\/v2\/categories?post=7829"},{"taxonomy":"post_tag","embeddable":true,"href":"https:\/\/webvasco.com\/artigos\/wp-json\/wp\/v2\/tags?post=7829"}],"curies":[{"name":"wp","href":"https:\/\/api.w.org\/{rel}","templated":true}]}}