{"id":7830,"date":"2016-05-09T23:12:03","date_gmt":"2016-05-10T02:12:03","guid":{"rendered":"http:\/\/webvasco.com\/artigos\/?p=7830"},"modified":"2016-05-09T23:19:03","modified_gmt":"2016-05-10T02:19:03","slug":"renascer-das-cinzas-e-coroao","status":"publish","type":"post","link":"https:\/\/webvasco.com\/artigos\/colunistas\/renascer-das-cinzas-e-coroao\/","title":{"rendered":"Renascer das cinzas e coroa&ccedil;&atilde;o"},"content":{"rendered":"<div dir=\"ltr\">\n<p>No dia 02 de setembro de 2015, um certo time de futebol levara uma das mais vexat\u00f3rias goleadas envolvendo um confronto entre dois clubes com camisas de express\u00e3o em territ\u00f3rio brasileiro.Naquela noite em pleno Gigante da Beira-Rio, Jordi, Serginho (Bruno Ferreira), Luan, Rodrigo, Christianno, Guinaz\u00fa, J\u00falio dos Santos, Nen\u00ea, Andrezinho (Riascos), Jorge Henrique, Rafael Silva (Lucas) junto com a comiss\u00e3o t\u00e9cnica comandada por Jorginho assessorado por Zinho escrevia n\u00e3o somente uma das p\u00e1ginas mais tristes de toda a hist\u00f3ria do clube, como tamb\u00e9m ajudavam a afundar ainda mais na zona de rebaixamento um clube cujo seu time, at\u00e9 ent\u00e3o, s\u00f3 havia feito m\u00edseros treze pontos em vinte e tr\u00eas jogos decorridos da competi\u00e7\u00e3o. N\u00e3o \u00e9 preciso dizer que, em face \u00e0 goleada sofrida e aos n\u00fameros apresentados, tirar essa camisa de uma nova queda para a segunda divis\u00e3o tornara-se uma das mais ingl\u00f3rias tarefas para qualquer debutante.\u00a0<\/p>\n<p>Muitos j\u00e1 davam o grupo\u00a0como desacreditado, a trag\u00e9dia como fato consumado. O articulista que lhes escreve, inclusive. N\u00e3o haveria mais o que fazer, a n\u00e3o ser minimizar ao m\u00e1ximo aquela horrorosa campanha, ao ponto de que uma nova queda viesse com o menor vexame poss\u00edvel. No entanto, aquele mesmo grupo iniciou, uma semana depois e ap\u00f3s nova derrota, desta vez, contra o Atl\u00e9tico-MG em pleno Maracan\u00e3 por 2 vs 1, diante da Ponte Preta uma campanha de recupera\u00e7\u00e3o que permitiu a um grupo j\u00e1 dado como rebaixado a possibilidade de chegar &#8211; \u00e0 \u00faltima rodada da competi\u00e7\u00e3o &#8211; com chances matem\u00e1ticas de escapar do que era, at\u00e9 ent\u00e3o, tido como fato consumado.Posso at\u00e9 ser mais ousado e mais l\u00facido ao lhes dizer que, ainda assim dadas as circunst\u00e2ncias amplamente desfavor\u00e1veis, n\u00e3o fossem pontos preciosos deixados pelo caminho fruto exclusivo de subtra\u00e7\u00e3o das arbitragens (contra Cruzeiro, Chapecoense, Ava\u00ed e S\u00e3o Paulo, por exemplo), o que era considerado imposs\u00edvel teria se transformado na mais surpreendente consuma\u00e7\u00e3o de uma rea\u00e7\u00e3o espetacular advinda de um time que representa um clube da envergadura que s\u00f3 mesmo uma camisa do Vasco \u00e9 capaz de fazer.<\/p>\n<p>Mas ent\u00e3o, o que mudou? Daquele time que levou de seis para o Internacional para o que quase consumou com \u00eaxito a fuga para a s\u00e9rie B em 2016, eram quase todos os mesmos jogadores. Luan, Rodrigo, J\u00falio dos Santos, Nen\u00ea, Andrezinho, Jorge Henrique e Riascos, ao lado de\u00a0Mart\u00edn Silva que n\u00e3o estava em campo naquela ocasi\u00e3o, constitu\u00edram e constituem (ainda) a espinha-dorsal do grupo. Foram capazes de proporcionar a maior das tristezas e a quase surpreendente rea\u00e7\u00e3o de tamanho proporcional \u00e0 tal tristeza causada. O que h\u00e1 nesse hiato, ao meio dessa bipolaridade? Ou melhor, o que houve?<\/p>\n<p>Um grupo n\u00e3o se forma somente no papel. Olhar para a escala\u00e7\u00e3o de um time e ser simplista o suficiente ao ponto de julg\u00e1-lo fadado ao sucesso ou ao fracasso por conta de uma fria escala\u00e7\u00e3o \u00e9 querer que\u00a0um jogo de futebol real seja tal como nos jogos RPG, tal como Brasfoot ou Championship Manager. H\u00e1 muita coisa envolvida, entre elas, emo\u00e7\u00f5es e pensamentos. Um time seja ele qualquer, n\u00e3o necessariamente somente de futebol,\u00a0\u00a0pode n\u00e3o ser o melhor, mas pode se mostrar o melhor a come\u00e7ar pelo seu pr\u00f3prio pensamento. Pode ser que um grupo n\u00e3o esteja tecnicamente \u00e0 altura de seus oponentes, mas at\u00e9 que ponto essa diferen\u00e7a t\u00e9cnica justifica uma campanha vexaminosa ao ponto do que foi mostrado at\u00e9 a vig\u00e9sima terceira rodada daquele certame? E o que mudou no grupo para que os mesmos passassem a ser respons\u00e1veis por uma das mais belas rea\u00e7\u00f5es e por uma campanha de recupera\u00e7\u00e3o de time de ponta nas \u00faltimas quinze rodadas?\u00a0<\/p>\n<p>Al\u00e9m de uma troca eventual de alguns jogadores que n\u00e3o mais rendiam, a substitui\u00e7\u00e3o de um pensamento derrotista por um esp\u00edrito vencedor. Um grupo se faz forte quando pensa que \u00e9 capaz, quando acredita que \u00e9 poss\u00edvel. Quando deixa de lado tudo o que as pessoas lhe apontam como de pior e passa a crer que o seu melhor \u00e9 o que vale. Quando cr\u00ea na proposta, no projeto, na vit\u00f3ria. Quando a autoestima lhe joga pra cima em detrimento da depress\u00e3o e, l\u00f3gico, pelo amadurecimento desse pensamento vencedor em perfeita comunh\u00e3o com mais treinos, mais entrosamento, melhor encaixe. Alguns desse mesmo grupo que comp\u00f5em essa espinha dorsal chegaram no decorrer da competi\u00e7\u00e3o e, at\u00e9 o jogo diante do Internacional, n\u00e3o possu\u00edam entrosamento suficiente. Outros estavam bem abaixo do que poderiam produzir, e voltaram a jogar bem mais do que vinham demonstrando. \u00c0 reg\u00eancia desse novo-velho grupo, outrora muitos desses j\u00e1 campe\u00f5es cariocas daquele ano, algu\u00e9m que n\u00e3o se curvou \u00e0 obviedade, que acreditou na recupera\u00e7\u00e3o e que jamais se rendeu: Jorginho.<\/p>\n<p>Passados mais de seis meses diante da, at\u00e9 ent\u00e3o, \u00faltima derrota diante do Fluminense em pleno 01 de novembro de 2015, mais uma vez os n\u00fameros comprovam essa metamorfose, n\u00e3 tanto de nomes, por\u00e9m, mias de pensamentos: 25 jogos invictos, 18 jogos de invencibilidade no certame carioca, uma Ta\u00e7a Guanabara e um bicampeonato carioca INVICTO (hexacampe\u00e3o invicto). Para os mais honestos, um tricampeonato, haja vista que o Vasco venceu em 2014, mas a arbitragem favor\u00e1vel ao clube do &quot;roubado \u00e9 mais gostoso&quot; n\u00e3o permitiu. \u00daNICO clube GIGANTE do Brasil ainda invicto em 2016. Cinco vit\u00f3rias e tr\u00eas empates em oito cl\u00e1ssicos locais. UMA \u00daNICA DERROTA nos \u00faltimos trinta e sete jogos, e outras vit\u00f3rias mais que poderiam ter vido com um pouco menos de sujeira da arbitragem, na reta final de 2015. Um triunvirato defensivo dos melhores do Brasil (Mart\u00edn Silva, Luan e Rodrigo), dois dos melhores armadores que jogariam F\u00c1CIL em muitos clubes DE S\u00c9RIE A (Andrezinho e Nen\u00ea). Faltam pe\u00e7as importantes, mais jovens inclusive, o que n\u00e3o \u00e9 suficiente para provar que um grupo vencedor n\u00e3o possa sair das cinzas e renascer para a vit\u00f3ria, mesmo que essas cinzas sejam um fruto da pior crema\u00e7\u00e3o poss\u00edvel&#8230;<\/p>\n<p>A coroa\u00e7\u00e3o de um trabalho se faz por t\u00edtulo e, consequentemente, por reconhecimento. A um grupo de lideran\u00e7a forte, dentro e fora de campo, com pensamento renovado e esp\u00edrito vencedor,\u00a0que aprendeu a sofrer e cresceu sob press\u00e3o por resultados o tempo inteiro, todo meu reconhecimento. Foram fortes, se mostraram fortes&#8230; Foram e se mostraram\u00a0comprometidos o tempo inteiro pela proposta de trabalho, pelo objetivo, pelas metas a serem cumpridas, portanto, s\u00e3o dignos de vestirem a camisa do Vasco. A primeira das tr\u00eas grandes metas do ano j\u00e1 foi cumprida, agora, passou. H\u00e1 outras duas bem mais importantes, com todo o respeito que o t\u00edtulo do\u00a0campeonato carioca representa em termos locais. Entretanto, tem-se de se cumprir, agora, a OBRIGA\u00c7\u00c3O de se devolver o clube, mais uma vez, para a posi\u00e7\u00e3o que JAMAIS poderia ter sa\u00eddo, e encarar a Copa do Brasil como nossa verdadeira s\u00e9rie A de 2016, rumo a um poss\u00edvel retorno triunfal \u00e0 elite e \u00e0s grandes disputas internacionais em 2017.<\/p>\n<p>Jorginho e Zinho, uma dupla que faz um trabalho IMPEC\u00c1VEL! Nem o Cruzeiro com todo seu dinheiro foi capaz de seduzi-los a largar m\u00e3o de uma casa que lhes acolheu e que acreditou em seus ideais profisisonais. A esses dois, uma sauda\u00e7\u00e3o especial: o primeiro jogou no arquirrival mas sempre se declarou vasca\u00edno, tendo suas maiores alegrias como jogador de futebol profissional aqti no Brasil conquistadas pelo Vasco, em 2000. Ao segundo, n\u00e3o jogou nem se declarou Vasco, mas tal como Renato Ga\u00facho, haver\u00e1 a possibilidade\u00a0de um dia se despedir do clube sob l\u00e1grimas e ao mesmo discurso de que &quot;foi o melhor clube que j\u00e1 trabalhou&quot;, tal como o ex-atacante fez em maio de 2007. Independentemente do valor de seus trabalhos, fossem eles os respons\u00e1veis por um desempenho tal como o renomado t\u00e9cnico Edgardo Bausa obteve no S\u00e3o Paulo durante o campeonato paulista de 2016 haveria, com certeza, torcedor do Vasco os rotulando como &quot;mulambos&quot;, e atribuindo \u00e0 diretoria a culpa direta pelo fracasso dessa dupla.<\/p>\n<p>D\u00e1 pra sonhar? Depende do prisma de observa\u00e7\u00e3o\u00a0cada vasca\u00edno. Aos que preferem olhar para baixo e ver que esse grupo tomou de 6 pro Inter h\u00e1 long\u00ednquos mais de oito meses sob outras circunst\u00e2ncias, n\u00e3o. Aos que preferem olhar para a rea\u00e7\u00e3o demandada por esse grupo e ainda crer que\u00a0o autoengano n\u00e3o tomar\u00e1 de assalto mais uma vez e que refor\u00e7os vir\u00e3o para encorpar ainda mais um grupo que j\u00e1 \u00e9 vencedor, sim, \u00e9 poss\u00edvel. Afinal, o que \u00e9 ser mais uma vez campe\u00e3o para quem est\u00e1 se reacostumando a disputar e a vencer? Qual \u00e9 o custo de se resignar com o pessimismo: se for o mesmo que sonhar com plataformas mais elevadas, que me levem, ent\u00e3o, at\u00e9 o \u00faltimo andar dessa, mas que me permita sonhar, pois afinal, n\u00e3o custa nada e \u00e9 o primeiro passo para conquistas ainda maiores!<\/p>\n<p>Deixemos de lado todas as vaidades politicas, todas as diverg\u00eancias com nosso Presidente, tudo o que pode levar-nos a n\u00e3o querer enxergar a realidade. O Vasco RESSURGE, mais uma vez! E com todo o respeito ao Am\u00e9rica-RJ, mas para um clube que passou a fio grande parte dos anos da d\u00e9cada de XXI, se at\u00e9 hoje n\u00e3o somente n\u00e3o quebrou e ainda nos permite sonhar com futuro bem melhor, \u00e9 porque n\u00e3o h\u00e1 de quebrar. JAMAIS!\u00a0<\/p>\n<p>#EU ESCOLHI\u00a0APOIAR! E \u00e9 nessa que eu vou&#8230;<\/p>\n<p><strong>@mscmariotti<\/strong><\/p>\n<p>\n<\/div>\n<p><\/p>\n","protected":false},"excerpt":{"rendered":"<p>No dia 02 de setembro de 2015, um certo time de futebol levara uma das&#8230;<\/p>\n","protected":false},"author":12,"featured_media":0,"comment_status":"open","ping_status":"closed","sticky":false,"template":"","format":"standard","meta":{"footnotes":""},"categories":[3],"tags":[],"class_list":["post-7830","post","type-post","status-publish","format-standard","hentry","category-colunistas"],"_links":{"self":[{"href":"https:\/\/webvasco.com\/artigos\/wp-json\/wp\/v2\/posts\/7830","targetHints":{"allow":["GET"]}}],"collection":[{"href":"https:\/\/webvasco.com\/artigos\/wp-json\/wp\/v2\/posts"}],"about":[{"href":"https:\/\/webvasco.com\/artigos\/wp-json\/wp\/v2\/types\/post"}],"author":[{"embeddable":true,"href":"https:\/\/webvasco.com\/artigos\/wp-json\/wp\/v2\/users\/12"}],"replies":[{"embeddable":true,"href":"https:\/\/webvasco.com\/artigos\/wp-json\/wp\/v2\/comments?post=7830"}],"version-history":[{"count":0,"href":"https:\/\/webvasco.com\/artigos\/wp-json\/wp\/v2\/posts\/7830\/revisions"}],"wp:attachment":[{"href":"https:\/\/webvasco.com\/artigos\/wp-json\/wp\/v2\/media?parent=7830"}],"wp:term":[{"taxonomy":"category","embeddable":true,"href":"https:\/\/webvasco.com\/artigos\/wp-json\/wp\/v2\/categories?post=7830"},{"taxonomy":"post_tag","embeddable":true,"href":"https:\/\/webvasco.com\/artigos\/wp-json\/wp\/v2\/tags?post=7830"}],"curies":[{"name":"wp","href":"https:\/\/api.w.org\/{rel}","templated":true}]}}