{"id":7831,"date":"2016-05-14T19:41:57","date_gmt":"2016-05-14T22:41:57","guid":{"rendered":"http:\/\/webvasco.com\/artigos\/?p=7831"},"modified":"2016-05-14T19:42:41","modified_gmt":"2016-05-14T22:42:41","slug":"fantstico","status":"publish","type":"post","link":"https:\/\/webvasco.com\/artigos\/colunistas\/luizcarlosrocha\/fantstico\/","title":{"rendered":"FANT&Aacute;STICO!"},"content":{"rendered":"<div>\n<div style=\"color:#000; background-color:#fff; font-family:HelveticaNeue-Light, Helvetica Neue Light, Helvetica Neue, Helvetica, Arial, Lucida Grande, sans-serif;font-size:32px\">\n<div style=\"text-align:justify;text-indent:35.4pt;tab-stops:111.0pt\" id=\"yui_3_16_0_ym19_1_1463265527529_6306\"><span style=\"font-size:12.0pt;line-height:115%;font-family:&quot;Arial&quot;,sans-serif\" id=\"yui_3_16_0_ym19_1_1463265527529_6307\">N\u00e3o \u00e9  por acaso que o Vasco da Gama \u00e9 bicampe\u00e3o carioca (se os Molambos n\u00e3o tivessem  roubado em 2014, seria Tri). A tarde de hoje marcou a 27\u00aa partida de  invencibilidade. Ao derrotar o Sampaio Corr\u00eaa, por 4 a 0, com tr\u00eas gols do meia  Nen\u00ea, e um do atacante Riascos, o Cruzmaltino j\u00e1 \u00e9 l\u00edder da S\u00e9rie B, do Campeonato  Brasileiro, de 2016. O jogo de estreia da competi\u00e7\u00e3o serviu para mostrar que a  atual fase do Gigante da Colina \u00e9 imbat\u00edvel. <o:p id=\"yui_3_16_0_ym19_1_1463265527529_6308\"><\/o:p><\/span><\/div>\n<div style=\"text-align:justify;text-indent:35.4pt;tab-stops:111.0pt\" id=\"yui_3_16_0_ym19_1_1463265527529_6309\"><span style=\"font-size:12.0pt;line-height:115%;font-family:&quot;Arial&quot;,sans-serif\" id=\"yui_3_16_0_ym19_1_1463265527529_6310\">Como  tradi\u00e7\u00e3o no Programa Fant\u00e1stico (Revista Eletr\u00f4nica), da TV Globo, o jogador  que fizer tr\u00eas gols no mesmo embate futebol\u00edstico tem direito a pedir m\u00fasica. E  a\u00ed Emanuel Tadeu Bezerra Schmidt? Nosso maestro pode escolher a melodia? Creio  que sim, n\u00e3o \u00e9? Mas a nota musical maior fica por conta do entrosamento do  elenco, que a cada apresenta\u00e7\u00e3o \u00e9 um concerto em tom maior!<o:p id=\"yui_3_16_0_ym19_1_1463265527529_6311\"><\/o:p><\/span><\/div>\n<div style=\"text-align:justify;text-indent:35.4pt;tab-stops:111.0pt\" id=\"yui_3_16_0_ym19_1_1463265527529_6312\"><span style=\"font-size:12.0pt;line-height:115%;font-family:&quot;Arial&quot;,sans-serif\" id=\"yui_3_16_0_ym19_1_1463265527529_6313\">As  Tricoletes que s\u00f3 ganharam a tacinha da Copa Cinta Liga est\u00e3o se rasgando,  dando pitis, com raivinha e beicinho ao tentarem secar o Mach\u00e3o da Gama! A  cachorrada (nossos melhores fregueses) aprendem com nosso futebol arte. E o  Povo do Gueto (ah, nem vou comentar, isso n\u00e3o \u00e9 gente mesmo!). O fato \u00e9 que o  Trem Bala da Colina est\u00e1 atropelando quem ficar na frente. <o:p id=\"yui_3_16_0_ym19_1_1463265527529_6314\"><\/o:p><\/span><\/div>\n<div style=\"text-align:justify;text-indent:35.4pt;tab-stops:111.0pt\" id=\"yui_3_16_0_ym19_1_1463265527529_6315\"><span style=\"font-size:12.0pt;line-height:115%;font-family:&quot;Arial&quot;,sans-serif\" id=\"yui_3_16_0_ym19_1_1463265527529_6316\">O  pr\u00f3ximo ensinamento de como jogar futebol de verdade (a Sele\u00e7\u00e3o Brasileira  deveria fazer um est\u00e1gio em S\u00e3o Janu\u00e1rio) ser\u00e1 contra o Tupi\/MG, em S\u00e3o  Janu\u00e1rio, s\u00e1bado, em hora a ser definida pela CBF, em partida v\u00e1lida pelo  Brasileir\u00e3o da Segunda Divis\u00e3o. Al\u00e9m de l\u00edder isolado da competi\u00e7\u00e3o (pois tem  um saldo positivo de quatro gols), o Vasc\u00e3o tamb\u00e9m tem o artilheiro da  emula\u00e7\u00e3o, Nen\u00ea com tr\u00eas gols.<o:p id=\"yui_3_16_0_ym19_1_1463265527529_6317\"><\/o:p><\/span><\/div>\n<div style=\"text-align:justify;text-indent:35.4pt;tab-stops:111.0pt\" id=\"yui_3_16_0_ym19_1_1463265527529_6318\"><span style=\"font-size:12.0pt;line-height:115%;font-family:&quot;Arial&quot;,sans-serif\" id=\"yui_3_16_0_ym19_1_1463265527529_6319\"><o:p id=\"yui_3_16_0_ym19_1_1463265527529_6320\">&nbsp;<\/o:p><\/span><\/div>\n<div style=\"text-align:justify;text-indent:35.4pt;tab-stops:111.0pt\" id=\"yui_3_16_0_ym19_1_1463265527529_6321\"><span style=\"font-size:12.0pt;line-height:115%;font-family:&quot;Arial&quot;,sans-serif\" id=\"yui_3_16_0_ym19_1_1463265527529_6322\">&nbsp;<o:p id=\"yui_3_16_0_ym19_1_1463265527529_6323\"><\/o:p><\/span><\/div>\n<div style=\"text-align:justify;text-indent:35.4pt;tab-stops:111.0pt\" id=\"yui_3_16_0_ym19_1_1463265527529_6324\"><span style=\"font-size:12.0pt;line-height:115%;font-family:&quot;Arial&quot;,sans-serif\" id=\"yui_3_16_0_ym19_1_1463265527529_6325\"><o:p id=\"yui_3_16_0_ym19_1_1463265527529_6326\">&nbsp;<\/o:p><\/span><\/div>\n<div style=\"text-align:justify;text-indent:35.4pt;tab-stops:111.0pt\" id=\"yui_3_16_0_ym19_1_1463265527529_6327\"><b id=\"yui_3_16_0_ym19_1_1463265527529_6328\"><u id=\"yui_3_16_0_ym19_1_1463265527529_6329\"><span style=\"font-size:20.0pt;line-height:115%;font-family:&quot;Arial&quot;,sans-serif\" id=\"yui_3_16_0_ym19_1_1463265527529_6330\">DIVULGUEM ESSA COVARDIA:<\/span><\/u><\/b><span style=\"font-size:16.0pt;line-height:115%;font-family:&quot;Arial&quot;,sans-serif\" id=\"yui_3_16_0_ym19_1_1463265527529_6331\"> GOSTARIA  DE PEDIR A TODOS OS MEUS AMIGOS E LEITORES QUE TIRASSE UM TEMPINHO PARA LER A  PETI\u00c7\u00c3O P\u00daBLICA, AO QUAL SEGUE ABAIXO O LINK. TAL DOCUMENTO REFERE-SE A <b id=\"yui_3_16_0_ym19_1_1463265527529_6332\"><u id=\"yui_3_16_0_ym19_1_1463265527529_6333\">UM ATO DE COVARDIA POR PARTE DA  VOLKSWAGEN DO BRASIL EM COAUTORIA DA ABOLI\u00c7\u00c3O VE\u00cdCULOS (GRUPO AB)<\/u><\/b>  CONTRA ESTE VELHO JORNALISTA. A REFERIDA CONCESSION\u00c1RIA EST\u00c1 ME LESANDO DESDE  FEVEREIRO DE 2013. MEU CARRO FOI BATIDO DENTRO DA OFICINA, FURTARAM ACESS\u00d3RIOS,  TEM PROBLEMAS CAUSADOS POR ELES, AL\u00c9M DE DEFEITOS DE FABRICA\u00c7\u00c3O. O CARRO 0 KM  COMPRADO POR MIM HOJE SE ENCONTRA NA OFICINA DA ABOLI\u00c7\u00c3O VE\u00cdCULOS (CENTRO DE  NITER\u00d3I) <b id=\"yui_3_16_0_ym19_1_1463265527529_6334\"><u id=\"yui_3_16_0_ym19_1_1463265527529_6335\">DESDE 10 DE JUNHO DE 2013<\/u><\/b>,  OU MELHOR, H\u00c1 <b id=\"yui_3_16_0_ym19_1_1463265527529_6336\"><u id=\"yui_3_16_0_ym19_1_1463265527529_6337\">35 MESES, OU SEJA, 2  ANOS E ONZE MESES.<\/u><\/b> <b id=\"yui_3_16_0_ym19_1_1463265527529_6338\"><u id=\"yui_3_16_0_ym19_1_1463265527529_6339\">TEM APENAS  729 KM RODADOS<\/u><\/b> PARA COMPROVAR O CALV\u00c1RIO TENHO DOCUMENTOS, GRAVA\u00c7\u00d5ES DE  AUDIO E V\u00cdDEO, MAIS DE 600 FOTOGRAFIAS E E-MAILS TROCADOS COM FUNCION\u00c1RIOS DO  BAIXO, M\u00c9DIO E ALTO ESCAL\u00c3O DA EMPRESA. POR FAVOR, ASSINEM O DOCUMENTO PARA QUE  OUTROS CONSUMIDORES N\u00c3O SEJAM LESADOS POR EMPRESAS DESTE N\u00cdVEL.&nbsp; <\/span><a href=\"https:\/\/secure.avaaz.org\/po\/petition\/Aos_Orgaos_de_Defesa_do_Consumidor_e_ao_Poder_Judiciario_JUSTICA_CONTRA_UMA_MARCA_E_SUA_REVENDERORA_QUE_DESCUMPREM_A_LEI\/?lJEcNfb&amp;pv=0\" id=\"yui_3_16_0_ym19_1_1463265527529_6340\"><span style=\"font-size:16.0pt;line-height:115%;font-family:&quot;Arial&quot;,sans-serif\" id=\"yui_3_16_0_ym19_1_1463265527529_6341\">https:\/\/secure.avaaz.org\/po\/petition\/Aos_Orgaos_de_Defesa_do_Consumidor_e_ao_Poder_Judiciario_JUSTICA_CONTRA_UMA_MARCA_E_SUA_REVENDERORA_QUE_DESCUMPREM_A_LEI\/?lJEcNfb&amp;pv=0<\/span><\/a><span style=\"font-size:16.0pt;line-height:115%;font-family:&quot;Arial&quot;,sans-serif\" id=\"yui_3_16_0_ym19_1_1463265527529_6342\"><o:p id=\"yui_3_16_0_ym19_1_1463265527529_6343\"><\/o:p><\/span><\/div>\n<div style=\"text-align:justify;tab-stops:111.0pt\" id=\"yui_3_16_0_ym19_1_1463265527529_6344\"><span style=\"font-size:16.0pt;line-height:115%;font-family:&quot;Arial&quot;,sans-serif\" id=\"yui_3_16_0_ym19_1_1463265527529_6345\"><o:p id=\"yui_3_16_0_ym19_1_1463265527529_6346\">&nbsp;<\/o:p><\/span><\/div>\n<div style=\"text-align:justify;tab-stops:111.0pt\" id=\"yui_3_16_0_ym19_1_1463265527529_6347\"><b id=\"yui_3_16_0_ym19_1_1463265527529_6348\"><span style=\"font-size:16.0pt;line-height:115%;font-family:&quot;Arial&quot;,sans-serif\" id=\"yui_3_16_0_ym19_1_1463265527529_6349\">&nbsp;&nbsp;&nbsp;&nbsp;&nbsp;&nbsp;&nbsp;&nbsp;&nbsp;&nbsp;&nbsp;&nbsp;&nbsp;&nbsp;&nbsp;&nbsp;&nbsp;&nbsp;&nbsp;&nbsp;&nbsp;&nbsp;&nbsp;&nbsp; &nbsp;&nbsp;&nbsp;&nbsp;&nbsp;&nbsp; <o:p id=\"yui_3_16_0_ym19_1_1463265527529_6350\"><\/o:p><\/span><\/b><\/div>\n<div id=\"yui_3_16_0_ym19_1_1463265527529_6097\">                                        <\/div>\n<div style=\"text-align:justify\" dir=\"ltr\" id=\"yui_3_16_0_ym19_1_1463265527529_6351\"><b id=\"yui_3_16_0_ym19_1_1463265527529_6352\"><span style=\"font-size:14.0pt;line-height:115%;font-family:&quot;Arial&quot;,sans-serif\" id=\"yui_3_16_0_ym19_1_1463265527529_6353\">AP\u00d3S  AS TODAS AS PARTIDAS DO VASC\u00c3O EM MEU PERFIL DO FACEBOOK (QUEM QUISER RECEBER  AS CR\u00d4NICAS DE PRIMEIRA M\u00c3O \u00c9 S\u00d3 ME ADICIONAR), E NOS SITES WEBVASCO  (<a href=\"http:\/\/www.webvasco.com\">www.webvasco.com<\/a>), E VASCA\u00cdNOS UNIDOS (<a href=\"http:\/\/www.vascainosunidos.com.br\">www.vascainosunidos.com.br<\/a>) TEM A  OPINI\u00c3O DO JORNALISTA LUIZ CARLOS ROCHA. LEIAM! COMPARTILHEM E CURTAM!  VASCA\u00cdNOS UNIDOS JAMAIS SER\u00c3O VENCIDOS.<o:p id=\"yui_3_16_0_ym19_1_1463265527529_6354\"><\/o:p><\/span><\/b><\/div>\n<div id=\"yui_3_16_0_ym19_1_1463265527529_6097\"><span><br \/><\/span><\/div>\n<div id=\"yui_3_16_0_ym19_1_1463265527529_6097\"><span><br \/><\/span><\/div>\n<div><\/div>\n<div id=\"yui_3_16_0_ym19_1_1463265527529_6094\">&nbsp;<\/div>\n<div class=\"signature\" id=\"yui_3_16_0_ym19_1_1463265527529_6147\">\n<div id=\"RTEContent\">\n<div id=\"yui_3_16_0_ym19_1_1463265527529_6146\">\n<div id=\"yui_3_16_0_ym19_1_1463265527529_6145\">\n<div id=\"yui_3_16_0_ym19_1_1463265527529_6144\">\n<div align=\"center\" id=\"yui_3_16_0_ym19_1_1463265527529_6143\"><\/div>\n<\/div>\n<\/div>\n<\/div>\n<\/div>\n<\/div>\n<\/div>\n<\/div>\n<p><\/p>\n","protected":false},"excerpt":{"rendered":"<p>N\u00e3o \u00e9 por acaso que o Vasco da Gama \u00e9 bicampe\u00e3o carioca (se os Molambos&#8230;<\/p>\n","protected":false},"author":7,"featured_media":0,"comment_status":"open","ping_status":"closed","sticky":false,"template":"","format":"standard","meta":{"footnotes":""},"categories":[4],"tags":[],"class_list":["post-7831","post","type-post","status-publish","format-standard","hentry","category-luizcarlosrocha"],"_links":{"self":[{"href":"https:\/\/webvasco.com\/artigos\/wp-json\/wp\/v2\/posts\/7831","targetHints":{"allow":["GET"]}}],"collection":[{"href":"https:\/\/webvasco.com\/artigos\/wp-json\/wp\/v2\/posts"}],"about":[{"href":"https:\/\/webvasco.com\/artigos\/wp-json\/wp\/v2\/types\/post"}],"author":[{"embeddable":true,"href":"https:\/\/webvasco.com\/artigos\/wp-json\/wp\/v2\/users\/7"}],"replies":[{"embeddable":true,"href":"https:\/\/webvasco.com\/artigos\/wp-json\/wp\/v2\/comments?post=7831"}],"version-history":[{"count":0,"href":"https:\/\/webvasco.com\/artigos\/wp-json\/wp\/v2\/posts\/7831\/revisions"}],"wp:attachment":[{"href":"https:\/\/webvasco.com\/artigos\/wp-json\/wp\/v2\/media?parent=7831"}],"wp:term":[{"taxonomy":"category","embeddable":true,"href":"https:\/\/webvasco.com\/artigos\/wp-json\/wp\/v2\/categories?post=7831"},{"taxonomy":"post_tag","embeddable":true,"href":"https:\/\/webvasco.com\/artigos\/wp-json\/wp\/v2\/tags?post=7831"}],"curies":[{"name":"wp","href":"https:\/\/api.w.org\/{rel}","templated":true}]}}