{"id":7832,"date":"2016-05-16T22:49:47","date_gmt":"2016-05-17T01:49:47","guid":{"rendered":"http:\/\/webvasco.com\/artigos\/?p=7832"},"modified":"2016-05-16T22:55:31","modified_gmt":"2016-05-17T01:55:31","slug":"conscincia-e-discernimento","status":"publish","type":"post","link":"https:\/\/webvasco.com\/artigos\/colunistas\/conscincia-e-discernimento\/","title":{"rendered":"Consci&ecirc;ncia e discernimento"},"content":{"rendered":"<div dir=\"ltr\">\n<p>Realmente, n\u00e3o fa\u00e7o ideia de qu\u00e3o intensidade os\u00a0imponder\u00e1veis que poder\u00e3o vir (ou n\u00e3o)\u00a0pelo caminho agir\u00e3o (ou n\u00e3o)\u00a0como obst\u00e1culos durante essa terceira (e desejo que seja a \u00daLTIMA) trajet\u00f3ria do Vasco durante a s\u00e9rie B \/ 2016.\u00a0<\/p>\n<p>Imponder\u00e1veis esses: perda de atletas (seja por contus\u00e3o, por suspens\u00e3o\u00a0ou por transfer\u00eancia) e arbitragens, em especial. <\/p>\n<p>Sobre o primeiro imponder\u00e1vel citado, digo-lhes que o grupo precisa de mais (e jovens) op\u00e7\u00f5es para rota\u00e7\u00e3o de plantel, em n\u00edveis (\u00f3bvio) abaixo de Nen\u00ea e Andrezinho (mesmo porque, dif\u00edcil hoje no futebol brasileiro e latino-americano se achar atletas que combinem juventude &#8211; boa qualidade e pre\u00e7o acess\u00edvel num &quot;pacote&quot; s\u00f3) e acima dos imaturos Matheus Vital e Evander que, ainda, afloram da base mas que podem, sem d\u00favida, ainda se desenvolverem como jogadores. Um ou dois volantes e em igual n\u00famero para atacantes tamb\u00e9m s\u00e3o necess\u00e1rios: o Vasco perdeu (ao que parece) Riascos hoje, de volta para o Cruzeiro. MUITO LONGE da ideia de que Riascos seja o atacante-suprassumo de que tanto precisar\u00edamos: o problema \u00e9 quem ser\u00e1\u00a0seu\u00a0substituto, se n\u00e3o for buscar um fora do atual plantel. Leandr\u00e3o (rec\u00e9m retornado do Boavista) e Thalles (a eterna promessa) n\u00e3o inspiram confian\u00e7a. Se podem servir como SOS para a s\u00e9rie B (ou nem pra isso), o mesmo n\u00e3o podemos dizer sobre a Copa do Brasil que, segundo nosso Presidente diz e eu concordo, \u00e9 nossa real s\u00e9rie A em 2016.Penso que com tais jogadores &quot;pincelados&quot; (palavra, mais uma vez, empregada por nosso Presidente), resolvemos essa quest\u00e3o e teremos um grupo, ainda, mais forte do que j\u00e1 temos, desconsiderando eventuais sa\u00eddas em meio \u00e0s janelas de transfer\u00eancia que, ali\u00e1s, \u00e9 um problema (ou n\u00e3o) para todos os clubes, e n\u00e3o somente para o Vasco.<\/p>\n<p>Quanto ao segundo imponder\u00e1vel, \u00e9 not\u00f3rio que o n\u00edvel de arbitragens da s\u00e9rie B &#8211; assim como o da grande maioria de seus times &#8211; \u00e9 mais fraco do que o da s\u00e9rie A. N\u00e3o por acaso vimos durante duas oportunidades nos \u00faltimos dois jogos (CRB &#8211; time da s\u00e9rie C\u00a0e Sampaio Correia) fora de casa: jogadores do Vasco sendo &quot;ca\u00e7ados&quot; em campo, marcados duramente em cima, muitas vezes com faltas sob os ausp\u00edcios de brutalidade\u00a0e com a complac\u00eancia da arbitragem. Isso n\u00e3o \u00e9 novidade para quem acompanha como s\u00e3o os jogos da s\u00e9rie B para n\u00edveis mais abaixo, portanto, \u00e9 preciso de ter um grupo qualificado tecnicamente ao ponto de transpor mais essa barreira, em especial, para as grandes marcas que por l\u00e1 passam. E n\u00e3o podemos negar: esse tal grupo qualificado TEMOS HOJE!<\/p>\n<p>N\u00e3o posso ser leviano de lhes afirmar que, a cada jogo, o Vasco produzir\u00e1 resultados expressivos tal como produzido em sua estreia no \u00faltimo s\u00e1bado, resultado esse que, ali\u00e1s, em termos de imposta\u00e7\u00e3o de respeito, para n\u00f3s, foi muito importante, pois j\u00e1 demonstra desde j\u00e1 para todos os concorrentes que somos, de fato, o time a ser batido, e que os demais h\u00e3o de brigar por tr\u00eas vagas e da segunda posi\u00e7\u00e3o para baixo, pois em condi\u00e7\u00f5es normais de momento, o Vasco sobra MUITO nesse certame: tanto em grupo de jogadores quanto em marca. <\/p>\n<p>Mas posso, sem receio, afirmar que vejo esse grupo do Vasco amadurecido e suficientemente consciente de si pr\u00f3prio,\u00a0de seus advers\u00e1rios e dos imponder\u00e1veis que, como escrevi, poder\u00e3o ou n\u00e3o \u00a0estarem presentes em nosso caminho. Amadurecido pelo sofrimento, conscientes de seu melhor n\u00edvel t\u00e9cnico em conjunto, do projeto como um todo e da necessidade do Vasco voltar em grande estilo \u00e0 s\u00e9rie A, em 2017. N\u00e3o sob vaias adquiridas por um grupo que estava nem a\u00ed para a marca em 2014, e sim, sob aplausos de quem, ao meio da turbul\u00eancia, &quot;abra\u00e7ou&quot; a causa e &quot;comprou&quot; a ideia de respeito pela giganteza da institui\u00e7\u00e3o, com uma apaixonada torcida merecedora de um retorno ao n\u00edvel de Vasco a lhes dar todo apoio necess\u00e1rio para que esse pesadelo, pela terceira vez e nessa de forma mais r\u00e1pida, possa se encerrar de uma vez por todas.<\/p>\n<p>Sendo bem sincero, considero como os dois imponder\u00e1veis citados outrora nossos maiores advers\u00e1rios, sem falsa mod\u00e9stia. E creio que estejamos no rumo correto, pois a partir do momento que comprovo o reconhecimento do trabalho que o departamento de futebol do Vasco vem desenvolvendo desde janeiro desse ano por parte de comentaristas e colunistas antes c\u00e9ticos e rotuladores desse grupo como &quot;elenco de veteranos&quot;, constato que alguma li\u00e7\u00e3o pode ter se aprendido com rela\u00e7\u00e3o, em especial, \u00e0 segunda metade do ano passado. Mesmo que os respons\u00e1veis pelo desastre que se abateu entre maio e setembro, em especial, do \u00faltimo ano, remanescentes na\u00a0n\u00e3o se queiram admitir em p\u00fablico&#8230;<\/p>\n<p>Trato, portanto em condi\u00e7\u00f5es normais, nossa trajet\u00f3ria desse ano como uma longa jornada de trinta e oito treinos oficiais (j\u00e1 fazendo uma analogia com o automobilismo) antes do Vasco voltar ao lugar que, pela terceira vez em sua hist\u00f3ria, saiu, mais que JAMAIS deveria ter ocorrido, nem somente uma vez!<\/p>\n<p>********<\/p>\n<p>Algumas considera\u00e7\u00f5es se fazem necess\u00e1rias. H\u00e1 de se discernir diretoria e departamento de futebol. A diretoria \u00e9 merecedora de toda e qualquer cr\u00edtica por ter nos levado a uma situa\u00e7\u00e3o em que se permitisse um quadro quase irrevers\u00edvel de queda para a s\u00e9rie B, em 2015 (ano passado) e que, ainda assim, se ficamos a merc\u00ea das arbitragens que, de fato, nos prejudicaram MUITO no \u00faltimo certame da elite, isso s\u00f3 ocorreu porque, antes, chegamos a uma posi\u00e7\u00e3o de total calamidade provocada por m\u00e1s decis\u00f5es, em especial, entre maio e setembro, per\u00edodo do PIOR VEXAME de toda a hist\u00f3ria do clube em campeonatos brasileiros.<\/p>\n<p>Quanto ao departamento de futebol, em especial comiss\u00e3o t\u00e9cnica e grupo de jogadores, listo de forma objetiva cinco motivos pelos quais o torcedor do Vasco deve apoiar essa causa, considerando antes que o ser humano, em geral, \u00e9 melhor movido e incentivado atrav\u00e9s de elogios e reconhecimento pelo seu esfor\u00e7o, dedica\u00e7\u00e3o e trabalho:<\/p>\n<p>1 &#8211; Temos um time BI-CAMPE\u00c3O, de forma INVICTA pela SEXTA VEZ em sua hist\u00f3ria, que n\u00e3o perde h\u00e1 mais de SEIS MESES e h\u00e1 VINTE E SETE JOGOS;<\/p>\n<p>2 &#8211; Temos um grupo COMPROMETIDO que, ao contr\u00e1rio do nojo demonstrado pelo grupo de 2014, compreendeu o a dimens\u00e3o do Vasco e o qu\u00e3o \u00e9 desperd\u00edcio essa marca na s\u00e9rie B;<\/p>\n<p>3 &#8211; \u00c9 com esse grupo de jogadores que vamos at\u00e9 o final, portanto, \u00e9 totalmente incoerente e repugnante se criticar um grupo que realiza um belo\u00a0trabalho faz tempo;<\/p>\n<p>4 &#8211; \u00c9 DIGNO da natureza humana saber se criticar e se reconhecer o bom nas horas certas, mesmo que esse bom momento seja ao meio de mais uma s\u00e9rie B (lembrando que os n\u00fameros percentuais de aproveitamento\u00a0desse grupo formado por Jorginho e Zinho n\u00e3o nos levariam \u00e0 s\u00e9rie B). Os mesmos que foram merecedores de severas crt\u00edticas em 02 de setembro do ano passado, hoje por quest\u00e3o de JUSTI\u00c7A, s\u00e3o DIGNOS de reconhecimento e de elogios por saberem ressurgir ao meio de um cen\u00e1rio t\u00e3o horr\u00edvel simbolizado pelo \u00e1pice dos 6 vs 0;<\/p>\n<p>5 &#8211; SOMOS VASCO ACIMA DE TUDO! E a essa \u00faltima coloca\u00e7\u00e3o, todo o desprovimento de v\u00edcios pol\u00edticos, sentimentos de \u00f3dio ou de amor por dirigentes do passado e do presente por parte de cada um de n\u00f3s. E, ainda, sem o pensamento de querer se torcer para que uma determinada situa\u00e7\u00e3o d\u00ea errado ou certo para que se tenha raz\u00e3o, em detrimento de se sentir aliviado por mais uma etapa do resgate cumprida\u00a0com \u00eaxito.<\/p>\n<p>@mscmariotti<\/p>\n<\/div>\n<p><\/p>\n","protected":false},"excerpt":{"rendered":"<p>Realmente, n\u00e3o fa\u00e7o ideia de qu\u00e3o intensidade os\u00a0imponder\u00e1veis que poder\u00e3o vir (ou n\u00e3o)\u00a0pelo caminho agir\u00e3o&#8230;<\/p>\n","protected":false},"author":12,"featured_media":0,"comment_status":"open","ping_status":"closed","sticky":false,"template":"","format":"standard","meta":{"footnotes":""},"categories":[3],"tags":[],"class_list":["post-7832","post","type-post","status-publish","format-standard","hentry","category-colunistas"],"_links":{"self":[{"href":"https:\/\/webvasco.com\/artigos\/wp-json\/wp\/v2\/posts\/7832","targetHints":{"allow":["GET"]}}],"collection":[{"href":"https:\/\/webvasco.com\/artigos\/wp-json\/wp\/v2\/posts"}],"about":[{"href":"https:\/\/webvasco.com\/artigos\/wp-json\/wp\/v2\/types\/post"}],"author":[{"embeddable":true,"href":"https:\/\/webvasco.com\/artigos\/wp-json\/wp\/v2\/users\/12"}],"replies":[{"embeddable":true,"href":"https:\/\/webvasco.com\/artigos\/wp-json\/wp\/v2\/comments?post=7832"}],"version-history":[{"count":0,"href":"https:\/\/webvasco.com\/artigos\/wp-json\/wp\/v2\/posts\/7832\/revisions"}],"wp:attachment":[{"href":"https:\/\/webvasco.com\/artigos\/wp-json\/wp\/v2\/media?parent=7832"}],"wp:term":[{"taxonomy":"category","embeddable":true,"href":"https:\/\/webvasco.com\/artigos\/wp-json\/wp\/v2\/categories?post=7832"},{"taxonomy":"post_tag","embeddable":true,"href":"https:\/\/webvasco.com\/artigos\/wp-json\/wp\/v2\/tags?post=7832"}],"curies":[{"name":"wp","href":"https:\/\/api.w.org\/{rel}","templated":true}]}}