{"id":7833,"date":"2016-05-22T15:04:57","date_gmt":"2016-05-22T18:04:57","guid":{"rendered":"http:\/\/webvasco.com\/artigos\/?p=7833"},"modified":"2016-05-22T15:08:52","modified_gmt":"2016-05-22T18:08:52","slug":"tupi-no-top","status":"publish","type":"post","link":"https:\/\/webvasco.com\/artigos\/colunistas\/luizcarlosrocha\/tupi-no-top\/","title":{"rendered":"TUPI N&Atilde;O! TOP!"},"content":{"rendered":"<div>\n<div style=\"color:#000; background-color:#fff; font-family:HelveticaNeue-Light, Helvetica Neue Light, Helvetica Neue, Helvetica, Arial, Lucida Grande, sans-serif;font-size:32px\">\n<div style=\"text-align:justify;text-indent:35.4pt;tab-stops:111.0pt\" id=\"yui_3_16_0_ym19_1_1463938911968_20156\"><span style=\"font-size:12.0pt;line-height:115%;font-family:&quot;Arial&quot;,sans-serif\" id=\"yui_3_16_0_ym19_1_1463938911968_20157\">Ao  vencer, ontem, o Tupi, de Juiz de Fora, em S\u00e3o Janu\u00e1rio, por 1 a 0, gol de  Luan, aos 38 minutos da etapa vestibular, o Vasco da Gama garantiu a lideran\u00e7a  do Campeonato Brasileiro, da S\u00e9rie B, e a invencibilidade de 29 partidas. Isso  n\u00e3o \u00e9 para qualquer equipe, somente um time com a hist\u00f3ria do Gigante da  Colina, com uma camisa vitoriosa poderia ter uma marca top no cen\u00e1rio  futebol\u00edstico brasileiro. Aqui \u00e9 Vasco!<o:p id=\"yui_3_16_0_ym19_1_1463938911968_20158\"><\/o:p><\/span><\/div>\n<div style=\"text-align:justify;text-indent:35.4pt;tab-stops:111.0pt\" id=\"yui_3_16_0_ym19_1_1463938911968_20159\"><span style=\"font-size:12.0pt;line-height:115%;font-family:&quot;Arial&quot;,sans-serif\" id=\"yui_3_16_0_ym19_1_1463938911968_20160\">A  Segunda Rodada da competi\u00e7\u00e3o serviu para o treinador Jorginho ver que o time  est\u00e1 certinho, mesmo assim precisa de ajustes. Afinal, desgastes acontecem. Por\u00e9m,  o resultado tem sido bem satisfat\u00f3rio. Em dois embates, o Cruzmaltino venceu  ambos. S\u00e3o seis pontos ganhos na tabela de classifica\u00e7\u00e3o. L\u00edder isolado do  Brasileir\u00e3o.<o:p id=\"yui_3_16_0_ym19_1_1463938911968_20161\"><\/o:p><\/span><\/div>\n<div style=\"text-align:justify;text-indent:35.4pt;tab-stops:111.0pt\" id=\"yui_3_16_0_ym19_1_1463938911968_20162\"><span style=\"font-size:12.0pt;line-height:115%;font-family:&quot;Arial&quot;,sans-serif\" id=\"yui_3_16_0_ym19_1_1463938911968_20163\">O gol  do zagueiro-artilheiro foi ap\u00f3s uma cobran\u00e7a de falta do maestro Nen\u00ea, que  achou mais uma vez a cabe\u00e7a de Luan. Foi fatal. Contabilizando mais uma vit\u00f3ria  para o Vasc\u00e3o. O \u00e1rbitro Francisco Carlos do Nascimento ainda expulsou o meia  Jonathan, ap\u00f3s entrada dur\u00edssima em Evander. Justo!<o:p id=\"yui_3_16_0_ym19_1_1463938911968_20164\"><\/o:p><\/span><\/div>\n<div style=\"text-align:justify;text-indent:35.4pt;tab-stops:111.0pt\" id=\"yui_3_16_0_ym19_1_1463938911968_20165\"><span style=\"font-size:12.0pt;line-height:115%;font-family:&quot;Arial&quot;,sans-serif\" id=\"yui_3_16_0_ym19_1_1463938911968_20166\">Agora  \u00e9 pensar no Vila Nova, pois na ter\u00e7a-feira, dia 24 de maio, o Vasco visitar\u00e1 o  Est\u00e1dio On\u00e9sio Brasileiro Alvarenga (Est\u00e1dio Serra Dourada), em Goi\u00e2nia\/GO.  Tudo indica que ser\u00e1 a 30\u00aa vit\u00f3ria vasca\u00edna. Mas \u00e9 preciso atuar com seriedade  e respeito ao advers\u00e1rio. Avante Vasc\u00e3o!<o:p id=\"yui_3_16_0_ym19_1_1463938911968_20167\"><\/o:p><\/span><\/div>\n<div style=\"text-align:justify;text-indent:35.4pt;tab-stops:111.0pt\" id=\"yui_3_16_0_ym19_1_1463938911968_20168\"><span style=\"font-size:12.0pt;line-height:115%;font-family:&quot;Arial&quot;,sans-serif\" id=\"yui_3_16_0_ym19_1_1463938911968_20169\"><o:p id=\"yui_3_16_0_ym19_1_1463938911968_20170\">&nbsp;<\/o:p><\/span><\/div>\n<div style=\"text-align:justify;text-indent:35.4pt;tab-stops:111.0pt\" id=\"yui_3_16_0_ym19_1_1463938911968_20171\"><span style=\"font-size:12.0pt;line-height:115%;font-family:&quot;Arial&quot;,sans-serif\" id=\"yui_3_16_0_ym19_1_1463938911968_20172\"><o:p id=\"yui_3_16_0_ym19_1_1463938911968_20173\">&nbsp;<\/o:p><\/span><\/div>\n<div style=\"text-align:justify;text-indent:35.4pt;tab-stops:111.0pt\" id=\"yui_3_16_0_ym19_1_1463938911968_20174\"><b id=\"yui_3_16_0_ym19_1_1463938911968_20175\"><u id=\"yui_3_16_0_ym19_1_1463938911968_20176\"><span style=\"font-size:20.0pt;line-height:115%;font-family:&quot;Arial&quot;,sans-serif\" id=\"yui_3_16_0_ym19_1_1463938911968_20177\">DIVULGUEM ESSA COVARDIA:<\/span><\/u><\/b><span style=\"font-size:16.0pt;line-height:115%;font-family:&quot;Arial&quot;,sans-serif\" id=\"yui_3_16_0_ym19_1_1463938911968_20178\"> GOSTARIA  DE PEDIR A TODOS OS MEUS AMIGOS E LEITORES QUE TIRASSE UM TEMPINHO PARA LER A  PETI\u00c7\u00c3O P\u00daBLICA, AO QUAL SEGUE ABAIXO O LINK. TAL DOCUMENTO REFERE-SE A <b id=\"yui_3_16_0_ym19_1_1463938911968_20179\"><u id=\"yui_3_16_0_ym19_1_1463938911968_20180\">UM ATO DE COVARDIA POR PARTE DA  VOLKSWAGEN DO BRASIL EM COAUTORIA DA ABOLI\u00c7\u00c3O VE\u00cdCULOS (GRUPO AB)<\/u><\/b>  CONTRA ESTE VELHO JORNALISTA. A REFERIDA CONCESSION\u00c1RIA EST\u00c1 ME LESANDO DESDE  FEVEREIRO DE 2013. MEU CARRO FOI BATIDO DENTRO DA OFICINA, FURTARAM ACESS\u00d3RIOS,  TEM PROBLEMAS CAUSADOS POR ELES, AL\u00c9M DE DEFEITOS DE FABRICA\u00c7\u00c3O. O CARRO 0 KM  COMPRADO POR MIM HOJE SE ENCONTRA NA OFICINA DA ABOLI\u00c7\u00c3O VE\u00cdCULOS (CENTRO DE  NITER\u00d3I) <b id=\"yui_3_16_0_ym19_1_1463938911968_20181\"><u id=\"yui_3_16_0_ym19_1_1463938911968_20182\">DESDE 10 DE JUNHO DE 2013<\/u><\/b>,  OU MELHOR, H\u00c1 <b id=\"yui_3_16_0_ym19_1_1463938911968_20183\"><u id=\"yui_3_16_0_ym19_1_1463938911968_20184\">35 MESES, OU SEJA, 2  ANOS E ONZE MESES.<\/u><\/b> <b id=\"yui_3_16_0_ym19_1_1463938911968_20185\"><u id=\"yui_3_16_0_ym19_1_1463938911968_20186\">TEM APENAS  729 KM RODADOS<\/u><\/b> PARA COMPROVAR O CALV\u00c1RIO TENHO DOCUMENTOS, GRAVA\u00c7\u00d5ES DE  AUDIO E V\u00cdDEO, MAIS DE 600 FOTOGRAFIAS E E-MAILS TROCADOS COM FUNCION\u00c1RIOS DO  BAIXO, M\u00c9DIO E ALTO ESCAL\u00c3O DA EMPRESA. POR FAVOR, ASSINEM O DOCUMENTO PARA QUE  OUTROS CONSUMIDORES N\u00c3O SEJAM LESADOS POR EMPRESAS DESTE N\u00cdVEL.&nbsp; <\/span><a href=\"https:\/\/secure.avaaz.org\/po\/petition\/Aos_Orgaos_de_Defesa_do_Consumidor_e_ao_Poder_Judiciario_JUSTICA_CONTRA_UMA_MARCA_E_SUA_REVENDERORA_QUE_DESCUMPREM_A_LEI\/?lJEcNfb&amp;pv=0\" id=\"yui_3_16_0_ym19_1_1463938911968_20187\"><span style=\"font-size:16.0pt;line-height:115%;font-family:&quot;Arial&quot;,sans-serif\" id=\"yui_3_16_0_ym19_1_1463938911968_20188\">https:\/\/secure.avaaz.org\/po\/petition\/Aos_Orgaos_de_Defesa_do_Consumidor_e_ao_Poder_Judiciario_JUSTICA_CONTRA_UMA_MARCA_E_SUA_REVENDERORA_QUE_DESCUMPREM_A_LEI\/?lJEcNfb&amp;pv=0<\/span><\/a><span style=\"font-size:16.0pt;line-height:115%;font-family:&quot;Arial&quot;,sans-serif\" id=\"yui_3_16_0_ym19_1_1463938911968_20189\"><o:p id=\"yui_3_16_0_ym19_1_1463938911968_20190\"><\/o:p><\/span><\/div>\n<div style=\"text-align:justify;tab-stops:111.0pt\" id=\"yui_3_16_0_ym19_1_1463938911968_20191\"><span style=\"font-size:16.0pt;line-height:115%;font-family:&quot;Arial&quot;,sans-serif\" id=\"yui_3_16_0_ym19_1_1463938911968_20192\"><o:p id=\"yui_3_16_0_ym19_1_1463938911968_20193\">&nbsp;<\/o:p><\/span><\/div>\n<div style=\"text-align:justify;tab-stops:111.0pt\" id=\"yui_3_16_0_ym19_1_1463938911968_20194\"><b id=\"yui_3_16_0_ym19_1_1463938911968_20195\"><span style=\"font-size:16.0pt;line-height:115%;font-family:&quot;Arial&quot;,sans-serif\" id=\"yui_3_16_0_ym19_1_1463938911968_20196\">&nbsp;&nbsp;&nbsp;&nbsp;&nbsp;&nbsp;&nbsp;&nbsp;&nbsp;&nbsp;&nbsp;&nbsp;&nbsp;&nbsp;&nbsp;&nbsp;&nbsp;&nbsp;&nbsp;&nbsp;&nbsp;&nbsp;&nbsp;&nbsp; &nbsp;&nbsp;&nbsp;&nbsp;&nbsp;&nbsp; <o:p id=\"yui_3_16_0_ym19_1_1463938911968_20197\"><\/o:p><\/span><\/b><\/div>\n<div id=\"yui_3_16_0_ym19_1_1463938911968_19968\">                                    <\/div>\n<div style=\"text-align:justify\" dir=\"ltr\" id=\"yui_3_16_0_ym19_1_1463938911968_20198\"><b id=\"yui_3_16_0_ym19_1_1463938911968_20199\"><span style=\"font-size:14.0pt;line-height:115%;font-family:&quot;Arial&quot;,sans-serif\" id=\"yui_3_16_0_ym19_1_1463938911968_20200\">AP\u00d3S  AS TODAS AS PARTIDAS DO VASC\u00c3O EM MEU PERFIL DO FACEBOOK (QUEM QUISER RECEBER  AS CR\u00d4NICAS DE PRIMEIRA M\u00c3O \u00c9 S\u00d3 ME ADICIONAR), E NOS SITES WEBVASCO  (<a href=\"http:\/\/www.webvasco.com\">www.webvasco.com<\/a>), E VASCA\u00cdNOS UNIDOS (<a href=\"http:\/\/www.vascainosunidos.com.br\">www.vascainosunidos.com.br<\/a>) TEM A  OPINI\u00c3O DO JORNALISTA LUIZ CARLOS ROCHA. LEIAM! COMPARTILHEM E CURTAM!  VASCA\u00cdNOS UNIDOS JAMAIS SER\u00c3O VENCIDOS.<o:p id=\"yui_3_16_0_ym19_1_1463938911968_20201\"><\/o:p><\/span><\/b><\/div>\n<div id=\"yui_3_16_0_ym19_1_1463938911968_19968\"><span><br \/><\/span><\/div>\n<div id=\"yui_3_16_0_ym19_1_1463938911968_19968\"><span><br \/><\/span><\/div>\n<div><\/div>\n<div id=\"yui_3_16_0_ym19_1_1463938911968_19975\">&nbsp;<\/div>\n<div class=\"signature\" id=\"yui_3_16_0_ym19_1_1463938911968_19980\">\n<div id=\"RTEContent\">\n<div id=\"yui_3_16_0_ym19_1_1463938911968_19979\">\n<div id=\"yui_3_16_0_ym19_1_1463938911968_19978\">\n<div id=\"yui_3_16_0_ym19_1_1463938911968_19977\">\n<div align=\"center\" id=\"yui_3_16_0_ym19_1_1463938911968_19976\"><\/div>\n<\/div>\n<\/div>\n<\/div>\n<\/div>\n<\/div>\n<\/div>\n<\/div>\n<p><\/p>\n","protected":false},"excerpt":{"rendered":"<p>Ao vencer, ontem, o Tupi, de Juiz de Fora, em S\u00e3o Janu\u00e1rio, por 1 a&#8230;<\/p>\n","protected":false},"author":7,"featured_media":0,"comment_status":"open","ping_status":"closed","sticky":false,"template":"","format":"standard","meta":{"footnotes":""},"categories":[4],"tags":[],"class_list":["post-7833","post","type-post","status-publish","format-standard","hentry","category-luizcarlosrocha"],"_links":{"self":[{"href":"https:\/\/webvasco.com\/artigos\/wp-json\/wp\/v2\/posts\/7833","targetHints":{"allow":["GET"]}}],"collection":[{"href":"https:\/\/webvasco.com\/artigos\/wp-json\/wp\/v2\/posts"}],"about":[{"href":"https:\/\/webvasco.com\/artigos\/wp-json\/wp\/v2\/types\/post"}],"author":[{"embeddable":true,"href":"https:\/\/webvasco.com\/artigos\/wp-json\/wp\/v2\/users\/7"}],"replies":[{"embeddable":true,"href":"https:\/\/webvasco.com\/artigos\/wp-json\/wp\/v2\/comments?post=7833"}],"version-history":[{"count":0,"href":"https:\/\/webvasco.com\/artigos\/wp-json\/wp\/v2\/posts\/7833\/revisions"}],"wp:attachment":[{"href":"https:\/\/webvasco.com\/artigos\/wp-json\/wp\/v2\/media?parent=7833"}],"wp:term":[{"taxonomy":"category","embeddable":true,"href":"https:\/\/webvasco.com\/artigos\/wp-json\/wp\/v2\/categories?post=7833"},{"taxonomy":"post_tag","embeddable":true,"href":"https:\/\/webvasco.com\/artigos\/wp-json\/wp\/v2\/tags?post=7833"}],"curies":[{"name":"wp","href":"https:\/\/api.w.org\/{rel}","templated":true}]}}