{"id":7834,"date":"2016-05-24T11:34:38","date_gmt":"2016-05-24T14:34:38","guid":{"rendered":"http:\/\/webvasco.com\/artigos\/?p=7834"},"modified":"2016-05-24T11:37:20","modified_gmt":"2016-05-24T14:37:20","slug":"quando-o-melhor-ataque-a-defesa","status":"publish","type":"post","link":"https:\/\/webvasco.com\/artigos\/colunistas\/quando-o-melhor-ataque-a-defesa\/","title":{"rendered":"Quando o melhor ataque &eacute; a defesa!"},"content":{"rendered":"<div dir=\"ltr\">\n<div class=\"gmail_signature\">\n<div><span style=\"color:rgb(119,119,119);font-family:Arial,&#39;Helvetica Neue&#39;,Helvetica,sans-serif;font-size:14px;line-height:20px;background-color:rgb(255,255,255)\">Acompanho de perto o passo-a-passo do Vasco como torcedor desde o final da d\u00e9cada de 1980. Com meus trinta e sete anos de idade, aprendi a ver, no clube,\u00a0times de futebol (campe\u00f5es) montados\u00a0em que o grande forte era o setor defensivo, leia-se: goleiro, zagueiros, laterais e volantes.\u00a0<\/span><\/div>\n<div><span style=\"color:rgb(119,119,119);font-family:Arial,&#39;Helvetica Neue&#39;,Helvetica,sans-serif;font-size:14px;line-height:20px;background-color:rgb(255,255,255)\"><br \/><\/span><\/div>\n<div><span style=\"color:rgb(119,119,119);font-family:Arial,&#39;Helvetica Neue&#39;,Helvetica,sans-serif;font-size:14px;line-height:20px;background-color:rgb(255,255,255)\">De forma contr\u00e1ria a outros grandes times formados, no Vasco quase sempre foi observado por mim um cuidado especial com a forma\u00e7\u00e3o desse setor\u00a0em nossa \u00e9poca das mais gloriosas, que se propagou at\u00e9 o final de 2000. Talvez com exce\u00e7\u00e3o das defesas dos campeonatos brasileiro de 1989, cuja dupla de zaga era\u00a0Marco Aur\u00e9lio e Quinones, e dos t\u00edtulos da Mercosul e do tetracampeonato brasileiro de 2000, tendo como beques Odvan e J\u00fanior Baiano, em que esses miolos de zaga n\u00e3o inspiravam confian\u00e7a. Todavia em ambas as ocasi\u00f5es, t\u00ednhamos virtudes em outros setores\u00a0que compensavam a falta de qualidade de nossos zagueiros, levando-nos aos t\u00edtulos em ambas as ocasi\u00f5es.\u00a0<\/span><\/div>\n<div><span style=\"color:rgb(119,119,119);font-family:Arial,&#39;Helvetica Neue&#39;,Helvetica,sans-serif;font-size:14px;line-height:20px;background-color:rgb(255,255,255)\"><br \/><\/span><\/div>\n<div><span style=\"color:rgb(119,119,119);font-family:Arial,&#39;Helvetica Neue&#39;,Helvetica,sans-serif;font-size:14px;line-height:20px;background-color:rgb(255,255,255)\">Passeando pelo tempo, nos deparamos com a lembran\u00e7a do bicampeonato carioca 1992-1993, em que Jorge Lu\u00eds (zagueiro-artilheiro, fazia muitos gols de cabe\u00e7a e de falta)\u00a0e Torres eram nossos zagueiros, Pimentel e Eduardo (depois,\u00a0C\u00e1ssio em 1993) nossos laterais, Luisinho e Leandro \u00c1vila nossos volantes e nosso goleiro era Carlos Germano. Forma\u00e7\u00e3o defensiva que se manteve em sua base at\u00e9 o tricampeonato em 1994, substituindo-se somente Jorge Lu\u00eds (que foi pra reserva) por Ricardo Rocha (um dos l\u00edderes da conquista brasileira do tetracampeonato nesse mesmo ano, nos EUA).\u00a0\u00a0<\/span><\/div>\n<div><span style=\"color:rgb(119,119,119);font-family:Arial,&#39;Helvetica Neue&#39;,Helvetica,sans-serif;font-size:14px;line-height:20px;background-color:rgb(255,255,255)\"><br \/><\/span><\/div>\n<div><span style=\"color:rgb(119,119,119);font-family:Arial,&#39;Helvetica Neue&#39;,Helvetica,sans-serif;font-size:14px;line-height:20px;background-color:rgb(255,255,255)\">Em 1997, novamente campe\u00f5es brasileiros, com uma defesa em que um novato e limitado tecnicamente Odvan chegou \u00e0 sele\u00e7\u00e3o brasileira apoiado pela t\u00e9cnica de Mauro Galv\u00e3o, zagueiro de 36 anos na \u00e9poca, por sinal, o melhor do Brasil e que s\u00f3 n\u00e3o foi \u00e0 Copa de 1998 por teimosia de Zagalo. V\u00e1lber (e depois, V\u00e1gner) e Felipe eram nossos laterais, Luisinho e Nasa (limitado, mas um marcador nato que muito cooperou com o time da \u00e9poca) eram nossos volantes, e no gol, ainda, Carlos Germano, que por sinal l\u00e1 permaneceu at\u00e9 o final de 1999. As duplas de ataque (Edmundo e Evair,em 1997, e Donizete e Luis\u00e3o em 1998) junto com o setor ofensivo de meio-campo (Juninho, Ram\u00f3n e, muitas vezes, Pedrinho), ainda que pese a grande qualidade t\u00e9cnica que cada jogador tinha,\u00a0jogavam despreocupadas.\u00a0<\/span><\/div>\n<div><span style=\"color:rgb(119,119,119);font-family:Arial,&#39;Helvetica Neue&#39;,Helvetica,sans-serif;font-size:14px;line-height:20px;background-color:rgb(255,255,255)\"><br \/><\/span><\/div>\n<div><span style=\"color:rgb(119,119,119);font-family:Arial,&#39;Helvetica Neue&#39;,Helvetica,sans-serif;font-size:14px;line-height:20px;background-color:rgb(255,255,255)\">No caso de 1998, entretanto, eu tenho uma opini\u00e3o muito particular, em que considerei na \u00e9poca o setor defensivo seguro do Vasco como grande ponto forte na conquista da\u00a0Libertadores, em 1998. E um jogo, para mim, foi emblem\u00e1tico no que estou comentando: o da volta das oitavas-de-final dessa mesma competi\u00e7\u00e3o diante do Cruzeiro &#8211; at\u00e9 ent\u00e3o, atual campe\u00e3o da competi\u00e7\u00e3o sulamericana.\u00a0Hav\u00edamos vencido a ida em S\u00e3o Janu\u00e1rio de virada por 2 vs 1, e foi a defesa que segurou aquele empate em 0 vs 0 diante de um Mineir\u00e3o superlotado de celestes. Comprov\u00e1vamos, ali naquele dia, a grande capacidade que nossa defesa tinha de segurar press\u00e3o das mais complicadas, e tomamos o f\u00f4lego que faltava para arrancar pro t\u00edtulo.\u00a0<\/span><\/div>\n<div><span style=\"color:rgb(119,119,119);font-family:Arial,&#39;Helvetica Neue&#39;,Helvetica,sans-serif;font-size:14px;line-height:20px;background-color:rgb(255,255,255)\"><br \/><\/span><\/div>\n<div><span style=\"color:rgb(119,119,119);font-family:Arial,&#39;Helvetica Neue&#39;,Helvetica,sans-serif;font-size:14px;line-height:20px;background-color:rgb(255,255,255)\">Guardadas as devidas propor\u00e7\u00f5es em rela\u00e7\u00e3o a t\u00e9cnica e capacidade individual de cada jogador em \u00e9pocas muito distintas, algumas semelhan\u00e7as em termos de forma\u00e7\u00e3o podem ser notadas: em todas as ocasi\u00f5es, o Vasco tinha uma defesa madura, entrosada, cujos jogadores jogaram juntos por v\u00e1rios anos. N\u00e3o \u00e9 diferente do atual momento: de nosso setor de defesa, Mart\u00edn Silva, Luan e Rodrigo est\u00e3o juntos desde janeiro de 2014. M\u00e1dson, h\u00e1 um ano e meio, \u00e9 titular desse time. S\u00e3o semelhan\u00e7as, mas que dizem muita coisa. A falta de bons atacantes s\u00e3o, de certa forma, compensadas no atual momento por um time maduro, com dois veteranos que sabem jogar no meio de campo, e tamb\u00e9m com uma defesa que, al\u00e9m de j\u00e1 ter cooptado a confian\u00e7a de grande parte de nossa torcida, vez ou outra resolve o jogo l\u00e1 na frente. Foi assim diante do CRB nos dois jogos da Copa do Brasil (no segundo, com direito a zagueiro reserva entrando e metendo gol como atacante). Foi assim diante do Tupi, no \u00faltimo s\u00e1bado. E at\u00e9 mesmo contra o Botafogo, no empate que nos deu o bicampeonato carioca depois de 23 anos, e o t\u00edtulo carioca invicto, depois de 24.<\/span><\/div>\n<div><span style=\"color:rgb(119,119,119);font-family:Arial,&#39;Helvetica Neue&#39;,Helvetica,sans-serif;font-size:14px;line-height:20px;background-color:rgb(255,255,255)\"><br \/><\/span><\/div>\n<div><span style=\"color:rgb(119,119,119);font-family:Arial,&#39;Helvetica Neue&#39;,Helvetica,sans-serif;font-size:14px;line-height:20px;background-color:rgb(255,255,255)\">Isso n\u00e3o quer dizer, no entanto, que devamos sempre jogar essa conta de se resolver o jogo &#8211; devido \u00e0\u00a0inoper\u00e2ncia do ataque &#8211; para a defesa! Muito pelo contr\u00e1rio, devemos cobrar da diretoria para que o time &#8211; muito bom na defesa, mas muito carente na dupla de ataque &#8211; tenha, ao menos, duas contrata\u00e7\u00f5es para esse setor. De forma muito sincera, n\u00e3o creio mais que Thalles (tampouco Leandr\u00e3o) sejam as solu\u00e7\u00f5es que precisamos. A esse primeiro, inclusive, sugiro emprest\u00e1-lo para outro clube, de menor express\u00e3o, preferencialmente das s\u00e9ries C ou D, para que se recupere atrav\u00e9s do sofrimento e sinta na pele o que \u00e9 a vida de um atleta (muitas vezes de talento, tal como ele j\u00e1 aparentou ter um dia) fora de um grande centro do futebol, tal como o Vasco est\u00e1 situado. Apostar em jovens ainda inexperientes como\u00a0Caio Monteiro ou Evander como solu\u00e7\u00f5es de momento soa \u00e0 irresponsabilidade.\u00a0<\/span><\/div>\n<div><span style=\"color:rgb(119,119,119);font-family:Arial,&#39;Helvetica Neue&#39;,Helvetica,sans-serif;font-size:14px;line-height:20px;background-color:rgb(255,255,255)\"><br \/><\/span><\/div>\n<div><span style=\"color:rgb(119,119,119);font-family:Arial,&#39;Helvetica Neue&#39;,Helvetica,sans-serif;font-size:14px;line-height:20px;background-color:rgb(255,255,255)\">Enfim por hora, temos um time com muito mais virtudes do que defeitos, mas cujo principal defeito deve ser consertado o quanto antes. Em que pese o fato de nosso setor defensivo ser bem encaixado, precisamos de um centroavante nato, com fome de gol para ontem. Pelo menos, UM!\u00a0N\u00e3o para a s\u00e9rie B, que tal conforme j\u00e1 falei, o Vasco tende a passar f\u00e1cil com ou sem atacantes de qualidade, pois de t\u00e3o fraca a pr\u00f3pria camisa j\u00e1 cumpre o papel de fazer o clube subir. Mas sim, para a Copa do Brasil, isso se o intuito de nosso Presidente, tal como em suas palavras, for conquist\u00e1-la de fato.\u00a0<\/span><\/div>\n<div><span style=\"color:rgb(119,119,119);font-family:Arial,&#39;Helvetica Neue&#39;,Helvetica,sans-serif;font-size:14px;line-height:20px;background-color:rgb(255,255,255)\"><br \/><\/span><\/div>\n<div><span style=\"color:rgb(119,119,119);font-family:Arial,&#39;Helvetica Neue&#39;,Helvetica,sans-serif;font-size:14px;line-height:20px;background-color:rgb(255,255,255)\">********\u00a0<\/span><\/div>\n<div><span style=\"color:rgb(119,119,119);font-family:Arial,&#39;Helvetica Neue&#39;,Helvetica,sans-serif;font-size:14px;line-height:20px;background-color:rgb(255,255,255)\"><br \/><\/span><\/div>\n<div><span style=\"color:rgb(119,119,119);font-family:Arial,&#39;Helvetica Neue&#39;,Helvetica,sans-serif;font-size:14px;line-height:20px;background-color:rgb(255,255,255)\">Alguns pitacos finais:\u00a0<\/span><\/div>\n<div><span style=\"color:rgb(119,119,119);font-family:Arial,&#39;Helvetica Neue&#39;,Helvetica,sans-serif;font-size:14px;line-height:20px;background-color:rgb(255,255,255)\"><br \/><\/span><\/div>\n<div><span style=\"color:rgb(119,119,119);font-family:Arial,&#39;Helvetica Neue&#39;,Helvetica,sans-serif;font-size:14px;line-height:20px;background-color:rgb(255,255,255)\">&#8211; Jorginho faz um grande trabalho, mas errou TUDO na \u00faltima quarta-feira. Ressuscitou para o time jogadores que n\u00e3o precisava, escalou mal e mexeu ainda pior no time durante o jogo&#8230;s\u00f3 acertou ao colocar Rafael Vaz de centroavante diante da falta de fome de fazer gol de Thalles. Entretanto, poder\u00edamos ter sido eliminados, e a culpa seria exclusivamente dele, Jorginho! Muito ganha aquele que preza pela simplicidade, e nesse time do Vasco, n\u00e3o h\u00e1 muito o que mexer agora;\u00a0<\/span><\/div>\n<div><span style=\"color:rgb(119,119,119);font-family:Arial,&#39;Helvetica Neue&#39;,Helvetica,sans-serif;font-size:14px;line-height:20px;background-color:rgb(255,255,255)\"><br \/><\/span><\/div>\n<div><span style=\"color:rgb(119,119,119);font-family:Arial,&#39;Helvetica Neue&#39;,Helvetica,sans-serif;font-size:14px;line-height:20px;background-color:rgb(255,255,255)\">&#8211; Falando em Vaz, lamento por sua virtual sa\u00edda do clube. LONGE de ser um craque, mas sem d\u00favida, \u00fatil ao time sempre que lhe \u00e9 dada uma chance. Tal como Riascos, far\u00e1 falta para composi\u00e7\u00e3o de plantel, pois olhar para a reserva e ver que temos Aislan como op\u00e7\u00e3o \u00e9 de doer a alma! Quanto a Riascos, \u00e9 mais folcl\u00f3rico do que jogador, mas FAZ FALTA, SIM, hoje a esse time! Aceitemos que doi menos;\u00a0<\/span><\/div>\n<div><span style=\"color:rgb(119,119,119);font-family:Arial,&#39;Helvetica Neue&#39;,Helvetica,sans-serif;font-size:14px;line-height:20px;background-color:rgb(255,255,255)\"><br \/><\/span><\/div>\n<div><span style=\"color:rgb(119,119,119);font-family:Arial,&#39;Helvetica Neue&#39;,Helvetica,sans-serif;font-size:14px;line-height:20px;background-color:rgb(255,255,255)\">&#8211; Vou fazer uma mea-culpa aqui e reconhecer, enfim: J\u00falio dos Santos fez, talvez no \u00faltimo s\u00e1bado, seu melhor jogo vestindo a camisa do Vasco. De seus p\u00e9s, sa\u00edram boas jogadas com Yago Pikachu, contra o Tupi. E o t\u00e3o criticado Jorge Henrique \u00e9, SIM, MUITO IMPORTANTE taticamente para o grupo! N\u00e3o tanto por seu papel ofensivo, mas sim, para recomposi\u00e7\u00e3o da marca\u00e7\u00e3o em meio de campo. Sa\u00ed do nicho dos que o pedem fora, e ainda mais para a entrada de \u00c9der Lu\u00eds, nas circunst\u00e2ncias atuais;\u00a0<\/span><\/div>\n<div><span style=\"color:rgb(119,119,119);font-family:Arial,&#39;Helvetica Neue&#39;,Helvetica,sans-serif;font-size:14px;line-height:20px;background-color:rgb(255,255,255)\"><br \/><\/span><\/div>\n<div><span style=\"color:rgb(119,119,119);font-family:Arial,&#39;Helvetica Neue&#39;,Helvetica,sans-serif;font-size:14px;line-height:20px;background-color:rgb(255,255,255)\">&#8211; Da s\u00e9rie &quot;perguntar n\u00e3o ofende&quot;: por que um pre\u00e7o de CINQUENTA REAIS para um ingresso de arquibancada, para um jogo de S\u00e9rie B?!\u00a0<\/span><\/div>\n<div><span style=\"color:rgb(119,119,119);font-family:Arial,&#39;Helvetica Neue&#39;,Helvetica,sans-serif;font-size:14px;line-height:20px;background-color:rgb(255,255,255)\"><br \/><\/span><\/div>\n<div><span style=\"color:rgb(119,119,119);font-family:Arial,&#39;Helvetica Neue&#39;,Helvetica,sans-serif;font-size:14px;line-height:20px;background-color:rgb(255,255,255)\">@mscmariotti\u00a0\u00a0\u00a0<\/span><\/div>\n<div><span style=\"color:rgb(119,119,119);font-family:Arial,&#39;Helvetica Neue&#39;,Helvetica,sans-serif;font-size:14px;line-height:20px;background-color:rgb(255,255,255)\"><br \/><\/span><\/div>\n<div><span style=\"color:rgb(119,119,119);font-family:Arial,&#39;Helvetica Neue&#39;,Helvetica,sans-serif;font-size:14px;line-height:20px;background-color:rgb(255,255,255)\">See more at: <a href=\"http:\/\/supervascainos.com\/blog\/crismariottirj\/quando-o-melhor-ataque-e-a-defesa\/#sthash.kMk5W72E.dpuf\">http:\/\/supervascainos.com\/blog\/crismariottirj\/quando-o-melhor-ataque-e-a-defesa\/#sthash.kMk5W72E.dpuf<\/a><\/span><b><font color=\"#000099\"><br \/><\/font><\/b><\/div>\n<\/div>\n<p>\n<\/div>\n<p><\/p>\n","protected":false},"excerpt":{"rendered":"<p>Acompanho de perto o passo-a-passo do Vasco como torcedor desde o final da d\u00e9cada de&#8230;<\/p>\n","protected":false},"author":12,"featured_media":0,"comment_status":"open","ping_status":"closed","sticky":false,"template":"","format":"standard","meta":{"footnotes":""},"categories":[3],"tags":[],"class_list":["post-7834","post","type-post","status-publish","format-standard","hentry","category-colunistas"],"_links":{"self":[{"href":"https:\/\/webvasco.com\/artigos\/wp-json\/wp\/v2\/posts\/7834","targetHints":{"allow":["GET"]}}],"collection":[{"href":"https:\/\/webvasco.com\/artigos\/wp-json\/wp\/v2\/posts"}],"about":[{"href":"https:\/\/webvasco.com\/artigos\/wp-json\/wp\/v2\/types\/post"}],"author":[{"embeddable":true,"href":"https:\/\/webvasco.com\/artigos\/wp-json\/wp\/v2\/users\/12"}],"replies":[{"embeddable":true,"href":"https:\/\/webvasco.com\/artigos\/wp-json\/wp\/v2\/comments?post=7834"}],"version-history":[{"count":0,"href":"https:\/\/webvasco.com\/artigos\/wp-json\/wp\/v2\/posts\/7834\/revisions"}],"wp:attachment":[{"href":"https:\/\/webvasco.com\/artigos\/wp-json\/wp\/v2\/media?parent=7834"}],"wp:term":[{"taxonomy":"category","embeddable":true,"href":"https:\/\/webvasco.com\/artigos\/wp-json\/wp\/v2\/categories?post=7834"},{"taxonomy":"post_tag","embeddable":true,"href":"https:\/\/webvasco.com\/artigos\/wp-json\/wp\/v2\/tags?post=7834"}],"curies":[{"name":"wp","href":"https:\/\/api.w.org\/{rel}","templated":true}]}}