{"id":784,"date":"2014-02-16T20:24:49","date_gmt":"2014-02-16T23:24:49","guid":{"rendered":"http:\/\/webvasco.com\/artigos\/?p=784"},"modified":"2014-02-16T20:25:10","modified_gmt":"2014-02-16T23:25:10","slug":"ali-flafl-e-os-6-ladres","status":"publish","type":"post","link":"https:\/\/webvasco.com\/artigos\/colunistas\/luizcarlosrocha\/ali-flafl-e-os-6-ladres\/","title":{"rendered":"ALI FLAFL&Aacute; E OS 6 LADR&Otilde;ES!"},"content":{"rendered":"<p>   Vergonha! Roubo! Sacanagem! S\u00e3o v\u00e1rias as palavras que poderiam definir a partida v\u00e1lida pela Oitava Rodada do Campeonato Carioca, hoje, no Maracan\u00e3 entre Vasco e Flamengo pela Ta\u00e7a Guanabara. A arbitragem incompetente, maliciosa e p\u00edfia definiu de forma covarde a hist\u00f3ria do Cl\u00e1ssico dos Milh\u00f5es. Fellipe Bastos marcou para a equipe de S\u00e3o Janu\u00e1rio. Elano e Gabriel para o time da G\u00e1vea. <br \/>\n   Depois da reforma do Est\u00e1dio M\u00e1rio Filho esse foi o primeiro encontro entre os rivais. Muita especula\u00e7\u00e3o. Mas a realidade foi bem diferente. N\u00e3o \u00e9 novidade para ningu\u00e9m que acompanha futebol que os Molambos e os Gamb\u00e1s s\u00e3o favorecidos pela arbitragem e por grande parte da m\u00eddia. Mas a partida de hoje foi muito escancarada. <br \/>\n   N\u00e3o pode haver dois pesos, duas medidas. O estreante Douglas bateu uma falta com maestria colocando a bola 33 cent\u00edmetros dentro do gol de Felipe. Que seria a abertura do placar. Aos 36 minutos \u2013 ainda na etapa inicial \u2013 o mesmo Douglas deu um belo passe para Fellipe Bastos marcar. Desta vez valeu, n\u00e3o havia como roubar o Vasc\u00e3o! Fosse um grupo de \u00e1rbitros s\u00e9rios seria o segundo gol no Povo do Gueto. Certamente estaria definido o cl\u00e1ssico.<br \/>\n   Mas n\u00e3o bastou o erro cabal. Aos 39 minutos, ainda no primeiro tempo, tamb\u00e9m de falta um lance pol\u00eamico. Elano cobrou falta e a redonda entrou 22 cent\u00edmetros no arco de Mart\u00edn Silva. Embora 11 cent\u00edmetros a menos do que \u00e0 medida que n\u00e3o foi suficiente para validar o gol vasca\u00edno, a arbitragem marcou a favor do rubro-negro. Na m\u00e3o grande!<br \/>\n    Para desespero cruzmaltino e alegria dos exclu\u00eddos, aos 7 minutos do tempo complementar, Andr\u00e9 Santos que j\u00e1 tinha cart\u00e3o amarelo fez uma falta dura, deveria ser expulso, mas o \u00e1rbitro Eduardo Cordeiro Guimar\u00e3es fez vista grossa. Uma l\u00e1stima! O pr\u00f3prio Arnaldo David C\u00e9sar Coelho admitiu publicamente que o Vasco da Gama foi muito prejudicado por seus ex-coleguinhas.<br \/>\n    J\u00e1 comentei em outras oportunidades que arbitragem tem obriga\u00e7\u00e3o de ser s\u00e9ria. N\u00e3o \u00e9 favor. Infelizmente no Brasil a escola desses profissionais \u00e9 fraca. Fraqu\u00edssima. E ainda querem ser chamados de ju\u00edzes? Nunca ser\u00e3o! No direito o juiz n\u00e3o \u00e9 soberano. H\u00e1 recurso. Quando Eduardo apitou para o centro do campo a fim de dar o intervalo, atletas do Gigante da Colina foram citar as falhas bisonhas, mas n\u00e3o obtiveram \u00eaxito.<br \/>\n    N\u00e3o costumo citar nome de \u00e1rbitros, por achar que s\u00e3o meros coadjuvantes. Por\u00e9m, quando a falha \u00e9 dolosa \u2013 n\u00e3o tenho como entender de outra forma diante dos fatos \u2013 eu dou nome aos bois. Participaram desta palha\u00e7ada toda o \u00e1rbitro: Eduardo Cordeiro Guimar\u00e3es, o primeiro auxiliar: Wagner de Almeida Santos, o segundo auxiliar: Luiz Ant\u00f4nio Muniz de Oliveira, o quarto \u00e1rbitro: Daniel Victor Costa Silva, o primeiro \u00e1rbitro de fundo: Leonardo Garcia Cavaleiro e o segundo \u00e1rbitro de fundo e cego que conseguiu n\u00e3o ver a bola chutada por Douglas entrar: Rodrigo Castanheiras.  Tenho certeza que a qualquer momento a camisa da arbitragem ter\u00e1 a sigla CRF (Comiss\u00e3o de Roubo e Falsifica\u00e7\u00e3o)..<br \/>\n    A mudan\u00e7a s\u00f3 vir\u00e1 com a sa\u00edda do presidente Roberto Bombinha. Cartola inerte. Deixa nosso clube ser roubado e massacrado por uma institui\u00e7\u00e3o de merda como esse menguinho. O Vasco jogou muito mais. Tomara que na quarta-feira, dia 19, possamos ter melhor sorte, diante do Bangu, \u00e0s 16h, em Mo\u00e7a Bonita.  Quero deixar um abra\u00e7o especial e agradecimento ao jornalista Maur\u00edcio Galli Bastos. Obrigad\u00e3o.<\/p>\n<p>\nAP\u00d3S AS TODAS AS PARTIDAS DO VASC\u00c3O EM MEU PERFIL DO FACEBOOK (QUEM QUISER RECEBER AS CR\u00d4NICAS DE PRIMEIRA M\u00c3O \u00c9 S\u00d3 ME ADICIONAR), E NOS SITES WEBVASCO (www.webvasco.com), E VASCA\u00cdNOS UNIDOS (www.vascainosunidos.com.br) TEM A OPINI\u00c3O DO JORNALISTA LUIZ CARLOS ROCHA. LEIAM! COMPARTILHEM E CURTAM! VASCA\u00cdNOS UNIDOS JAMAIS SER\u00c3O VENCIDOS.<\/p>\n<p><\/p>\n","protected":false},"excerpt":{"rendered":"<p>Vergonha! Roubo! Sacanagem! S\u00e3o v\u00e1rias as palavras que poderiam definir a partida v\u00e1lida pela Oitava&#8230;<\/p>\n","protected":false},"author":7,"featured_media":58,"comment_status":"open","ping_status":"closed","sticky":false,"template":"","format":"standard","meta":{"footnotes":""},"categories":[4],"tags":[],"class_list":["post-784","post","type-post","status-publish","format-standard","has-post-thumbnail","hentry","category-luizcarlosrocha"],"_links":{"self":[{"href":"https:\/\/webvasco.com\/artigos\/wp-json\/wp\/v2\/posts\/784","targetHints":{"allow":["GET"]}}],"collection":[{"href":"https:\/\/webvasco.com\/artigos\/wp-json\/wp\/v2\/posts"}],"about":[{"href":"https:\/\/webvasco.com\/artigos\/wp-json\/wp\/v2\/types\/post"}],"author":[{"embeddable":true,"href":"https:\/\/webvasco.com\/artigos\/wp-json\/wp\/v2\/users\/7"}],"replies":[{"embeddable":true,"href":"https:\/\/webvasco.com\/artigos\/wp-json\/wp\/v2\/comments?post=784"}],"version-history":[{"count":0,"href":"https:\/\/webvasco.com\/artigos\/wp-json\/wp\/v2\/posts\/784\/revisions"}],"wp:featuredmedia":[{"embeddable":true,"href":"https:\/\/webvasco.com\/artigos\/wp-json\/wp\/v2\/media\/58"}],"wp:attachment":[{"href":"https:\/\/webvasco.com\/artigos\/wp-json\/wp\/v2\/media?parent=784"}],"wp:term":[{"taxonomy":"category","embeddable":true,"href":"https:\/\/webvasco.com\/artigos\/wp-json\/wp\/v2\/categories?post=784"},{"taxonomy":"post_tag","embeddable":true,"href":"https:\/\/webvasco.com\/artigos\/wp-json\/wp\/v2\/tags?post=784"}],"curies":[{"name":"wp","href":"https:\/\/api.w.org\/{rel}","templated":true}]}}