{"id":7844,"date":"2016-05-29T13:09:27","date_gmt":"2016-05-29T16:09:27","guid":{"rendered":"http:\/\/webvasco.com\/artigos\/?p=7844"},"modified":"2016-05-29T13:17:23","modified_gmt":"2016-05-29T16:17:23","slug":"jogo-dos-sete-erros","status":"publish","type":"post","link":"https:\/\/webvasco.com\/artigos\/colunistas\/luizcarlosrocha\/jogo-dos-sete-erros\/","title":{"rendered":"JOGO DOS SETE ERROS!"},"content":{"rendered":"<div>\n<div style=\"color:#000; background-color:#fff; font-family:HelveticaNeue-Light, Helvetica Neue Light, Helvetica Neue, Helvetica, Arial, Lucida Grande, sans-serif;font-size:32px\">\n<div style=\"text-align:justify;text-indent:35.4pt;tab-stops:111.0pt\" id=\"yui_3_16_0_ym19_1_1464397305667_66588\"><span style=\"font-size:12.0pt;line-height:115%;font-family:&quot;Arial&quot;,sans-serif\" id=\"yui_3_16_0_ym19_1_1464397305667_66589\">O  Vasco da Gama recebeu ontem, em S\u00e3o Janu\u00e1rio, o Bahia, em partida v\u00e1lida pela  Quarta Rodada do Campeonato Brasileiro, da S\u00e9rie B. No jogo dos sete erros a  equipe da casa levou a melhor. Uma vit\u00f3ria apertada: 4 a 3. O resultado manteve  os Cruzmaltinos na lideran\u00e7a isolada da competi\u00e7\u00e3o, com 12 pontos ganhos (100%  de aproveitamento).<o:p id=\"yui_3_16_0_ym19_1_1464397305667_66590\"><\/o:p><\/span><\/div>\n<div style=\"text-align:justify;text-indent:35.4pt;tab-stops:111.0pt\" id=\"yui_3_16_0_ym19_1_1464397305667_66591\"><span style=\"font-size:12.0pt;line-height:115%;font-family:&quot;Arial&quot;,sans-serif\" id=\"yui_3_16_0_ym19_1_1464397305667_66592\">Embora  uma fartura de gols. A coisa n\u00e3o foi t\u00e3o f\u00e1cil assim. H\u00e1 quem diga que se  houvesse mais 20 minutos de embate, certamente o Vasco perderia a  invencibilidade de 31 partidas. Marcaram para o time mandante Thalles, Luan e  Nen\u00ea, este duas vezes.<o:p id=\"yui_3_16_0_ym19_1_1464397305667_66593\"><\/o:p><\/span><\/div>\n<div style=\"text-align:justify;text-indent:35.4pt;tab-stops:111.0pt\" id=\"yui_3_16_0_ym19_1_1464397305667_66594\"><span style=\"font-size:12.0pt;line-height:115%;font-family:&quot;Arial&quot;,sans-serif\" id=\"yui_3_16_0_ym19_1_1464397305667_66595\">Por  citar o camisa 10, ontem, mesmo decisivo estava irreconhec\u00edvel. Perdeu um  p\u00eanalti. Irritado chutou a bandeirinha de escanteio. Mas n\u00e3o foi s\u00f3. Levou uma  caneta do advers\u00e1rio (drible por baixo das pernas, pegando do outro lado). Parecia  que ainda engatinhava no futebol. <o:p id=\"yui_3_16_0_ym19_1_1464397305667_66596\"><\/o:p><\/span><\/div>\n<div style=\"text-align:justify;text-indent:35.4pt;tab-stops:111.0pt\" id=\"yui_3_16_0_ym19_1_1464397305667_66597\"><span style=\"font-size:12.0pt;line-height:115%;font-family:&quot;Arial&quot;,sans-serif\" id=\"yui_3_16_0_ym19_1_1464397305667_66598\">O  goleiro Jordi foi uma l\u00e1stima. Levou tr\u00eas gols na mesma partida, o que n\u00e3o  acontecia h\u00e1 tempos com o Gigante da Colina. Que falta faz Martin Silva  (servindo a Sele\u00e7\u00e3o do Uruguai). Se a partida fosse contra um time mais forte,  certamente o Mach\u00e3o da Gama teria perdido o lacre! E s\u00f3 n\u00e3o tomou no lombo,  porque deixou para o Lomba, que consegue ser pior do que ele.<o:p id=\"yui_3_16_0_ym19_1_1464397305667_66599\"><\/o:p><\/span><\/div>\n<div style=\"text-align:justify;text-indent:35.4pt;tab-stops:111.0pt\" id=\"yui_3_16_0_ym19_1_1464397305667_66600\"><span style=\"font-size:12.0pt;line-height:115%;font-family:&quot;Arial&quot;,sans-serif\" id=\"yui_3_16_0_ym19_1_1464397305667_66601\">O  Vasco errou menos no jogo dos sete erros, por isso ganhou a partida. Um dos  destaques foi Pikachu, que serviu brilhantemente de gar\u00e7om. O lateral-direito  teve participa\u00e7\u00e3o no gol do atacante Thalles, e em um dos gols do meia Nen\u00ea.  \u00c9der Lu\u00eds foi outro que atuou bem. Agora \u00e9 repensar nos erros e ver que a sorte  nem sempre acompanha quem falha! <o:p id=\"yui_3_16_0_ym19_1_1464397305667_66602\"><\/o:p><\/span><\/div>\n<div style=\"text-align:justify;text-indent:35.4pt;tab-stops:147.0pt\" id=\"yui_3_16_0_ym19_1_1464397305667_66603\"><span style=\"font-size:12.0pt;line-height:115%;font-family:&quot;Arial&quot;,sans-serif\" id=\"yui_3_16_0_ym19_1_1464397305667_66604\">&nbsp;&nbsp;&nbsp;&nbsp;&nbsp;&nbsp;&nbsp;&nbsp;&nbsp;&nbsp;&nbsp;&nbsp;&nbsp;&nbsp;&nbsp;&nbsp;&nbsp;&nbsp;&nbsp;&nbsp;&nbsp;&nbsp;&nbsp;&nbsp;&nbsp;&nbsp;&nbsp;&nbsp;&nbsp;&nbsp;&nbsp;&nbsp;&nbsp;&nbsp;&nbsp;&nbsp; <o:p id=\"yui_3_16_0_ym19_1_1464397305667_66605\"><\/o:p><\/span><\/div>\n<div style=\"text-align:justify;text-indent:35.4pt;tab-stops:111.0pt\" id=\"yui_3_16_0_ym19_1_1464397305667_66606\"><span style=\"font-size:12.0pt;line-height:115%;font-family:&quot;Arial&quot;,sans-serif\" id=\"yui_3_16_0_ym19_1_1464397305667_66607\"><o:p id=\"yui_3_16_0_ym19_1_1464397305667_66608\">&nbsp;<\/o:p><\/span><\/div>\n<div style=\"text-align:justify;text-indent:35.4pt;tab-stops:111.0pt\" id=\"yui_3_16_0_ym19_1_1464397305667_66609\"><span style=\"font-size:12.0pt;line-height:115%;font-family:&quot;Arial&quot;,sans-serif\" id=\"yui_3_16_0_ym19_1_1464397305667_66610\"><o:p id=\"yui_3_16_0_ym19_1_1464397305667_66611\">&nbsp;<\/o:p><\/span><\/div>\n<div style=\"text-align:justify;text-indent:35.4pt;tab-stops:111.0pt\" id=\"yui_3_16_0_ym19_1_1464397305667_66612\"><span style=\"font-size:12.0pt;line-height:115%;font-family:&quot;Arial&quot;,sans-serif\" id=\"yui_3_16_0_ym19_1_1464397305667_66613\"><o:p id=\"yui_3_16_0_ym19_1_1464397305667_66614\">&nbsp;<\/o:p><\/span><\/div>\n<div style=\"text-align:justify;text-indent:35.4pt;tab-stops:111.0pt\" id=\"yui_3_16_0_ym19_1_1464397305667_66615\"><b id=\"yui_3_16_0_ym19_1_1464397305667_66616\"><u id=\"yui_3_16_0_ym19_1_1464397305667_66617\"><span style=\"font-size:20.0pt;line-height:115%;font-family:&quot;Arial&quot;,sans-serif\" id=\"yui_3_16_0_ym19_1_1464397305667_66618\">DIVULGUEM ESSA COVARDIA:<\/span><\/u><\/b><span style=\"font-size:16.0pt;line-height:115%;font-family:&quot;Arial&quot;,sans-serif\" id=\"yui_3_16_0_ym19_1_1464397305667_66619\"> GOSTARIA  DE PEDIR A TODOS OS MEUS AMIGOS E LEITORES QUE TIRASSE UM TEMPINHO PARA LER A  PETI\u00c7\u00c3O P\u00daBLICA, AO QUAL SEGUE ABAIXO O LINK. TAL DOCUMENTO REFERE-SE A <b id=\"yui_3_16_0_ym19_1_1464397305667_66620\"><u id=\"yui_3_16_0_ym19_1_1464397305667_66621\">UM ATO DE COVARDIA POR PARTE DA  VOLKSWAGEN DO BRASIL EM COAUTORIA DA ABOLI\u00c7\u00c3O VE\u00cdCULOS (GRUPO AB)<\/u><\/b>  CONTRA ESTE VELHO JORNALISTA. A REFERIDA CONCESSION\u00c1RIA EST\u00c1 ME LESANDO DESDE  FEVEREIRO DE 2013. MEU CARRO FOI BATIDO DENTRO DA OFICINA, FURTARAM ACESS\u00d3RIOS,  TEM PROBLEMAS CAUSADOS POR ELES, AL\u00c9M DE DEFEITOS DE FABRICA\u00c7\u00c3O. O CARRO 0 KM  COMPRADO POR MIM HOJE SE ENCONTRA NA OFICINA DA ABOLI\u00c7\u00c3O VE\u00cdCULOS (CENTRO DE  NITER\u00d3I) <b id=\"yui_3_16_0_ym19_1_1464397305667_66622\"><u id=\"yui_3_16_0_ym19_1_1464397305667_66623\">DESDE 10 DE JUNHO DE 2013<\/u><\/b>,  OU MELHOR, H\u00c1 <b id=\"yui_3_16_0_ym19_1_1464397305667_66624\"><u id=\"yui_3_16_0_ym19_1_1464397305667_66625\">35 MESES, OU SEJA, 2  ANOS E ONZE MESES.<\/u><\/b> <b id=\"yui_3_16_0_ym19_1_1464397305667_66626\"><u id=\"yui_3_16_0_ym19_1_1464397305667_66627\">TEM APENAS  729 KM RODADOS<\/u><\/b> PARA COMPROVAR O CALV\u00c1RIO TENHO DOCUMENTOS, GRAVA\u00c7\u00d5ES DE  AUDIO E V\u00cdDEO, MAIS DE 600 FOTOGRAFIAS E E-MAILS TROCADOS COM FUNCION\u00c1RIOS DO  BAIXO, M\u00c9DIO E ALTO ESCAL\u00c3O DA EMPRESA. POR FAVOR, ASSINEM O DOCUMENTO PARA QUE  OUTROS CONSUMIDORES N\u00c3O SEJAM LESADOS POR EMPRESAS DESTE N\u00cdVEL.&nbsp; <\/span><a href=\"https:\/\/secure.avaaz.org\/po\/petition\/Aos_Orgaos_de_Defesa_do_Consumidor_e_ao_Poder_Judiciario_JUSTICA_CONTRA_UMA_MARCA_E_SUA_REVENDERORA_QUE_DESCUMPREM_A_LEI\/?lJEcNfb&amp;pv=0\" id=\"yui_3_16_0_ym19_1_1464397305667_66628\"><span style=\"font-size:16.0pt;line-height:115%;font-family:&quot;Arial&quot;,sans-serif\" id=\"yui_3_16_0_ym19_1_1464397305667_66629\">https:\/\/secure.avaaz.org\/po\/petition\/Aos_Orgaos_de_Defesa_do_Consumidor_e_ao_Poder_Judiciario_JUSTICA_CONTRA_UMA_MARCA_E_SUA_REVENDERORA_QUE_DESCUMPREM_A_LEI\/?lJEcNfb&amp;pv=0<\/span><\/a><span style=\"font-size:16.0pt;line-height:115%;font-family:&quot;Arial&quot;,sans-serif\" id=\"yui_3_16_0_ym19_1_1464397305667_66630\"><o:p id=\"yui_3_16_0_ym19_1_1464397305667_66631\"><\/o:p><\/span><\/div>\n<div style=\"text-align:justify;tab-stops:111.0pt\" id=\"yui_3_16_0_ym19_1_1464397305667_66632\"><span style=\"font-size:16.0pt;line-height:115%;font-family:&quot;Arial&quot;,sans-serif\" id=\"yui_3_16_0_ym19_1_1464397305667_66633\"><o:p id=\"yui_3_16_0_ym19_1_1464397305667_66634\">&nbsp;<\/o:p><\/span><\/div>\n<div style=\"text-align:justify;tab-stops:111.0pt\" id=\"yui_3_16_0_ym19_1_1464397305667_66635\"><b id=\"yui_3_16_0_ym19_1_1464397305667_66636\"><span style=\"font-size:16.0pt;line-height:115%;font-family:&quot;Arial&quot;,sans-serif\" id=\"yui_3_16_0_ym19_1_1464397305667_66637\">&nbsp;&nbsp;&nbsp;&nbsp;&nbsp;&nbsp;&nbsp;&nbsp;&nbsp;&nbsp;&nbsp;&nbsp;&nbsp;&nbsp;&nbsp;&nbsp;&nbsp;&nbsp;&nbsp;&nbsp;&nbsp;&nbsp;&nbsp;&nbsp; &nbsp;&nbsp;&nbsp;&nbsp;&nbsp;&nbsp; <o:p id=\"yui_3_16_0_ym19_1_1464397305667_66638\"><\/o:p><\/span><\/b><\/div>\n<div id=\"yui_3_16_0_ym19_1_1464397305667_66396\">                                                <\/div>\n<div style=\"text-align:justify\" dir=\"ltr\" id=\"yui_3_16_0_ym19_1_1464397305667_66639\"><b id=\"yui_3_16_0_ym19_1_1464397305667_66640\"><span style=\"font-size:14.0pt;line-height:115%;font-family:&quot;Arial&quot;,sans-serif\" id=\"yui_3_16_0_ym19_1_1464397305667_66641\">AP\u00d3S  AS TODAS AS PARTIDAS DO VASC\u00c3O EM MEU PERFIL DO FACEBOOK (QUEM QUISER RECEBER  AS CR\u00d4NICAS DE PRIMEIRA M\u00c3O \u00c9 S\u00d3 ME ADICIONAR), E NOS SITES WEBVASCO  (<a href=\"http:\/\/www.webvasco.com\">www.webvasco.com<\/a>), E VASCA\u00cdNOS UNIDOS (<a href=\"http:\/\/www.vascainosunidos.com.br\">www.vascainosunidos.com.br<\/a>) TEM A  OPINI\u00c3O DO JORNALISTA LUIZ CARLOS ROCHA. LEIAM! COMPARTILHEM E CURTAM!  VASCA\u00cdNOS UNIDOS JAMAIS SER\u00c3O VENCIDOS.<o:p id=\"yui_3_16_0_ym19_1_1464397305667_66642\"><\/o:p><\/span><\/b><\/div>\n<div id=\"yui_3_16_0_ym19_1_1464397305667_66396\"><span><br \/><\/span><\/div>\n<div id=\"yui_3_16_0_ym19_1_1464397305667_66396\"><span><br \/><\/span><\/div>\n<div><\/div>\n<div id=\"yui_3_16_0_ym19_1_1464397305667_66323\">&nbsp;<\/div>\n<div class=\"signature\" id=\"yui_3_16_0_ym19_1_1464397305667_66332\">\n<div id=\"RTEContent\">\n<div id=\"yui_3_16_0_ym19_1_1464397305667_66331\">\n<div id=\"yui_3_16_0_ym19_1_1464397305667_66330\">\n<div id=\"yui_3_16_0_ym19_1_1464397305667_66329\">\n<div align=\"center\" id=\"yui_3_16_0_ym19_1_1464397305667_66328\"><\/div>\n<\/div>\n<\/div>\n<\/div>\n<\/div>\n<\/div>\n<\/div>\n<\/div>\n<p><\/p>\n","protected":false},"excerpt":{"rendered":"<p>O Vasco da Gama recebeu ontem, em S\u00e3o Janu\u00e1rio, o Bahia, em partida v\u00e1lida pela&#8230;<\/p>\n","protected":false},"author":7,"featured_media":0,"comment_status":"open","ping_status":"closed","sticky":false,"template":"","format":"standard","meta":{"footnotes":""},"categories":[4],"tags":[],"class_list":["post-7844","post","type-post","status-publish","format-standard","hentry","category-luizcarlosrocha"],"_links":{"self":[{"href":"https:\/\/webvasco.com\/artigos\/wp-json\/wp\/v2\/posts\/7844","targetHints":{"allow":["GET"]}}],"collection":[{"href":"https:\/\/webvasco.com\/artigos\/wp-json\/wp\/v2\/posts"}],"about":[{"href":"https:\/\/webvasco.com\/artigos\/wp-json\/wp\/v2\/types\/post"}],"author":[{"embeddable":true,"href":"https:\/\/webvasco.com\/artigos\/wp-json\/wp\/v2\/users\/7"}],"replies":[{"embeddable":true,"href":"https:\/\/webvasco.com\/artigos\/wp-json\/wp\/v2\/comments?post=7844"}],"version-history":[{"count":0,"href":"https:\/\/webvasco.com\/artigos\/wp-json\/wp\/v2\/posts\/7844\/revisions"}],"wp:attachment":[{"href":"https:\/\/webvasco.com\/artigos\/wp-json\/wp\/v2\/media?parent=7844"}],"wp:term":[{"taxonomy":"category","embeddable":true,"href":"https:\/\/webvasco.com\/artigos\/wp-json\/wp\/v2\/categories?post=7844"},{"taxonomy":"post_tag","embeddable":true,"href":"https:\/\/webvasco.com\/artigos\/wp-json\/wp\/v2\/tags?post=7844"}],"curies":[{"name":"wp","href":"https:\/\/api.w.org\/{rel}","templated":true}]}}