{"id":7845,"date":"2016-05-30T21:51:22","date_gmt":"2016-05-31T00:51:22","guid":{"rendered":"http:\/\/webvasco.com\/artigos\/?p=7845"},"modified":"2016-05-30T22:19:43","modified_gmt":"2016-05-31T01:19:43","slug":"propondo-melhorias-corrigindo-imperfeies","status":"publish","type":"post","link":"https:\/\/webvasco.com\/artigos\/colunistas\/propondo-melhorias-corrigindo-imperfeies\/","title":{"rendered":"Propondo melhorias, corrigindo imperfei&ccedil;&otilde;es!"},"content":{"rendered":"<div dir=\"ltr\">Apesar do susto, prevaleceu no fim a l\u00f3gica: diante de nossa torcida, o Vasco conseguiu mais uma vit\u00f3ria no \u00faltimo s\u00e1bado e segue firme em sua trajet\u00f3ria rotineira &#8211; agora, s\u00e3o trinta e um jogos invictos, e se passar pelo Oeste nessa ter\u00e7a-feira, chegar\u00e1 a sete meses sem perder. Mais do que isso, segue firme em seu prop\u00f3sito de fazer com que essa grande &quot;prociss\u00e3o&quot; da s\u00e9rie B vire uma rotina de trinta e oito treinos oficiais at\u00e9 nosso retorno triunfal \u00e0 s\u00e9rie A. E, mais uma vez pois nunca \u00e9 demais pontuar isso, que seja pela \u00daLTIMA VEZ em nossa gloriosa hist\u00f3ria.<\/p>\n<div><\/div>\n<div>Um jogo totalmente at\u00edpico no segundo tempo do que estamos acostumados a ver em rela\u00e7\u00e3o a esse time do Vasco. Em que pese o rival ser o Esporte Clube Bahia &#8211; clube que, assim como o seu arquirrival Vit\u00f3ria, historicamente d\u00e1 muito trabalho ao Vasco para derrot\u00e1-los &#8211; o Vasco virtualmente havia resolvido o jogo logo no primeiro tempo. Com os dois a zero e jogando um futebol ofensivo, com bom toque de bola e convicto de suas capacidades, ningu\u00e9m poderia imaginar outro resultado que n\u00e3o fosse mais uma vit\u00f3ria naquele momento.\u00a0<\/div>\n<div><\/div>\n<div>S\u00f3 que o futebol possui os imponder\u00e1veis que fazem com que, muitas vezes, jogos que se tornaram f\u00e1ceis se tornem, em quest\u00e3o de minutos e at\u00e9 mesmo de segundo, novamente complicados. \u00c9 bem verdade que o Bahia possui pelo menos dois jogadores de linha que caberiam no plantel de qualquer equipe da s\u00e9rie A, inclusive, ou pelo menos na maior parte delas: Renato Caj\u00e1 e Thiago Ribeiro (esse segundo, ent\u00e3o, seria titular F\u00c1CIL e poderia, inclusive, ser o atacante goleador que tanto o clube busca no mercado da bola), al\u00e9m de um jovem t\u00e9cnico promissor, que j\u00e1 foi inclusive campe\u00e3o carioca em nosso clube ano passado. Que, inteligente como \u00e9, ajudou a mudar o panorama do jogo no segundo tempo, fazendo mexidas providenciais e lan\u00e7ando o time por inteiro para a frente. Ali\u00e1s, era a \u00fanica coisa que ele poderia fazer naquele momento: tentar agredir uma das melhores defesas do futebol brasileiro.<\/div>\n<div><\/div>\n<div>E, nesse momento, surge a figura do imponder\u00e1vel. Em que pese as mudan\u00e7as muito bem executadas por Doriva no time baiano, tenho convic\u00e7\u00e3o comigo de que, se n\u00e3o fosse a falha clamorosa de nosso jovem goleiro Jordi, n\u00e3o haver\u00edamos tomado aquele primeiro gol, que fez muito mal \u00e0 toda equipe, muito mais pelo aspecto psicol\u00f3gico do que,propriamente, pelo n\u00famero em si. Pois Jordi, at\u00e9 pouco tempo, era (e ainda o considero) um tanto imaturo, ao ponto de n\u00e3o lhe ser confi\u00e1vel de forma plena a concess\u00e3o da responsabilidade por substituir Mart\u00edn Silva, esse um dos grandes goleiros em atividade no futebol sulamericano hoje. E, com isso, toda aquela mesma sensa\u00e7\u00e3o de instabilidade passada por Jordi a todo o grupo de uns meses atr\u00e1s retorna \u00e0 tona, ficando de lado, infelizmente, as boas atua\u00e7\u00f5es obtidas por ele, Jordi, nos jogos recentes anteriores. N\u00e3o h\u00e1 d\u00favidas para mim que esse gol mexeu com o psicol\u00f3gico do setor defensivo, e os mesmos homens de uma defesa segura passaram a n\u00e3o se entender muito bem at\u00e9 o final do jogo. Foi assim no gol de empate e no terceiro gol da equipe baiana tamb\u00e9m. E se n\u00e3o fosse nesse momento ap\u00f3s o gol de empate o MAIOR camisa dez do futebol brasileiro atualmente, Nen\u00ea, estar campo para decidir o jogo, provavelmente ter\u00edamos cessado a s\u00e9rie invicta de maneira muito amarga nesse \u00faltimo s\u00e1bado.<\/div>\n<div>\n<div><\/div>\n<div>Mas l\u00f3gico que outros fatores chamam a aten\u00e7\u00e3o no sentido de prever eventuais problemas e j\u00e1 antever poss\u00edveis solu\u00e7\u00f5es para esse time durante o transcorrer dos jogos, \u00e0 medida que novos desafios v\u00eam chegando. \u00c9 certo tal como a \u00e1gua \u00e9 imprescind\u00edvel para nossa vida que os posteriores advers\u00e1rios h\u00e3o de vir motivados a derrotar o time que \u00e9 a sensa\u00e7\u00e3o do futebol brasileiro, mesmo estando na s\u00e9rie B. Al\u00e9m disso, a tend\u00eancia \u00e9 que advers\u00e1rios, na certeza do &quot;n\u00e3o&quot; j\u00e1 garantido, busquem o &quot;sim&quot; da vit\u00f3ria diante do Vasco, passando a n\u00e3o respeitar nosso time em certos momentos e, em especial, se atrevendo mais quando exercerem seus mandos de campo. Para times com m\u00e9dia de idade mais jovem do que o nosso, a tend\u00eancia ser\u00e1, muitas vezes, for\u00e7ar uma correria para cima de nossa defesa e meio de campo, que somente conta com um \u00fanico marcador nato. E \u00e9 nesse ponto que quero chegar em meu coment\u00e1rio, com uma proposta para rever essa situa\u00e7\u00e3o.<\/div>\n<div><\/div>\n<div>O time do Vasco possui um meio de campo envelhecido, em que somente Marcelo Matos \u00e9 o cabe\u00e7a de \u00e1rea de origem. J\u00falio dos Santos n\u00e3o \u00e9 marcador, ali\u00e1s sendo bem sincero, na maior parte dos jogos n\u00e3o \u00e9 absolutamente nada: entra para dar um passe preciso uma vez ou outra &#8211; tal conforme resultou em nosso primeiro gol diante do Bahia &#8211; e para fazer figura\u00e7\u00e3o na maior parte do tempo de jogo, ocupando espa\u00e7o e nada mais. Quando Nen\u00ea e Andrezinho atuam juntos, conseguem atrav\u00e9s da t\u00e9cnica e do passe imporem seus ritmos, e controlar as a\u00e7\u00f5es do meio de campo, deixando a bola longe de nossa defesa e o time advers\u00e1rio a ter de marcar e se preocupar com os dois. Possuem o suporte de Jorge Henrique, que deixa de fazer n\u00famero no ataque muitas vezes para dar &quot;um g\u00e1s&quot; a mais no meio de campo e n\u00e3o sobrecarregar os demais veteranos (detalhe: Jorge Henrique \u00e9 mais um veterano). Consequentemente nesse desenho de jogo, teremos sempre um atacante isolado, seja quem for, e vez ou outra estando longe de seu habitat para dar combate (ou, ao menos, tentar dar) no meio de campo. O que nos sobra \u00e9 uma concentra\u00e7\u00e3o muito grande de jogadores no meio de campo para resguardar a falta de maior juventude e de maior poder de marca\u00e7\u00e3o, em detrimento do ataque, cuja dupla atual quase n\u00e3o marca gols e sobra a miss\u00e3o para que Nen\u00ea e Andrezinho resolvam essa quest\u00e3o.<\/div>\n<div><\/div>\n<div>Para grande parte da torcida do Vasco, ainda h\u00e1 o agravante de pedir pela manuten\u00e7\u00e3o no time de Yago Pikachu, esse um dupl\u00ea de Wagner Diniz misturado com Diego, pois parece ser t\u00e3o bom no apoio quanto o primeiro e t\u00e3o ruim defensivamente quanto o segundo. Nessa configura\u00e7\u00e3o t\u00e1tica, ent\u00e3o, refor\u00e7a para mim a ideia de se abrir m\u00e3o de um dos jogadores &quot;apoiadores&quot; de meio de campo e se lan\u00e7ar, de fato, um cabe\u00e7a de \u00e1rea efetivo, para que o pr\u00f3prio Pikachu, tamb\u00e9m, seja beneficiado com maior resguardo defensivo e liberdade para que ataque, tal como fazia no Payssandu. Uma alternativa seria a entrada simples de Diguinho ou at\u00e9 mesmo desse jovem rec\u00e9m-chegado, William Oliveira, em detrimento de Bruno Gallo, esse sim, mais uma vez um completo desastre em mais uma chance lhe dada esse ano.<\/div>\n<div><\/div>\n<div>No entanto, a proposta de mudan\u00e7a n\u00e3o p\u00e1ra por a\u00ed. Mais uma vez, ficou provado que Thalles, nesse momento, n\u00e3o \u00e9 o camisa nove que precisamos (e que desejamos). Enquanto esperamos por esse t\u00e3o sonhado centroavante para nos trazer a confian\u00e7a necess\u00e1ria em uma trajet\u00f3ria de vit\u00f3rias, tamb\u00e9m, na Copa do Brasil, quem sabe sonhando at\u00e9 com o t\u00edtulo dessa competi\u00e7\u00e3o, uma alternativa seria, tal como Crist\u00f3v\u00e3o fez em 2011 com Diego Souza, fazer o mesmo com Nen\u00ea: &quot;empurr\u00e1-lo&quot; para a condi\u00e7\u00e3o de atacante e lan\u00e7ar um meia mais jovem ao lado de Andrezinho, no meio de campo, ou at\u00e9 mesmo dar espa\u00e7o para a entrada de Fellype Gabriel nesse setor, pois dependendo de suas condi\u00e7\u00f5es f\u00edsicas, possui boa t\u00e9cnica e versatilidade ao n\u00edvel de merecer, ao menos, ser testado como op\u00e7\u00e3o \u00fatil para esse time.<\/div>\n<div><\/div>\n<div>Dessa forma, uma proje\u00e7\u00e3o de time titular j\u00e1 com a implementa\u00e7\u00e3o dessa proposta de mudan\u00e7a seria: Mart\u00edn Silva; Yago Pikachu, Luan, Rodrigo e J\u00falio C\u00e9sar; Marcelo Matos, Diguinho (ou William Oliveira), Fellype Gabriel e Andrezinho; Jorge Henrique e Nen\u00ea. Teoricamente, com o problema de falta de marca\u00e7\u00e3o latente em alguns momentos resolvido para confrontos mais pesados no futuro; com uma solu\u00e7\u00e3o alternativa para encaixar \u00a0usufruir do poderio ofensivo de Yago Pikachu no time; com um bom entrosamento j\u00e1 de meio campo, pois tr\u00eas desses quatro sugeridos j\u00e1 jogaram juntos (e foram campe\u00f5es) pelo \u00f3timo time do Botafogo em 2013; e com uma op\u00e7\u00e3o para que sinta-se o menos poss\u00edvel os efeitos da falta de um centroavante goleador atrav\u00e9s de um modelo j\u00e1 empregado no passado, em situa\u00e7\u00f5es semelhantes.<\/div>\n<div><\/div>\n<div>Fica a proposta, ent\u00e3o, \u00e0 pauta para debates futuros, cr\u00edticas, elogios e sugest\u00f5es!<\/div>\n<div><\/div>\n<div>********<\/div>\n<div><\/div>\n<div>&#8211; Hei de concordar com meu companheiro Zeh Catalano, um dos idealizadores do site &quot;Panorama Vasca\u00edno&quot;: em seu texto dessa \u00faltima segunda-feira, o citado articulista menciona a falta de vis\u00e3o dos dirigentes brasileiros em colocar jogos importantes dos campeonatos das s\u00e9ries A e B em mesmo dia e hor\u00e1rio da maior decis\u00e3o de futebol entre clubes no mundo, que \u00e9 a decis\u00e3o da UEFA Champions League. Uma vez ao ano somente, com bilh\u00f5es de pessoas a assistir, inclusive, torcedores de clubes com jogos marcados no mesmo dia e hor\u00e1rio, sinceramente, soa \u00e0 fata de bom senso;<\/div>\n<div><\/div>\n<div>&#8211; A adequa\u00e7\u00e3o da categoria estatut\u00e1ria &quot;S\u00f3cio-Geral&quot; ao plano de s\u00f3cios Gigante &quot;Amor Infinito&quot; leva a quem quiser aderir ao benef\u00edcio da meia-entrada paga em arquibancada a pagar mais 25 reais aproximadamente por m\u00eas de mensalidade, j\u00e1 que essa adequa\u00e7\u00e3o s\u00f3 vale para os benef\u00edcios de meia-entrada na cadeira social. Em contrapartida, um estudante vasca\u00edno que queira ir de arquibancada pode realizar a compra da mesma, com sua simples carteirinha de estudante, mesmo sem ser s\u00f3cio, beneficiado pela lei estadual. A pergunta que fica: onde est\u00e1 o benef\u00edcio dessa compatibiliza\u00e7\u00e3o para o s\u00f3cio estatut\u00e1rio, se o maior atrativo do plano \u00e9 a possibilidade nos descontos com ingressos comprados para os jogos? O porqu\u00ea do retrocesso, j\u00e1 que no plano &quot;O Vasco \u00e9 meu&quot; (muito criticado, por sinal, pelo Presidente atual e seus apoiadores) previa a meia-entrada em TODOS os setores do est\u00e1dio, ao contr\u00e1rio do atual?<\/div>\n<div><\/div>\n<div>&#8211; E ainda, sobre marketing: por que t\u00e3o poucas placas de publicidade do plano &quot;Gigante&quot; nos contornos do campo que n\u00e3o \u00e9 preenchido por nenhuma placa externa de publicidade? E por que da n\u00e3o-divulga\u00e7\u00e3o nos intervalos dos jogos? .<\/div>\n<div><\/div>\n<div>&#8211; Para finalizar, da s\u00e9rie &quot;perguntar n\u00e3o ofende&quot;: em quantos mil s\u00f3cios cadastrados no plano &quot;Gigante&quot; j\u00e1 possu\u00edmos? Gostaria de ouvir, sinceramente, essas explica\u00e7\u00f5es dos Srs. Marco Ant\u00f4nio Monteiro e Marcus Duarte..<\/div>\n<p>\n<\/div>\n<\/div>\n<p><\/p>\n","protected":false},"excerpt":{"rendered":"<p>Apesar do susto, prevaleceu no fim a l\u00f3gica: diante de nossa torcida, o Vasco conseguiu&#8230;<\/p>\n","protected":false},"author":12,"featured_media":0,"comment_status":"open","ping_status":"closed","sticky":false,"template":"","format":"standard","meta":{"footnotes":""},"categories":[3],"tags":[],"class_list":["post-7845","post","type-post","status-publish","format-standard","hentry","category-colunistas"],"_links":{"self":[{"href":"https:\/\/webvasco.com\/artigos\/wp-json\/wp\/v2\/posts\/7845","targetHints":{"allow":["GET"]}}],"collection":[{"href":"https:\/\/webvasco.com\/artigos\/wp-json\/wp\/v2\/posts"}],"about":[{"href":"https:\/\/webvasco.com\/artigos\/wp-json\/wp\/v2\/types\/post"}],"author":[{"embeddable":true,"href":"https:\/\/webvasco.com\/artigos\/wp-json\/wp\/v2\/users\/12"}],"replies":[{"embeddable":true,"href":"https:\/\/webvasco.com\/artigos\/wp-json\/wp\/v2\/comments?post=7845"}],"version-history":[{"count":0,"href":"https:\/\/webvasco.com\/artigos\/wp-json\/wp\/v2\/posts\/7845\/revisions"}],"wp:attachment":[{"href":"https:\/\/webvasco.com\/artigos\/wp-json\/wp\/v2\/media?parent=7845"}],"wp:term":[{"taxonomy":"category","embeddable":true,"href":"https:\/\/webvasco.com\/artigos\/wp-json\/wp\/v2\/categories?post=7845"},{"taxonomy":"post_tag","embeddable":true,"href":"https:\/\/webvasco.com\/artigos\/wp-json\/wp\/v2\/tags?post=7845"}],"curies":[{"name":"wp","href":"https:\/\/api.w.org\/{rel}","templated":true}]}}