{"id":7846,"date":"2016-06-04T19:23:04","date_gmt":"2016-06-04T22:23:04","guid":{"rendered":"http:\/\/webvasco.com\/artigos\/?p=7846"},"modified":"2016-06-04T19:33:46","modified_gmt":"2016-06-04T22:33:46","slug":"vai-plantar-tomate","status":"publish","type":"post","link":"https:\/\/webvasco.com\/artigos\/colunistas\/luizcarlosrocha\/vai-plantar-tomate\/","title":{"rendered":"VAI PLANTAR TOMATE!"},"content":{"rendered":"<div>\n<div style=\"color:#000; background-color:#fff; font-family:HelveticaNeue-Light, Helvetica Neue Light, Helvetica Neue, Helvetica, Arial, Lucida Grande, sans-serif;font-size:32px\">\n<div style=\"text-align:justify;text-indent:35.4pt;tab-stops:147.0pt\" id=\"yui_3_16_0_ym19_1_1465078894792_4408\"><span style=\"font-size:12.0pt;line-height:115%;font-family:&quot;Arial&quot;,sans-serif\" id=\"yui_3_16_0_ym19_1_1465078894792_4409\">Ao  vencer o Goi\u00e1s, hoje, por 1 a 0, gol de Andrezinho, em S\u00e3o Janu\u00e1rio, em partida  v\u00e1lida pela Sexta Rodada do Campeonato Brasileiro, da S\u00e9rie B, o Vasco da Gama praticamente  mandou o advers\u00e1rio plantar tomates, uma vez que aquele Estado \u00e9 um forte  agricultor no segmento. Com o resultado, o Cruzmaltino foi a 16 pontos ganhos  (de 18) na tabela de classifica\u00e7\u00e3o, e de quebra garantiu a lideran\u00e7a isolada da  competi\u00e7\u00e3o. Al\u00e9m \u00e9 claro da invencibilidade de 33 jogos! Ufa! O Gigante da  Colina \u00e9 mesmo imbat\u00edvel!<o:p id=\"yui_3_16_0_ym19_1_1465078894792_4410\"><\/o:p><\/span><\/div>\n<div style=\"text-align:justify;text-indent:35.4pt;tab-stops:147.0pt\" id=\"yui_3_16_0_ym19_1_1465078894792_4411\"><span style=\"font-size:12.0pt;line-height:115%;font-family:&quot;Arial&quot;,sans-serif\" id=\"yui_3_16_0_ym19_1_1465078894792_4412\">A  primeira etapa foi morna. Com um Vasco se apresentando como um time de Segunda  Divis\u00e3o. Ainda no tempo vestibular, o atacante Thalles inaugurou o marcador,  mas a arbitragem invalidou, alegando impedimento. Por\u00e9m, quem estava irregular  era \u00c9der Lu\u00eds, que em momento algum participou da jogada. Mais um erro dos \u201chomens  de preto\u201d! O Mach\u00e3o da Gama n\u00e3o se abateu.<o:p id=\"yui_3_16_0_ym19_1_1465078894792_4413\"><\/o:p><\/span><\/div>\n<div style=\"text-align:justify;text-indent:35.4pt;tab-stops:147.0pt\" id=\"yui_3_16_0_ym19_1_1465078894792_4414\"><span style=\"font-size:12.0pt;line-height:115%;font-family:&quot;Arial&quot;,sans-serif\" id=\"yui_3_16_0_ym19_1_1465078894792_4415\">O  treinador Jorginho e seu fiel escudeiro, o auxiliar Zinho, observaram o desenho  da partida e viram que Andrezinho n\u00e3o poderia continuar no banco. Foi dele o  \u00fanico gol do jogo. Em um passe magistral do meia e maestro Nen\u00ea, Andrezinho  ficou de cara para o gol, teve tempo e sabedoria para escolher como balan\u00e7ar a  rede e mandou para a meta do arqueiro Ivan. Gol do Vasco!<o:p id=\"yui_3_16_0_ym19_1_1465078894792_4416\"><\/o:p><\/span><\/div>\n<div style=\"text-align:justify;text-indent:35.4pt;tab-stops:147.0pt\" id=\"yui_3_16_0_ym19_1_1465078894792_4417\"><span style=\"font-size:12.0pt;line-height:115%;font-family:&quot;Arial&quot;,sans-serif\" id=\"yui_3_16_0_ym19_1_1465078894792_4418\">Bem  pr\u00f3ximo de bater mais um recorde o Cruzmaltino agora enfrentar\u00e1, na pr\u00f3xima  ter\u00e7a-feira, dia 07 de junho, \u00e0s 21h30m, o Joinville, fora de casa. Se  permanecer sem perder, poder\u00e1 j\u00e1 na partida do dia 11 de junho, contra o  Atl\u00e9tico-GO bater a marca de 35 partidas invictas! \u00d3timo presente para qualquer  namorado!<o:p id=\"yui_3_16_0_ym19_1_1465078894792_4419\"><\/o:p><\/span><\/div>\n<div style=\"text-align:justify;text-indent:35.4pt;tab-stops:147.0pt\" id=\"yui_3_16_0_ym19_1_1465078894792_4420\"><span style=\"font-size:12.0pt;line-height:115%;font-family:&quot;Arial&quot;,sans-serif\" id=\"yui_3_16_0_ym19_1_1465078894792_4421\">&nbsp;&nbsp;&nbsp;&nbsp;&nbsp;&nbsp;&nbsp;&nbsp;&nbsp;&nbsp;&nbsp;&nbsp;&nbsp;&nbsp;&nbsp;&nbsp;&nbsp;&nbsp;&nbsp;&nbsp;&nbsp;&nbsp;&nbsp;&nbsp;&nbsp;&nbsp;&nbsp;&nbsp;&nbsp;&nbsp;&nbsp;&nbsp;&nbsp;&nbsp;&nbsp;&nbsp; <o:p id=\"yui_3_16_0_ym19_1_1465078894792_4422\"><\/o:p><\/span><\/div>\n<div style=\"text-align:justify;text-indent:35.4pt;tab-stops:111.0pt\" id=\"yui_3_16_0_ym19_1_1465078894792_4423\"><b id=\"yui_3_16_0_ym19_1_1465078894792_4424\"><u id=\"yui_3_16_0_ym19_1_1465078894792_4425\"><span style=\"font-size:20.0pt;line-height:115%;font-family:&quot;Arial&quot;,sans-serif\" id=\"yui_3_16_0_ym19_1_1465078894792_4426\">DIVULGUEM ESSA COVARDIA:<\/span><\/u><\/b><span style=\"font-size:16.0pt;line-height:115%;font-family:&quot;Arial&quot;,sans-serif\" id=\"yui_3_16_0_ym19_1_1465078894792_4427\"> GOSTARIA  DE PEDIR A TODOS OS MEUS AMIGOS E LEITORES QUE TIRASSE UM TEMPINHO PARA LER A  PETI\u00c7\u00c3O P\u00daBLICA, AO QUAL SEGUE ABAIXO O LINK. TAL DOCUMENTO REFERE-SE A <b id=\"yui_3_16_0_ym19_1_1465078894792_4428\"><u id=\"yui_3_16_0_ym19_1_1465078894792_4429\">UM ATO DE COVARDIA POR PARTE DA  VOLKSWAGEN DO BRASIL EM COAUTORIA DA ABOLI\u00c7\u00c3O VE\u00cdCULOS (GRUPO AB)<\/u><\/b>  CONTRA ESTE VELHO JORNALISTA. A REFERIDA CONCESSION\u00c1RIA EST\u00c1 ME LESANDO DESDE  FEVEREIRO DE 2013. MEU CARRO FOI BATIDO DENTRO DA OFICINA, FURTARAM ACESS\u00d3RIOS,  TEM PROBLEMAS CAUSADOS POR ELES, AL\u00c9M DE DEFEITOS DE FABRICA\u00c7\u00c3O. O CARRO 0 KM  COMPRADO POR MIM HOJE SE ENCONTRA NA OFICINA DA ABOLI\u00c7\u00c3O VE\u00cdCULOS (CENTRO DE  NITER\u00d3I) <b id=\"yui_3_16_0_ym19_1_1465078894792_4430\"><u id=\"yui_3_16_0_ym19_1_1465078894792_4431\">DESDE 10 DE JUNHO DE 2013<\/u><\/b>,  OU MELHOR, H\u00c1 <b id=\"yui_3_16_0_ym19_1_1465078894792_4432\"><u id=\"yui_3_16_0_ym19_1_1465078894792_4433\">35 MESES, OU SEJA, 2  ANOS E ONZE MESES.<\/u><\/b> <b id=\"yui_3_16_0_ym19_1_1465078894792_4434\"><u id=\"yui_3_16_0_ym19_1_1465078894792_4435\">TEM APENAS  729 KM RODADOS<\/u><\/b> PARA COMPROVAR O CALV\u00c1RIO TENHO DOCUMENTOS, GRAVA\u00c7\u00d5ES DE  AUDIO E V\u00cdDEO, MAIS DE 600 FOTOGRAFIAS E E-MAILS TROCADOS COM FUNCION\u00c1RIOS DO  BAIXO, M\u00c9DIO E ALTO ESCAL\u00c3O DA EMPRESA. POR FAVOR, ASSINEM O DOCUMENTO PARA QUE  OUTROS CONSUMIDORES N\u00c3O SEJAM LESADOS POR EMPRESAS DESTE N\u00cdVEL.&nbsp; <\/span><a href=\"https:\/\/secure.avaaz.org\/po\/petition\/Aos_Orgaos_de_Defesa_do_Consumidor_e_ao_Poder_Judiciario_JUSTICA_CONTRA_UMA_MARCA_E_SUA_REVENDERORA_QUE_DESCUMPREM_A_LEI\/?lJEcNfb&amp;pv=0\" id=\"yui_3_16_0_ym19_1_1465078894792_4436\"><span style=\"font-size:16.0pt;line-height:115%;font-family:&quot;Arial&quot;,sans-serif\" id=\"yui_3_16_0_ym19_1_1465078894792_4437\">https:\/\/secure.avaaz.org\/po\/petition\/Aos_Orgaos_de_Defesa_do_Consumidor_e_ao_Poder_Judiciario_JUSTICA_CONTRA_UMA_MARCA_E_SUA_REVENDERORA_QUE_DESCUMPREM_A_LEI\/?lJEcNfb&amp;pv=0<\/span><\/a><span style=\"font-size:16.0pt;line-height:115%;font-family:&quot;Arial&quot;,sans-serif\" id=\"yui_3_16_0_ym19_1_1465078894792_4438\"><o:p id=\"yui_3_16_0_ym19_1_1465078894792_4439\"><\/o:p><\/span><\/div>\n<div style=\"text-align:justify;tab-stops:111.0pt\" id=\"yui_3_16_0_ym19_1_1465078894792_4440\"><span style=\"font-size:16.0pt;line-height:115%;font-family:&quot;Arial&quot;,sans-serif\" id=\"yui_3_16_0_ym19_1_1465078894792_4441\"><o:p id=\"yui_3_16_0_ym19_1_1465078894792_4442\">&nbsp;<\/o:p><\/span><\/div>\n<div style=\"text-align:justify;tab-stops:111.0pt\" id=\"yui_3_16_0_ym19_1_1465078894792_4443\"><b id=\"yui_3_16_0_ym19_1_1465078894792_4444\"><span style=\"font-size:16.0pt;line-height:115%;font-family:&quot;Arial&quot;,sans-serif\" id=\"yui_3_16_0_ym19_1_1465078894792_4445\">&nbsp;&nbsp;&nbsp;&nbsp;&nbsp;&nbsp;&nbsp;&nbsp;&nbsp;&nbsp;&nbsp;&nbsp;&nbsp;&nbsp;&nbsp;&nbsp;&nbsp;&nbsp;&nbsp;&nbsp;&nbsp;&nbsp;&nbsp;&nbsp; &nbsp;&nbsp;&nbsp;&nbsp;&nbsp;&nbsp; <o:p id=\"yui_3_16_0_ym19_1_1465078894792_4446\"><\/o:p><\/span><\/b><\/div>\n<div style=\"text-align:justify\" id=\"yui_3_16_0_ym19_1_1465078894792_4447\"><b id=\"yui_3_16_0_ym19_1_1465078894792_4448\"><span style=\"font-size:14.0pt;line-height:115%;font-family:&quot;Arial&quot;,sans-serif\" id=\"yui_3_16_0_ym19_1_1465078894792_4449\">AP\u00d3S  AS TODAS AS PARTIDAS DO VASC\u00c3O EM MEU PERFIL DO FACEBOOK (QUEM QUISER RECEBER  AS CR\u00d4NICAS DE PRIMEIRA M\u00c3O \u00c9 S\u00d3 ME ADICIONAR), E NOS SITES WEBVASCO  (<a href=\"http:\/\/www.webvasco.com\">www.webvasco.com<\/a>), E VASCA\u00cdNOS UNIDOS (<a href=\"http:\/\/www.vascainosunidos.com.br\">www.vascainosunidos.com.br<\/a>) TEM A  OPINI\u00c3O DO JORNALISTA LUIZ CARLOS ROCHA. LEIAM! COMPARTILHEM E CURTAM!  VASCA\u00cdNOS UNIDOS JAMAIS SER\u00c3O VENCIDOS.<o:p id=\"yui_3_16_0_ym19_1_1465078894792_4450\"><\/o:p><\/span><\/b><\/div>\n<div id=\"yui_3_16_0_ym19_1_1465078894792_4284\">                                    <\/div>\n<div style=\"text-align:justify\" dir=\"ltr\" id=\"yui_3_16_0_ym19_1_1465078894792_4451\"><b id=\"yui_3_16_0_ym19_1_1465078894792_4452\"><span style=\"font-size:14.0pt;line-height:115%;font-family:&quot;Arial&quot;,sans-serif\" id=\"yui_3_16_0_ym19_1_1465078894792_4453\">&nbsp;<\/span><\/b><\/div>\n<div id=\"yui_3_16_0_ym19_1_1465078894792_4283\"><span><br \/><\/span><\/div>\n<div id=\"yui_3_16_0_ym19_1_1465078894792_4282\"><span><br \/><\/span><\/div>\n<div id=\"yui_3_16_0_ym19_1_1465078894792_4271\"><span><br \/><\/span><\/div>\n<div><\/div>\n<div id=\"yui_3_16_0_ym19_1_1465078894792_4093\">&nbsp;<\/div>\n<div class=\"signature\" id=\"yui_3_16_0_ym19_1_1465078894792_4100\">\n<div id=\"RTEContent\">\n<div id=\"yui_3_16_0_ym19_1_1465078894792_4099\">\n<div id=\"yui_3_16_0_ym19_1_1465078894792_4098\">\n<div id=\"yui_3_16_0_ym19_1_1465078894792_4097\">\n<div align=\"center\" id=\"yui_3_16_0_ym19_1_1465078894792_4096\"><\/div>\n<\/div>\n<\/div>\n<\/div>\n<\/div>\n<\/div>\n<\/div>\n<\/div>\n<p><\/p>\n","protected":false},"excerpt":{"rendered":"<p>Ao vencer o Goi\u00e1s, hoje, por 1 a 0, gol de Andrezinho, em S\u00e3o Janu\u00e1rio,&#8230;<\/p>\n","protected":false},"author":7,"featured_media":0,"comment_status":"open","ping_status":"closed","sticky":false,"template":"","format":"standard","meta":{"footnotes":""},"categories":[4],"tags":[],"class_list":["post-7846","post","type-post","status-publish","format-standard","hentry","category-luizcarlosrocha"],"_links":{"self":[{"href":"https:\/\/webvasco.com\/artigos\/wp-json\/wp\/v2\/posts\/7846","targetHints":{"allow":["GET"]}}],"collection":[{"href":"https:\/\/webvasco.com\/artigos\/wp-json\/wp\/v2\/posts"}],"about":[{"href":"https:\/\/webvasco.com\/artigos\/wp-json\/wp\/v2\/types\/post"}],"author":[{"embeddable":true,"href":"https:\/\/webvasco.com\/artigos\/wp-json\/wp\/v2\/users\/7"}],"replies":[{"embeddable":true,"href":"https:\/\/webvasco.com\/artigos\/wp-json\/wp\/v2\/comments?post=7846"}],"version-history":[{"count":0,"href":"https:\/\/webvasco.com\/artigos\/wp-json\/wp\/v2\/posts\/7846\/revisions"}],"wp:attachment":[{"href":"https:\/\/webvasco.com\/artigos\/wp-json\/wp\/v2\/media?parent=7846"}],"wp:term":[{"taxonomy":"category","embeddable":true,"href":"https:\/\/webvasco.com\/artigos\/wp-json\/wp\/v2\/categories?post=7846"},{"taxonomy":"post_tag","embeddable":true,"href":"https:\/\/webvasco.com\/artigos\/wp-json\/wp\/v2\/tags?post=7846"}],"curies":[{"name":"wp","href":"https:\/\/api.w.org\/{rel}","templated":true}]}}