{"id":7847,"date":"2016-06-08T13:36:22","date_gmt":"2016-06-08T16:36:22","guid":{"rendered":"http:\/\/webvasco.com\/artigos\/?p=7847"},"modified":"2016-06-08T14:21:10","modified_gmt":"2016-06-08T17:21:10","slug":"artigo-2","status":"publish","type":"post","link":"https:\/\/webvasco.com\/artigos\/colunistas\/luizcarlosrocha\/artigo-2\/","title":{"rendered":"COM L DE L\u00cdDER!"},"content":{"rendered":"<div>\n<div style=\"color:#000; background-color:#fff; font-family:HelveticaNeue-Light, Helvetica Neue Light, Helvetica Neue, Helvetica, Arial, Lucida Grande, sans-serif;font-size:32px\">\n<div align=\"center\" style=\"text-align:center;text-indent:35.4pt;tab-stops:167.25pt\" id=\"yui_3_16_0_ym19_1_1465267648509_140439\"><\/div>\n<div style=\"text-align:justify;text-indent:35.4pt;tab-stops:111.0pt\" id=\"yui_3_16_0_ym19_1_1465267648509_140443\"><span style=\"font-size:12.0pt;line-height:115%;font-family:&quot;Arial&quot;,sans-serif\" id=\"yui_3_16_0_ym19_1_1465267648509_140444\"><o:p id=\"yui_3_16_0_ym19_1_1465267648509_140445\">&nbsp;<\/o:p><\/span><\/div>\n<div style=\"text-align:justify;text-indent:35.4pt;tab-stops:147.0pt\" id=\"yui_3_16_0_ym19_1_1465267648509_140446\"><span style=\"font-size:12.0pt;line-height:115%;font-family:&quot;Arial&quot;,sans-serif\" id=\"yui_3_16_0_ym19_1_1465267648509_140447\">O  Vasco da Gama venceu, ontem, na Arena Joinville, pela s\u00e9tima rodada do  Campeonato Brasileiro da S\u00e9rie B, o time da casa, por 2 a 0, com gols marcados  pelo atacante Leandr\u00e3o, cujo nome come\u00e7a com a mesma letra L de l\u00edder! O  resultado consagrou ainda mais o Gigante da Colina, que al\u00e9m de n\u00famero zero um  da competi\u00e7\u00e3o, manteve a \u00f3tima fase da invencibilidade. Agora s\u00e3o 34 partidas.<o:p id=\"yui_3_16_0_ym19_1_1465267648509_140448\"><\/o:p><\/span><\/div>\n<div style=\"text-align:justify;text-indent:35.4pt;tab-stops:147.0pt\" id=\"yui_3_16_0_ym19_1_1465267648509_140449\"><span style=\"font-size:12.0pt;line-height:115%;font-family:&quot;Arial&quot;,sans-serif\" id=\"yui_3_16_0_ym19_1_1465267648509_140450\">S\u00e3o  muitos motivos para comemorar. Lideran\u00e7a isolada do campeonato. Artilheiro da  competi\u00e7\u00e3o, Nen\u00ea. Invicto h\u00e1 tempos. Perspectivas de volta antecipada para a  S\u00e9rie A. Planejamento para o Tri Carioca&#8230; &nbsp;Enfim, o Cruzmaltino vive um grande momento.  Esta S\u00e9tima Rodada serviu para mostrar aos 8.794 torcedores presentes que a  equipe comandada pelo treinador Jorginho est\u00e1 no caminho certo.<o:p id=\"yui_3_16_0_ym19_1_1465267648509_140451\"><\/o:p><\/span><\/div>\n<div style=\"text-align:justify;text-indent:35.4pt;tab-stops:147.0pt\" id=\"yui_3_16_0_ym19_1_1465267648509_140452\"><span style=\"font-size:12.0pt;line-height:115%;font-family:&quot;Arial&quot;,sans-serif\" id=\"yui_3_16_0_ym19_1_1465267648509_140453\">S\u00e3o 19  pontos ganhos em 21 disputados. Inteligentemente Jorginho e Zinho passam para o  plantel vasca\u00edno que a hora de pontuar \u00e9 agora, no in\u00edcio da competi\u00e7\u00e3o, pois  do meio para o fim as dificuldades aumentar\u00e3o. N\u00e3o s\u00f3 pela press\u00e3o dos  resultados da equipe, bem como dos advers\u00e1rios, mas tamb\u00e9m pela idade avan\u00e7ada  dos seus atletas que certamente sentir\u00e3o o peso de uma competi\u00e7\u00e3o longa. Al\u00e9m  disso, os gramados irregulares e as viagens cansar\u00e3o e desgastar\u00e3o o elenco. A  partir da\u00ed ser\u00e1 comum as poss\u00edveis falhas. Logo, a hora de somar \u00e9 agora, para  poder ter margem de erro ao falhar no final.<o:p id=\"yui_3_16_0_ym19_1_1465267648509_140454\"><\/o:p><\/span><\/div>\n<div style=\"text-align:justify;text-indent:35.4pt;tab-stops:147.0pt\" id=\"yui_3_16_0_ym19_1_1465267648509_140455\"><span style=\"font-size:12.0pt;line-height:115%;font-family:&quot;Arial&quot;,sans-serif\" id=\"yui_3_16_0_ym19_1_1465267648509_140456\">O  pr\u00f3ximo desafio do Vasc\u00e3o ser\u00e1 s\u00e1bado, dia 11 de junho, \u00e0s 16h 30m, no Est\u00e1dio  Kl\u00e9ber Andrade, em Cariacica\/ES, pela Oitava Rodada, contra o vice-l\u00edder  Atl\u00e9tico\/GO. O meia Nen\u00ea ficar\u00e1 de fora, por ter ganho o terceiro cart\u00e3o  amarelo ontem. Ser\u00e1 uma aus\u00eancia bem consider\u00e1vel. H\u00e1 quem o considere a alma  vasca\u00edna. E agora Jorginho?<o:p id=\"yui_3_16_0_ym19_1_1465267648509_140457\"><\/o:p><\/span><\/div>\n<div style=\"text-align:justify;text-indent:35.4pt;tab-stops:147.0pt\" id=\"yui_3_16_0_ym19_1_1465267648509_140458\"><span style=\"font-size:12.0pt;line-height:115%;font-family:&quot;Arial&quot;,sans-serif\" id=\"yui_3_16_0_ym19_1_1465267648509_140459\">&nbsp;&nbsp;&nbsp;&nbsp;&nbsp;&nbsp;&nbsp;&nbsp;&nbsp;&nbsp;&nbsp;&nbsp;&nbsp;&nbsp;&nbsp;&nbsp;&nbsp;&nbsp;&nbsp;&nbsp;&nbsp;&nbsp;&nbsp;&nbsp;&nbsp;&nbsp;&nbsp;&nbsp;&nbsp;&nbsp;&nbsp;&nbsp;&nbsp;&nbsp;&nbsp;&nbsp; <o:p id=\"yui_3_16_0_ym19_1_1465267648509_140460\"><\/o:p><\/span><\/div>\n<div style=\"text-align:justify;text-indent:35.4pt;tab-stops:111.0pt\" id=\"yui_3_16_0_ym19_1_1465267648509_140461\"><b id=\"yui_3_16_0_ym19_1_1465267648509_140462\"><u id=\"yui_3_16_0_ym19_1_1465267648509_140463\"><span style=\"font-size:20.0pt;line-height:115%;font-family:&quot;Arial&quot;,sans-serif\" id=\"yui_3_16_0_ym19_1_1465267648509_140464\">DIVULGUEM ESSA COVARDIA:<\/span><\/u><\/b><span style=\"font-size:16.0pt;line-height:115%;font-family:&quot;Arial&quot;,sans-serif\" id=\"yui_3_16_0_ym19_1_1465267648509_140465\"> GOSTARIA  DE PEDIR A TODOS OS MEUS AMIGOS E LEITORES QUE TIRASSE UM TEMPINHO PARA LER A  PETI\u00c7\u00c3O P\u00daBLICA, AO QUAL SEGUE ABAIXO O LINK. TAL DOCUMENTO REFERE-SE A <b id=\"yui_3_16_0_ym19_1_1465267648509_140466\"><u id=\"yui_3_16_0_ym19_1_1465267648509_140467\">UM ATO DE COVARDIA POR PARTE DA  VOLKSWAGEN DO BRASIL EM COAUTORIA DA ABOLI\u00c7\u00c3O VE\u00cdCULOS (GRUPO AB)<\/u><\/b>  CONTRA ESTE VELHO JORNALISTA. A REFERIDA CONCESSION\u00c1RIA EST\u00c1 ME LESANDO DESDE  FEVEREIRO DE 2013. MEU CARRO FOI BATIDO DENTRO DA OFICINA, FURTARAM ACESS\u00d3RIOS,  TEM PROBLEMAS CAUSADOS POR ELES, AL\u00c9M DE DEFEITOS DE FABRICA\u00c7\u00c3O. O CARRO 0 KM  COMPRADO POR MIM HOJE SE ENCONTRA NA OFICINA DA ABOLI\u00c7\u00c3O VE\u00cdCULOS (CENTRO DE  NITER\u00d3I) <b id=\"yui_3_16_0_ym19_1_1465267648509_140468\"><u id=\"yui_3_16_0_ym19_1_1465267648509_140469\">DESDE 10 DE JUNHO DE 2013<\/u><\/b>,  OU MELHOR, H\u00c1 <b id=\"yui_3_16_0_ym19_1_1465267648509_140470\"><u id=\"yui_3_16_0_ym19_1_1465267648509_140471\">35 MESES, OU SEJA, 2  ANOS E ONZE MESES.<\/u><\/b> <b id=\"yui_3_16_0_ym19_1_1465267648509_140472\"><u id=\"yui_3_16_0_ym19_1_1465267648509_140473\">TEM APENAS  729 KM RODADOS<\/u><\/b> PARA COMPROVAR O CALV\u00c1RIO TENHO DOCUMENTOS, GRAVA\u00c7\u00d5ES DE  AUDIO E V\u00cdDEO, MAIS DE 600 FOTOGRAFIAS E E-MAILS TROCADOS COM FUNCION\u00c1RIOS DO  BAIXO, M\u00c9DIO E ALTO ESCAL\u00c3O DA EMPRESA. POR FAVOR, ASSINEM O DOCUMENTO PARA QUE  OUTROS CONSUMIDORES N\u00c3O SEJAM LESADOS POR EMPRESAS DESTE N\u00cdVEL.&nbsp; <\/span><a href=\"https:\/\/secure.avaaz.org\/po\/petition\/Aos_Orgaos_de_Defesa_do_Consumidor_e_ao_Poder_Judiciario_JUSTICA_CONTRA_UMA_MARCA_E_SUA_REVENDERORA_QUE_DESCUMPREM_A_LEI\/?lJEcNfb&amp;pv=0\" id=\"yui_3_16_0_ym19_1_1465267648509_140474\"><span style=\"font-size:16.0pt;line-height:115%;font-family:&quot;Arial&quot;,sans-serif\" id=\"yui_3_16_0_ym19_1_1465267648509_140475\">https:\/\/secure.avaaz.org\/po\/petition\/Aos_Orgaos_de_Defesa_do_Consumidor_e_ao_Poder_Judiciario_JUSTICA_CONTRA_UMA_MARCA_E_SUA_REVENDERORA_QUE_DESCUMPREM_A_LEI\/?lJEcNfb&amp;pv=0<\/span><\/a><span style=\"font-size:16.0pt;line-height:115%;font-family:&quot;Arial&quot;,sans-serif\" id=\"yui_3_16_0_ym19_1_1465267648509_140476\"><o:p id=\"yui_3_16_0_ym19_1_1465267648509_140477\"><\/o:p><\/span><\/div>\n<div style=\"text-align:justify;tab-stops:111.0pt\" id=\"yui_3_16_0_ym19_1_1465267648509_140478\"><span style=\"font-size:16.0pt;line-height:115%;font-family:&quot;Arial&quot;,sans-serif\" id=\"yui_3_16_0_ym19_1_1465267648509_140479\"><o:p id=\"yui_3_16_0_ym19_1_1465267648509_140480\">&nbsp;<\/o:p><\/span><\/div>\n<div style=\"text-align:justify;tab-stops:111.0pt\" id=\"yui_3_16_0_ym19_1_1465267648509_140481\"><b id=\"yui_3_16_0_ym19_1_1465267648509_140482\"><span style=\"font-size:16.0pt;line-height:115%;font-family:&quot;Arial&quot;,sans-serif\" id=\"yui_3_16_0_ym19_1_1465267648509_140483\">&nbsp;&nbsp;&nbsp;&nbsp;&nbsp;&nbsp;&nbsp;&nbsp;&nbsp;&nbsp;&nbsp;&nbsp;&nbsp;&nbsp;&nbsp;&nbsp;&nbsp;&nbsp;&nbsp;&nbsp;&nbsp;&nbsp;&nbsp;&nbsp; &nbsp;&nbsp;&nbsp;&nbsp;&nbsp;&nbsp; <o:p id=\"yui_3_16_0_ym19_1_1465267648509_140484\"><\/o:p><\/span><\/b><\/div>\n<div id=\"yui_3_16_0_ym19_1_1465267648509_140297\">                                        <\/div>\n<div style=\"text-align:justify\" dir=\"ltr\" id=\"yui_3_16_0_ym19_1_1465267648509_140485\"><b id=\"yui_3_16_0_ym19_1_1465267648509_140486\"><span style=\"font-size:14.0pt;line-height:115%;font-family:&quot;Arial&quot;,sans-serif\" id=\"yui_3_16_0_ym19_1_1465267648509_140487\">AP\u00d3S  AS TODAS AS PARTIDAS DO VASC\u00c3O EM MEU PERFIL DO FACEBOOK (QUEM QUISER RECEBER  AS CR\u00d4NICAS DE PRIMEIRA M\u00c3O \u00c9 S\u00d3 ME ADICIONAR), E NOS SITES WEBVASCO  (<a href=\"http:\/\/www.webvasco.com\">www.webvasco.com<\/a>), E VASCA\u00cdNOS UNIDOS (<a href=\"http:\/\/www.vascainosunidos.com.br\">www.vascainosunidos.com.br<\/a>) TEM A  OPINI\u00c3O DO JORNALISTA LUIZ CARLOS ROCHA. LEIAM! COMPARTILHEM E CURTAM!  VASCA\u00cdNOS UNIDOS JAMAIS SER\u00c3O VENCIDOS.<o:p id=\"yui_3_16_0_ym19_1_1465267648509_140488\"><\/o:p><\/span><\/b><\/div>\n<div id=\"yui_3_16_0_ym19_1_1465267648509_140297\"><span><br \/><\/span><\/div>\n<div id=\"yui_3_16_0_ym19_1_1465267648509_140297\"><span><br \/><\/span><\/div>\n<div><\/div>\n<div id=\"yui_3_16_0_ym19_1_1465267648509_140285\">&nbsp;<\/div>\n<\/div>\n<\/div>\n<p><\/p>\n","protected":false},"excerpt":{"rendered":"<p>&nbsp; O Vasco da Gama venceu, ontem, na Arena Joinville, pela s\u00e9tima rodada do Campeonato&#8230;<\/p>\n","protected":false},"author":7,"featured_media":0,"comment_status":"open","ping_status":"closed","sticky":false,"template":"","format":"standard","meta":{"footnotes":""},"categories":[4],"tags":[],"class_list":["post-7847","post","type-post","status-publish","format-standard","hentry","category-luizcarlosrocha"],"_links":{"self":[{"href":"https:\/\/webvasco.com\/artigos\/wp-json\/wp\/v2\/posts\/7847","targetHints":{"allow":["GET"]}}],"collection":[{"href":"https:\/\/webvasco.com\/artigos\/wp-json\/wp\/v2\/posts"}],"about":[{"href":"https:\/\/webvasco.com\/artigos\/wp-json\/wp\/v2\/types\/post"}],"author":[{"embeddable":true,"href":"https:\/\/webvasco.com\/artigos\/wp-json\/wp\/v2\/users\/7"}],"replies":[{"embeddable":true,"href":"https:\/\/webvasco.com\/artigos\/wp-json\/wp\/v2\/comments?post=7847"}],"version-history":[{"count":2,"href":"https:\/\/webvasco.com\/artigos\/wp-json\/wp\/v2\/posts\/7847\/revisions"}],"predecessor-version":[{"id":7852,"href":"https:\/\/webvasco.com\/artigos\/wp-json\/wp\/v2\/posts\/7847\/revisions\/7852"}],"wp:attachment":[{"href":"https:\/\/webvasco.com\/artigos\/wp-json\/wp\/v2\/media?parent=7847"}],"wp:term":[{"taxonomy":"category","embeddable":true,"href":"https:\/\/webvasco.com\/artigos\/wp-json\/wp\/v2\/categories?post=7847"},{"taxonomy":"post_tag","embeddable":true,"href":"https:\/\/webvasco.com\/artigos\/wp-json\/wp\/v2\/tags?post=7847"}],"curies":[{"name":"wp","href":"https:\/\/api.w.org\/{rel}","templated":true}]}}