{"id":785,"date":"2014-02-17T14:55:49","date_gmt":"2014-02-17T17:55:49","guid":{"rendered":"http:\/\/webvasco.com\/artigos\/?p=785"},"modified":"2014-02-18T15:41:01","modified_gmt":"2014-02-18T18:41:01","slug":"para-que-jogar-melhor-dar-logo-o-titulo-para-eles","status":"publish","type":"post","link":"https:\/\/webvasco.com\/artigos\/colunistas\/andrepedro\/para-que-jogar-melhor-dar-logo-o-titulo-para-eles\/","title":{"rendered":"Para que jogar? Melhor dar logo o t\u00edtulo para eles&#8230;"},"content":{"rendered":"<p>Caros amigos vasca\u00ednos,<\/p>\n<p>O t\u00edtulo deste artigo pode parecer algo escrito de &#8220;cabe\u00e7a quente&#8221; ou em um momento emotivo, mas quero deixar claro que trata-se de um pensamento feito ap\u00f3s muita reflex\u00e3o.<\/p>\n<p>Vamos fazer um exerc\u00edcio de racioc\u00ednio diante dos fatos que irei expor agora, e a\u00ed, amigo leitor, me diga voc\u00ea o que acha.<\/p>\n<p>Ap\u00f3s o jogo de ontem, n\u00e3o havia mais discuss\u00e3o se o Vasco foi prejudicado vergonhosamente ou n\u00e3o. A discuss\u00e3o que cabe no dia de hoje \u00e9 se o \u00e1rbitro e seus auxiliares apenas cometeram &#8220;erros&#8221; ou foi &#8220;algo mais&#8221;. Em qualquer pa\u00eds s\u00e9rio, e se o Vasco tivesse uma diretoria &#8220;n\u00e3o-inerte&#8221;, esse assunto teria que ser investigado e apurado. Estamos falando de um esporte que movimenta milh\u00f5es de reais por ano dentro do nosso clube. N\u00e3o se pode brincar com esse assunto da maneira que nossa diretoria, comandada pelo ex-\u00eddolo, Roberto Dinamite. Dinamite est\u00e1 conseguindo destruir duas coisas sagradas no nosso clube: a imagem do Vasco perante os advers\u00e1rios, que j\u00e1 n\u00e3o o temem, e a imagem dele mesmo como \u00eddolo maior de nosso clube&#8230;<\/p>\n<p>Mas voltando \u00e0 arbitragem, vamos dar uma olhada em apenas 3 imagens.<\/p>\n<p>A primeira mostra o gol do Vasco que a arbitragem &#8220;n\u00e3o viu&#8221;. A imagem \u00e9 clar\u00edssima: o auxiliar de linha de fundo estava a poucos metros da bola e com vis\u00e3o privilegiada. Como \u00e9 poss\u00edvel ele n\u00e3o ter visto?<\/p>\n<p><img loading=\"lazy\" decoding=\"async\" class=\"aligncenter size-medium wp-image-786\" alt=\"vasco1\" src=\"https:\/\/webvasco.com\/artigos\/wp-content\/uploads\/2014\/02\/vasco1-300x169.jpg\" width=\"300\" height=\"169\" srcset=\"https:\/\/webvasco.com\/artigos\/wp-content\/uploads\/2014\/02\/vasco1-300x169.jpg 300w, https:\/\/webvasco.com\/artigos\/wp-content\/uploads\/2014\/02\/vasco1-150x84.jpg 150w, https:\/\/webvasco.com\/artigos\/wp-content\/uploads\/2014\/02\/vasco1.jpg 371w\" sizes=\"auto, (max-width: 300px) 100vw, 300px\" \/><\/p>\n<p>&nbsp;<\/p>\n<p>A segunda mostra o &#8220;gol&#8221; do Flamengo. Notem que a circunfer\u00eancia da bola n\u00e3o ultrapassa totalmente a trave, que possui a mesma espessura da linha de fundo. Ora, a FIFA na sua publica\u00e7\u00e3o &#8220;Laws of the Game&#8221;, a qual me parece que os \u00e1rbitros brasileiros tem total desconhecimento, deixa claro que a bola tem que ultrapassar totalmente a linha de gol.<\/p>\n<p><a href=\"https:\/\/webvasco.com\/artigos\/wp-content\/uploads\/2014\/02\/vasco2.jpg\"><img loading=\"lazy\" decoding=\"async\" class=\"aligncenter size-medium wp-image-787\" alt=\"vasco2\" src=\"https:\/\/webvasco.com\/artigos\/wp-content\/uploads\/2014\/02\/vasco2-300x169.jpg\" width=\"300\" height=\"169\" srcset=\"https:\/\/webvasco.com\/artigos\/wp-content\/uploads\/2014\/02\/vasco2-300x169.jpg 300w, https:\/\/webvasco.com\/artigos\/wp-content\/uploads\/2014\/02\/vasco2-150x84.jpg 150w, https:\/\/webvasco.com\/artigos\/wp-content\/uploads\/2014\/02\/vasco2.jpg 371w\" sizes=\"auto, (max-width: 300px) 100vw, 300px\" \/><\/a><\/p>\n<p>&nbsp;<\/p>\n<p>&#8220;Laws of the Game&#8221; pode ser baixado no site da FIFA, mas reproduzo aqui apenas o trecho que demonstra o que \u00e9 gol e o que n\u00e3o \u00e9 gol:<\/p>\n<p><a href=\"https:\/\/webvasco.com\/artigos\/wp-content\/uploads\/2014\/02\/vasco3.jpg\"><img loading=\"lazy\" decoding=\"async\" class=\"aligncenter size-medium wp-image-788\" alt=\"vasco3\" src=\"https:\/\/webvasco.com\/artigos\/wp-content\/uploads\/2014\/02\/vasco3-300x193.jpg\" width=\"300\" height=\"193\" srcset=\"https:\/\/webvasco.com\/artigos\/wp-content\/uploads\/2014\/02\/vasco3-300x193.jpg 300w, https:\/\/webvasco.com\/artigos\/wp-content\/uploads\/2014\/02\/vasco3-150x96.jpg 150w, https:\/\/webvasco.com\/artigos\/wp-content\/uploads\/2014\/02\/vasco3.jpg 553w\" sizes=\"auto, (max-width: 300px) 100vw, 300px\" \/><\/a><\/p>\n<p>&nbsp;<\/p>\n<p>Comparem a posi\u00e7\u00e3o da bola na foto e as posi\u00e7\u00f5es da bola na imagem da FIFA. Como o Arnaldo diz, &#8220;a regra \u00e9 clara&#8221;. Pena que o Arnaldo n\u00e3o segue o que ele mesmo afirma, pois durante a transmiss\u00e3o afirmou claramente que a bola tinha &#8220;entrado uns 20 cm no gol&#8221;&#8230;<\/p>\n<p>Eu queria saber qual trena ele usou para medir&#8230;<\/p>\n<p>O pior \u00e9 que no intervalo o tira-teima do Globo n\u00e3o avaliou o gol do Flamengo. E aqui cabe um par\u00eantesis: o software do tira-teima da Globo n\u00e3o tem nenhuma inova\u00e7\u00e3o tecnol\u00f3gica. Na verdade, ele \u00e9 muito simples: insere-se os dados das medidas do campo, congela-se a imagem e o operador clica nas posi\u00e7\u00f5es onde est\u00e3o os objetos sob an\u00e1lise. A partir da\u00ed o software coloca as medidas baseadas no que o operador passou. A\u00ed vem uma hip\u00f3tese: se um operador clicar a posi\u00e7\u00e3o da bola um pouco mais para um lado que para o outro, o software vai dar as medidas de acordo com o que foi informado&#8230;<\/p>\n<p>E o que acontece depois do jogo? A Globo mostra uma imagem computadorizada com a bola bem para dentro do gol (para que n\u00e3o haja d\u00favidas) e mostra a dist\u00e2ncia de &#8220;22 cm&#8221;&#8230; Que coincid\u00eancia com o que o Arnaldo disse, n\u00e3o \u00e9 mesmo???<\/p>\n<p>At\u00e9 agora o &#8220;placar real&#8221; do jogo est\u00e1 em 2&#215;1 para o Vasco.<\/p>\n<p>Para n\u00e3o dizer que ficou s\u00f3 por a\u00ed, vejam a imagem abaixo que aconteceu dentro da \u00e1rea do Flamengo:<\/p>\n<p><a href=\"https:\/\/webvasco.com\/artigos\/wp-content\/uploads\/2014\/02\/vasco4.jpg\"><img loading=\"lazy\" decoding=\"async\" class=\"aligncenter size-medium wp-image-789\" alt=\"vasco4\" src=\"https:\/\/webvasco.com\/artigos\/wp-content\/uploads\/2014\/02\/vasco4-300x225.jpg\" width=\"300\" height=\"225\" srcset=\"https:\/\/webvasco.com\/artigos\/wp-content\/uploads\/2014\/02\/vasco4-300x225.jpg 300w, https:\/\/webvasco.com\/artigos\/wp-content\/uploads\/2014\/02\/vasco4-150x112.jpg 150w, https:\/\/webvasco.com\/artigos\/wp-content\/uploads\/2014\/02\/vasco4.jpg 960w\" sizes=\"auto, (max-width: 300px) 100vw, 300px\" \/><\/a><\/p>\n<p>&nbsp;<\/p>\n<p>Neste caso, o Arnaldo foi mais severo ainda em afirmar: &#8220;o \u00e1rbitro estava encoberto e n\u00e3o viu&#8221;&#8230; Bom, olhem voc\u00eas mesmos a posi\u00e7\u00e3o do \u00e1rbitro e a dire\u00e7\u00e3o do olhar dele&#8230; Afinal, ele n\u00e3o viu ou n\u00e3o quis marcar o p\u00eanalti?<\/p>\n<p>Ser\u00e1 que o &#8220;placar real&#8221; aqui j\u00e1 n\u00e3o seria 3&#215;1 para o Vasco? Que diferen\u00e7a para o &#8220;placar fabricado&#8221;&#8230;<\/p>\n<p>Bom, depois disso tudo, o que esperar de uma poss\u00edvel decis\u00e3o entre Flamengo e Vasco? Eu posso afirmar: Se o Vasco n\u00e3o fizer pelo menos uns 10 gols v\u00e1lidos contra os mulambos, ser\u00e1 dif\u00edcil ganhar deles&#8230; da\u00ed o t\u00edtulo deste artigo: &#8220;Para que jogar? Melhor dar logo o t\u00edtulo para eles&#8230;&#8221;<\/p>\n<p>Antes que algum vasca\u00edno ache que estou entregando os pontos, ou desistindo, deixem-me falar uma coisa: eu luto e lutarei sempre pelo Vasco. N\u00e3o preciso listar aqui tudo o que j\u00e1 fiz pelo clube sem ganhar um \u00fanico centavo. Muito pelo contr\u00e1rio: gastando bastante&#8230;<\/p>\n<p>O que n\u00e3o d\u00e1 \u00e9 ficar lutando pelo clube e ver que nossos dirigentes n\u00e3o est\u00e3o nem a\u00ed para o torcedor do clube. Vejam agora esta foto tirada no jogo de ontem:<\/p>\n<p><a href=\"https:\/\/webvasco.com\/artigos\/wp-content\/uploads\/2014\/02\/2014.02.16-peraltajaymeEurico.jpg\"><img loading=\"lazy\" decoding=\"async\" class=\"aligncenter size-medium wp-image-790\" alt=\"2014.02.16-peralta,jayme,Eurico\" src=\"https:\/\/webvasco.com\/artigos\/wp-content\/uploads\/2014\/02\/2014.02.16-peraltajaymeEurico-300x225.jpg\" width=\"300\" height=\"225\" srcset=\"https:\/\/webvasco.com\/artigos\/wp-content\/uploads\/2014\/02\/2014.02.16-peraltajaymeEurico-300x225.jpg 300w, https:\/\/webvasco.com\/artigos\/wp-content\/uploads\/2014\/02\/2014.02.16-peraltajaymeEurico-150x112.jpg 150w, https:\/\/webvasco.com\/artigos\/wp-content\/uploads\/2014\/02\/2014.02.16-peraltajaymeEurico.jpg 800w\" sizes=\"auto, (max-width: 300px) 100vw, 300px\" \/><\/a><\/p>\n<p>&nbsp;<\/p>\n<p>N\u00e3o identificou quem s\u00e3o? Eu digo ent\u00e3o! A\u00ed est\u00e3o sentados e conversando amistosamente o Peralta (vice-presidente do Roberto Dinamite), Jayme Lisboa Alves (poss\u00edvel candidato) e Eurico Miranda, candidato de oposi\u00e7\u00e3o.<\/p>\n<p>O que conversavam? N\u00e3o sei. S\u00f3 sei que o Eurico e Roberto Dinamite estavam muito &#8220;afinados&#8221; na \u00faltima reuni\u00e3o do conselho. Imaginem eles juntos na pr\u00f3xima administra\u00e7\u00e3o do clube&#8230; O que esperar de uma poss\u00edvel nova gest\u00e3o de vasca\u00ednos que s\u00e3o os respons\u00e1veis diretos pela situa\u00e7\u00e3o atual do Vasco?<\/p>\n<p>Como vasca\u00edno que estuda a hist\u00f3ria do Vasco e vibra com o que nossos antepassados fizeram e lutaram para erguer essa na\u00e7\u00e3o, espero sinceramente que surja uma terceira via e que aqueles que j\u00e1 estiveram no comando de nosso clube permane\u00e7am como est\u00e3o hoje: no passado!<\/p>\n<p>E que o nosso clube, sob o comando de pessoas que honrem nossos antepassados, reergam este clube, que \u00e9 um monumento contra o racismo, contra o poder econ\u00f4mico que massacra os mais fracos e contra o sectarismo social. O Vasco \u00e9 tudo isso, e \u00e9 claro que h\u00e1 interesses que desejam que nosso clube suma do mapa&#8230; Infelizmente Eurico e Dinamite ajudaram muito nossos inimigos, e hoje somos ridicularizados por eles, n\u00e3o conseguindo sequer ganhar de um time fraco e cansado como o do Flamengo neste \u00faltimo domingo.<\/p>\n<p>Que Deus nos ajude e ilumine os s\u00f3cios do Vasco nas pr\u00f3ximas elei\u00e7\u00f5es.<\/p>\n","protected":false},"excerpt":{"rendered":"<p>Caros amigos vasca\u00ednos, O t\u00edtulo deste artigo pode parecer algo escrito de &#8220;cabe\u00e7a quente&#8221; ou&#8230;<\/p>\n","protected":false},"author":5,"featured_media":786,"comment_status":"open","ping_status":"closed","sticky":false,"template":"","format":"standard","meta":{"footnotes":""},"categories":[2],"tags":[],"class_list":["post-785","post","type-post","status-publish","format-standard","has-post-thumbnail","hentry","category-andrepedro"],"_links":{"self":[{"href":"https:\/\/webvasco.com\/artigos\/wp-json\/wp\/v2\/posts\/785","targetHints":{"allow":["GET"]}}],"collection":[{"href":"https:\/\/webvasco.com\/artigos\/wp-json\/wp\/v2\/posts"}],"about":[{"href":"https:\/\/webvasco.com\/artigos\/wp-json\/wp\/v2\/types\/post"}],"author":[{"embeddable":true,"href":"https:\/\/webvasco.com\/artigos\/wp-json\/wp\/v2\/users\/5"}],"replies":[{"embeddable":true,"href":"https:\/\/webvasco.com\/artigos\/wp-json\/wp\/v2\/comments?post=785"}],"version-history":[{"count":8,"href":"https:\/\/webvasco.com\/artigos\/wp-json\/wp\/v2\/posts\/785\/revisions"}],"predecessor-version":[{"id":801,"href":"https:\/\/webvasco.com\/artigos\/wp-json\/wp\/v2\/posts\/785\/revisions\/801"}],"wp:featuredmedia":[{"embeddable":true,"href":"https:\/\/webvasco.com\/artigos\/wp-json\/wp\/v2\/media\/786"}],"wp:attachment":[{"href":"https:\/\/webvasco.com\/artigos\/wp-json\/wp\/v2\/media?parent=785"}],"wp:term":[{"taxonomy":"category","embeddable":true,"href":"https:\/\/webvasco.com\/artigos\/wp-json\/wp\/v2\/categories?post=785"},{"taxonomy":"post_tag","embeddable":true,"href":"https:\/\/webvasco.com\/artigos\/wp-json\/wp\/v2\/tags?post=785"}],"curies":[{"name":"wp","href":"https:\/\/api.w.org\/{rel}","templated":true}]}}