{"id":7854,"date":"2016-06-11T22:10:31","date_gmt":"2016-06-12T01:10:31","guid":{"rendered":"http:\/\/webvasco.com\/artigos\/?p=7854"},"modified":"2016-06-11T22:18:18","modified_gmt":"2016-06-12T01:18:18","slug":"falha-de-jordrigo-2","status":"publish","type":"post","link":"https:\/\/webvasco.com\/artigos\/colunistas\/luizcarlosrocha\/falha-de-jordrigo-2\/","title":{"rendered":"FALHA DE JORDRIGO!"},"content":{"rendered":"<div>\n<div style=\"color:#000; background-color:#fff; font-family:HelveticaNeue-Light, Helvetica Neue Light, Helvetica Neue, Helvetica, Arial, Lucida Grande, sans-serif;font-size:32px\">\n<div style=\"text-align:justify;text-indent:35.4pt;tab-stops:147.0pt\" id=\"yui_3_16_0_ym19_1_1465693235720_27529\"><span style=\"font-size:12.0pt;line-height:115%;font-family:&quot;Arial&quot;,sans-serif\" id=\"yui_3_16_0_ym19_1_1465693235720_27530\">Ap\u00f3s  falhas bisonhas de Jordi e Rodrigo, o Vasco da Gama perdeu por 2 a 1 para o  Atl\u00e9tico\/GO, na Oitava Rodada do Campeonato Brasileiro, da S\u00e9rie B, em  Cariacica\/ES. Marcaram para o Drag\u00e3o Junior Vi\u00e7osa e Willian Schuster.  Descontou para o Cruzmaltino Luan. Com o resultado o time carioca permaneceu na  lideran\u00e7a isolada da competi\u00e7\u00e3o, com 19 pontos ganhos (em 24 disputados).<o:p id=\"yui_3_16_0_ym19_1_1465693235720_27531\"><\/o:p><\/span><\/div>\n<div style=\"text-align:justify;text-indent:35.4pt;tab-stops:147.0pt\" id=\"yui_3_16_0_ym19_1_1465693235720_27532\"><span style=\"font-size:12.0pt;line-height:115%;font-family:&quot;Arial&quot;,sans-serif\" id=\"yui_3_16_0_ym19_1_1465693235720_27533\">As ambages  cometidas pelo arqueiro e pelo zagueiro vasca\u00edno causaram enormes preju\u00edzos a  equipe. N\u00e3o foi uma simples derrota, em uma peleja no decorrer de uma  competi\u00e7\u00e3o considerada de menor express\u00e3o (Segundona). Foi acabar com uma s\u00e9rie  invicta. Mais do que isso. Foi interromper o sonho de quebrar um recorde do  pr\u00f3prio Vasco. O Expresso da Vit\u00f3ria \u2013 um dos melhores planteis \u2013 ficou 35  partidas sem perder. <o:p id=\"yui_3_16_0_ym19_1_1465693235720_27534\"><\/o:p><\/span><\/div>\n<div style=\"text-align:justify;text-indent:35.4pt;tab-stops:147.0pt\" id=\"yui_3_16_0_ym19_1_1465693235720_27535\"><span style=\"font-size:12.0pt;line-height:115%;font-family:&quot;Arial&quot;,sans-serif\" id=\"yui_3_16_0_ym19_1_1465693235720_27536\">Pois  \u00e9. O treinador Jorginho pediu para se <a href=\"mailto:fo@#*+!\">fo@#*+!<\/a> Quando ele viu que teria de  liberar o titular Martin Silva, bem como da aus\u00eancia do meia atacante Nen\u00ea, devido  a uma suspens\u00e3o, era para ter escolhido melhor os substitutos. A\u00ed deu no que  deu. Ou seja, tomou no <a href=\"mailto:c@#$%\u00a8&#038;amp\">c@#$%\u00a8&#038;amp<\/a>;*! O Vasco \u00e9 um Gigante. A Imensa Torcida Bem  Feliz cobrar\u00e1 sempre. Por melhores que sejam os resultados, a grandeza de um  clube como o Mach\u00e3o da Gama faz as cobran\u00e7as aparecerem.<o:p id=\"yui_3_16_0_ym19_1_1465693235720_27537\"><\/o:p><\/span><\/div>\n<div style=\"text-align:justify;text-indent:35.4pt;tab-stops:147.0pt\" id=\"yui_3_16_0_ym19_1_1465693235720_27538\"><span style=\"font-size:12.0pt;line-height:115%;font-family:&quot;Arial&quot;,sans-serif\" id=\"yui_3_16_0_ym19_1_1465693235720_27539\">Agora  \u00e9 pensar no pr\u00f3ximo jogo. Na ter\u00e7a-feira, dia 14 de junho, o Cruzmaltino receber\u00e1  o N\u00e1utico, na Colina Hist\u00f3rica, \u00e0s 19h15m. S\u00e3o Janu\u00e1rio precisar\u00e1 estar lotado.  O torcedor vasca\u00edno tem de fazer o Caldeir\u00e3o ferver. Empurrar a equipe agora no  come\u00e7o da competi\u00e7\u00e3o, para que ao final possa caminhar em marcha lenta. Avante  Vasc\u00e3o!<o:p id=\"yui_3_16_0_ym19_1_1465693235720_27540\"><\/o:p><\/span><\/div>\n<div style=\"text-align:justify;text-indent:35.4pt;tab-stops:147.0pt\" id=\"yui_3_16_0_ym19_1_1465693235720_27541\"><span style=\"font-size:12.0pt;line-height:115%;font-family:&quot;Arial&quot;,sans-serif\" id=\"yui_3_16_0_ym19_1_1465693235720_27542\"><o:p id=\"yui_3_16_0_ym19_1_1465693235720_27543\">&nbsp;<\/o:p><\/span><\/div>\n<div style=\"text-align:justify;text-indent:35.4pt;tab-stops:147.0pt\" id=\"yui_3_16_0_ym19_1_1465693235720_27544\"><span style=\"font-size:12.0pt;line-height:115%;font-family:&quot;Arial&quot;,sans-serif\" id=\"yui_3_16_0_ym19_1_1465693235720_27545\"><o:p id=\"yui_3_16_0_ym19_1_1465693235720_27546\">&nbsp;<\/o:p><\/span><\/div>\n<div style=\"text-align:justify;text-indent:35.4pt;tab-stops:147.0pt\" id=\"yui_3_16_0_ym19_1_1465693235720_27547\"><span style=\"font-size:12.0pt;line-height:115%;font-family:&quot;Arial&quot;,sans-serif\" id=\"yui_3_16_0_ym19_1_1465693235720_27548\">&nbsp;&nbsp;&nbsp;&nbsp;&nbsp;&nbsp;&nbsp;&nbsp;&nbsp;&nbsp;&nbsp;&nbsp;&nbsp;&nbsp;&nbsp;&nbsp;&nbsp;&nbsp;&nbsp;&nbsp;&nbsp;&nbsp;&nbsp;&nbsp;&nbsp;&nbsp;&nbsp;&nbsp;&nbsp;&nbsp;&nbsp;&nbsp;&nbsp;&nbsp;&nbsp;&nbsp; <o:p id=\"yui_3_16_0_ym19_1_1465693235720_27549\"><\/o:p><\/span><\/div>\n<div style=\"text-align:justify;text-indent:35.4pt;tab-stops:111.0pt\" id=\"yui_3_16_0_ym19_1_1465693235720_27550\"><b id=\"yui_3_16_0_ym19_1_1465693235720_27551\"><u id=\"yui_3_16_0_ym19_1_1465693235720_27552\"><span style=\"font-size:20.0pt;line-height:115%;font-family:&quot;Arial&quot;,sans-serif\" id=\"yui_3_16_0_ym19_1_1465693235720_27553\">DIVULGUEM ESSA COVARDIA:<\/span><\/u><\/b><span style=\"font-size:16.0pt;line-height:115%;font-family:&quot;Arial&quot;,sans-serif\" id=\"yui_3_16_0_ym19_1_1465693235720_27554\"> GOSTARIA  DE PEDIR A TODOS OS MEUS AMIGOS E LEITORES QUE TIRASSE UM TEMPINHO PARA LER A  PETI\u00c7\u00c3O P\u00daBLICA, AO QUAL SEGUE ABAIXO O LINK. TAL DOCUMENTO REFERE-SE A <b id=\"yui_3_16_0_ym19_1_1465693235720_27555\"><u id=\"yui_3_16_0_ym19_1_1465693235720_27556\">UM ATO DE COVARDIA POR PARTE DA  VOLKSWAGEN DO BRASIL EM COAUTORIA DA ABOLI\u00c7\u00c3O VE\u00cdCULOS (GRUPO AB)<\/u><\/b> CONTRA  ESTE VELHO JORNALISTA. A REFERIDA CONCESSION\u00c1RIA EST\u00c1 ME LESANDO DESDE  FEVEREIRO DE 2013. MEU CARRO FOI BATIDO DENTRO DA OFICINA, FURTARAM ACESS\u00d3RIOS,  TEM PROBLEMAS CAUSADOS POR ELES, AL\u00c9M DE DEFEITOS DE FABRICA\u00c7\u00c3O. O CARRO 0 KM  COMPRADO POR MIM HOJE SE ENCONTRA NA OFICINA DA ABOLI\u00c7\u00c3O VE\u00cdCULOS (CENTRO DE  NITER\u00d3I) <b id=\"yui_3_16_0_ym19_1_1465693235720_27557\"><u id=\"yui_3_16_0_ym19_1_1465693235720_27558\">DESDE 10 DE JUNHO DE 2013<\/u><\/b>,  OU MELHOR, H\u00c1 <b id=\"yui_3_16_0_ym19_1_1465693235720_27559\"><u id=\"yui_3_16_0_ym19_1_1465693235720_27560\">36 MESES, OU SEJA, 3  ANOS.<\/u><\/b> <b id=\"yui_3_16_0_ym19_1_1465693235720_27561\"><u id=\"yui_3_16_0_ym19_1_1465693235720_27562\">TEM APENAS 729 KM  RODADOS<\/u><\/b> PARA COMPROVAR O CALV\u00c1RIO TENHO DOCUMENTOS, GRAVA\u00c7\u00d5ES DE AUDIO  E V\u00cdDEO, MAIS DE 600 FOTOGRAFIAS E E-MAILS TROCADOS COM FUNCION\u00c1RIOS DO BAIXO,  M\u00c9DIO E ALTO ESCAL\u00c3O DA EMPRESA. POR FAVOR, ASSINEM O DOCUMENTO PARA QUE OUTROS  CONSUMIDORES N\u00c3O SEJAM LESADOS POR EMPRESAS DESTE N\u00cdVEL.&nbsp; <\/span><a href=\"https:\/\/secure.avaaz.org\/po\/petition\/Aos_Orgaos_de_Defesa_do_Consumidor_e_ao_Poder_Judiciario_JUSTICA_CONTRA_UMA_MARCA_E_SUA_REVENDERORA_QUE_DESCUMPREM_A_LEI\/?lJEcNfb&amp;pv=0\" id=\"yui_3_16_0_ym19_1_1465693235720_27563\"><span style=\"font-size:16.0pt;line-height:115%;font-family:&quot;Arial&quot;,sans-serif\" id=\"yui_3_16_0_ym19_1_1465693235720_27564\">https:\/\/secure.avaaz.org\/po\/petition\/Aos_Orgaos_de_Defesa_do_Consumidor_e_ao_Poder_Judiciario_JUSTICA_CONTRA_UMA_MARCA_E_SUA_REVENDERORA_QUE_DESCUMPREM_A_LEI\/?lJEcNfb&amp;pv=0<\/span><\/a><span style=\"font-size:16.0pt;line-height:115%;font-family:&quot;Arial&quot;,sans-serif\" id=\"yui_3_16_0_ym19_1_1465693235720_27565\"><o:p id=\"yui_3_16_0_ym19_1_1465693235720_27566\"><\/o:p><\/span><\/div>\n<div style=\"text-align:justify;tab-stops:111.0pt\" id=\"yui_3_16_0_ym19_1_1465693235720_27567\"><span style=\"font-size:16.0pt;line-height:115%;font-family:&quot;Arial&quot;,sans-serif\" id=\"yui_3_16_0_ym19_1_1465693235720_27568\"><o:p id=\"yui_3_16_0_ym19_1_1465693235720_27569\">&nbsp;<\/o:p><\/span><\/div>\n<div style=\"text-align:justify;tab-stops:111.0pt\" id=\"yui_3_16_0_ym19_1_1465693235720_27570\"><b id=\"yui_3_16_0_ym19_1_1465693235720_27571\"><span style=\"font-size:16.0pt;line-height:115%;font-family:&quot;Arial&quot;,sans-serif\" id=\"yui_3_16_0_ym19_1_1465693235720_27572\">&nbsp;&nbsp;&nbsp;&nbsp;&nbsp;&nbsp;&nbsp;&nbsp;&nbsp;&nbsp;&nbsp;&nbsp;&nbsp;&nbsp;&nbsp;&nbsp;&nbsp;&nbsp;&nbsp;&nbsp;&nbsp;&nbsp;&nbsp;&nbsp; &nbsp;&nbsp;&nbsp;&nbsp;&nbsp;&nbsp; <o:p id=\"yui_3_16_0_ym19_1_1465693235720_27573\"><\/o:p><\/span><\/b><\/div>\n<div id=\"yui_3_16_0_ym19_1_1465693235720_27306\">                                        <\/div>\n<div style=\"text-align:justify\" dir=\"ltr\" id=\"yui_3_16_0_ym19_1_1465693235720_27574\"><b id=\"yui_3_16_0_ym19_1_1465693235720_27575\"><span style=\"font-size:14.0pt;line-height:115%;font-family:&quot;Arial&quot;,sans-serif\" id=\"yui_3_16_0_ym19_1_1465693235720_27576\">AP\u00d3S  AS TODAS AS PARTIDAS DO VASC\u00c3O EM MEU PERFIL DO FACEBOOK (QUEM QUISER RECEBER  AS CR\u00d4NICAS DE PRIMEIRA M\u00c3O \u00c9 S\u00d3 ME ADICIONAR), E NOS SITES WEBVASCO  (<a href=\"http:\/\/www.webvasco.com\">www.webvasco.com<\/a>), E VASCA\u00cdNOS UNIDOS (<a href=\"http:\/\/www.vascainosunidos.com.br\">www.vascainosunidos.com.br<\/a>) TEM A  OPINI\u00c3O DO JORNALISTA LUIZ CARLOS ROCHA. LEIAM! COMPARTILHEM E CURTAM!  VASCA\u00cdNOS UNIDOS JAMAIS SER\u00c3O VENCIDOS.<o:p id=\"yui_3_16_0_ym19_1_1465693235720_27577\"><\/o:p><\/span><\/b><\/div>\n<div><\/div>\n<div id=\"yui_3_16_0_ym19_1_1465693235720_27261\">&nbsp;<\/div>\n<div class=\"signature\" id=\"yui_3_16_0_ym19_1_1465693235720_27270\">\n<div id=\"RTEContent\">\n<div id=\"yui_3_16_0_ym19_1_1465693235720_27269\">\n<div id=\"yui_3_16_0_ym19_1_1465693235720_27268\">\n<div id=\"yui_3_16_0_ym19_1_1465693235720_27267\">\n<div align=\"center\" id=\"yui_3_16_0_ym19_1_1465693235720_27266\"><\/div>\n<\/div>\n<\/div>\n<\/div>\n<\/div>\n<\/div>\n<\/div>\n<\/div>\n<p><\/p>\n","protected":false},"excerpt":{"rendered":"<p>Ap\u00f3s falhas bisonhas de Jordi e Rodrigo, o Vasco da Gama perdeu por 2 a&#8230;<\/p>\n","protected":false},"author":7,"featured_media":0,"comment_status":"open","ping_status":"closed","sticky":false,"template":"","format":"standard","meta":{"footnotes":""},"categories":[4],"tags":[],"class_list":["post-7854","post","type-post","status-publish","format-standard","hentry","category-luizcarlosrocha"],"_links":{"self":[{"href":"https:\/\/webvasco.com\/artigos\/wp-json\/wp\/v2\/posts\/7854","targetHints":{"allow":["GET"]}}],"collection":[{"href":"https:\/\/webvasco.com\/artigos\/wp-json\/wp\/v2\/posts"}],"about":[{"href":"https:\/\/webvasco.com\/artigos\/wp-json\/wp\/v2\/types\/post"}],"author":[{"embeddable":true,"href":"https:\/\/webvasco.com\/artigos\/wp-json\/wp\/v2\/users\/7"}],"replies":[{"embeddable":true,"href":"https:\/\/webvasco.com\/artigos\/wp-json\/wp\/v2\/comments?post=7854"}],"version-history":[{"count":0,"href":"https:\/\/webvasco.com\/artigos\/wp-json\/wp\/v2\/posts\/7854\/revisions"}],"wp:attachment":[{"href":"https:\/\/webvasco.com\/artigos\/wp-json\/wp\/v2\/media?parent=7854"}],"wp:term":[{"taxonomy":"category","embeddable":true,"href":"https:\/\/webvasco.com\/artigos\/wp-json\/wp\/v2\/categories?post=7854"},{"taxonomy":"post_tag","embeddable":true,"href":"https:\/\/webvasco.com\/artigos\/wp-json\/wp\/v2\/tags?post=7854"}],"curies":[{"name":"wp","href":"https:\/\/api.w.org\/{rel}","templated":true}]}}