{"id":7856,"date":"2016-06-15T06:23:39","date_gmt":"2016-06-15T09:23:39","guid":{"rendered":"http:\/\/webvasco.com\/artigos\/?p=7856"},"modified":"2016-06-15T06:31:12","modified_gmt":"2016-06-15T09:31:12","slug":"mais-uma-vez-rodrigo-e-jordi","status":"publish","type":"post","link":"https:\/\/webvasco.com\/artigos\/colunistas\/luizcarlosrocha\/mais-uma-vez-rodrigo-e-jordi\/","title":{"rendered":"MAIS UMA VEZ RODRIGO E JORDI!"},"content":{"rendered":"<div>\n<div style=\"color:#000; background-color:#fff; font-family:HelveticaNeue-Light, Helvetica Neue Light, Helvetica Neue, Helvetica, Arial, Lucida Grande, sans-serif;font-size:32px\">\n<div style=\"text-align:justify;text-indent:35.4pt;tab-stops:147.0pt\" id=\"yui_3_16_0_ym19_1_1465869226048_77285\"><span style=\"font-size:12.0pt;line-height:115%;font-family:&quot;Arial&quot;,sans-serif\" id=\"yui_3_16_0_ym19_1_1465869226048_77286\">O  Vasco da Gama venceu, ontem, em S\u00e3o Janu\u00e1rio, o N\u00e1utico, por 3 a 2, em noite de  muitas falhas. Os principais erros foram cometidos pelo zagueiro Rodrigo e pelo  goleiro Jordi. Tais atletas provaram mais uma vez que n\u00e3o podem sequer ficarem  no banco, que dir\u00e1 escalados no time titular! Marcaram para a equipe da casa  Andrezinho, o pr\u00f3prio Rodrigo e \u00c9der Lu\u00eds. Descontaram para o Timbu Renan  Oliveira e Rafael Pereira.<o:p id=\"yui_3_16_0_ym19_1_1465869226048_77287\"><\/o:p><\/span><\/div>\n<div style=\"text-align:justify;text-indent:35.4pt;tab-stops:147.0pt\" id=\"yui_3_16_0_ym19_1_1465869226048_77288\"><span style=\"font-size:12.0pt;line-height:115%;font-family:&quot;Arial&quot;,sans-serif\" id=\"yui_3_16_0_ym19_1_1465869226048_77289\">O  resultado manteve o Cruzmaltino na lideran\u00e7a do Campeonato Brasileiro da S\u00e9rie  B, com 22 pontos ganhos, em 27 disputados. As falhas&nbsp; provam que o Vasco n\u00e3o \u00e9 t\u00e3o bom assim, os  outros times que s\u00e3o fracos diante da realidade da Segundona. Ap\u00f3s a aus\u00eancia  do arqueiro Martin Silva o Gigante da Colina mostrou-se n\u00e3o ser t\u00e3o enorme. Foram  muitos gols sofridos para uma defesa que era considerada blindada.<o:p id=\"yui_3_16_0_ym19_1_1465869226048_77290\"><\/o:p><\/span><\/div>\n<div style=\"text-align:justify;text-indent:35.4pt;tab-stops:147.0pt\" id=\"yui_3_16_0_ym19_1_1465869226048_77291\"><span style=\"font-size:12.0pt;line-height:115%;font-family:&quot;Arial&quot;,sans-serif\" id=\"yui_3_16_0_ym19_1_1465869226048_77292\">\u00c9  preciso que Dom Charuto levante as n\u00e1degas da cadeira e justifique o cargo de  n\u00famero um do clube, no que tange a contrata\u00e7\u00f5es urgentes. Mais do que provado ser  um plantel de apar\u00eancia. H\u00e1 valores individuais no Vasco, mas de um modo geral  o time \u00e9 fraco. At\u00e9 aqui, o treinador Jorginho tirou leite de pedra. Mas at\u00e9  quando? No futebol moderno milagres n\u00e3o acontecem mais. Tudo tem de ser  rigorosamente planejado!<o:p id=\"yui_3_16_0_ym19_1_1465869226048_77293\"><\/o:p><\/span><\/div>\n<div style=\"text-align:justify;text-indent:35.4pt;tab-stops:147.0pt\" id=\"yui_3_16_0_ym19_1_1465869226048_77294\"><span style=\"font-size:12.0pt;line-height:115%;font-family:&quot;Arial&quot;,sans-serif\" id=\"yui_3_16_0_ym19_1_1465869226048_77295\">A competi\u00e7\u00e3o  \u00e9 longa. Ir\u00e1 at\u00e9 dezembro. Dif\u00edcil, pois os gramados s\u00e3o deficit\u00e1rios e as viagens  diversas cansar\u00e3o os jogadores. A m\u00e9dia de idade \u00e9 avan\u00e7ada. \u00c9 preciso ter  pe\u00e7as de reposi\u00e7\u00e3o \u00e0 altura dos titulares. At\u00e9 porque, pela grandeza do Vasco,  jamais deveria ter ca\u00eddo de divis\u00e3o no Brasileir\u00e3o, que dir\u00e1 tr\u00eas vezes. <o:p id=\"yui_3_16_0_ym19_1_1465869226048_77296\"><\/o:p><\/span><\/div>\n<div style=\"text-align:justify;text-indent:35.4pt;tab-stops:147.0pt\" id=\"yui_3_16_0_ym19_1_1465869226048_77297\"><span style=\"font-size:12.0pt;line-height:115%;font-family:&quot;Arial&quot;,sans-serif\" id=\"yui_3_16_0_ym19_1_1465869226048_77298\">Na  D\u00e9cima Rodada, o desafio do Vasco ser\u00e1 bater Paysandu, s\u00e1bado, dia 18 de junho,  \u00e0s 16h em casa. \u00c9 preciso pontuar agora para ter margem de erro ao final da  competi\u00e7\u00e3o, para n\u00e3o carecer de combina\u00e7\u00f5es de resultados para voltar \u00e0 Elite  do futebol!<o:p id=\"yui_3_16_0_ym19_1_1465869226048_77299\"><\/o:p><\/span><\/div>\n<div style=\"text-align:justify;text-indent:35.4pt;tab-stops:147.0pt\" id=\"yui_3_16_0_ym19_1_1465869226048_77300\"><span style=\"font-size:12.0pt;line-height:115%;font-family:&quot;Arial&quot;,sans-serif\" id=\"yui_3_16_0_ym19_1_1465869226048_77301\"><o:p id=\"yui_3_16_0_ym19_1_1465869226048_77302\">&nbsp;<\/o:p><\/span><\/div>\n<div style=\"text-align:justify;text-indent:35.4pt;tab-stops:147.0pt\" id=\"yui_3_16_0_ym19_1_1465869226048_77303\"><span style=\"font-size:12.0pt;line-height:115%;font-family:&quot;Arial&quot;,sans-serif\" id=\"yui_3_16_0_ym19_1_1465869226048_77304\">&nbsp;&nbsp;&nbsp;&nbsp;&nbsp;&nbsp;&nbsp;&nbsp;&nbsp;&nbsp;&nbsp;&nbsp;&nbsp;&nbsp;&nbsp;&nbsp;&nbsp;&nbsp;&nbsp;&nbsp;&nbsp;&nbsp;&nbsp;&nbsp;&nbsp;&nbsp;&nbsp;&nbsp;&nbsp;&nbsp;&nbsp;&nbsp;&nbsp;&nbsp;&nbsp;&nbsp; <o:p id=\"yui_3_16_0_ym19_1_1465869226048_77305\"><\/o:p><\/span><\/div>\n<div style=\"text-align:justify;text-indent:35.4pt;tab-stops:111.0pt\" id=\"yui_3_16_0_ym19_1_1465869226048_77306\"><b id=\"yui_3_16_0_ym19_1_1465869226048_77307\"><u id=\"yui_3_16_0_ym19_1_1465869226048_77308\"><span style=\"font-size:20.0pt;line-height:115%;font-family:&quot;Arial&quot;,sans-serif\" id=\"yui_3_16_0_ym19_1_1465869226048_77309\">DIVULGUEM ESSA COVARDIA:<\/span><\/u><\/b><span style=\"font-size:16.0pt;line-height:115%;font-family:&quot;Arial&quot;,sans-serif\" id=\"yui_3_16_0_ym19_1_1465869226048_77310\"> GOSTARIA  DE PEDIR A TODOS OS MEUS AMIGOS E LEITORES QUE TIRASSE UM TEMPINHO PARA LER A  PETI\u00c7\u00c3O P\u00daBLICA, AO QUAL SEGUE ABAIXO O LINK. TAL DOCUMENTO REFERE-SE A <b id=\"yui_3_16_0_ym19_1_1465869226048_77311\"><u id=\"yui_3_16_0_ym19_1_1465869226048_77312\">UM ATO DE COVARDIA POR PARTE DA  VOLKSWAGEN DO BRASIL EM COAUTORIA DA ABOLI\u00c7\u00c3O VE\u00cdCULOS (GRUPO AB)<\/u><\/b>  CONTRA ESTE VELHO JORNALISTA. A REFERIDA CONCESSION\u00c1RIA EST\u00c1 ME LESANDO DESDE  FEVEREIRO DE 2013. MEU CARRO FOI BATIDO DENTRO DA OFICINA, FURTARAM ACESS\u00d3RIOS,  TEM PROBLEMAS CAUSADOS POR ELES, AL\u00c9M DE DEFEITOS DE FABRICA\u00c7\u00c3O. O CARRO 0 KM  COMPRADO POR MIM HOJE SE ENCONTRA NA OFICINA DA ABOLI\u00c7\u00c3O VE\u00cdCULOS (CENTRO DE  NITER\u00d3I) <b id=\"yui_3_16_0_ym19_1_1465869226048_77313\"><u id=\"yui_3_16_0_ym19_1_1465869226048_77314\">DESDE 10 DE JUNHO DE 2013<\/u><\/b>,  OU MELHOR, H\u00c1 <b id=\"yui_3_16_0_ym19_1_1465869226048_77315\"><u id=\"yui_3_16_0_ym19_1_1465869226048_77316\">36 MESES, OU SEJA, 3  ANOS.<\/u><\/b> <b id=\"yui_3_16_0_ym19_1_1465869226048_77317\"><u id=\"yui_3_16_0_ym19_1_1465869226048_77318\">TEM APENAS 729 KM  RODADOS<\/u><\/b> PARA COMPROVAR O CALV\u00c1RIO TENHO DOCUMENTOS, GRAVA\u00c7\u00d5ES DE AUDIO  E V\u00cdDEO, MAIS DE 600 FOTOGRAFIAS E E-MAILS TROCADOS COM FUNCION\u00c1RIOS DO BAIXO,  M\u00c9DIO E ALTO ESCAL\u00c3O DA EMPRESA. POR FAVOR, ASSINEM O DOCUMENTO PARA QUE OUTROS  CONSUMIDORES N\u00c3O SEJAM LESADOS POR EMPRESAS DESTE N\u00cdVEL.&nbsp; <\/span><a href=\"https:\/\/secure.avaaz.org\/po\/petition\/Aos_Orgaos_de_Defesa_do_Consumidor_e_ao_Poder_Judiciario_JUSTICA_CONTRA_UMA_MARCA_E_SUA_REVENDERORA_QUE_DESCUMPREM_A_LEI\/?lJEcNfb&amp;pv=0\" id=\"yui_3_16_0_ym19_1_1465869226048_77319\"><span style=\"font-size:16.0pt;line-height:115%;font-family:&quot;Arial&quot;,sans-serif\" id=\"yui_3_16_0_ym19_1_1465869226048_77320\">https:\/\/secure.avaaz.org\/po\/petition\/Aos_Orgaos_de_Defesa_do_Consumidor_e_ao_Poder_Judiciario_JUSTICA_CONTRA_UMA_MARCA_E_SUA_REVENDERORA_QUE_DESCUMPREM_A_LEI\/?lJEcNfb&amp;pv=0<\/span><\/a><span style=\"font-size:16.0pt;line-height:115%;font-family:&quot;Arial&quot;,sans-serif\" id=\"yui_3_16_0_ym19_1_1465869226048_77321\"><o:p id=\"yui_3_16_0_ym19_1_1465869226048_77322\"><\/o:p><\/span><\/div>\n<div style=\"text-align:justify;tab-stops:111.0pt\" id=\"yui_3_16_0_ym19_1_1465869226048_77323\"><span style=\"font-size:16.0pt;line-height:115%;font-family:&quot;Arial&quot;,sans-serif\" id=\"yui_3_16_0_ym19_1_1465869226048_77324\"><o:p id=\"yui_3_16_0_ym19_1_1465869226048_77325\">&nbsp;<\/o:p><\/span><\/div>\n<div style=\"text-align:justify;tab-stops:111.0pt\" id=\"yui_3_16_0_ym19_1_1465869226048_77326\"><b id=\"yui_3_16_0_ym19_1_1465869226048_77327\"><span style=\"font-size:16.0pt;line-height:115%;font-family:&quot;Arial&quot;,sans-serif\" id=\"yui_3_16_0_ym19_1_1465869226048_77328\">&nbsp;&nbsp;&nbsp;&nbsp;&nbsp;&nbsp;&nbsp;&nbsp;&nbsp;&nbsp;&nbsp;&nbsp;&nbsp;&nbsp;&nbsp;&nbsp;&nbsp;&nbsp;&nbsp;&nbsp;&nbsp;&nbsp;&nbsp;&nbsp; &nbsp;&nbsp;&nbsp;&nbsp;&nbsp;&nbsp; <o:p id=\"yui_3_16_0_ym19_1_1465869226048_77329\"><\/o:p><\/span><\/b><\/div>\n<div id=\"yui_3_16_0_ym19_1_1465869226048_77116\">                                        <\/div>\n<div style=\"text-align:justify\" dir=\"ltr\" id=\"yui_3_16_0_ym19_1_1465869226048_77330\"><b id=\"yui_3_16_0_ym19_1_1465869226048_77331\"><span style=\"font-size:14.0pt;line-height:115%;font-family:&quot;Arial&quot;,sans-serif\" id=\"yui_3_16_0_ym19_1_1465869226048_77332\">AP\u00d3S  AS TODAS AS PARTIDAS DO VASC\u00c3O EM MEU PERFIL DO FACEBOOK (QUEM QUISER RECEBER  AS CR\u00d4NICAS DE PRIMEIRA M\u00c3O \u00c9 S\u00d3 ME ADICIONAR), E NOS SITES WEBVASCO  (<a href=\"http:\/\/www.webvasco.com\">www.webvasco.com<\/a>), E VASCA\u00cdNOS UNIDOS (<a href=\"http:\/\/www.vascainosunidos.com.br\">www.vascainosunidos.com.br<\/a>) TEM A  OPINI\u00c3O DO JORNALISTA LUIZ CARLOS ROCHA. LEIAM! COMPARTILHEM E CURTAM! VASCA\u00cdNOS  UNIDOS JAMAIS SER\u00c3O VENCIDOS.<o:p id=\"yui_3_16_0_ym19_1_1465869226048_77333\"><\/o:p><\/span><\/b><\/div>\n<div id=\"yui_3_16_0_ym19_1_1465869226048_77116\"><span><br \/><\/span><\/div>\n<div id=\"yui_3_16_0_ym19_1_1465869226048_77116\"><span><br \/><\/span><\/div>\n<div id=\"yui_3_16_0_ym19_1_1465869226048_77116\"><span><br \/><\/span><\/div>\n<div><\/div>\n<div id=\"yui_3_16_0_ym19_1_1465869226048_77186\">&nbsp;<\/div>\n<div class=\"signature\" id=\"yui_3_16_0_ym19_1_1465869226048_77072\">\n<div id=\"RTEContent\">\n<div id=\"yui_3_16_0_ym19_1_1465869226048_77071\">\n<div id=\"yui_3_16_0_ym19_1_1465869226048_77070\">\n<div id=\"yui_3_16_0_ym19_1_1465869226048_77069\">\n<div align=\"center\" id=\"yui_3_16_0_ym19_1_1465869226048_77068\"><\/div>\n<\/div>\n<\/div>\n<\/div>\n<\/div>\n<\/div>\n<\/div>\n<\/div>\n<p><\/p>\n","protected":false},"excerpt":{"rendered":"<p>O Vasco da Gama venceu, ontem, em S\u00e3o Janu\u00e1rio, o N\u00e1utico, por 3 a 2,&#8230;<\/p>\n","protected":false},"author":7,"featured_media":0,"comment_status":"open","ping_status":"closed","sticky":false,"template":"","format":"standard","meta":{"footnotes":""},"categories":[4],"tags":[],"class_list":["post-7856","post","type-post","status-publish","format-standard","hentry","category-luizcarlosrocha"],"_links":{"self":[{"href":"https:\/\/webvasco.com\/artigos\/wp-json\/wp\/v2\/posts\/7856","targetHints":{"allow":["GET"]}}],"collection":[{"href":"https:\/\/webvasco.com\/artigos\/wp-json\/wp\/v2\/posts"}],"about":[{"href":"https:\/\/webvasco.com\/artigos\/wp-json\/wp\/v2\/types\/post"}],"author":[{"embeddable":true,"href":"https:\/\/webvasco.com\/artigos\/wp-json\/wp\/v2\/users\/7"}],"replies":[{"embeddable":true,"href":"https:\/\/webvasco.com\/artigos\/wp-json\/wp\/v2\/comments?post=7856"}],"version-history":[{"count":0,"href":"https:\/\/webvasco.com\/artigos\/wp-json\/wp\/v2\/posts\/7856\/revisions"}],"wp:attachment":[{"href":"https:\/\/webvasco.com\/artigos\/wp-json\/wp\/v2\/media?parent=7856"}],"wp:term":[{"taxonomy":"category","embeddable":true,"href":"https:\/\/webvasco.com\/artigos\/wp-json\/wp\/v2\/categories?post=7856"},{"taxonomy":"post_tag","embeddable":true,"href":"https:\/\/webvasco.com\/artigos\/wp-json\/wp\/v2\/tags?post=7856"}],"curies":[{"name":"wp","href":"https:\/\/api.w.org\/{rel}","templated":true}]}}