{"id":7857,"date":"2016-06-19T15:54:25","date_gmt":"2016-06-19T18:54:25","guid":{"rendered":"http:\/\/webvasco.com\/artigos\/?p=7857"},"modified":"2016-06-19T15:57:47","modified_gmt":"2016-06-19T18:57:47","slug":"vasco-sanitrio","status":"publish","type":"post","link":"https:\/\/webvasco.com\/artigos\/colunistas\/luizcarlosrocha\/vasco-sanitrio\/","title":{"rendered":"VAS(c)O SANIT&Aacute;RIO!"},"content":{"rendered":"<div>\n<div style=\"color:#000; background-color:#fff; font-family:HelveticaNeue-Light, Helvetica Neue Light, Helvetica Neue, Helvetica, Arial, Lucida Grande, sans-serif;font-size:32px\">\n<div style=\"text-align:justify;text-indent:35.4pt;tab-stops:111.0pt\" id=\"yui_3_16_0_ym19_1_1466362389458_6042\"><span style=\"font-size:12.0pt;line-height:115%;font-family:&quot;Arial&quot;,sans-serif\" id=\"yui_3_16_0_ym19_1_1466362389458_6043\">Com a  letra C se escreve a palavra compet\u00eancia. Exatamente isso que condiz com a  realidade na partida de ontem. O t\u00edtulo desta cr\u00f4nica a palavra Vasco deu lugar  a Vaso, porque a efici\u00eancia n\u00e3o foi apresentada, portanto, o C caiu! Ali\u00e1s,  caiu tamb\u00e9m come\u00e7a com C! O Cruzmaltino levou um passeio do Paysandu, e com  dois gols de Jhonnatan, a equipe carioca amargou mais uma derrota no Campeonato  Brasileiro, S\u00e9rie B. <o:p id=\"yui_3_16_0_ym19_1_1466362389458_6044\"><\/o:p><\/span><\/div>\n<div style=\"text-align:justify;text-indent:35.4pt;tab-stops:111.0pt\" id=\"yui_3_16_0_ym19_1_1466362389458_6045\"><span style=\"font-size:12.0pt;line-height:115%;font-family:&quot;Arial&quot;,sans-serif\" id=\"yui_3_16_0_ym19_1_1466362389458_6046\">Deu  sorte que o Atl\u00e9tico-GO, tamb\u00e9m perdeu em casa para o CRB. Com isso o quadro na  tabela de classifica\u00e7\u00e3o pela lideran\u00e7a n\u00e3o mudou. Esses 22 pontos ganhos ainda  servem para algo. Os comandados do treinador Jorginho n\u00e3o jogaram rigorosamente  nada! A zaga falhou mais uma vez. A diretoria \u00e9 lenta, no que tange a  contrata\u00e7\u00e3o de refor\u00e7os, sobretudo, no ataque. Depois da perda da  invencibilidade de forma inexplic\u00e1vel a queda no rendimento \u00e9 not\u00f3ria.<o:p id=\"yui_3_16_0_ym19_1_1466362389458_6047\"><\/o:p><\/span><\/div>\n<div style=\"text-align:justify;text-indent:35.4pt;tab-stops:111.0pt\" id=\"yui_3_16_0_ym19_1_1466362389458_6048\"><span style=\"font-size:12.0pt;line-height:115%;font-family:&quot;Arial&quot;,sans-serif\" id=\"yui_3_16_0_ym19_1_1466362389458_6049\">O pior  de tudo \u00e9 que essa trope\u00e7ada poder\u00e1 afetar a Copa do Brasil, uma vez que a  maioria dos atletas n\u00e3o sabem separar as competi\u00e7\u00f5es. \u00c9 necess\u00e1rio a repara\u00e7\u00e3o  dos erros de forma urgente. Dom Charuto e seus disc\u00edpulos in\u00fateis precisam  pensar mais no Vasco da Gama do que em vaidades pessoais. Administrar para o  clube e n\u00e3o para os interesses personal\u00edssimos. Pois desta forma, quem sabe  daqui uns anos teremos um Mach\u00e3o da Gama realmente viril!<o:p id=\"yui_3_16_0_ym19_1_1466362389458_6050\"><\/o:p><\/span><\/div>\n<div style=\"text-align:justify;text-indent:35.4pt;tab-stops:111.0pt\" id=\"yui_3_16_0_ym19_1_1466362389458_6051\"><span style=\"font-size:12.0pt;line-height:115%;font-family:&quot;Arial&quot;,sans-serif\" id=\"yui_3_16_0_ym19_1_1466362389458_6052\">Resumindo  o jogo de ontem, aliado ao t\u00edtulo desta cr\u00f4nica, a atua\u00e7\u00e3o dos atletas foi uma  bosta. Um lixo! A atual pol\u00edtica vasca\u00edna cheira mal. A gest\u00e3o de Dom Charuto  defeca a cada ato. Perder para um time sem express\u00e3o e ainda por cima em S\u00e3o  Janu\u00e1rio \u00e9 uma dor de barriga. Mas o problema \u00e9 a cartolagem querer sempre transferir  as cagadas para a Imensa Torcida Bem Feliz, que n\u00e3o tem absolutamente culpa de  nada. Ter\u00e7a-feira, dia 21, \u00e0s 19h15m, o Vasco enfrentar\u00e1 o Londrina, no Est\u00e1dio  do Caf\u00e9. <o:p id=\"yui_3_16_0_ym19_1_1466362389458_6053\"><\/o:p><\/span><\/div>\n<div style=\"text-align:justify;text-indent:35.4pt;tab-stops:147.0pt\" id=\"yui_3_16_0_ym19_1_1466362389458_6054\"><span style=\"font-size:12.0pt;line-height:115%;font-family:&quot;Arial&quot;,sans-serif\" id=\"yui_3_16_0_ym19_1_1466362389458_6055\"><o:p id=\"yui_3_16_0_ym19_1_1466362389458_6056\">&nbsp;<\/o:p><\/span><\/div>\n<div style=\"text-align:justify;text-indent:35.4pt;tab-stops:147.0pt\" id=\"yui_3_16_0_ym19_1_1466362389458_6057\"><span style=\"font-size:12.0pt;line-height:115%;font-family:&quot;Arial&quot;,sans-serif\" id=\"yui_3_16_0_ym19_1_1466362389458_6058\">&nbsp;&nbsp;&nbsp;&nbsp;&nbsp;&nbsp;&nbsp;&nbsp;&nbsp;&nbsp;&nbsp;&nbsp;&nbsp;&nbsp;&nbsp;&nbsp;&nbsp;&nbsp;&nbsp;&nbsp;&nbsp;&nbsp;&nbsp;&nbsp;&nbsp;&nbsp;&nbsp;&nbsp;&nbsp;&nbsp;&nbsp;&nbsp;&nbsp;&nbsp;&nbsp;&nbsp; <o:p id=\"yui_3_16_0_ym19_1_1466362389458_6059\"><\/o:p><\/span><\/div>\n<div style=\"text-align:justify;text-indent:35.4pt;tab-stops:111.0pt\" id=\"yui_3_16_0_ym19_1_1466362389458_6060\"><b id=\"yui_3_16_0_ym19_1_1466362389458_6061\"><u id=\"yui_3_16_0_ym19_1_1466362389458_6062\"><span style=\"font-size:20.0pt;line-height:115%;font-family:&quot;Arial&quot;,sans-serif\" id=\"yui_3_16_0_ym19_1_1466362389458_6063\">DIVULGUEM ESSA COVARDIA:<\/span><\/u><\/b><span style=\"font-size:16.0pt;line-height:115%;font-family:&quot;Arial&quot;,sans-serif\" id=\"yui_3_16_0_ym19_1_1466362389458_6064\"> GOSTARIA  DE PEDIR A TODOS OS MEUS AMIGOS E LEITORES QUE TIRASSE UM TEMPINHO PARA LER A  PETI\u00c7\u00c3O P\u00daBLICA, AO QUAL SEGUE ABAIXO O LINK. TAL DOCUMENTO REFERE-SE A <b id=\"yui_3_16_0_ym19_1_1466362389458_6065\"><u id=\"yui_3_16_0_ym19_1_1466362389458_6066\">UM ATO DE COVARDIA POR PARTE DA  VOLKSWAGEN DO BRASIL EM COAUTORIA DA ABOLI\u00c7\u00c3O VE\u00cdCULOS (GRUPO AB)<\/u><\/b>  CONTRA ESTE VELHO JORNALISTA. A REFERIDA CONCESSION\u00c1RIA EST\u00c1 ME LESANDO DESDE  FEVEREIRO DE 2013. MEU CARRO FOI BATIDO DENTRO DA OFICINA, FURTARAM ACESS\u00d3RIOS,  TEM PROBLEMAS CAUSADOS POR ELES, AL\u00c9M DE DEFEITOS DE FABRICA\u00c7\u00c3O. O CARRO 0 KM  COMPRADO POR MIM HOJE SE ENCONTRA NA OFICINA DA ABOLI\u00c7\u00c3O VE\u00cdCULOS (CENTRO DE  NITER\u00d3I) <b id=\"yui_3_16_0_ym19_1_1466362389458_6067\"><u id=\"yui_3_16_0_ym19_1_1466362389458_6068\">DESDE 10 DE JUNHO DE 2013<\/u><\/b>,  OU MELHOR, H\u00c1 <b id=\"yui_3_16_0_ym19_1_1466362389458_6069\"><u id=\"yui_3_16_0_ym19_1_1466362389458_6070\">36 MESES, OU SEJA, 3  ANOS.<\/u><\/b> <b id=\"yui_3_16_0_ym19_1_1466362389458_6071\"><u id=\"yui_3_16_0_ym19_1_1466362389458_6072\">TEM APENAS 729 KM  RODADOS<\/u><\/b> PARA COMPROVAR O CALV\u00c1RIO TENHO DOCUMENTOS, GRAVA\u00c7\u00d5ES DE AUDIO  E V\u00cdDEO, MAIS DE 600 FOTOGRAFIAS E E-MAILS TROCADOS COM FUNCION\u00c1RIOS DO BAIXO,  M\u00c9DIO E ALTO ESCAL\u00c3O DA EMPRESA. POR FAVOR, ASSINEM O DOCUMENTO PARA QUE OUTROS  CONSUMIDORES N\u00c3O SEJAM LESADOS POR EMPRESAS DESTE N\u00cdVEL.&nbsp; <\/span><a href=\"https:\/\/secure.avaaz.org\/po\/petition\/Aos_Orgaos_de_Defesa_do_Consumidor_e_ao_Poder_Judiciario_JUSTICA_CONTRA_UMA_MARCA_E_SUA_REVENDERORA_QUE_DESCUMPREM_A_LEI\/?lJEcNfb&amp;pv=0\" id=\"yui_3_16_0_ym19_1_1466362389458_6073\"><span style=\"font-size:16.0pt;line-height:115%;font-family:&quot;Arial&quot;,sans-serif\" id=\"yui_3_16_0_ym19_1_1466362389458_6074\">https:\/\/secure.avaaz.org\/po\/petition\/Aos_Orgaos_de_Defesa_do_Consumidor_e_ao_Poder_Judiciario_JUSTICA_CONTRA_UMA_MARCA_E_SUA_REVENDERORA_QUE_DESCUMPREM_A_LEI\/?lJEcNfb&amp;pv=0<\/span><\/a><span style=\"font-size:16.0pt;line-height:115%;font-family:&quot;Arial&quot;,sans-serif\" id=\"yui_3_16_0_ym19_1_1466362389458_6075\"><o:p id=\"yui_3_16_0_ym19_1_1466362389458_6076\"><\/o:p><\/span><\/div>\n<div style=\"text-align:justify;tab-stops:111.0pt\" id=\"yui_3_16_0_ym19_1_1466362389458_6077\"><span style=\"font-size:16.0pt;line-height:115%;font-family:&quot;Arial&quot;,sans-serif\" id=\"yui_3_16_0_ym19_1_1466362389458_6078\"><o:p id=\"yui_3_16_0_ym19_1_1466362389458_6079\">&nbsp;<\/o:p><\/span><\/div>\n<div style=\"text-align:justify;tab-stops:111.0pt\" id=\"yui_3_16_0_ym19_1_1466362389458_6080\"><b id=\"yui_3_16_0_ym19_1_1466362389458_6081\"><span style=\"font-size:16.0pt;line-height:115%;font-family:&quot;Arial&quot;,sans-serif\" id=\"yui_3_16_0_ym19_1_1466362389458_6082\">&nbsp;&nbsp;&nbsp;&nbsp;&nbsp;&nbsp;&nbsp;&nbsp;&nbsp;&nbsp;&nbsp;&nbsp;&nbsp;&nbsp;&nbsp;&nbsp;&nbsp;&nbsp;&nbsp;&nbsp;&nbsp;&nbsp;&nbsp;&nbsp; &nbsp;&nbsp;&nbsp;&nbsp;&nbsp;&nbsp; <o:p id=\"yui_3_16_0_ym19_1_1466362389458_6083\"><\/o:p><\/span><\/b><\/div>\n<div id=\"yui_3_16_0_ym19_1_1466362389458_5848\">                                    <\/div>\n<div style=\"text-align:justify\" dir=\"ltr\" id=\"yui_3_16_0_ym19_1_1466362389458_6084\"><b id=\"yui_3_16_0_ym19_1_1466362389458_6085\"><span style=\"font-size:14.0pt;line-height:115%;font-family:&quot;Arial&quot;,sans-serif\" id=\"yui_3_16_0_ym19_1_1466362389458_6086\">AP\u00d3S  AS TODAS AS PARTIDAS DO VASC\u00c3O EM MEU PERFIL DO FACEBOOK (QUEM QUISER RECEBER  AS CR\u00d4NICAS DE PRIMEIRA M\u00c3O \u00c9 S\u00d3 ME ADICIONAR), E NOS SITES WEBVASCO  (<a href=\"http:\/\/www.webvasco.com\">www.webvasco.com<\/a>), E VASCA\u00cdNOS UNIDOS (<a href=\"http:\/\/www.vascainosunidos.com.br\">www.vascainosunidos.com.br<\/a>) TEM A  OPINI\u00c3O DO JORNALISTA LUIZ CARLOS ROCHA. LEIAM! COMPARTILHEM E CURTAM!  VASCA\u00cdNOS UNIDOS JAMAIS SER\u00c3O VENCIDOS.<o:p id=\"yui_3_16_0_ym19_1_1466362389458_6087\"><\/o:p><\/span><\/b><\/div>\n<div id=\"yui_3_16_0_ym19_1_1466362389458_5848\"><span><br \/><\/span><\/div>\n<div id=\"yui_3_16_0_ym19_1_1466362389458_5848\"><span><br \/><\/span><\/div>\n<div><\/div>\n<div id=\"yui_3_16_0_ym19_1_1466362389458_5867\">&nbsp;<\/div>\n<div class=\"signature\" id=\"yui_3_16_0_ym19_1_1466362389458_5855\">\n<div id=\"RTEContent\">\n<div id=\"yui_3_16_0_ym19_1_1466362389458_5854\">\n<div id=\"yui_3_16_0_ym19_1_1466362389458_5853\">\n<div id=\"yui_3_16_0_ym19_1_1466362389458_5852\">\n<div align=\"center\" id=\"yui_3_16_0_ym19_1_1466362389458_5866\"><\/div>\n<\/div>\n<\/div>\n<\/div>\n<\/div>\n<\/div>\n<\/div>\n<\/div>\n<p><\/p>\n","protected":false},"excerpt":{"rendered":"<p>Com a letra C se escreve a palavra compet\u00eancia. Exatamente isso que condiz com a&#8230;<\/p>\n","protected":false},"author":7,"featured_media":0,"comment_status":"open","ping_status":"closed","sticky":false,"template":"","format":"standard","meta":{"footnotes":""},"categories":[4],"tags":[],"class_list":["post-7857","post","type-post","status-publish","format-standard","hentry","category-luizcarlosrocha"],"_links":{"self":[{"href":"https:\/\/webvasco.com\/artigos\/wp-json\/wp\/v2\/posts\/7857","targetHints":{"allow":["GET"]}}],"collection":[{"href":"https:\/\/webvasco.com\/artigos\/wp-json\/wp\/v2\/posts"}],"about":[{"href":"https:\/\/webvasco.com\/artigos\/wp-json\/wp\/v2\/types\/post"}],"author":[{"embeddable":true,"href":"https:\/\/webvasco.com\/artigos\/wp-json\/wp\/v2\/users\/7"}],"replies":[{"embeddable":true,"href":"https:\/\/webvasco.com\/artigos\/wp-json\/wp\/v2\/comments?post=7857"}],"version-history":[{"count":0,"href":"https:\/\/webvasco.com\/artigos\/wp-json\/wp\/v2\/posts\/7857\/revisions"}],"wp:attachment":[{"href":"https:\/\/webvasco.com\/artigos\/wp-json\/wp\/v2\/media?parent=7857"}],"wp:term":[{"taxonomy":"category","embeddable":true,"href":"https:\/\/webvasco.com\/artigos\/wp-json\/wp\/v2\/categories?post=7857"},{"taxonomy":"post_tag","embeddable":true,"href":"https:\/\/webvasco.com\/artigos\/wp-json\/wp\/v2\/tags?post=7857"}],"curies":[{"name":"wp","href":"https:\/\/api.w.org\/{rel}","templated":true}]}}