{"id":7858,"date":"2016-06-22T11:10:56","date_gmt":"2016-06-22T14:10:56","guid":{"rendered":"http:\/\/webvasco.com\/artigos\/?p=7858"},"modified":"2016-06-22T11:19:31","modified_gmt":"2016-06-22T14:19:31","slug":"abre-o-olho-jorginho","status":"publish","type":"post","link":"https:\/\/webvasco.com\/artigos\/colunistas\/luizcarlosrocha\/abre-o-olho-jorginho\/","title":{"rendered":"ABRE O OLHO JORGINHO!"},"content":{"rendered":"<div>\n<div style=\"color:#000; background-color:#fff; font-family:HelveticaNeue-Light, Helvetica Neue Light, Helvetica Neue, Helvetica, Arial, Lucida Grande, sans-serif;font-size:32px\">\n<div style=\"text-align:justify;text-indent:35.4pt;tab-stops:147.0pt\" id=\"yui_3_16_0_ym19_1_1466362389458_206348\"><span style=\"font-size:12.0pt;line-height:115%;font-family:&quot;Arial&quot;,sans-serif\" id=\"yui_3_16_0_ym19_1_1466362389458_206349\">O  treinador Jorginho precisa perceber que o Vasco da Gama est\u00e1 caindo de produ\u00e7\u00e3o  \u2013 ainda que lentamente \u2013 e algo dever\u00e1 ser feito! Ao vencer o Londrina, ontem,  por 1 a 0, no Est\u00e1dio do Caf\u00e9, em partida v\u00e1lida pela 11\u00aa Rodada, do Campeonato  Brasileiro, da S\u00e9rie B, o Cruzmaltino venceu, mas n\u00e3o convenceu. O \u00fanico gol da  partida, marcado por Rodrigo, de falta, contou com a falha do arqueiro Marcelo  Rangel. Para completar o zagueiro-capit\u00e3o ainda foi expulso no final do jogo, e  n\u00e3o participar\u00e1 do pr\u00f3ximo embate.<o:p id=\"yui_3_16_0_ym19_1_1466362389458_206350\"><\/o:p><\/span><\/div>\n<div style=\"text-align:justify;text-indent:35.4pt;tab-stops:147.0pt\" id=\"yui_3_16_0_ym19_1_1466362389458_206351\"><span style=\"font-size:12.0pt;line-height:115%;font-family:&quot;Arial&quot;,sans-serif\" id=\"yui_3_16_0_ym19_1_1466362389458_206352\">N\u00e3o  jogou rigorosamente nada, mas o placar magrinho foi suficiente para garantir os  25 pontos ganhos na tabela de classifica\u00e7\u00e3o e a lideran\u00e7a isolada da  competi\u00e7\u00e3o. Sendo, que \u00e9 obriga\u00e7\u00e3o do Gigante da Colina conquistar esse t\u00edtulo  e subir com antecipa\u00e7\u00e3o. A hist\u00f3ria coloca o clube neste patamar diferenciado. Portanto,  s\u00f3 ser\u00e1 digno se for nestes moldes. <o:p id=\"yui_3_16_0_ym19_1_1466362389458_206353\"><\/o:p><\/span><\/div>\n<div style=\"text-align:justify;text-indent:35.4pt;tab-stops:147.0pt\" id=\"yui_3_16_0_ym19_1_1466362389458_206354\"><span style=\"font-size:12.0pt;line-height:115%;font-family:&quot;Arial&quot;,sans-serif\" id=\"yui_3_16_0_ym19_1_1466362389458_206355\">\u00c9  preciso que o comandante entenda, que o trabalho que ele realiza \u00e9 bom, mas n\u00e3o  o suficiente para um clube de massa. A Imensa Torcida Bem Feliz n\u00e3o est\u00e1  satisfeita em ver o Vasco atuando na Segundona. O torcedor vasca\u00edno quer ver o  time participando (e ganhando) a Libertadores, o Mundial! Em um clube de massa  as cobran\u00e7as s\u00e3o maiores. O Mach\u00e3o da Gama tem a terceira maior torcida do  Brasil, perdendo apenas para os Exclu\u00eddos e para os Gamb\u00e1s, respectivamente. <o:p id=\"yui_3_16_0_ym19_1_1466362389458_206356\"><\/o:p><\/span><\/div>\n<div style=\"text-align:justify;text-indent:35.4pt;tab-stops:147.0pt\" id=\"yui_3_16_0_ym19_1_1466362389458_206357\"><span style=\"font-size:12.0pt;line-height:115%;font-family:&quot;Arial&quot;,sans-serif\" id=\"yui_3_16_0_ym19_1_1466362389458_206358\">Logo,  \u00e9 necess\u00e1rio que Dom Charuto levante as n\u00e1degas da cadeira e providencie  refor\u00e7os dignos da tradi\u00e7\u00e3o vasca\u00edna, e n\u00e3o esses p\u00edfios atletas que trouxe nas  \u00faltimas contrata\u00e7\u00f5es. Tem de ter pulso e vigor como nos anos 80 e 90 quando  fazia do Vasco um verdadeiro campe\u00e3o. Se n\u00e3o tem mais sa\u00fade, prest\u00edgio e  compet\u00eancia, pede para sair. O futebol moderno n\u00e3o h\u00e1 mais espa\u00e7os para  amadorismo. O Cruzmaltino vem se apequenando em largos passos na Gest\u00e3o  Charuto!<o:p id=\"yui_3_16_0_ym19_1_1466362389458_206359\"><\/o:p><\/span><\/div>\n<div style=\"text-align:justify;text-indent:35.4pt;tab-stops:147.0pt\" id=\"yui_3_16_0_ym19_1_1466362389458_206360\"><span style=\"font-size:12.0pt;line-height:115%;font-family:&quot;Arial&quot;,sans-serif\" id=\"yui_3_16_0_ym19_1_1466362389458_206361\">Voltando  ao quase vexame de ontem, pois n\u00e3o fosse a sorte o Vasco amargaria mais um  empate, ou at\u00e9 mesmo uma derrota, passou da hora de pensar grande. Dom Charuto  criticou \u2013 e muito \u2013 Roberto Bombinha como mandat\u00e1rio, mas est\u00e1 fazendo igual  ou pior. Para que um time grande continue a trilhar o caminho do estrelato  futebol\u00edstico \u00e9 preciso investir nas categorias de base. Valorizar a prata da  casa.<o:p id=\"yui_3_16_0_ym19_1_1466362389458_206362\"><\/o:p><\/span><\/div>\n<div style=\"text-align:justify;text-indent:35.4pt;tab-stops:147.0pt\" id=\"yui_3_16_0_ym19_1_1466362389458_206363\"><span style=\"font-size:12.0pt;line-height:115%;font-family:&quot;Arial&quot;,sans-serif\" id=\"yui_3_16_0_ym19_1_1466362389458_206364\">Al\u00e9m  disso, contratar menos e com mais qualidade. De nada adianta trazer 10 atletas  medianos. \u00c9 melhor apresentar um de ponta! Um complexo esportivo se faz  necess\u00e1rio. A moderniza\u00e7\u00e3o de S\u00e3o Janu\u00e1rio para Arena Vasco da Gama! Expurgar  os in\u00fateis que apenas querem sugar do Vasco os benef\u00edcios pessoais. &nbsp;Delegar fun\u00e7\u00f5es a profissionais  especializados, sobretudo, renomados, e n\u00e3o esses pangar\u00e9s que hoje tramitam  nos corredores sombrios da Colina. Enfim, muita coisa tem de mudar, e come\u00e7ar  do zero. Ali\u00e1s zero \u00e9 a nota que Eurico Miranda tem de levar como  administrador. Somado a nota 8 de Jorginho e Zinho, d\u00e1 uma m\u00e9dia de 4. Falta  muito para ser aprovado. O Vasco anda reprovado em esportes! Que pena, uma  l\u00e1stima! <o:p id=\"yui_3_16_0_ym19_1_1466362389458_206365\"><\/o:p><\/span><\/div>\n<div style=\"text-align:justify;text-indent:35.4pt;tab-stops:147.0pt\" id=\"yui_3_16_0_ym19_1_1466362389458_206366\"><span style=\"font-size:12.0pt;line-height:115%;font-family:&quot;Arial&quot;,sans-serif\" id=\"yui_3_16_0_ym19_1_1466362389458_206367\">O  pr\u00f3ximo desafio do Gigante da Colina ser\u00e1 contra o CRB, em Macei\u00f3, no Est\u00e1dio Rei  Pel\u00e9, s\u00e1bado, dia 25, \u00e0s 16h30m. <o:p id=\"yui_3_16_0_ym19_1_1466362389458_206368\"><\/o:p><\/span><\/div>\n<div style=\"text-align:justify;text-indent:35.4pt;tab-stops:147.0pt\" id=\"yui_3_16_0_ym19_1_1466362389458_206369\"><span style=\"font-size:12.0pt;line-height:115%;font-family:&quot;Arial&quot;,sans-serif\" id=\"yui_3_16_0_ym19_1_1466362389458_206370\"><o:p id=\"yui_3_16_0_ym19_1_1466362389458_206371\">&nbsp;<\/o:p><\/span><\/div>\n<div style=\"text-align:justify;text-indent:35.4pt;tab-stops:147.0pt\" id=\"yui_3_16_0_ym19_1_1466362389458_206372\"><span style=\"font-size:12.0pt;line-height:115%;font-family:&quot;Arial&quot;,sans-serif\" id=\"yui_3_16_0_ym19_1_1466362389458_206373\"><o:p id=\"yui_3_16_0_ym19_1_1466362389458_206374\">&nbsp;<\/o:p><\/span><\/div>\n<div style=\"text-align:justify;text-indent:35.4pt;tab-stops:147.0pt\" id=\"yui_3_16_0_ym19_1_1466362389458_206375\"><span style=\"font-size:12.0pt;line-height:115%;font-family:&quot;Arial&quot;,sans-serif\" id=\"yui_3_16_0_ym19_1_1466362389458_206376\">&nbsp;&nbsp;&nbsp;&nbsp;&nbsp;&nbsp;&nbsp;&nbsp;&nbsp;&nbsp;&nbsp;&nbsp;&nbsp;&nbsp;&nbsp;&nbsp;&nbsp;&nbsp;&nbsp;&nbsp;&nbsp;&nbsp;&nbsp;&nbsp;&nbsp;&nbsp;&nbsp;&nbsp;&nbsp;&nbsp;&nbsp;&nbsp;&nbsp;&nbsp;&nbsp;&nbsp; <o:p id=\"yui_3_16_0_ym19_1_1466362389458_206377\"><\/o:p><\/span><\/div>\n<div style=\"text-align:justify;text-indent:35.4pt;tab-stops:111.0pt\" id=\"yui_3_16_0_ym19_1_1466362389458_206378\"><b id=\"yui_3_16_0_ym19_1_1466362389458_206379\"><u id=\"yui_3_16_0_ym19_1_1466362389458_206380\"><span style=\"font-size:20.0pt;line-height:115%;font-family:&quot;Arial&quot;,sans-serif\" id=\"yui_3_16_0_ym19_1_1466362389458_206381\">DIVULGUEM ESSA COVARDIA:<\/span><\/u><\/b><span style=\"font-size:16.0pt;line-height:115%;font-family:&quot;Arial&quot;,sans-serif\" id=\"yui_3_16_0_ym19_1_1466362389458_206382\"> GOSTARIA  DE PEDIR A TODOS OS MEUS AMIGOS E LEITORES QUE TIRASSE UM TEMPINHO PARA LER A  PETI\u00c7\u00c3O P\u00daBLICA, AO QUAL SEGUE ABAIXO O LINK. TAL DOCUMENTO REFERE-SE A <b id=\"yui_3_16_0_ym19_1_1466362389458_206383\"><u id=\"yui_3_16_0_ym19_1_1466362389458_206384\">UM ATO DE COVARDIA POR PARTE DA  VOLKSWAGEN DO BRASIL EM COAUTORIA DA ABOLI\u00c7\u00c3O VE\u00cdCULOS (GRUPO AB)<\/u><\/b>  CONTRA ESTE VELHO JORNALISTA. A REFERIDA CONCESSION\u00c1RIA EST\u00c1 ME LESANDO DESDE  FEVEREIRO DE 2013. MEU CARRO FOI BATIDO DENTRO DA OFICINA, FURTARAM ACESS\u00d3RIOS,  TEM PROBLEMAS CAUSADOS POR ELES, AL\u00c9M DE DEFEITOS DE FABRICA\u00c7\u00c3O. O CARRO 0 KM  COMPRADO POR MIM HOJE SE ENCONTRA NA OFICINA DA ABOLI\u00c7\u00c3O VE\u00cdCULOS (CENTRO DE  NITER\u00d3I) <b id=\"yui_3_16_0_ym19_1_1466362389458_206385\"><u id=\"yui_3_16_0_ym19_1_1466362389458_206386\">DESDE 10 DE JUNHO DE 2013<\/u><\/b>,  OU MELHOR, H\u00c1 <b id=\"yui_3_16_0_ym19_1_1466362389458_206387\"><u id=\"yui_3_16_0_ym19_1_1466362389458_206388\">36 MESES, OU SEJA, 3  ANOS.<\/u><\/b> <b id=\"yui_3_16_0_ym19_1_1466362389458_206389\"><u id=\"yui_3_16_0_ym19_1_1466362389458_206390\">TEM APENAS 729 KM  RODADOS<\/u><\/b> PARA COMPROVAR O CALV\u00c1RIO TENHO DOCUMENTOS, GRAVA\u00c7\u00d5ES DE AUDIO  E V\u00cdDEO, MAIS DE 600 FOTOGRAFIAS E E-MAILS TROCADOS COM FUNCION\u00c1RIOS DO BAIXO,  M\u00c9DIO E ALTO ESCAL\u00c3O DA EMPRESA. POR FAVOR, ASSINEM O DOCUMENTO PARA QUE OUTROS  CONSUMIDORES N\u00c3O SEJAM LESADOS POR EMPRESAS DESTE N\u00cdVEL.&nbsp; <\/span><a href=\"https:\/\/secure.avaaz.org\/po\/petition\/Aos_Orgaos_de_Defesa_do_Consumidor_e_ao_Poder_Judiciario_JUSTICA_CONTRA_UMA_MARCA_E_SUA_REVENDERORA_QUE_DESCUMPREM_A_LEI\/?lJEcNfb&amp;pv=0\" id=\"yui_3_16_0_ym19_1_1466362389458_206391\"><span style=\"font-size:16.0pt;line-height:115%;font-family:&quot;Arial&quot;,sans-serif\" id=\"yui_3_16_0_ym19_1_1466362389458_206392\">https:\/\/secure.avaaz.org\/po\/petition\/Aos_Orgaos_de_Defesa_do_Consumidor_e_ao_Poder_Judiciario_JUSTICA_CONTRA_UMA_MARCA_E_SUA_REVENDERORA_QUE_DESCUMPREM_A_LEI\/?lJEcNfb&amp;pv=0<\/span><\/a><span style=\"font-size:16.0pt;line-height:115%;font-family:&quot;Arial&quot;,sans-serif\" id=\"yui_3_16_0_ym19_1_1466362389458_206393\"><o:p id=\"yui_3_16_0_ym19_1_1466362389458_206394\"><\/o:p><\/span><\/div>\n<div style=\"text-align:justify;tab-stops:111.0pt\" id=\"yui_3_16_0_ym19_1_1466362389458_206395\"><span style=\"font-size:16.0pt;line-height:115%;font-family:&quot;Arial&quot;,sans-serif\" id=\"yui_3_16_0_ym19_1_1466362389458_206396\"><o:p id=\"yui_3_16_0_ym19_1_1466362389458_206397\">&nbsp;<\/o:p><\/span><\/div>\n<div style=\"text-align:justify;tab-stops:111.0pt\" id=\"yui_3_16_0_ym19_1_1466362389458_206398\"><b id=\"yui_3_16_0_ym19_1_1466362389458_206399\"><span style=\"font-size:16.0pt;line-height:115%;font-family:&quot;Arial&quot;,sans-serif\" id=\"yui_3_16_0_ym19_1_1466362389458_206400\">&nbsp;&nbsp;&nbsp;&nbsp;&nbsp;&nbsp;&nbsp;&nbsp;&nbsp;&nbsp;&nbsp;&nbsp;&nbsp;&nbsp;&nbsp;&nbsp;&nbsp;&nbsp;&nbsp;&nbsp;&nbsp;&nbsp;&nbsp;&nbsp; &nbsp;&nbsp;&nbsp;&nbsp;&nbsp;&nbsp; <o:p id=\"yui_3_16_0_ym19_1_1466362389458_206401\"><\/o:p><\/span><\/b><\/div>\n<div id=\"yui_3_16_0_ym19_1_1466362389458_206120\">                                                    <\/div>\n<div style=\"text-align:justify\" dir=\"ltr\" id=\"yui_3_16_0_ym19_1_1466362389458_206402\"><b id=\"yui_3_16_0_ym19_1_1466362389458_206403\"><span style=\"font-size:14.0pt;line-height:115%;font-family:&quot;Arial&quot;,sans-serif\" id=\"yui_3_16_0_ym19_1_1466362389458_206404\">AP\u00d3S  AS TODAS AS PARTIDAS DO VASC\u00c3O EM MEU PERFIL DO FACEBOOK (QUEM QUISER RECEBER  AS CR\u00d4NICAS DE PRIMEIRA M\u00c3O \u00c9 S\u00d3 ME ADICIONAR), E NOS SITES WEBVASCO  (<a href=\"http:\/\/www.webvasco.com\">www.webvasco.com<\/a>), E VASCA\u00cdNOS UNIDOS (<a href=\"http:\/\/www.vascainosunidos.com.br\">www.vascainosunidos.com.br<\/a>) TEM A  OPINI\u00c3O DO JORNALISTA LUIZ CARLOS ROCHA. LEIAM! COMPARTILHEM E CURTAM!  VASCA\u00cdNOS UNIDOS JAMAIS SER\u00c3O VENCIDOS.<o:p id=\"yui_3_16_0_ym19_1_1466362389458_206405\"><\/o:p><\/span><\/b><\/div>\n<div id=\"yui_3_16_0_ym19_1_1466362389458_206120\"><span><br \/><\/span><\/div>\n<div id=\"yui_3_16_0_ym19_1_1466362389458_206120\"><span><br \/><\/span><\/div>\n<div><\/div>\n<div id=\"yui_3_16_0_ym19_1_1466362389458_206123\">&nbsp;<\/div>\n<div class=\"signature\" id=\"yui_3_16_0_ym19_1_1466362389458_206128\">\n<div id=\"RTEContent\">\n<div id=\"yui_3_16_0_ym19_1_1466362389458_206127\">\n<div id=\"yui_3_16_0_ym19_1_1466362389458_206126\">\n<div id=\"yui_3_16_0_ym19_1_1466362389458_206125\">\n<div align=\"center\" id=\"yui_3_16_0_ym19_1_1466362389458_206124\"><\/div>\n<\/div>\n<\/div>\n<\/div>\n<\/div>\n<\/div>\n<\/div>\n<\/div>\n<p><\/p>\n","protected":false},"excerpt":{"rendered":"<p>O treinador Jorginho precisa perceber que o Vasco da Gama est\u00e1 caindo de produ\u00e7\u00e3o \u2013&#8230;<\/p>\n","protected":false},"author":7,"featured_media":0,"comment_status":"open","ping_status":"closed","sticky":false,"template":"","format":"standard","meta":{"footnotes":""},"categories":[4],"tags":[],"class_list":["post-7858","post","type-post","status-publish","format-standard","hentry","category-luizcarlosrocha"],"_links":{"self":[{"href":"https:\/\/webvasco.com\/artigos\/wp-json\/wp\/v2\/posts\/7858","targetHints":{"allow":["GET"]}}],"collection":[{"href":"https:\/\/webvasco.com\/artigos\/wp-json\/wp\/v2\/posts"}],"about":[{"href":"https:\/\/webvasco.com\/artigos\/wp-json\/wp\/v2\/types\/post"}],"author":[{"embeddable":true,"href":"https:\/\/webvasco.com\/artigos\/wp-json\/wp\/v2\/users\/7"}],"replies":[{"embeddable":true,"href":"https:\/\/webvasco.com\/artigos\/wp-json\/wp\/v2\/comments?post=7858"}],"version-history":[{"count":0,"href":"https:\/\/webvasco.com\/artigos\/wp-json\/wp\/v2\/posts\/7858\/revisions"}],"wp:attachment":[{"href":"https:\/\/webvasco.com\/artigos\/wp-json\/wp\/v2\/media?parent=7858"}],"wp:term":[{"taxonomy":"category","embeddable":true,"href":"https:\/\/webvasco.com\/artigos\/wp-json\/wp\/v2\/categories?post=7858"},{"taxonomy":"post_tag","embeddable":true,"href":"https:\/\/webvasco.com\/artigos\/wp-json\/wp\/v2\/tags?post=7858"}],"curies":[{"name":"wp","href":"https:\/\/api.w.org\/{rel}","templated":true}]}}