{"id":7859,"date":"2016-06-26T16:06:13","date_gmt":"2016-06-26T19:06:13","guid":{"rendered":"http:\/\/webvasco.com\/artigos\/?p=7859"},"modified":"2016-06-26T17:53:19","modified_gmt":"2016-06-26T20:53:19","slug":"rei-andre","status":"publish","type":"post","link":"https:\/\/webvasco.com\/artigos\/colunistas\/luizcarlosrocha\/rei-andre\/","title":{"rendered":"Rei Andr\u00e9!"},"content":{"rendered":"<div>\n<div style=\"color: #000; background-color: #fff; font-family: HelveticaNeue-Light, Helvetica Neue Light, Helvetica Neue, Helvetica, Arial, Lucida Grande, sans-serif; font-size: 32px;\">\n<div id=\"yui_3_16_0_ym19_1_1466362389458_493211\" style=\"text-align: justify; text-indent: 35.4pt; tab-stops: 111.0pt;\"><span id=\"yui_3_16_0_ym19_1_1466362389458_493212\" style=\"font-size: 12.0pt; line-height: 115%; font-family: 'Arial',sans-serif;\">\u00a0<\/span><\/div>\n<div id=\"yui_3_16_0_ym19_1_1466362389458_493214\" style=\"text-align: justify; text-indent: 35.4pt; tab-stops: 111.0pt;\"><span id=\"yui_3_16_0_ym19_1_1466362389458_493215\" style=\"font-size: 12.0pt; line-height: 115%; font-family: 'Arial',sans-serif;\">H\u00e1 quem diga, que depois do gola\u00e7o ol\u00edmpico de Andrezinho, no qual garantiu a vit\u00f3ria vasca\u00edna, por 2 a 1, sob o CRB\/AL, o Est\u00e1dio Rei Pel\u00e9, em Macei, mudar\u00e1 de nome. Vai se chamar Rei Andr\u00e9! O triunfo garantiu tamb\u00e9m a lideran\u00e7a isolada do Campeonato Brasileiro, da S\u00e9rie B, com 28 pontos ganhos na tabela de classifica\u00e7\u00e3o. L\u00facio Maranh\u00e3o abriu o placar para o Clube de Regatas Brasil, mas o atacante Leandr\u00e3o deixou tudo igual e o meia cruzmaltino definiu o marcador.<\/span><\/div>\n<div id=\"yui_3_16_0_ym19_1_1466362389458_493217\" style=\"text-align: justify; text-indent: 35.4pt; tab-stops: 111.0pt;\"><span id=\"yui_3_16_0_ym19_1_1466362389458_493218\" style=\"font-size: 12.0pt; line-height: 115%; font-family: 'Arial',sans-serif;\">Nos acr\u00e9scimos desta partida v\u00e1lida pela 12\u00aa Rodada, o arqueiro Martin Silva defendeu um p\u00eanalti. Foi uma das estrelas do jogo. Penalidade m\u00e1xima cometida infantilmente por Aislan. O mesmo zagueiro foi respons\u00e1vel pelo gol do time nordestino em falha bisonha, juntamente com seu companheiro de equipe J\u00falio C\u00e9sar. Ou seja, aquele lado esquerdo ali est\u00e1 morto, zaga e lateral insuficientes.<\/span><\/div>\n<div id=\"yui_3_16_0_ym19_1_1466362389458_493220\" style=\"text-align: justify; text-indent: 35.4pt; tab-stops: 111.0pt;\"><span id=\"yui_3_16_0_ym19_1_1466362389458_493221\" style=\"font-size: 12.0pt; line-height: 115%; font-family: 'Arial',sans-serif;\">Os 11.225 torcedores presentes (9.122 pagantes) n\u00e3o viram um Vasco da Gama aguerrido. Consistente. Digno de ser chamado de Mach\u00e3o da Gama. Por\u00e9m, valores individuais mostraram porque merecem vestir o manto sagrado e fizeram a batota somar mais tr\u00eas pontos na tabela rumo a volta para a Elite do Futebol. O importante neste momento \u00e9 vencer. Se puder convencer tamb\u00e9m ser\u00e1 melhor. Mas se tiver de optar apenas por um desejo, que venham os triunfos, pois precisamos \u201cacumular gorduras\u201d para que o final do Brasileir\u00e3o seja mais folgado.<\/span><\/div>\n<div id=\"yui_3_16_0_ym19_1_1466362389458_493223\" style=\"text-align: justify; text-indent: 35.4pt; tab-stops: 111.0pt;\"><span id=\"yui_3_16_0_ym19_1_1466362389458_493224\" style=\"font-size: 12.0pt; line-height: 115%; font-family: 'Arial',sans-serif;\">De nada adiantou atuar brilhantemente no Campeonato Brasileiro, do ano passado, na S\u00e9rie A e ser rebaixado. \u00c9 como escolher uma mulher linda e f\u00fatil ou optar por uma medianamente bela, por\u00e9m inteligente e muito eficiente. Agora \u00e9 pensar no Paran\u00e1 Clube, ter\u00e7a-feira, 28 de junho, \u00e0s 20h30m, na Colina Hist\u00f3rica. Em casa o dever de ganhar se far\u00e1 mais presente. <\/span><\/div>\n<div id=\"yui_3_16_0_ym19_1_1466362389458_493226\" style=\"text-align: justify; text-indent: 35.4pt; tab-stops: 147.0pt;\"><span id=\"yui_3_16_0_ym19_1_1466362389458_493227\" style=\"font-size: 12.0pt; line-height: 115%; font-family: 'Arial',sans-serif;\">\u00a0<\/span><\/div>\n<div id=\"yui_3_16_0_ym19_1_1466362389458_493229\" style=\"text-align: justify; text-indent: 35.4pt; tab-stops: 147.0pt;\"><span id=\"yui_3_16_0_ym19_1_1466362389458_493230\" style=\"font-size: 12.0pt; line-height: 115%; font-family: 'Arial',sans-serif;\">\u00a0\u00a0\u00a0\u00a0\u00a0\u00a0\u00a0\u00a0\u00a0\u00a0\u00a0\u00a0\u00a0\u00a0\u00a0\u00a0\u00a0\u00a0\u00a0\u00a0\u00a0\u00a0\u00a0\u00a0\u00a0\u00a0\u00a0\u00a0\u00a0\u00a0\u00a0\u00a0\u00a0\u00a0\u00a0\u00a0 <\/span><\/div>\n<div id=\"yui_3_16_0_ym19_1_1466362389458_493232\" style=\"text-align: justify; text-indent: 35.4pt; tab-stops: 111.0pt;\"><b id=\"yui_3_16_0_ym19_1_1466362389458_493233\"><u id=\"yui_3_16_0_ym19_1_1466362389458_493234\"><span id=\"yui_3_16_0_ym19_1_1466362389458_493235\" style=\"font-size: 20.0pt; line-height: 115%; font-family: 'Arial',sans-serif;\">DIVULGUEM ESSA COVARDIA:<\/span><\/u><\/b><span id=\"yui_3_16_0_ym19_1_1466362389458_493236\" style=\"font-size: 16.0pt; line-height: 115%; font-family: 'Arial',sans-serif;\"> GOSTARIA DE PEDIR A TODOS OS MEUS AMIGOS E LEITORES QUE TIRASSE UM TEMPINHO PARA LER A PETI\u00c7\u00c3O P\u00daBLICA, AO QUAL SEGUE ABAIXO O LINK. TAL DOCUMENTO REFERE-SE A <b id=\"yui_3_16_0_ym19_1_1466362389458_493237\"><u id=\"yui_3_16_0_ym19_1_1466362389458_493238\">UM ATO DE COVARDIA POR PARTE DA VOLKSWAGEN DO BRASIL EM COAUTORIA DA ABOLI\u00c7\u00c3O VE\u00cdCULOS (GRUPO AB)<\/u><\/b> CONTRA ESTE VELHO JORNALISTA. A REFERIDA CONCESSION\u00c1RIA EST\u00c1 ME LESANDO DESDE FEVEREIRO DE 2013. MEU CARRO FOI BATIDO DENTRO DA OFICINA, FURTARAM ACESS\u00d3RIOS, TEM PROBLEMAS CAUSADOS POR ELES, AL\u00c9M DE DEFEITOS DE FABRICA\u00c7\u00c3O. O CARRO 0 KM COMPRADO POR MIM HOJE SE ENCONTRA NA OFICINA DA ABOLI\u00c7\u00c3O VE\u00cdCULOS (CENTRO DE NITER\u00d3I) <b id=\"yui_3_16_0_ym19_1_1466362389458_493239\"><u id=\"yui_3_16_0_ym19_1_1466362389458_493240\">DESDE 10 DE JUNHO DE 2013<\/u><\/b>, OU MELHOR, H\u00c1 <b id=\"yui_3_16_0_ym19_1_1466362389458_493241\"><u id=\"yui_3_16_0_ym19_1_1466362389458_493242\">36 MESES, OU SEJA, 3 ANOS.<\/u><\/b> <b id=\"yui_3_16_0_ym19_1_1466362389458_493243\"><u id=\"yui_3_16_0_ym19_1_1466362389458_493244\">TEM APENAS 729 KM RODADOS<\/u><\/b> PARA COMPROVAR O CALV\u00c1RIO TENHO DOCUMENTOS, GRAVA\u00c7\u00d5ES DE AUDIO E V\u00cdDEO, MAIS DE 600 FOTOGRAFIAS E E-MAILS TROCADOS COM FUNCION\u00c1RIOS DO BAIXO, M\u00c9DIO E ALTO ESCAL\u00c3O DA EMPRESA. POR FAVOR, ASSINEM O DOCUMENTO PARA QUE OUTROS CONSUMIDORES N\u00c3O SEJAM LESADOS POR EMPRESAS DESTE N\u00cdVEL.\u00a0 <\/span><a id=\"yui_3_16_0_ym19_1_1466362389458_493245\" href=\"https:\/\/secure.avaaz.org\/po\/petition\/Aos_Orgaos_de_Defesa_do_Consumidor_e_ao_Poder_Judiciario_JUSTICA_CONTRA_UMA_MARCA_E_SUA_REVENDERORA_QUE_DESCUMPREM_A_LEI\/?lJEcNfb&amp;pv=0\"><span id=\"yui_3_16_0_ym19_1_1466362389458_493246\" style=\"font-size: 16.0pt; line-height: 115%; font-family: 'Arial',sans-serif;\">https:\/\/secure.avaaz.org\/po\/petition\/Aos_Orgaos_de_Defesa_do_Consumidor_e_ao_Poder_Judiciario_JUSTICA_CONTRA_UMA_MARCA_E_SUA_REVENDERORA_QUE_DESCUMPREM_A_LEI\/?lJEcNfb&amp;pv=0<\/span><\/a><span id=\"yui_3_16_0_ym19_1_1466362389458_493247\" style=\"font-size: 16.0pt; line-height: 115%; font-family: 'Arial',sans-serif;\"><\/span><\/div>\n<div id=\"yui_3_16_0_ym19_1_1466362389458_493249\" style=\"text-align: justify; tab-stops: 111.0pt;\"><span id=\"yui_3_16_0_ym19_1_1466362389458_493250\" style=\"font-size: 16.0pt; line-height: 115%; font-family: 'Arial',sans-serif;\">\u00a0<\/span><\/div>\n<div id=\"yui_3_16_0_ym19_1_1466362389458_493252\" style=\"text-align: justify; tab-stops: 111.0pt;\"><b id=\"yui_3_16_0_ym19_1_1466362389458_493253\"><span id=\"yui_3_16_0_ym19_1_1466362389458_493254\" style=\"font-size: 16.0pt; line-height: 115%; font-family: 'Arial',sans-serif;\">\u00a0\u00a0\u00a0\u00a0\u00a0\u00a0\u00a0\u00a0\u00a0\u00a0\u00a0\u00a0\u00a0\u00a0\u00a0\u00a0\u00a0\u00a0\u00a0\u00a0\u00a0\u00a0\u00a0\u00a0 \u00a0\u00a0\u00a0\u00a0\u00a0\u00a0 <\/span><\/b><\/div>\n<div id=\"yui_3_16_0_ym19_1_1466362389458_493043\"><\/div>\n<div id=\"yui_3_16_0_ym19_1_1466362389458_493256\" dir=\"ltr\" style=\"text-align: justify;\"><b id=\"yui_3_16_0_ym19_1_1466362389458_493257\"><span id=\"yui_3_16_0_ym19_1_1466362389458_493258\" style=\"font-size: 14.0pt; line-height: 115%; font-family: 'Arial',sans-serif;\">AP\u00d3S AS TODAS AS PARTIDAS DO VASC\u00c3O EM MEU PERFIL DO FACEBOOK (QUEM QUISER RECEBER AS CR\u00d4NICAS DE PRIMEIRA M\u00c3O \u00c9 S\u00d3 ME ADICIONAR), E NOS SITES WEBVASCO (<a href=\"http:\/\/www.webvasco.com\">www.webvasco.com<\/a>), E VASCA\u00cdNOS UNIDOS (<a href=\"http:\/\/www.vascainosunidos.com.br\">www.vascainosunidos.com.br<\/a>) TEM A OPINI\u00c3O DO JORNALISTA LUIZ CARLOS ROCHA. LEIAM! COMPARTILHEM E CURTAM! VASCA\u00cdNOS UNIDOS JAMAIS SER\u00c3O VENCIDOS.<\/span><\/b><\/div>\n<div id=\"yui_3_16_0_ym19_1_1466362389458_493043\"><\/div>\n<div id=\"yui_3_16_0_ym19_1_1466362389458_493043\"><\/div>\n<div><\/div>\n<div id=\"yui_3_16_0_ym19_1_1466362389458_493035\"><\/div>\n<div id=\"yui_3_16_0_ym19_1_1466362389458_493042\" class=\"signature\"><\/div>\n<\/div>\n<\/div>\n<p>&nbsp;<\/p>\n","protected":false},"excerpt":{"rendered":"<p>\u00a0 H\u00e1 quem diga, que depois do gola\u00e7o ol\u00edmpico de Andrezinho, no qual garantiu a&#8230;<\/p>\n","protected":false},"author":7,"featured_media":0,"comment_status":"open","ping_status":"closed","sticky":false,"template":"","format":"standard","meta":{"footnotes":""},"categories":[4],"tags":[],"class_list":["post-7859","post","type-post","status-publish","format-standard","hentry","category-luizcarlosrocha"],"_links":{"self":[{"href":"https:\/\/webvasco.com\/artigos\/wp-json\/wp\/v2\/posts\/7859","targetHints":{"allow":["GET"]}}],"collection":[{"href":"https:\/\/webvasco.com\/artigos\/wp-json\/wp\/v2\/posts"}],"about":[{"href":"https:\/\/webvasco.com\/artigos\/wp-json\/wp\/v2\/types\/post"}],"author":[{"embeddable":true,"href":"https:\/\/webvasco.com\/artigos\/wp-json\/wp\/v2\/users\/7"}],"replies":[{"embeddable":true,"href":"https:\/\/webvasco.com\/artigos\/wp-json\/wp\/v2\/comments?post=7859"}],"version-history":[{"count":0,"href":"https:\/\/webvasco.com\/artigos\/wp-json\/wp\/v2\/posts\/7859\/revisions"}],"wp:attachment":[{"href":"https:\/\/webvasco.com\/artigos\/wp-json\/wp\/v2\/media?parent=7859"}],"wp:term":[{"taxonomy":"category","embeddable":true,"href":"https:\/\/webvasco.com\/artigos\/wp-json\/wp\/v2\/categories?post=7859"},{"taxonomy":"post_tag","embeddable":true,"href":"https:\/\/webvasco.com\/artigos\/wp-json\/wp\/v2\/tags?post=7859"}],"curies":[{"name":"wp","href":"https:\/\/api.w.org\/{rel}","templated":true}]}}