{"id":7861,"date":"2016-06-29T11:51:52","date_gmt":"2016-06-29T14:51:52","guid":{"rendered":"http:\/\/webvasco.com\/artigos\/?p=7861"},"modified":"2016-06-29T11:57:55","modified_gmt":"2016-06-29T14:57:55","slug":"trs-ser-aislan-digo-asnice","status":"publish","type":"post","link":"https:\/\/webvasco.com\/artigos\/colunistas\/luizcarlosrocha\/trs-ser-aislan-digo-asnice\/","title":{"rendered":"TR&Ecirc;S SER&Aacute; AISLAN, DIGO, ASNICE!"},"content":{"rendered":"<div>\n<div style=\"color:#000; background-color:#fff; font-family:HelveticaNeue-Light, Helvetica Neue Light, Helvetica Neue, Helvetica, Arial, Lucida Grande, sans-serif;font-size:32px\">\n<div style=\"text-align:justify;text-indent:35.4pt;tab-stops:147.0pt\" id=\"yui_3_16_0_ym19_1_1467211759228_4539\"><span style=\"font-size:12.0pt;line-height:115%;font-family:&quot;Arial&quot;,sans-serif\" id=\"yui_3_16_0_ym19_1_1467211759228_4540\">Mais  uma derrota! Em Casa! Para um time tecnicamente fraco! Um vexame! Com falhas  bisonhas! Gol contra! Escala\u00e7\u00e3o errada! Diretoria inoperante! Comiss\u00e3o T\u00e9cnica  come\u00e7a a titubear! Enfim, uma l\u00e1stima! Facilmente envolvido o Vasco da Gama  perdeu, ontem, em S\u00e3o Janu\u00e1rio, para o Paran\u00e1 Clube, por 2 a 1. Nen\u00ea abriu o  placar, Jorge Henrique contra cedeu o empate, e Murilo Rangel decretou o  triunfo paranaense. Esse resultado da 13\u00aa Rodada do Campeonato Brasileiro n\u00e3o  tirou a lideran\u00e7a isolada do Cruzmaltino, mas serviu de alerta. Agora a  diferen\u00e7a da S\u00e9rie B, para o segundo colocado caiu para tr\u00eas pontos ganhos na  tabela de classifica\u00e7\u00e3o (28, e 25 do Atl\u00e9tico\/GO).<o:p id=\"yui_3_16_0_ym19_1_1467211759228_4541\"><\/o:p><\/span><\/div>\n<div style=\"text-align:justify;text-indent:35.4pt;tab-stops:147.0pt\" id=\"yui_3_16_0_ym19_1_1467211759228_4542\"><span style=\"font-size:12.0pt;line-height:115%;font-family:&quot;Arial&quot;,sans-serif\" id=\"yui_3_16_0_ym19_1_1467211759228_4543\">O  zagueiro Aislan j\u00e1 provou que n\u00e3o sabe e n\u00e3o gosta de futebol. Com as suas  sucessivas falhas prejudicou e muito o time de Jorginho. Nem mesmo o m\u00e3o de  quiabo do goleiro Jordi \u2013 que escorrega qualquer bola \u2013 falhou tanto! Foi a  segunda partida deste p\u00edfio defensor, e tamb\u00e9m foi a segunda apresenta\u00e7\u00e3o digna  de um atleta do \u00cdbis! Logo, caber\u00e1 a Jorge de Amorim Campos entender e  compreender a velha m\u00e1xima: \u201dUm \u00e9 pouco, dois \u00e9 bom, tr\u00eas \u00e9 demais\u201d, ou aquela  mais profunda, que cabe exatamente no caso do zagueiro-problema: \u201cErrar uma vez  \u00e9 humano, duas \u00e9 burrice\u201d. Duas falhas j\u00e1 houveram. Se for escalado pela  terceira vez (passou de burro) ser\u00e1 ASNICE!<o:p id=\"yui_3_16_0_ym19_1_1467211759228_4544\"><\/o:p><\/span><\/div>\n<div style=\"text-align:justify;text-indent:35.4pt;tab-stops:147.0pt\" id=\"yui_3_16_0_ym19_1_1467211759228_4545\"><span style=\"font-size:12.0pt;line-height:115%;font-family:&quot;Arial&quot;,sans-serif\" id=\"yui_3_16_0_ym19_1_1467211759228_4546\">N\u00e3o  acredito que al\u00e9m de Rodrigo, Luan e o pr\u00f3prio Aislan o Vasco n\u00e3o tenha outro  zagueiro no plantel a disposi\u00e7\u00e3o. Jomar se recupera de cirurgia, n\u00e3o conta. Dos  11 reservas ontem, apenas o Asno, digo, Aislan era zagueiro. Dois arqueiros no  banco \u00e9 um absurdo! Est\u00e1 desaprendendo Jorginho? Dom Charuto j\u00e1 teve mais  press\u00e3o. N\u00e3o \u00e9 mais um homem forte como outrora! Mostra a cada ano sua  decad\u00eancia. Est\u00e1 velho, gag\u00e1 e ultrapassado! Rafael Vaz pode ser ruim no clube  exclu\u00eddo, mas na Colina Hist\u00f3rica n\u00e3o comprometia, pelo contr\u00e1rio, fazia at\u00e9  gols importantes, al\u00e9m de guardar bem a defesa. Porque Eurico deixou ele ir embora?  E agora? Coloca aquela pan\u00e7a gorda para fechar a metade do gol!<o:p id=\"yui_3_16_0_ym19_1_1467211759228_4547\"><\/o:p><\/span><\/div>\n<div style=\"text-align:justify;text-indent:35.4pt;tab-stops:147.0pt\" id=\"yui_3_16_0_ym19_1_1467211759228_4548\"><span style=\"font-size:12.0pt;line-height:115%;font-family:&quot;Arial&quot;,sans-serif\" id=\"yui_3_16_0_ym19_1_1467211759228_4549\">&nbsp;A proje\u00e7\u00e3o para a conquista da Copa do Brasil  tem de ser conexa ao Campeonato Brasileiro, da S\u00e9rie B. N\u00e3o precisa ser  vice-presidente ou gerente de futebol para colocar uma meta em pr\u00e1tica. \u00c9  simples. O Vasco precisa pontuar em casa (de prefer\u00eancia com vit\u00f3rias), e arrancar  seis de cada dez pontos fora de casa. Na pior situa\u00e7\u00e3o matem\u00e1tica, chegar a  metade da competi\u00e7\u00e3o com 12 pontos de diferen\u00e7a para o segundo colocado. Desta  forma, a gordura ser\u00e1 suficiente para que o time jogue com folga \u2013 at\u00e9 poupando  titulares em alguns embates \u2013 para se dedicar profundamente \u00e0 Copa do Brasil.  Sendo assim, a chance de consagrar-se campe\u00e3o e de quebra voltar \u00e0 Elite em  2017 ser\u00e1 grande. O Vasco precisa se portar como Mach\u00e3o da Gama fora de casa e  Gigante da Colina dentro do Caldeir\u00e3o. Nas \u00faltimas partidas tem apresentado um  futebol de Vice da Gama! O pr\u00f3ximo sufoco acontecer\u00e1 s\u00e1bado, dia 2 de julho, \u00e0s  16h30m, contra o Ava\u00ed, no Est\u00e1dio da Ressacada, em Floripa. &nbsp;<o:p id=\"yui_3_16_0_ym19_1_1467211759228_4550\"><\/o:p><\/span><\/div>\n<div style=\"text-align:justify;text-indent:35.4pt;tab-stops:147.0pt\" id=\"yui_3_16_0_ym19_1_1467211759228_4551\"><span style=\"font-size:12.0pt;line-height:115%;font-family:&quot;Arial&quot;,sans-serif\" id=\"yui_3_16_0_ym19_1_1467211759228_4552\"><o:p id=\"yui_3_16_0_ym19_1_1467211759228_4553\">&nbsp;<\/o:p><\/span><\/div>\n<div style=\"text-align:justify;text-indent:35.4pt;tab-stops:147.0pt\" id=\"yui_3_16_0_ym19_1_1467211759228_4554\"><span style=\"font-size:12.0pt;line-height:115%;font-family:&quot;Arial&quot;,sans-serif\" id=\"yui_3_16_0_ym19_1_1467211759228_4555\"><o:p id=\"yui_3_16_0_ym19_1_1467211759228_4556\">&nbsp;<\/o:p><\/span><\/div>\n<div style=\"text-align:justify;text-indent:35.4pt;tab-stops:147.0pt\" id=\"yui_3_16_0_ym19_1_1467211759228_4557\"><span style=\"font-size:12.0pt;line-height:115%;font-family:&quot;Arial&quot;,sans-serif\" id=\"yui_3_16_0_ym19_1_1467211759228_4558\">&nbsp;&nbsp;&nbsp;&nbsp;&nbsp;&nbsp;&nbsp;&nbsp;&nbsp;&nbsp;&nbsp;&nbsp;&nbsp;&nbsp;&nbsp;&nbsp;&nbsp;&nbsp;&nbsp;&nbsp;&nbsp;&nbsp;&nbsp;&nbsp;&nbsp;&nbsp;&nbsp;&nbsp;&nbsp;&nbsp;&nbsp;&nbsp;&nbsp;&nbsp;&nbsp;&nbsp; <o:p id=\"yui_3_16_0_ym19_1_1467211759228_4559\"><\/o:p><\/span><\/div>\n<div style=\"text-align:justify;text-indent:35.4pt;tab-stops:111.0pt\" id=\"yui_3_16_0_ym19_1_1467211759228_4560\"><b id=\"yui_3_16_0_ym19_1_1467211759228_4561\"><u id=\"yui_3_16_0_ym19_1_1467211759228_4562\"><span style=\"font-size:20.0pt;line-height:115%;font-family:&quot;Arial&quot;,sans-serif\" id=\"yui_3_16_0_ym19_1_1467211759228_4563\">DIVULGUEM ESSA COVARDIA:<\/span><\/u><\/b><span style=\"font-size:16.0pt;line-height:115%;font-family:&quot;Arial&quot;,sans-serif\" id=\"yui_3_16_0_ym19_1_1467211759228_4564\"> GOSTARIA  DE PEDIR A TODOS OS MEUS AMIGOS E LEITORES QUE TIRASSE UM TEMPINHO PARA LER A  PETI\u00c7\u00c3O P\u00daBLICA, AO QUAL SEGUE ABAIXO O LINK. TAL DOCUMENTO REFERE-SE A <b id=\"yui_3_16_0_ym19_1_1467211759228_4565\"><u id=\"yui_3_16_0_ym19_1_1467211759228_4566\">UM ATO DE COVARDIA POR PARTE DA  VOLKSWAGEN DO BRASIL EM COAUTORIA DA ABOLI\u00c7\u00c3O VE\u00cdCULOS (GRUPO AB)<\/u><\/b>  CONTRA ESTE VELHO JORNALISTA. A REFERIDA CONCESSION\u00c1RIA EST\u00c1 ME LESANDO DESDE  FEVEREIRO DE 2013. MEU CARRO FOI BATIDO DENTRO DA OFICINA, FURTARAM ACESS\u00d3RIOS,  TEM PROBLEMAS CAUSADOS POR ELES, AL\u00c9M DE DEFEITOS DE FABRICA\u00c7\u00c3O. O CARRO 0 KM  COMPRADO POR MIM HOJE SE ENCONTRA NA OFICINA DA ABOLI\u00c7\u00c3O VE\u00cdCULOS (CENTRO DE  NITER\u00d3I) <b id=\"yui_3_16_0_ym19_1_1467211759228_4567\"><u id=\"yui_3_16_0_ym19_1_1467211759228_4568\">DESDE 10 DE JUNHO DE 2013<\/u><\/b>,  OU MELHOR, H\u00c1 <b id=\"yui_3_16_0_ym19_1_1467211759228_4569\"><u id=\"yui_3_16_0_ym19_1_1467211759228_4570\">36 MESES, OU SEJA, 3  ANOS.<\/u><\/b> <b id=\"yui_3_16_0_ym19_1_1467211759228_4571\"><u id=\"yui_3_16_0_ym19_1_1467211759228_4572\">TEM APENAS 729 KM  RODADOS<\/u><\/b> PARA COMPROVAR O CALV\u00c1RIO TENHO DOCUMENTOS, GRAVA\u00c7\u00d5ES DE AUDIO  E V\u00cdDEO, MAIS DE 600 FOTOGRAFIAS E E-MAILS TROCADOS COM FUNCION\u00c1RIOS DO BAIXO,  M\u00c9DIO E ALTO ESCAL\u00c3O DA EMPRESA. POR FAVOR, ASSINEM O DOCUMENTO PARA QUE OUTROS  CONSUMIDORES N\u00c3O SEJAM LESADOS POR EMPRESAS DESTE N\u00cdVEL.&nbsp; <\/span><a href=\"https:\/\/secure.avaaz.org\/po\/petition\/Aos_Orgaos_de_Defesa_do_Consumidor_e_ao_Poder_Judiciario_JUSTICA_CONTRA_UMA_MARCA_E_SUA_REVENDERORA_QUE_DESCUMPREM_A_LEI\/?lJEcNfb&amp;pv=0\" id=\"yui_3_16_0_ym19_1_1467211759228_4573\"><span style=\"font-size:16.0pt;line-height:115%;font-family:&quot;Arial&quot;,sans-serif\" id=\"yui_3_16_0_ym19_1_1467211759228_4574\">https:\/\/secure.avaaz.org\/po\/petition\/Aos_Orgaos_de_Defesa_do_Consumidor_e_ao_Poder_Judiciario_JUSTICA_CONTRA_UMA_MARCA_E_SUA_REVENDERORA_QUE_DESCUMPREM_A_LEI\/?lJEcNfb&amp;pv=0<\/span><\/a><span style=\"font-size:16.0pt;line-height:115%;font-family:&quot;Arial&quot;,sans-serif\" id=\"yui_3_16_0_ym19_1_1467211759228_4575\"><o:p id=\"yui_3_16_0_ym19_1_1467211759228_4576\"><\/o:p><\/span><\/div>\n<div style=\"text-align:justify;tab-stops:111.0pt\" id=\"yui_3_16_0_ym19_1_1467211759228_4577\"><span style=\"font-size:16.0pt;line-height:115%;font-family:&quot;Arial&quot;,sans-serif\" id=\"yui_3_16_0_ym19_1_1467211759228_4578\"><o:p id=\"yui_3_16_0_ym19_1_1467211759228_4579\">&nbsp;<\/o:p><\/span><\/div>\n<div style=\"text-align:justify;tab-stops:111.0pt\" id=\"yui_3_16_0_ym19_1_1467211759228_4580\"><b id=\"yui_3_16_0_ym19_1_1467211759228_4581\"><span style=\"font-size:16.0pt;line-height:115%;font-family:&quot;Arial&quot;,sans-serif\" id=\"yui_3_16_0_ym19_1_1467211759228_4582\">&nbsp;&nbsp;&nbsp;&nbsp;&nbsp;&nbsp;&nbsp;&nbsp;&nbsp;&nbsp;&nbsp;&nbsp;&nbsp;&nbsp;&nbsp;&nbsp;&nbsp;&nbsp;&nbsp;&nbsp;&nbsp;&nbsp;&nbsp;&nbsp; &nbsp;&nbsp;&nbsp;&nbsp;&nbsp;&nbsp; <o:p id=\"yui_3_16_0_ym19_1_1467211759228_4583\"><\/o:p><\/span><\/b><\/div>\n<div id=\"yui_3_16_0_ym19_1_1467211759228_4323\"><span id=\"yui_3_16_0_ym19_1_1467211759228_4389\">                                        <\/span><\/div>\n<div style=\"text-align:justify\" dir=\"ltr\" id=\"yui_3_16_0_ym19_1_1467211759228_4584\"><b id=\"yui_3_16_0_ym19_1_1467211759228_4585\"><span style=\"font-size:14.0pt;line-height:115%;font-family:&quot;Arial&quot;,sans-serif\" id=\"yui_3_16_0_ym19_1_1467211759228_4586\">AP\u00d3S  AS TODAS AS PARTIDAS DO VASC\u00c3O EM MEU PERFIL DO FACEBOOK (QUEM QUISER RECEBER  AS CR\u00d4NICAS DE PRIMEIRA M\u00c3O \u00c9 S\u00d3 ME ADICIONAR), E NOS SITES WEBVASCO  (<a href=\"http:\/\/www.webvasco.com\">www.webvasco.com<\/a>), E VASCA\u00cdNOS UNIDOS (<a href=\"http:\/\/www.vascainosunidos.com.br\">www.vascainosunidos.com.br<\/a>) TEM A  OPINI\u00c3O DO JORNALISTA LUIZ CARLOS ROCHA. LEIAM! COMPARTILHEM E CURTAM!  VASCA\u00cdNOS UNIDOS JAMAIS SER\u00c3O VENCIDOS.<o:p id=\"yui_3_16_0_ym19_1_1467211759228_4587\"><\/o:p><\/span><\/b><\/div>\n<div id=\"yui_3_16_0_ym19_1_1467211759228_4322\"><span><br \/><\/span><\/div>\n<div id=\"yui_3_16_0_ym19_1_1467211759228_4321\"><span><br \/><\/span><\/div>\n<div id=\"yui_3_16_0_ym19_1_1467211759228_4320\"><span><br \/><\/span><\/div>\n<div id=\"yui_3_16_0_ym19_1_1467211759228_4319\"><span><br \/><\/span><\/div>\n<div><\/div>\n<div id=\"yui_3_16_0_ym19_1_1467211759228_3765\">&nbsp;<\/div>\n<div class=\"signature\" id=\"yui_3_16_0_ym19_1_1467211759228_3770\">\n<div id=\"RTEContent\">\n<div id=\"yui_3_16_0_ym19_1_1467211759228_3769\">\n<div id=\"yui_3_16_0_ym19_1_1467211759228_3768\">\n<div id=\"yui_3_16_0_ym19_1_1467211759228_3767\">\n<div align=\"center\" id=\"yui_3_16_0_ym19_1_1467211759228_3766\"><\/div>\n<\/div>\n<\/div>\n<\/div>\n<\/div>\n<\/div>\n<\/div>\n<\/div>\n<p><\/p>\n","protected":false},"excerpt":{"rendered":"<p>Mais uma derrota! Em Casa! Para um time tecnicamente fraco! Um vexame! Com falhas bisonhas!&#8230;<\/p>\n","protected":false},"author":7,"featured_media":0,"comment_status":"open","ping_status":"closed","sticky":false,"template":"","format":"standard","meta":{"footnotes":""},"categories":[4],"tags":[],"class_list":["post-7861","post","type-post","status-publish","format-standard","hentry","category-luizcarlosrocha"],"_links":{"self":[{"href":"https:\/\/webvasco.com\/artigos\/wp-json\/wp\/v2\/posts\/7861","targetHints":{"allow":["GET"]}}],"collection":[{"href":"https:\/\/webvasco.com\/artigos\/wp-json\/wp\/v2\/posts"}],"about":[{"href":"https:\/\/webvasco.com\/artigos\/wp-json\/wp\/v2\/types\/post"}],"author":[{"embeddable":true,"href":"https:\/\/webvasco.com\/artigos\/wp-json\/wp\/v2\/users\/7"}],"replies":[{"embeddable":true,"href":"https:\/\/webvasco.com\/artigos\/wp-json\/wp\/v2\/comments?post=7861"}],"version-history":[{"count":0,"href":"https:\/\/webvasco.com\/artigos\/wp-json\/wp\/v2\/posts\/7861\/revisions"}],"wp:attachment":[{"href":"https:\/\/webvasco.com\/artigos\/wp-json\/wp\/v2\/media?parent=7861"}],"wp:term":[{"taxonomy":"category","embeddable":true,"href":"https:\/\/webvasco.com\/artigos\/wp-json\/wp\/v2\/categories?post=7861"},{"taxonomy":"post_tag","embeddable":true,"href":"https:\/\/webvasco.com\/artigos\/wp-json\/wp\/v2\/tags?post=7861"}],"curies":[{"name":"wp","href":"https:\/\/api.w.org\/{rel}","templated":true}]}}