{"id":7862,"date":"2016-07-03T00:17:39","date_gmt":"2016-07-03T03:17:39","guid":{"rendered":"http:\/\/webvasco.com\/artigos\/?p=7862"},"modified":"2016-07-03T00:18:27","modified_gmt":"2016-07-03T03:18:27","slug":"aislan-asno","status":"publish","type":"post","link":"https:\/\/webvasco.com\/artigos\/colunistas\/luizcarlosrocha\/aislan-asno\/","title":{"rendered":"AISLAN &amp; ASNO!"},"content":{"rendered":"<div>\n<div style=\"color:#000; background-color:#fff; font-family:HelveticaNeue-Light, Helvetica Neue Light, Helvetica Neue, Helvetica, Arial, Lucida Grande, sans-serif;font-size:32px\">\n<div style=\"text-align:justify;text-indent:35.4pt;tab-stops:111.0pt\" id=\"yui_3_16_0_ym19_1_1467385385845_84654\"><span style=\"font-size:12.0pt;line-height:115%;font-family:&quot;Arial&quot;,sans-serif\" id=\"yui_3_16_0_ym19_1_1467385385845_84655\">Se  nada der certo na campanha do Vasco da Gama no Campeonato Brasileiro, da S\u00e9rie  B, Aislan e Jorginho poder\u00e3o formar uma dupla Sertanojo! O treinador \u00e9 o  principal respons\u00e1vel em insistir que o zagueiro continue fazendo merda em cada  partida. Desta vez, o defensor (ser\u00e1?), se atrapalhou e tocou para o advers\u00e1rio  Renato abrir o placar &#8211; no jogo de hoje- para o Ava\u00ed. R\u00f4mulo marcou o segundo  para os catarinenses. Caio Monteiro descontou (mas era tarde) para os cariocas.<o:p id=\"yui_3_16_0_ym19_1_1467385385845_84656\"><\/o:p><\/span><\/div>\n<div style=\"text-align:justify;text-indent:35.4pt;tab-stops:111.0pt\" id=\"yui_3_16_0_ym19_1_1467385385845_84657\"><span style=\"font-size:12.0pt;line-height:115%;font-family:&quot;Arial&quot;,sans-serif\" id=\"yui_3_16_0_ym19_1_1467385385845_84658\">Esse  resultado, manteve o Cruzmaltino na lideran\u00e7a, n\u00e3o pelos pontos ganhos (28),  pois o Atl\u00e9tico\/GO tem a mesma pontua\u00e7\u00e3o. Mas pelo n\u00famero de vit\u00f3rias, 9 contra  8, pois \u00e9 o primeiro crit\u00e9rio de desempate. Ou seja, tecnicamente est\u00e1 no mesmo  patamar. S\u00f3 \u00e9 l\u00edder por um crit\u00e9rio da competi\u00e7\u00e3o. Lament\u00e1vel para quem era  invicto um dia desses. O pr\u00f3ximo desafio do Vasco ser\u00e1 s\u00e1bado, \u00e0s 16h30m,  contra o Brasil de Pelotas, em S\u00e3o Janu\u00e1rio.<o:p id=\"yui_3_16_0_ym19_1_1467385385845_84659\"><\/o:p><\/span><\/div>\n<div style=\"text-align:justify;text-indent:35.4pt;tab-stops:111.0pt\" id=\"yui_3_16_0_ym19_1_1467385385845_84660\"><span style=\"font-size:12.0pt;line-height:115%;font-family:&quot;Arial&quot;,sans-serif\" id=\"yui_3_16_0_ym19_1_1467385385845_84661\">Est\u00e1  mais do que provado, que Aislan n\u00e3o sabe nada de futebol! O que eu n\u00e3o entendo  \u00e9 o motivo que o t\u00e9cnico Jorginho ainda insiste com ele. N\u00e3o conhe\u00e7o o jovem Lucas  Barboza, mas com certeza na zaga deve ser muito melhor do que o futuro parceiro  do novo ritmo (sertanojo) do comandante. Ali\u00e1s, eu, com 45 anos, jogando como  zagueiro na Praia de Icara\u00ed com meus amigos peladeiros, sou muito melhor do que  o Aislan! Aten\u00e7\u00e3o Jorginho e Zinho: estou aqui hein?<o:p id=\"yui_3_16_0_ym19_1_1467385385845_84662\"><\/o:p><\/span><\/div>\n<div style=\"text-align:justify;text-indent:35.4pt;tab-stops:111.0pt\" id=\"yui_3_16_0_ym19_1_1467385385845_84663\"><span style=\"font-size:12.0pt;line-height:115%;font-family:&quot;Arial&quot;,sans-serif\" id=\"yui_3_16_0_ym19_1_1467385385845_84664\">Vale  ressaltar que o ritmo caipira oficial, o sertanejo, merece todo o meu respeito.  Com certeza Bruno e Marrone v\u00e3o mandar o referido jogador Dormir na Pra\u00e7a pelo  futebol apresentado \u2013 ou melhor, jamais visto. Eu Juro, n\u00e3o \u00e9 s\u00f3 Leonardo que  afirma ser a Imensa Torcida Bem Feliz exigente, pois seus atletas quando oscilam  vivem Entre Tapas e Beijos. Mais do que isso, j\u00e1 diziam Chit\u00e3ozinho e Xoror\u00f3  que Se For Pra Ser Feliz que Jorginho fique, mas se eu come\u00e7ar a sofrer pelo  Vasc\u00e3o que v\u00e1 embora!<o:p id=\"yui_3_16_0_ym19_1_1467385385845_84665\"><\/o:p><\/span><\/div>\n<div style=\"text-align:justify;text-indent:35.4pt;tab-stops:111.0pt\" id=\"yui_3_16_0_ym19_1_1467385385845_84666\"><span style=\"font-size:12.0pt;line-height:115%;font-family:&quot;Arial&quot;,sans-serif\" id=\"yui_3_16_0_ym19_1_1467385385845_84667\">Em  dezembro far\u00e3o 18 anos que estou nesta profiss\u00e3o de jornalista. S\u00f3 trabalhei  com futebol neste tempo todo. Dizem que sorte anda lado a lado com a compet\u00eancia.  Mas atribuo outro motivo para tudo isso: o sentimento! Sentimento este que  jamais vai parar, come\u00e7ou desde que eu era crian\u00e7a. Tudo que planejei e  executei profissionalmente pelo Gigante da Colina tem um nome, que certamente  Zez\u00e9 Di Camargo e Luciano sabem resumir em uma s\u00f3 palavra: \u00c9 o Amor!<o:p id=\"yui_3_16_0_ym19_1_1467385385845_84668\"><\/o:p><\/span><\/div>\n<div style=\"text-align:justify;text-indent:35.4pt;tab-stops:147.0pt\" id=\"yui_3_16_0_ym19_1_1467385385845_84669\"><span style=\"font-size:12.0pt;line-height:115%;font-family:&quot;Arial&quot;,sans-serif\" id=\"yui_3_16_0_ym19_1_1467385385845_84670\"><o:p id=\"yui_3_16_0_ym19_1_1467385385845_84671\">&nbsp;<\/o:p><\/span><\/div>\n<div style=\"text-align:justify;text-indent:35.4pt;tab-stops:111.0pt\" id=\"yui_3_16_0_ym19_1_1467385385845_84672\"><b id=\"yui_3_16_0_ym19_1_1467385385845_84673\"><u id=\"yui_3_16_0_ym19_1_1467385385845_84674\"><span style=\"font-size:20.0pt;line-height:115%;font-family:&quot;Arial&quot;,sans-serif\" id=\"yui_3_16_0_ym19_1_1467385385845_84675\">DIVULGUEM ESSA COVARDIA:<\/span><\/u><\/b><span style=\"font-size:16.0pt;line-height:115%;font-family:&quot;Arial&quot;,sans-serif\" id=\"yui_3_16_0_ym19_1_1467385385845_84676\"> GOSTARIA  DE PEDIR A TODOS OS MEUS AMIGOS E LEITORES QUE TIRASSE UM TEMPINHO PARA LER A  PETI\u00c7\u00c3O P\u00daBLICA, AO QUAL SEGUE ABAIXO O LINK. TAL DOCUMENTO REFERE-SE A <b id=\"yui_3_16_0_ym19_1_1467385385845_84677\"><u id=\"yui_3_16_0_ym19_1_1467385385845_84678\">UM ATO DE COVARDIA POR PARTE DA  VOLKSWAGEN DO BRASIL EM COAUTORIA DA ABOLI\u00c7\u00c3O VE\u00cdCULOS (GRUPO AB)<\/u><\/b>  CONTRA ESTE VELHO JORNALISTA. A REFERIDA CONCESSION\u00c1RIA EST\u00c1 ME LESANDO DESDE  FEVEREIRO DE 2013. MEU CARRO FOI BATIDO DENTRO DA OFICINA, FURTARAM ACESS\u00d3RIOS,  TEM PROBLEMAS CAUSADOS POR ELES, AL\u00c9M DE DEFEITOS DE FABRICA\u00c7\u00c3O. O CARRO 0 KM  COMPRADO POR MIM HOJE SE ENCONTRA NA OFICINA DA ABOLI\u00c7\u00c3O VE\u00cdCULOS (CENTRO DE  NITER\u00d3I) <b id=\"yui_3_16_0_ym19_1_1467385385845_84679\"><u id=\"yui_3_16_0_ym19_1_1467385385845_84680\">DESDE 10 DE JUNHO DE 2013<\/u><\/b>,  OU MELHOR, H\u00c1 <b id=\"yui_3_16_0_ym19_1_1467385385845_84681\"><u id=\"yui_3_16_0_ym19_1_1467385385845_84682\">36 MESES, OU SEJA, 3  ANOS.<\/u><\/b> <b id=\"yui_3_16_0_ym19_1_1467385385845_84683\"><u id=\"yui_3_16_0_ym19_1_1467385385845_84684\">TEM APENAS 729 KM  RODADOS<\/u><\/b> PARA COMPROVAR O CALV\u00c1RIO TENHO DOCUMENTOS, GRAVA\u00c7\u00d5ES DE AUDIO  E V\u00cdDEO, MAIS DE 600 FOTOGRAFIAS E E-MAILS TROCADOS COM FUNCION\u00c1RIOS DO BAIXO,  M\u00c9DIO E ALTO ESCAL\u00c3O DA EMPRESA. POR FAVOR, ASSINEM O DOCUMENTO PARA QUE OUTROS  CONSUMIDORES N\u00c3O SEJAM LESADOS POR EMPRESAS DESTE N\u00cdVEL.&nbsp; <\/span><a href=\"https:\/\/secure.avaaz.org\/po\/petition\/Aos_Orgaos_de_Defesa_do_Consumidor_e_ao_Poder_Judiciario_JUSTICA_CONTRA_UMA_MARCA_E_SUA_REVENDERORA_QUE_DESCUMPREM_A_LEI\/?lJEcNfb&amp;pv=0\" id=\"yui_3_16_0_ym19_1_1467385385845_84685\"><span style=\"font-size:16.0pt;line-height:115%;font-family:&quot;Arial&quot;,sans-serif\" id=\"yui_3_16_0_ym19_1_1467385385845_84686\">https:\/\/secure.avaaz.org\/po\/petition\/Aos_Orgaos_de_Defesa_do_Consumidor_e_ao_Poder_Judiciario_JUSTICA_CONTRA_UMA_MARCA_E_SUA_REVENDERORA_QUE_DESCUMPREM_A_LEI\/?lJEcNfb&amp;pv=0<\/span><\/a><span style=\"font-size:16.0pt;line-height:115%;font-family:&quot;Arial&quot;,sans-serif\" id=\"yui_3_16_0_ym19_1_1467385385845_84687\"><o:p id=\"yui_3_16_0_ym19_1_1467385385845_84688\"><\/o:p><\/span><\/div>\n<div style=\"text-align:justify;tab-stops:111.0pt\" id=\"yui_3_16_0_ym19_1_1467385385845_84689\"><span style=\"font-size:16.0pt;line-height:115%;font-family:&quot;Arial&quot;,sans-serif\" id=\"yui_3_16_0_ym19_1_1467385385845_84690\"><o:p id=\"yui_3_16_0_ym19_1_1467385385845_84691\">&nbsp;<\/o:p><\/span><\/div>\n<div style=\"text-align:justify;tab-stops:111.0pt\" id=\"yui_3_16_0_ym19_1_1467385385845_84692\"><b id=\"yui_3_16_0_ym19_1_1467385385845_84693\"><span style=\"font-size:16.0pt;line-height:115%;font-family:&quot;Arial&quot;,sans-serif\" id=\"yui_3_16_0_ym19_1_1467385385845_84694\">&nbsp;&nbsp;&nbsp;&nbsp;&nbsp;&nbsp;&nbsp;&nbsp;&nbsp;&nbsp;&nbsp;&nbsp;&nbsp;&nbsp;&nbsp;&nbsp;&nbsp;&nbsp;&nbsp;&nbsp;&nbsp;&nbsp;&nbsp;&nbsp; &nbsp;&nbsp;&nbsp;&nbsp;&nbsp;&nbsp; <o:p id=\"yui_3_16_0_ym19_1_1467385385845_84695\"><\/o:p><\/span><\/b><\/div>\n<div id=\"yui_3_16_0_ym19_1_1467385385845_84522\">                                    <\/div>\n<div style=\"text-align:justify\" dir=\"ltr\" id=\"yui_3_16_0_ym19_1_1467385385845_84696\"><b id=\"yui_3_16_0_ym19_1_1467385385845_84697\"><span style=\"font-size:14.0pt;line-height:115%;font-family:&quot;Arial&quot;,sans-serif\" id=\"yui_3_16_0_ym19_1_1467385385845_84698\">AP\u00d3S  AS TODAS AS PARTIDAS DO VASC\u00c3O EM MEU PERFIL DO FACEBOOK (QUEM QUISER RECEBER  AS CR\u00d4NICAS DE PRIMEIRA M\u00c3O \u00c9 S\u00d3 ME ADICIONAR), E NOS SITES WEBVASCO  (<a href=\"http:\/\/www.webvasco.com\">www.webvasco.com<\/a>), E VASCA\u00cdNOS UNIDOS (<a href=\"http:\/\/www.vascainosunidos.com.br\">www.vascainosunidos.com.br<\/a>) TEM A  OPINI\u00c3O DO JORNALISTA LUIZ CARLOS ROCHA. LEIAM! COMPARTILHEM E CURTAM!  VASCA\u00cdNOS UNIDOS JAMAIS SER\u00c3O VENCIDOS.<o:p id=\"yui_3_16_0_ym19_1_1467385385845_84699\"><\/o:p><\/span><\/b><\/div>\n<div id=\"yui_3_16_0_ym19_1_1467385385845_84521\"><span><br \/><\/span><\/div>\n<div id=\"yui_3_16_0_ym19_1_1467385385845_84533\"><span><br \/><\/span><\/div>\n<div id=\"yui_3_16_0_ym19_1_1467385385845_84539\"><span><br \/><\/span><\/div>\n<div><\/div>\n<div id=\"yui_3_16_0_ym19_1_1467385385845_84520\">&nbsp;<\/div>\n<div class=\"signature\" id=\"yui_3_16_0_ym19_1_1467385385845_84455\">\n<div id=\"RTEContent\">\n<div id=\"yui_3_16_0_ym19_1_1467385385845_84454\">\n<div id=\"yui_3_16_0_ym19_1_1467385385845_84453\">\n<div id=\"yui_3_16_0_ym19_1_1467385385845_84452\">\n<div align=\"center\" id=\"yui_3_16_0_ym19_1_1467385385845_84480\"><\/div>\n<\/div>\n<\/div>\n<\/div>\n<\/div>\n<\/div>\n<\/div>\n<\/div>\n<p><\/p>\n","protected":false},"excerpt":{"rendered":"<p>Se nada der certo na campanha do Vasco da Gama no Campeonato Brasileiro, da S\u00e9rie&#8230;<\/p>\n","protected":false},"author":7,"featured_media":0,"comment_status":"open","ping_status":"closed","sticky":false,"template":"","format":"standard","meta":{"footnotes":""},"categories":[4],"tags":[],"class_list":["post-7862","post","type-post","status-publish","format-standard","hentry","category-luizcarlosrocha"],"_links":{"self":[{"href":"https:\/\/webvasco.com\/artigos\/wp-json\/wp\/v2\/posts\/7862","targetHints":{"allow":["GET"]}}],"collection":[{"href":"https:\/\/webvasco.com\/artigos\/wp-json\/wp\/v2\/posts"}],"about":[{"href":"https:\/\/webvasco.com\/artigos\/wp-json\/wp\/v2\/types\/post"}],"author":[{"embeddable":true,"href":"https:\/\/webvasco.com\/artigos\/wp-json\/wp\/v2\/users\/7"}],"replies":[{"embeddable":true,"href":"https:\/\/webvasco.com\/artigos\/wp-json\/wp\/v2\/comments?post=7862"}],"version-history":[{"count":0,"href":"https:\/\/webvasco.com\/artigos\/wp-json\/wp\/v2\/posts\/7862\/revisions"}],"wp:attachment":[{"href":"https:\/\/webvasco.com\/artigos\/wp-json\/wp\/v2\/media?parent=7862"}],"wp:term":[{"taxonomy":"category","embeddable":true,"href":"https:\/\/webvasco.com\/artigos\/wp-json\/wp\/v2\/categories?post=7862"},{"taxonomy":"post_tag","embeddable":true,"href":"https:\/\/webvasco.com\/artigos\/wp-json\/wp\/v2\/tags?post=7862"}],"curies":[{"name":"wp","href":"https:\/\/api.w.org\/{rel}","templated":true}]}}