{"id":7863,"date":"2016-07-10T13:05:12","date_gmt":"2016-07-10T16:05:12","guid":{"rendered":"http:\/\/webvasco.com\/artigos\/?p=7863"},"modified":"2016-07-10T13:21:16","modified_gmt":"2016-07-10T16:21:16","slug":"que-pas-esse","status":"publish","type":"post","link":"https:\/\/webvasco.com\/artigos\/colunistas\/luizcarlosrocha\/que-pas-esse\/","title":{"rendered":"QUE PA&Iacute;S &Eacute; ESSE?"},"content":{"rendered":"<div>\n<div style=\"color:#000; background-color:#fff; font-family:HelveticaNeue-Light, Helvetica Neue Light, Helvetica Neue, Helvetica, Arial, Lucida Grande, sans-serif;font-size:32px\">\n<div style=\"text-align:justify;text-indent:35.4pt;tab-stops:111.0pt\" id=\"yui_3_16_0_ym19_1_1467385385845_464496\"><span style=\"font-size:12.0pt;line-height:115%;font-family:&quot;Arial&quot;,sans-serif\" id=\"yui_3_16_0_ym19_1_1467385385845_464497\">Em  tempos de crise, o Vasco da Gama ignora toda a turbul\u00eancia e vence o Brasil de  Pelotas\/RS, por 2 a 0, com gols do atacante Nen\u00ea e do zagueiro Luan, em S\u00e3o  Janu\u00e1rio, ontem, em partida v\u00e1lida pela 15\u00aa Rodada do Campeonato Brasileiro,  S\u00e9rie B. Com o resultado, o Cruzmaltino voltou a ser l\u00edder isolado da  competi\u00e7\u00e3o, com 31 pontos ganhos.<o:p id=\"yui_3_16_0_ym19_1_1467385385845_464498\"><\/o:p><\/span><\/div>\n<div style=\"text-align:justify;text-indent:35.4pt;tab-stops:111.0pt\" id=\"yui_3_16_0_ym19_1_1467385385845_464499\"><span style=\"font-size:12.0pt;line-height:115%;font-family:&quot;Arial&quot;,sans-serif\" id=\"yui_3_16_0_ym19_1_1467385385845_464500\">Eduardo  Cunha pra c\u00e1. Dilma Rousseff pra l\u00e1. O Brasil est\u00e1 em baixa! &nbsp;Renan Calheiros, Jos\u00e9 Sarney, Michel Temer,  A\u00e9cio Neves&#8230; S\u00e3o tantos os personagens desta lama que corre no pa\u00eds! Mas para  defender os fracos e oprimidos existem os \u201csalvadores da p\u00e1tria\u201d, tais como  S\u00e9rgio Moro, Joaquim Barbosa, Luiz Fux&#8230; A esperan\u00e7a \u00e9 a \u00faltima que morre,  segundo a velha m\u00e1xima. <o:p id=\"yui_3_16_0_ym19_1_1467385385845_464501\"><\/o:p><\/span><\/div>\n<div style=\"text-align:justify;text-indent:35.4pt;tab-stops:111.0pt\" id=\"yui_3_16_0_ym19_1_1467385385845_464502\"><span style=\"font-size:12.0pt;line-height:115%;font-family:&quot;Arial&quot;,sans-serif\" id=\"yui_3_16_0_ym19_1_1467385385845_464503\">Com  base nesta filosofia, o Gigante da Colina partiu para cima do advers\u00e1rio na  Colina Hist\u00f3rica e mostrou que ali no Caldeir\u00e3o quem manda \u00e9 o Mach\u00e3o da Gama.  E mais, que a Segundona \u00e9 passageira, que o verdadeiro lugar de um campe\u00e3o \u00e9 na  Elite, \u00e9 a S\u00e9rie A do Brasileir\u00e3o. Sua trajet\u00f3ria futebol\u00edstica, desde 1898  mostra isso. <o:p id=\"yui_3_16_0_ym19_1_1467385385845_464504\"><\/o:p><\/span><\/div>\n<div style=\"text-align:justify;text-indent:35.4pt;tab-stops:111.0pt\" id=\"yui_3_16_0_ym19_1_1467385385845_464505\"><span style=\"font-size:12.0pt;line-height:115%;font-family:&quot;Arial&quot;,sans-serif\" id=\"yui_3_16_0_ym19_1_1467385385845_464506\">Ontem,  os 4.162 torcedores puderam assistir um Vasco mais aguerrido. Com personalidade  e funcionalidade o time carioca venceu f\u00e1cil o ga\u00facho. E s\u00f3 n\u00e3o fez o prov\u00e1vel terceiro  gol, porque o \u00e1rbitro roubou o Vasco, assinalando a penalidade m\u00e1xima,  esperando o artilheiro Nen\u00ea colocar a bola na marca da cobran\u00e7a para depois desfazer  tudo! Que confus\u00e3o hein Luiz In\u00e1cio Lula da Silva? Ops! Digo, Alisson Sidnei  Furtado. A bola foi nitidamente tocada na m\u00e3o do volante Washington. Dom  Charuto cada vez mais caidinho. Sem pulso. Sem poder de decis\u00e3o, tampouco de  argumenta\u00e7\u00e3o. Sequer poder de intimida\u00e7\u00e3o. Outrora, duvido que algu\u00e9m roubasse  o Vasco, ainda mais dentro de casa!<o:p id=\"yui_3_16_0_ym19_1_1467385385845_464507\"><\/o:p><\/span><\/div>\n<div style=\"text-align:justify;text-indent:35.4pt;tab-stops:111.0pt\" id=\"yui_3_16_0_ym19_1_1467385385845_464508\"><span style=\"font-size:12.0pt;line-height:115%;font-family:&quot;Arial&quot;,sans-serif\" id=\"yui_3_16_0_ym19_1_1467385385845_464509\">Bater  no Brasil n\u00e3o \u00e9 muita vantagem! A Alemanha que diga! Ademais, pol\u00edticos sem  vergonha, sem car\u00e1ter e acima de tudo sem amor ao pa\u00eds batem sem d\u00f3 todos os  dias em uma na\u00e7\u00e3o privilegiada pelo Grande Arquiteto do Universo. Uma terra que  teria tudo para ser a mais importante na\u00e7\u00e3o do planeta, n\u00e3o fosse a corrup\u00e7\u00e3o e  a gan\u00e2ncia daqueles que governam. A pr\u00f3xima partida do clube de uni\u00e3o  Brasil-Portugal ser\u00e1 s\u00e1bado, dia 16, \u00e0s 18h30m, contra o Luverdense, em Mato  Grosso, sem Madson, Rodrigo, Andrezinho e Nen\u00ea por tomarem cart\u00f5es que os impedem  de atuarem neste jogo.<o:p id=\"yui_3_16_0_ym19_1_1467385385845_464510\"><\/o:p><\/span><\/div>\n<div style=\"text-align:justify;text-indent:35.4pt;tab-stops:111.0pt\" id=\"yui_3_16_0_ym19_1_1467385385845_464511\"><span style=\"font-size:12.0pt;line-height:115%;font-family:&quot;Arial&quot;,sans-serif\" id=\"yui_3_16_0_ym19_1_1467385385845_464512\"><o:p id=\"yui_3_16_0_ym19_1_1467385385845_464513\">&nbsp;<\/o:p><\/span><\/div>\n<div style=\"text-align:justify;text-indent:35.4pt;tab-stops:147.0pt\" id=\"yui_3_16_0_ym19_1_1467385385845_464514\"><span style=\"font-size:12.0pt;line-height:115%;font-family:&quot;Arial&quot;,sans-serif\" id=\"yui_3_16_0_ym19_1_1467385385845_464515\"><o:p id=\"yui_3_16_0_ym19_1_1467385385845_464516\">&nbsp;<\/o:p><\/span><\/div>\n<div style=\"text-align:justify;text-indent:35.4pt;tab-stops:111.0pt\" id=\"yui_3_16_0_ym19_1_1467385385845_464517\"><b id=\"yui_3_16_0_ym19_1_1467385385845_464518\"><u id=\"yui_3_16_0_ym19_1_1467385385845_464519\"><span style=\"font-size:20.0pt;line-height:115%;font-family:&quot;Arial&quot;,sans-serif\" id=\"yui_3_16_0_ym19_1_1467385385845_464520\">DIVULGUEM ESSA COVARDIA:<\/span><\/u><\/b><span style=\"font-size:16.0pt;line-height:115%;font-family:&quot;Arial&quot;,sans-serif\" id=\"yui_3_16_0_ym19_1_1467385385845_464521\"> GOSTARIA  DE PEDIR A TODOS OS MEUS AMIGOS E LEITORES QUE TIRASSE UM TEMPINHO PARA LER A  PETI\u00c7\u00c3O P\u00daBLICA, AO QUAL SEGUE ABAIXO O LINK. TAL DOCUMENTO REFERE-SE A <b id=\"yui_3_16_0_ym19_1_1467385385845_464522\"><u id=\"yui_3_16_0_ym19_1_1467385385845_464523\">UM ATO DE COVARDIA POR PARTE DA  VOLKSWAGEN DO BRASIL EM COAUTORIA DA ABOLI\u00c7\u00c3O VE\u00cdCULOS (GRUPO AB)<\/u><\/b>  CONTRA ESTE VELHO JORNALISTA. A REFERIDA CONCESSION\u00c1RIA EST\u00c1 ME LESANDO DESDE  FEVEREIRO DE 2013. MEU CARRO FOI BATIDO DENTRO DA OFICINA, FURTARAM ACESS\u00d3RIOS,  TEM PROBLEMAS CAUSADOS POR ELES, AL\u00c9M DE DEFEITOS DE FABRICA\u00c7\u00c3O. O CARRO 0 KM  COMPRADO POR MIM HOJE SE ENCONTRA NA OFICINA DA ABOLI\u00c7\u00c3O VE\u00cdCULOS (CENTRO DE  NITER\u00d3I) <b id=\"yui_3_16_0_ym19_1_1467385385845_464524\"><u id=\"yui_3_16_0_ym19_1_1467385385845_464525\">DESDE 10 DE JUNHO DE 2013<\/u><\/b>,  OU MELHOR, H\u00c1 <b id=\"yui_3_16_0_ym19_1_1467385385845_464526\"><u id=\"yui_3_16_0_ym19_1_1467385385845_464527\">36 MESES, OU SEJA, 3  ANOS.<\/u><\/b> <b id=\"yui_3_16_0_ym19_1_1467385385845_464528\"><u id=\"yui_3_16_0_ym19_1_1467385385845_464529\">TEM APENAS 729 KM  RODADOS<\/u><\/b> PARA COMPROVAR O CALV\u00c1RIO TENHO DOCUMENTOS, GRAVA\u00c7\u00d5ES DE AUDIO  E V\u00cdDEO, MAIS DE 600 FOTOGRAFIAS E E-MAILS TROCADOS COM FUNCION\u00c1RIOS DO BAIXO,  M\u00c9DIO E ALTO ESCAL\u00c3O DA EMPRESA. POR FAVOR, ASSINEM O DOCUMENTO PARA QUE OUTROS  CONSUMIDORES N\u00c3O SEJAM LESADOS POR EMPRESAS DESTE N\u00cdVEL.&nbsp; <\/span><a href=\"https:\/\/secure.avaaz.org\/po\/petition\/Aos_Orgaos_de_Defesa_do_Consumidor_e_ao_Poder_Judiciario_JUSTICA_CONTRA_UMA_MARCA_E_SUA_REVENDERORA_QUE_DESCUMPREM_A_LEI\/?lJEcNfb&amp;pv=0\" id=\"yui_3_16_0_ym19_1_1467385385845_464530\"><span style=\"font-size:16.0pt;line-height:115%;font-family:&quot;Arial&quot;,sans-serif\" id=\"yui_3_16_0_ym19_1_1467385385845_464531\">https:\/\/secure.avaaz.org\/po\/petition\/Aos_Orgaos_de_Defesa_do_Consumidor_e_ao_Poder_Judiciario_JUSTICA_CONTRA_UMA_MARCA_E_SUA_REVENDERORA_QUE_DESCUMPREM_A_LEI\/?lJEcNfb&amp;pv=0<\/span><\/a><span style=\"font-size:16.0pt;line-height:115%;font-family:&quot;Arial&quot;,sans-serif\" id=\"yui_3_16_0_ym19_1_1467385385845_464532\"><o:p id=\"yui_3_16_0_ym19_1_1467385385845_464533\"><\/o:p><\/span><\/div>\n<div style=\"text-align:justify;tab-stops:111.0pt\" id=\"yui_3_16_0_ym19_1_1467385385845_464534\"><span style=\"font-size:16.0pt;line-height:115%;font-family:&quot;Arial&quot;,sans-serif\" id=\"yui_3_16_0_ym19_1_1467385385845_464535\"><o:p id=\"yui_3_16_0_ym19_1_1467385385845_464536\">&nbsp;<\/o:p><\/span><\/div>\n<div style=\"text-align:justify;tab-stops:111.0pt\" id=\"yui_3_16_0_ym19_1_1467385385845_464537\"><b id=\"yui_3_16_0_ym19_1_1467385385845_464538\"><span style=\"font-size:16.0pt;line-height:115%;font-family:&quot;Arial&quot;,sans-serif\" id=\"yui_3_16_0_ym19_1_1467385385845_464539\">&nbsp;&nbsp;&nbsp;&nbsp;&nbsp;&nbsp;&nbsp;&nbsp;&nbsp;&nbsp;&nbsp;&nbsp;&nbsp;&nbsp;&nbsp;&nbsp;&nbsp;&nbsp;&nbsp;&nbsp;&nbsp;&nbsp;&nbsp;&nbsp; &nbsp;&nbsp;&nbsp;&nbsp;&nbsp;&nbsp; <o:p id=\"yui_3_16_0_ym19_1_1467385385845_464540\"><\/o:p><\/span><\/b><\/div>\n<div id=\"yui_3_16_0_ym19_1_1467385385845_464350\">                                        <\/div>\n<div style=\"text-align:justify\" dir=\"ltr\" id=\"yui_3_16_0_ym19_1_1467385385845_464541\"><b id=\"yui_3_16_0_ym19_1_1467385385845_464542\"><span style=\"font-size:14.0pt;line-height:115%;font-family:&quot;Arial&quot;,sans-serif\" id=\"yui_3_16_0_ym19_1_1467385385845_464543\">AP\u00d3S  AS TODAS AS PARTIDAS DO VASC\u00c3O EM MEU PERFIL DO FACEBOOK (QUEM QUISER RECEBER  AS CR\u00d4NICAS DE PRIMEIRA M\u00c3O \u00c9 S\u00d3 ME ADICIONAR), E NOS SITES WEBVASCO  (<a href=\"http:\/\/www.webvasco.com\">www.webvasco.com<\/a>), E VASCA\u00cdNOS UNIDOS (<a href=\"http:\/\/www.vascainosunidos.com.br\">www.vascainosunidos.com.br<\/a>) TEM A  OPINI\u00c3O DO JORNALISTA LUIZ CARLOS ROCHA. LEIAM! COMPARTILHEM E CURTAM!  VASCA\u00cdNOS UNIDOS JAMAIS SER\u00c3O VENCIDOS.<o:p id=\"yui_3_16_0_ym19_1_1467385385845_464544\"><\/o:p><\/span><\/b><\/div>\n<div id=\"yui_3_16_0_ym19_1_1467385385845_464349\"><span><br \/><\/span><\/div>\n<div id=\"yui_3_16_0_ym19_1_1467385385845_464348\"><span><br \/><\/span><\/div>\n<div id=\"yui_3_16_0_ym19_1_1467385385845_464347\"><span><br \/><\/span><\/div>\n<div id=\"yui_3_16_0_ym19_1_1467385385845_464372\"><span><br \/><\/span><\/div>\n<div><\/div>\n<div id=\"yui_3_16_0_ym19_1_1467385385845_464346\">&nbsp;<\/div>\n<div class=\"signature\" id=\"yui_3_16_0_ym19_1_1467385385845_464300\">\n<div id=\"RTEContent\">\n<div id=\"yui_3_16_0_ym19_1_1467385385845_464299\">\n<div id=\"yui_3_16_0_ym19_1_1467385385845_464298\">\n<div id=\"yui_3_16_0_ym19_1_1467385385845_464297\">\n<div align=\"center\" id=\"yui_3_16_0_ym19_1_1467385385845_464316\"><\/div>\n<\/div>\n<\/div>\n<\/div>\n<\/div>\n<\/div>\n<\/div>\n<\/div>\n<p><\/p>\n","protected":false},"excerpt":{"rendered":"<p>Em tempos de crise, o Vasco da Gama ignora toda a turbul\u00eancia e vence o&#8230;<\/p>\n","protected":false},"author":7,"featured_media":0,"comment_status":"open","ping_status":"closed","sticky":false,"template":"","format":"standard","meta":{"footnotes":""},"categories":[4],"tags":[],"class_list":["post-7863","post","type-post","status-publish","format-standard","hentry","category-luizcarlosrocha"],"_links":{"self":[{"href":"https:\/\/webvasco.com\/artigos\/wp-json\/wp\/v2\/posts\/7863","targetHints":{"allow":["GET"]}}],"collection":[{"href":"https:\/\/webvasco.com\/artigos\/wp-json\/wp\/v2\/posts"}],"about":[{"href":"https:\/\/webvasco.com\/artigos\/wp-json\/wp\/v2\/types\/post"}],"author":[{"embeddable":true,"href":"https:\/\/webvasco.com\/artigos\/wp-json\/wp\/v2\/users\/7"}],"replies":[{"embeddable":true,"href":"https:\/\/webvasco.com\/artigos\/wp-json\/wp\/v2\/comments?post=7863"}],"version-history":[{"count":0,"href":"https:\/\/webvasco.com\/artigos\/wp-json\/wp\/v2\/posts\/7863\/revisions"}],"wp:attachment":[{"href":"https:\/\/webvasco.com\/artigos\/wp-json\/wp\/v2\/media?parent=7863"}],"wp:term":[{"taxonomy":"category","embeddable":true,"href":"https:\/\/webvasco.com\/artigos\/wp-json\/wp\/v2\/categories?post=7863"},{"taxonomy":"post_tag","embeddable":true,"href":"https:\/\/webvasco.com\/artigos\/wp-json\/wp\/v2\/tags?post=7863"}],"curies":[{"name":"wp","href":"https:\/\/api.w.org\/{rel}","templated":true}]}}