{"id":7864,"date":"2016-07-18T00:03:06","date_gmt":"2016-07-18T03:03:06","guid":{"rendered":"http:\/\/webvasco.com\/artigos\/?p=7864"},"modified":"2016-07-18T00:15:17","modified_gmt":"2016-07-18T03:15:17","slug":"maluco-burro-corrupto-ou-sonhador","status":"publish","type":"post","link":"https:\/\/webvasco.com\/artigos\/colunistas\/luizcarlosrocha\/maluco-burro-corrupto-ou-sonhador\/","title":{"rendered":"MALUCO, BURRO, CORRUPTO OU SONHADOR?"},"content":{"rendered":"<div>\n<div style=\"color:#000; background-color:#fff; font-family:HelveticaNeue-Light, Helvetica Neue Light, Helvetica Neue, Helvetica, Arial, Lucida Grande, sans-serif;font-size:32px\">\n<div style=\"text-align:justify;text-indent:35.4pt;tab-stops:111.0pt\" id=\"yui_3_16_0_1_1468810854447_5298\"><span style=\"font-size:12.0pt;line-height:115%;font-family:&quot;Arial&quot;,sans-serif\" id=\"yui_3_16_0_1_1468810854447_5299\">Deu  sorte que n\u00e3o perdeu! O Vasco da Gama empatou por 1 a 1, ontem, no Est\u00e1dio  Passo das Emas, em Lucas do Rio Verde, contra o Luverdense. Os gols de Yago  Pikachu, (abriu o marcador) e Alfredo (definiu), determinaram o resultado da  16\u00aa Rodada, do Campeonato Brasileiro, da S\u00e9rie B. O placar colocou o time  carioca na lideran\u00e7a isolada da competi\u00e7\u00e3o.<o:p id=\"yui_3_16_0_1_1468810854447_5300\"><\/o:p><\/span><\/div>\n<div style=\"text-align:justify;text-indent:35.4pt;tab-stops:111.0pt\" id=\"yui_3_16_0_1_1468810854447_5301\"><span style=\"font-size:12.0pt;line-height:115%;font-family:&quot;Arial&quot;,sans-serif\" id=\"yui_3_16_0_1_1468810854447_5302\">O  treinador Jorginho poupou os titulares. A equipe entrou em campo apenas com o  goleiro fidalgo. Tudo isso, porque, na quarta-feira, dia 13 de julho, em  partida v\u00e1lida pela Copa do Brasil, o Vasco empatou, em pleno S\u00e3o Janu\u00e1rio, com  o Santa Cruz (1 a 1). Ora, os titulares fizeram vexame de empatar com um time  pequeno em casa e ainda ganharam o pr\u00eamio do descanso? Era para atuarem  dobrado, como forma de castigo. S\u00f3 fazem isso na vida e ainda tem uma margem de  erro enorme!<o:p id=\"yui_3_16_0_1_1468810854447_5303\"><\/o:p><\/span><\/div>\n<div style=\"text-align:justify;text-indent:35.4pt;tab-stops:111.0pt\" id=\"yui_3_16_0_1_1468810854447_5304\"><span style=\"font-size:12.0pt;line-height:115%;font-family:&quot;Arial&quot;,sans-serif\" id=\"yui_3_16_0_1_1468810854447_5305\">No  Gigante da Colina (cada vez mais apequenado), est\u00e1 tudo fora de ordem!  Diretoria p\u00edfia, incapaz de fazer uma contrata\u00e7\u00e3o de peso. Presidente  decadente, sem prest\u00edgio e sem moral. E agora essa Comiss\u00e3o T\u00e9cnica que mostra  um erro atr\u00e1s do outro! O Cruzmaltino tem obriga\u00e7\u00e3o de subir de categoria,  sendo campe\u00e3o, e estar entre os quatro primeiros na Copa do Brasil, vers\u00e3o  2016!<o:p id=\"yui_3_16_0_1_1468810854447_5306\"><\/o:p><\/span><\/div>\n<div style=\"text-align:justify;text-indent:35.4pt;tab-stops:111.0pt\" id=\"yui_3_16_0_1_1468810854447_5307\"><span style=\"font-size:12.0pt;line-height:115%;font-family:&quot;Arial&quot;,sans-serif\" id=\"yui_3_16_0_1_1468810854447_5308\">N\u00e3o  basta errar, \u00e9 preciso insistir no erro! N\u00e3o entendo como o t\u00e9cnico Jorginho  escala o zagueiro Aislan. O atleta j\u00e1 provou que n\u00e3o tem condi\u00e7\u00f5es de ser  gandula (reserva se melhorar 100%). Entregou o jogo v\u00e1rias vezes. Passes  bisonhos. No\u00e7\u00e3o de futebol esse rapaz n\u00e3o tem (t\u00e1tica e t\u00e9cnica nem pensar). Tirar  o Rafael Marques \u2013 que tamb\u00e9m n\u00e3o \u00e9 grande coisa \u2013 para colocar o Asno, digo,  Aislan foi mostrar que algo est\u00e1 acontecendo de forma equivocada.<o:p id=\"yui_3_16_0_1_1468810854447_5309\"><\/o:p><\/span><\/div>\n<div style=\"text-align:justify;text-indent:35.4pt;tab-stops:111.0pt\" id=\"yui_3_16_0_1_1468810854447_5310\"><span style=\"font-size:12.0pt;line-height:115%;font-family:&quot;Arial&quot;,sans-serif\" id=\"yui_3_16_0_1_1468810854447_5311\">Um  rapaz com o futebol de \u201cdono da bola\u201d (aquele que meninos na inf\u00e2ncia jogam e o  dono da bola s\u00f3 participa por emprestar a gorducha aos amigos) est\u00e1 atuando porqu\u00ea?  Seria Jorginho maluco? N\u00e3o acredito, pois est\u00e1 cada vez mais rico e n\u00e3o d\u00e1  sinais de rasgar dinheiro. Ent\u00e3o \u00e9 burro? Se fosse n\u00e3o teria acertado  parcialmente esse timeco de cabe\u00e7as de bagre do Vasco. Ent\u00e3o \u00e9 corrupto. Tem  ordem de empres\u00e1rio para Aislan atuar e o treinador ganha por fora para obedecer  \u00e0s vontades daqueles que estragam o futebol. N\u00e3o sei, mas ele (Jorginho) passa  seriedade e prefiro n\u00e3o acreditar nesta tese.<o:p id=\"yui_3_16_0_1_1468810854447_5312\"><\/o:p><\/span><\/div>\n<div style=\"text-align:justify;text-indent:35.4pt;tab-stops:111.0pt\" id=\"yui_3_16_0_1_1468810854447_5313\"><span style=\"font-size:12.0pt;line-height:115%;font-family:&quot;Arial&quot;,sans-serif\" id=\"yui_3_16_0_1_1468810854447_5314\">Sobrou  o sonhador. O futebol moderno exige muita seriedade e profissionalismo. N\u00e3o h\u00e1  mais espa\u00e7os para amadorismo (talvez por isso os cartolas pitorescos estejam  caindo aos poucos). De qualquer forma sonhar n\u00e3o custa nada. Desde que aliado a  realidade do clube. Acorda Jorginho! Quarta-feira, dia 20, \u00e0s 21h50m, o Vasco  ir\u00e1 at\u00e9 o Est\u00e1dio do Arruda, enfrentar o Santa Cruz, espero que se porte como Mach\u00e3o  da Gama e volte classificado de l\u00e1.<o:p id=\"yui_3_16_0_1_1468810854447_5315\"><\/o:p><\/span><\/div>\n<div style=\"text-align:justify;text-indent:35.4pt;tab-stops:111.0pt\" id=\"yui_3_16_0_1_1468810854447_5316\"><span style=\"font-size:12.0pt;line-height:115%;font-family:&quot;Arial&quot;,sans-serif\" id=\"yui_3_16_0_1_1468810854447_5317\"><o:p id=\"yui_3_16_0_1_1468810854447_5318\">&nbsp;<\/o:p><\/span><\/div>\n<div style=\"text-align:justify;text-indent:35.4pt;tab-stops:111.0pt\" id=\"yui_3_16_0_1_1468810854447_5319\"><span style=\"font-size:12.0pt;line-height:115%;font-family:&quot;Arial&quot;,sans-serif\" id=\"yui_3_16_0_1_1468810854447_5320\"><o:p id=\"yui_3_16_0_1_1468810854447_5321\">&nbsp;<\/o:p><\/span><\/div>\n<div style=\"text-align:justify;text-indent:35.4pt;tab-stops:147.0pt\" id=\"yui_3_16_0_1_1468810854447_5322\"><span style=\"font-size:12.0pt;line-height:115%;font-family:&quot;Arial&quot;,sans-serif\" id=\"yui_3_16_0_1_1468810854447_5323\"><o:p id=\"yui_3_16_0_1_1468810854447_5324\">&nbsp;<\/o:p><\/span><\/div>\n<div style=\"text-align:justify;text-indent:35.4pt;tab-stops:111.0pt\" id=\"yui_3_16_0_1_1468810854447_5325\"><b id=\"yui_3_16_0_1_1468810854447_5326\"><u id=\"yui_3_16_0_1_1468810854447_5327\"><span style=\"font-size:20.0pt;line-height:115%;font-family:&quot;Arial&quot;,sans-serif\" id=\"yui_3_16_0_1_1468810854447_5328\">DIVULGUEM ESSA COVARDIA:<\/span><\/u><\/b><span style=\"font-size:16.0pt;line-height:115%;font-family:&quot;Arial&quot;,sans-serif\" id=\"yui_3_16_0_1_1468810854447_5329\"> GOSTARIA  DE PEDIR A TODOS OS MEUS AMIGOS E LEITORES QUE TIRASSE UM TEMPINHO PARA LER A  PETI\u00c7\u00c3O P\u00daBLICA, AO QUAL SEGUE ABAIXO O LINK. TAL DOCUMENTO REFERE-SE A <b id=\"yui_3_16_0_1_1468810854447_5330\"><u id=\"yui_3_16_0_1_1468810854447_5331\">UM ATO DE COVARDIA POR PARTE DA  VOLKSWAGEN DO BRASIL EM COAUTORIA DA ABOLI\u00c7\u00c3O VE\u00cdCULOS (GRUPO AB)<\/u><\/b>  CONTRA ESTE VELHO JORNALISTA. A REFERIDA CONCESSION\u00c1RIA EST\u00c1 ME LESANDO DESDE  FEVEREIRO DE 2013. MEU CARRO FOI BATIDO DENTRO DA OFICINA, FURTARAM ACESS\u00d3RIOS,  TEM PROBLEMAS CAUSADOS POR ELES, AL\u00c9M DE DEFEITOS DE FABRICA\u00c7\u00c3O. O CARRO 0 KM  COMPRADO POR MIM HOJE SE ENCONTRA NA OFICINA DA ABOLI\u00c7\u00c3O VE\u00cdCULOS (CENTRO DE  NITER\u00d3I) <b id=\"yui_3_16_0_1_1468810854447_5332\"><u id=\"yui_3_16_0_1_1468810854447_5333\">DESDE 10 DE JUNHO DE 2013<\/u><\/b>,  OU MELHOR, H\u00c1 <b id=\"yui_3_16_0_1_1468810854447_5334\"><u id=\"yui_3_16_0_1_1468810854447_5335\">36 MESES, OU SEJA, 3  ANOS.<\/u><\/b> <b id=\"yui_3_16_0_1_1468810854447_5336\"><u id=\"yui_3_16_0_1_1468810854447_5337\">TEM APENAS 729 KM  RODADOS<\/u><\/b> PARA COMPROVAR O CALV\u00c1RIO TENHO DOCUMENTOS, GRAVA\u00c7\u00d5ES DE AUDIO  E V\u00cdDEO, MAIS DE 600 FOTOGRAFIAS E E-MAILS TROCADOS COM FUNCION\u00c1RIOS DO BAIXO,  M\u00c9DIO E ALTO ESCAL\u00c3O DA EMPRESA. POR FAVOR, ASSINEM O DOCUMENTO PARA QUE OUTROS  CONSUMIDORES N\u00c3O SEJAM LESADOS POR EMPRESAS DESTE N\u00cdVEL.&nbsp; <\/span><a href=\"https:\/\/secure.avaaz.org\/po\/petition\/Aos_Orgaos_de_Defesa_do_Consumidor_e_ao_Poder_Judiciario_JUSTICA_CONTRA_UMA_MARCA_E_SUA_REVENDERORA_QUE_DESCUMPREM_A_LEI\/?lJEcNfb&amp;pv=0\" id=\"yui_3_16_0_1_1468810854447_5338\"><span style=\"font-size:16.0pt;line-height:115%;font-family:&quot;Arial&quot;,sans-serif\" id=\"yui_3_16_0_1_1468810854447_5339\">https:\/\/secure.avaaz.org\/po\/petition\/Aos_Orgaos_de_Defesa_do_Consumidor_e_ao_Poder_Judiciario_JUSTICA_CONTRA_UMA_MARCA_E_SUA_REVENDERORA_QUE_DESCUMPREM_A_LEI\/?lJEcNfb&amp;pv=0<\/span><\/a><span style=\"font-size:16.0pt;line-height:115%;font-family:&quot;Arial&quot;,sans-serif\" id=\"yui_3_16_0_1_1468810854447_5340\"><o:p id=\"yui_3_16_0_1_1468810854447_5341\"><\/o:p><\/span><\/div>\n<div style=\"text-align:justify;tab-stops:111.0pt\" id=\"yui_3_16_0_1_1468810854447_5342\"><span style=\"font-size:16.0pt;line-height:115%;font-family:&quot;Arial&quot;,sans-serif\" id=\"yui_3_16_0_1_1468810854447_5343\"><o:p id=\"yui_3_16_0_1_1468810854447_5344\">&nbsp;<\/o:p><\/span><\/div>\n<div style=\"text-align:justify;tab-stops:111.0pt\" id=\"yui_3_16_0_1_1468810854447_5345\"><b id=\"yui_3_16_0_1_1468810854447_5346\"><span style=\"font-size:16.0pt;line-height:115%;font-family:&quot;Arial&quot;,sans-serif\" id=\"yui_3_16_0_1_1468810854447_5347\">&nbsp;&nbsp;&nbsp;&nbsp;&nbsp;&nbsp;&nbsp;&nbsp;&nbsp;&nbsp;&nbsp;&nbsp;&nbsp;&nbsp;&nbsp;&nbsp;&nbsp;&nbsp;&nbsp;&nbsp;&nbsp;&nbsp;&nbsp;&nbsp; &nbsp;&nbsp;&nbsp;&nbsp;&nbsp;&nbsp; <o:p id=\"yui_3_16_0_1_1468810854447_5348\"><\/o:p><\/span><\/b><\/div>\n<div id=\"yui_3_16_0_1_1468810854447_5149\">                                                <\/div>\n<div style=\"text-align:justify\" dir=\"ltr\" id=\"yui_3_16_0_1_1468810854447_5349\"><b id=\"yui_3_16_0_1_1468810854447_5350\"><span style=\"font-size:14.0pt;line-height:115%;font-family:&quot;Arial&quot;,sans-serif\" id=\"yui_3_16_0_1_1468810854447_5351\">AP\u00d3S  AS TODAS AS PARTIDAS DO VASC\u00c3O EM MEU PERFIL DO FACEBOOK (QUEM QUISER RECEBER  AS CR\u00d4NICAS DE PRIMEIRA M\u00c3O \u00c9 S\u00d3 ME ADICIONAR), E NOS SITES WEBVASCO  (<a href=\"http:\/\/www.webvasco.com\">www.webvasco.com<\/a>), E VASCA\u00cdNOS UNIDOS (<a href=\"http:\/\/www.vascainosunidos.com.br\">www.vascainosunidos.com.br<\/a>) TEM A  OPINI\u00c3O DO JORNALISTA LUIZ CARLOS ROCHA. LEIAM! COMPARTILHEM E CURTAM!  VASCA\u00cdNOS UNIDOS JAMAIS SER\u00c3O VENCIDOS.<o:p id=\"yui_3_16_0_1_1468810854447_5352\"><\/o:p><\/span><\/b><\/div>\n<div id=\"yui_3_16_0_1_1468810854447_5147\"><span><br \/><\/span><\/div>\n<div id=\"yui_3_16_0_1_1468810854447_5145\"><span><br \/><\/span><\/div>\n<div id=\"yui_3_16_0_1_1468810854447_5143\"><span><br \/><\/span><\/div>\n<div><\/div>\n<div id=\"yui_3_16_0_1_1468810854447_5141\">&nbsp;<\/div>\n<div class=\"signature\" id=\"yui_3_16_0_1_1468810854447_5067\">\n<div id=\"RTEContent\">\n<div id=\"yui_3_16_0_1_1468810854447_5066\">\n<div id=\"yui_3_16_0_1_1468810854447_5065\">\n<div id=\"yui_3_16_0_1_1468810854447_5064\">\n<div align=\"center\" id=\"yui_3_16_0_1_1468810854447_5101\"><\/div>\n<\/div>\n<\/div>\n<\/div>\n<\/div>\n<\/div>\n<\/div>\n<\/div>\n<p><\/p>\n","protected":false},"excerpt":{"rendered":"<p>Deu sorte que n\u00e3o perdeu! O Vasco da Gama empatou por 1 a 1, ontem,&#8230;<\/p>\n","protected":false},"author":7,"featured_media":0,"comment_status":"open","ping_status":"closed","sticky":false,"template":"","format":"standard","meta":{"footnotes":""},"categories":[4],"tags":[],"class_list":["post-7864","post","type-post","status-publish","format-standard","hentry","category-luizcarlosrocha"],"_links":{"self":[{"href":"https:\/\/webvasco.com\/artigos\/wp-json\/wp\/v2\/posts\/7864","targetHints":{"allow":["GET"]}}],"collection":[{"href":"https:\/\/webvasco.com\/artigos\/wp-json\/wp\/v2\/posts"}],"about":[{"href":"https:\/\/webvasco.com\/artigos\/wp-json\/wp\/v2\/types\/post"}],"author":[{"embeddable":true,"href":"https:\/\/webvasco.com\/artigos\/wp-json\/wp\/v2\/users\/7"}],"replies":[{"embeddable":true,"href":"https:\/\/webvasco.com\/artigos\/wp-json\/wp\/v2\/comments?post=7864"}],"version-history":[{"count":0,"href":"https:\/\/webvasco.com\/artigos\/wp-json\/wp\/v2\/posts\/7864\/revisions"}],"wp:attachment":[{"href":"https:\/\/webvasco.com\/artigos\/wp-json\/wp\/v2\/media?parent=7864"}],"wp:term":[{"taxonomy":"category","embeddable":true,"href":"https:\/\/webvasco.com\/artigos\/wp-json\/wp\/v2\/categories?post=7864"},{"taxonomy":"post_tag","embeddable":true,"href":"https:\/\/webvasco.com\/artigos\/wp-json\/wp\/v2\/tags?post=7864"}],"curies":[{"name":"wp","href":"https:\/\/api.w.org\/{rel}","templated":true}]}}