{"id":7865,"date":"2016-07-21T00:49:10","date_gmt":"2016-07-21T03:49:10","guid":{"rendered":"http:\/\/webvasco.com\/artigos\/?p=7865"},"modified":"2016-07-21T00:57:06","modified_gmt":"2016-07-21T03:57:06","slug":"ainda-bem-que-no-havia-mais-tempo","status":"publish","type":"post","link":"https:\/\/webvasco.com\/artigos\/colunistas\/luizcarlosrocha\/ainda-bem-que-no-havia-mais-tempo\/","title":{"rendered":"AINDA BEM QUE N&Atilde;O HAVIA MAIS TEMPO!"},"content":{"rendered":"<div>\n<div style=\"color:#000; background-color:#fff; font-family:HelveticaNeue-Light, Helvetica Neue Light, Helvetica Neue, Helvetica, Arial, Lucida Grande, sans-serif;font-size:32px\">\n<div style=\"text-align:justify;text-indent:35.4pt;tab-stops:111.0pt\" id=\"yui_3_16_0_1_1468811023933_249149\"><span style=\"font-size:12.0pt;line-height:115%;font-family:&quot;Arial&quot;,sans-serif\" id=\"yui_3_16_0_1_1468811023933_249150\">Em  partida v\u00e1lida pela Copa do Brasil, Vasco da Gama e Santa Cruz se enfrentaram,  no Est\u00e1dio do Arruda, em Recife\/PE, pelo jogo da volta (Em S\u00e3o Janu\u00e1rio foi 1 a  1). Andrezinho, Yago Pikachu e Jorge Henrique marcaram para o Cruzmaltino. Keno  e Arthur descontaram para o Santinha. Se tivesse mais tempo de embate,  certamente o time pernambucano empataria e talvez at\u00e9 ficaria \u00e0 frente no  placar.<o:p id=\"yui_3_16_0_1_1468811023933_249151\"><\/o:p><\/span><\/div>\n<div style=\"text-align:justify;text-indent:35.4pt;tab-stops:111.0pt\" id=\"yui_3_16_0_1_1468811023933_249152\"><span style=\"font-size:12.0pt;line-height:115%;font-family:&quot;Arial&quot;,sans-serif\" id=\"yui_3_16_0_1_1468811023933_249153\">Ainda  bem que n\u00e3o tinha mais tempo para a rea\u00e7\u00e3o do Santa Cruz. A defesa vasca\u00edna  mostrou inseguran\u00e7a. O zagueiro Luan fez falta. Quem tamb\u00e9m fez o torcedor  sentir a sua aus\u00eancia foi o meia Nen\u00ea, pois o time de Jorginho demorou a se  encontrar em campo. O arqueiro Martin Silva falhou no primeiro gol dos  nordestinos. No segundo tamb\u00e9m poderia ter feito maior esfor\u00e7o para evita-lo.<o:p id=\"yui_3_16_0_1_1468811023933_249154\"><\/o:p><\/span><\/div>\n<div style=\"text-align:justify;text-indent:35.4pt;tab-stops:111.0pt\" id=\"yui_3_16_0_1_1468811023933_249155\"><span style=\"font-size:12.0pt;line-height:115%;font-family:&quot;Arial&quot;,sans-serif\" id=\"yui_3_16_0_1_1468811023933_249156\">Agora  o Gigante da Colina aguardar\u00e1 o sorteio da Confedera\u00e7\u00e3o Brasileira de Futebol (CBF)  para conhecer o seu advers\u00e1rio. As partidas acontecer\u00e3o nos dias 24 de agosto e  21 de setembro, pelas Oitavas de Final da competi\u00e7\u00e3o. Na temporada \u00e9 a Ta\u00e7a que  mais interessa ao Mach\u00e3o da Gama, uma vez que a S\u00e9rie B n\u00e3o tem nenhum valor.<o:p id=\"yui_3_16_0_1_1468811023933_249157\"><\/o:p><\/span><\/div>\n<div style=\"text-align:justify;text-indent:35.4pt;tab-stops:111.0pt\" id=\"yui_3_16_0_1_1468811023933_249158\"><span style=\"font-size:12.0pt;line-height:115%;font-family:&quot;Arial&quot;,sans-serif\" id=\"yui_3_16_0_1_1468811023933_249159\">Dom  Charuto que criticou e muito a gest\u00e3o Roberto Bombinha, tem em seu desfavor que  a \u00fanica vez na qual o clube carioca conquistou a competi\u00e7\u00e3o supracitada, na  vers\u00e3o 2011, o mandat\u00e1rio vasca\u00edno era o ex-jogador. Ou seja, para quem s\u00f3  criticou \u2013 na compara\u00e7\u00e3o administrativa \u2013 Carlos Roberto de Oliveira est\u00e1 em  leve vantagem. <o:p id=\"yui_3_16_0_1_1468811023933_249160\"><\/o:p><\/span><\/div>\n<div style=\"text-align:justify;text-indent:35.4pt;tab-stops:111.0pt\" id=\"yui_3_16_0_1_1468811023933_249161\"><span style=\"font-size:12.0pt;line-height:115%;font-family:&quot;Arial&quot;,sans-serif\" id=\"yui_3_16_0_1_1468811023933_249162\">Ambas  administra\u00e7\u00f5es foram p\u00edfias. Cheias de erros, arrog\u00e2ncia e prepot\u00eancia. Por\u00e9m,  as duas \u00fanicas diferen\u00e7as foram que Dinamite al\u00e9m de carisma conquistou a Copa  do Brasil. Eurico at\u00e9 agora s\u00f3 estadual (campeonato sem muito valor).<o:p id=\"yui_3_16_0_1_1468811023933_249163\"><\/o:p><\/span><\/div>\n<div style=\"text-align:justify;text-indent:35.4pt;tab-stops:111.0pt\" id=\"yui_3_16_0_1_1468811023933_249164\"><span style=\"font-size:12.0pt;line-height:115%;font-family:&quot;Arial&quot;,sans-serif\" id=\"yui_3_16_0_1_1468811023933_249165\">O  pr\u00f3ximo desafio do Vasco ser\u00e1 s\u00e1bado, \u00e0s 16h30m (de Bras\u00edlia), em S\u00e3o Janu\u00e1rio,  contra o Bragantino. <o:p id=\"yui_3_16_0_1_1468811023933_249166\"><\/o:p><\/span><\/div>\n<div style=\"text-align:justify;text-indent:35.4pt;tab-stops:90.75pt\" id=\"yui_3_16_0_1_1468811023933_249167\"><span style=\"font-size:12.0pt;line-height:115%;font-family:&quot;Arial&quot;,sans-serif\" id=\"yui_3_16_0_1_1468811023933_249168\">&nbsp;&nbsp;&nbsp;&nbsp;&nbsp;&nbsp;&nbsp;&nbsp;&nbsp;&nbsp;&nbsp;&nbsp;&nbsp;&nbsp;&nbsp;&nbsp;&nbsp;&nbsp; <o:p id=\"yui_3_16_0_1_1468811023933_249169\"><\/o:p><\/span><\/div>\n<div style=\"text-align:justify;text-indent:35.4pt;tab-stops:111.0pt\" id=\"yui_3_16_0_1_1468811023933_249170\"><span style=\"font-size:12.0pt;line-height:115%;font-family:&quot;Arial&quot;,sans-serif\" id=\"yui_3_16_0_1_1468811023933_249171\"><o:p id=\"yui_3_16_0_1_1468811023933_249172\">&nbsp;<\/o:p><\/span><\/div>\n<div style=\"text-align:justify;text-indent:35.4pt;tab-stops:111.0pt\" id=\"yui_3_16_0_1_1468811023933_249173\"><span style=\"font-size:12.0pt;line-height:115%;font-family:&quot;Arial&quot;,sans-serif\" id=\"yui_3_16_0_1_1468811023933_249174\"><o:p id=\"yui_3_16_0_1_1468811023933_249175\">&nbsp;<\/o:p><\/span><\/div>\n<div style=\"text-align:justify;text-indent:35.4pt;tab-stops:111.0pt\" id=\"yui_3_16_0_1_1468811023933_249176\"><span style=\"font-size:12.0pt;line-height:115%;font-family:&quot;Arial&quot;,sans-serif\" id=\"yui_3_16_0_1_1468811023933_249177\"><o:p id=\"yui_3_16_0_1_1468811023933_249178\">&nbsp;<\/o:p><\/span><\/div>\n<div style=\"text-align:justify;text-indent:35.4pt;tab-stops:147.0pt\" id=\"yui_3_16_0_1_1468811023933_249179\"><span style=\"font-size:12.0pt;line-height:115%;font-family:&quot;Arial&quot;,sans-serif\" id=\"yui_3_16_0_1_1468811023933_249180\"><o:p id=\"yui_3_16_0_1_1468811023933_249181\">&nbsp;<\/o:p><\/span><\/div>\n<div style=\"text-align:justify;text-indent:35.4pt;tab-stops:111.0pt\" id=\"yui_3_16_0_1_1468811023933_249182\"><b id=\"yui_3_16_0_1_1468811023933_249183\"><u id=\"yui_3_16_0_1_1468811023933_249184\"><span style=\"font-size:20.0pt;line-height:115%;font-family:&quot;Arial&quot;,sans-serif\" id=\"yui_3_16_0_1_1468811023933_249185\">DIVULGUEM ESSA COVARDIA:<\/span><\/u><\/b><span style=\"font-size:16.0pt;line-height:115%;font-family:&quot;Arial&quot;,sans-serif\" id=\"yui_3_16_0_1_1468811023933_249186\"> GOSTARIA  DE PEDIR A TODOS OS MEUS AMIGOS E LEITORES QUE TIRASSE UM TEMPINHO PARA LER A  PETI\u00c7\u00c3O P\u00daBLICA, AO QUAL SEGUE ABAIXO O LINK. TAL DOCUMENTO REFERE-SE A <b id=\"yui_3_16_0_1_1468811023933_249187\"><u id=\"yui_3_16_0_1_1468811023933_249188\">UM ATO DE COVARDIA POR PARTE DA  VOLKSWAGEN DO BRASIL EM COAUTORIA DA ABOLI\u00c7\u00c3O VE\u00cdCULOS (GRUPO AB)<\/u><\/b>  CONTRA ESTE VELHO JORNALISTA. A REFERIDA CONCESSION\u00c1RIA EST\u00c1 ME LESANDO DESDE  FEVEREIRO DE 2013. MEU CARRO FOI BATIDO DENTRO DA OFICINA, FURTARAM ACESS\u00d3RIOS,  TEM PROBLEMAS CAUSADOS POR ELES, AL\u00c9M DE DEFEITOS DE FABRICA\u00c7\u00c3O. O CARRO 0 KM  COMPRADO POR MIM HOJE SE ENCONTRA NA OFICINA DA ABOLI\u00c7\u00c3O VE\u00cdCULOS (CENTRO DE  NITER\u00d3I) <b id=\"yui_3_16_0_1_1468811023933_249189\"><u id=\"yui_3_16_0_1_1468811023933_249190\">DESDE 10 DE JUNHO DE 2013<\/u><\/b>,  OU MELHOR, H\u00c1 <b id=\"yui_3_16_0_1_1468811023933_249191\"><u id=\"yui_3_16_0_1_1468811023933_249192\">36 MESES, OU SEJA, 3  ANOS.<\/u><\/b> <b id=\"yui_3_16_0_1_1468811023933_249193\"><u id=\"yui_3_16_0_1_1468811023933_249194\">TEM APENAS 729 KM  RODADOS<\/u><\/b> PARA COMPROVAR O CALV\u00c1RIO TENHO DOCUMENTOS, GRAVA\u00c7\u00d5ES DE AUDIO  E V\u00cdDEO, MAIS DE 600 FOTOGRAFIAS E E-MAILS TROCADOS COM FUNCION\u00c1RIOS DO BAIXO,  M\u00c9DIO E ALTO ESCAL\u00c3O DA EMPRESA. POR FAVOR, ASSINEM O DOCUMENTO PARA QUE OUTROS  CONSUMIDORES N\u00c3O SEJAM LESADOS POR EMPRESAS DESTE N\u00cdVEL.&nbsp; <\/span><a href=\"https:\/\/secure.avaaz.org\/po\/petition\/Aos_Orgaos_de_Defesa_do_Consumidor_e_ao_Poder_Judiciario_JUSTICA_CONTRA_UMA_MARCA_E_SUA_REVENDERORA_QUE_DESCUMPREM_A_LEI\/?lJEcNfb&amp;pv=0\" id=\"yui_3_16_0_1_1468811023933_249195\"><span style=\"font-size:16.0pt;line-height:115%;font-family:&quot;Arial&quot;,sans-serif\" id=\"yui_3_16_0_1_1468811023933_249196\">https:\/\/secure.avaaz.org\/po\/petition\/Aos_Orgaos_de_Defesa_do_Consumidor_e_ao_Poder_Judiciario_JUSTICA_CONTRA_UMA_MARCA_E_SUA_REVENDERORA_QUE_DESCUMPREM_A_LEI\/?lJEcNfb&amp;pv=0<\/span><\/a><span style=\"font-size:16.0pt;line-height:115%;font-family:&quot;Arial&quot;,sans-serif\" id=\"yui_3_16_0_1_1468811023933_249197\"><o:p id=\"yui_3_16_0_1_1468811023933_249198\"><\/o:p><\/span><\/div>\n<div style=\"text-align:justify;tab-stops:111.0pt\" id=\"yui_3_16_0_1_1468811023933_249199\"><span style=\"font-size:16.0pt;line-height:115%;font-family:&quot;Arial&quot;,sans-serif\" id=\"yui_3_16_0_1_1468811023933_249200\"><o:p id=\"yui_3_16_0_1_1468811023933_249201\">&nbsp;<\/o:p><\/span><\/div>\n<div style=\"text-align:justify;tab-stops:111.0pt\" id=\"yui_3_16_0_1_1468811023933_249202\"><b id=\"yui_3_16_0_1_1468811023933_249203\"><span style=\"font-size:16.0pt;line-height:115%;font-family:&quot;Arial&quot;,sans-serif\" id=\"yui_3_16_0_1_1468811023933_249204\">&nbsp;&nbsp;&nbsp;&nbsp;&nbsp;&nbsp;&nbsp;&nbsp;&nbsp;&nbsp;&nbsp;&nbsp;&nbsp;&nbsp;&nbsp;&nbsp;&nbsp;&nbsp;&nbsp;&nbsp;&nbsp;&nbsp;&nbsp;&nbsp; &nbsp;&nbsp;&nbsp;&nbsp;&nbsp;&nbsp; <o:p id=\"yui_3_16_0_1_1468811023933_249205\"><\/o:p><\/span><\/b><\/div>\n<div id=\"yui_3_16_0_1_1468811023933_248987\">                                                        <\/div>\n<div style=\"text-align:justify\" dir=\"ltr\" id=\"yui_3_16_0_1_1468811023933_249206\"><b id=\"yui_3_16_0_1_1468811023933_249207\"><span style=\"font-size:14.0pt;line-height:115%;font-family:&quot;Arial&quot;,sans-serif\" id=\"yui_3_16_0_1_1468811023933_249208\">AP\u00d3S  AS TODAS AS PARTIDAS DO VASC\u00c3O EM MEU PERFIL DO FACEBOOK (QUEM QUISER RECEBER  AS CR\u00d4NICAS DE PRIMEIRA M\u00c3O \u00c9 S\u00d3 ME ADICIONAR), E NOS SITES WEBVASCO  (<a href=\"http:\/\/www.webvasco.com\">www.webvasco.com<\/a>), E VASCA\u00cdNOS UNIDOS (<a href=\"http:\/\/www.vascainosunidos.com.br\">www.vascainosunidos.com.br<\/a>) TEM A  OPINI\u00c3O DO JORNALISTA LUIZ CARLOS ROCHA. LEIAM! COMPARTILHEM E CURTAM!  VASCA\u00cdNOS UNIDOS JAMAIS SER\u00c3O VENCIDOS.<o:p id=\"yui_3_16_0_1_1468811023933_249209\"><\/o:p><\/span><\/b><\/div>\n<div id=\"yui_3_16_0_1_1468811023933_248931\"><span><br \/><\/span><\/div>\n<div id=\"yui_3_16_0_1_1468811023933_248985\"><span><br \/><\/span><\/div>\n<div id=\"yui_3_16_0_1_1468811023933_248983\"><span><br \/><\/span><\/div>\n<div><\/div>\n<div id=\"yui_3_16_0_1_1468811023933_248958\">&nbsp;<\/div>\n<div class=\"signature\" id=\"yui_3_16_0_1_1468811023933_248887\">\n<div id=\"RTEContent\">\n<div id=\"yui_3_16_0_1_1468811023933_248886\">\n<div id=\"yui_3_16_0_1_1468811023933_248885\">\n<div id=\"yui_3_16_0_1_1468811023933_248884\">\n<div align=\"center\" id=\"yui_3_16_0_1_1468811023933_248883\"><\/div>\n<\/div>\n<\/div>\n<\/div>\n<\/div>\n<\/div>\n<\/div>\n<\/div>\n<p><\/p>\n","protected":false},"excerpt":{"rendered":"<p>Em partida v\u00e1lida pela Copa do Brasil, Vasco da Gama e Santa Cruz se enfrentaram,&#8230;<\/p>\n","protected":false},"author":7,"featured_media":0,"comment_status":"open","ping_status":"closed","sticky":false,"template":"","format":"standard","meta":{"footnotes":""},"categories":[4],"tags":[],"class_list":["post-7865","post","type-post","status-publish","format-standard","hentry","category-luizcarlosrocha"],"_links":{"self":[{"href":"https:\/\/webvasco.com\/artigos\/wp-json\/wp\/v2\/posts\/7865","targetHints":{"allow":["GET"]}}],"collection":[{"href":"https:\/\/webvasco.com\/artigos\/wp-json\/wp\/v2\/posts"}],"about":[{"href":"https:\/\/webvasco.com\/artigos\/wp-json\/wp\/v2\/types\/post"}],"author":[{"embeddable":true,"href":"https:\/\/webvasco.com\/artigos\/wp-json\/wp\/v2\/users\/7"}],"replies":[{"embeddable":true,"href":"https:\/\/webvasco.com\/artigos\/wp-json\/wp\/v2\/comments?post=7865"}],"version-history":[{"count":0,"href":"https:\/\/webvasco.com\/artigos\/wp-json\/wp\/v2\/posts\/7865\/revisions"}],"wp:attachment":[{"href":"https:\/\/webvasco.com\/artigos\/wp-json\/wp\/v2\/media?parent=7865"}],"wp:term":[{"taxonomy":"category","embeddable":true,"href":"https:\/\/webvasco.com\/artigos\/wp-json\/wp\/v2\/categories?post=7865"},{"taxonomy":"post_tag","embeddable":true,"href":"https:\/\/webvasco.com\/artigos\/wp-json\/wp\/v2\/tags?post=7865"}],"curies":[{"name":"wp","href":"https:\/\/api.w.org\/{rel}","templated":true}]}}