{"id":7869,"date":"2016-07-25T00:58:50","date_gmt":"2016-07-25T03:58:50","guid":{"rendered":"http:\/\/webvasco.com\/artigos\/?p=7869"},"modified":"2016-07-25T01:08:52","modified_gmt":"2016-07-25T04:08:52","slug":"cala-a-boca-felipe","status":"publish","type":"post","link":"https:\/\/webvasco.com\/artigos\/colunistas\/luizcarlosrocha\/cala-a-boca-felipe\/","title":{"rendered":"CALA A BOCA FELIPE!"},"content":{"rendered":"<div>\n<div style=\"color:#000; background-color:#fff; font-family:HelveticaNeue-Light, Helvetica Neue Light, Helvetica Neue, Helvetica, Arial, Lucida Grande, sans-serif;font-size:32px\">\n<div id=\"yui_3_16_0_1_1468811023933_451999\"><span><\/span><\/div>\n<div style=\"text-align:justify;text-indent:35.4pt;tab-stops:90.75pt\" id=\"yui_3_16_0_1_1468811023933_452183\"><span style=\"font-size:12.0pt;line-height:115%;font-family:&quot;Arial&quot;,sans-serif\" id=\"yui_3_16_0_1_1468811023933_452184\">Ontem,  o Vasco da Gama venceu \u2013 de virada \u2013 o Bragantino, por 2 a 1, com gols de  \u00c9derson e Rodrigo, Rafael Grampola descontou para os paulistas O Resultado  manteve o Cruzmaltino na lideran\u00e7a isolada do Campeonato Brasileiro, da S\u00e9rie  B, agora com 35 pontos ganhos. A partida que marcou a 17\u00aa Rodada da competi\u00e7\u00e3o  teve como forte o slogan: O Vasco \u00e9 o time da virada, \u00e9 o time do amor!<o:p id=\"yui_3_16_0_1_1468811023933_452185\"><\/o:p><\/span><\/div>\n<div style=\"text-align:justify;text-indent:35.4pt;tab-stops:90.75pt\" id=\"yui_3_16_0_1_1468811023933_452186\"><span style=\"font-size:12.0pt;line-height:115%;font-family:&quot;Arial&quot;,sans-serif\" id=\"yui_3_16_0_1_1468811023933_452187\">No  passado, ainda quando atuava com o pano de ch\u00e3o do time do Gueto, o arqueiro  Felipe se envolveu em uma pol\u00eamica contra toda Imensa Torcida Bem Feliz, ao  dizer a frase: \u201cRoubado \u00e9 mais gostoso\u201d, em alus\u00e3o ao gol impedido marcado pelo  volante M\u00e1rcio Ara\u00fajo, na qual deu o t\u00edtulo de campe\u00e3o carioca aos Exclu\u00eddos,  justamente contra o Gigante da Colina.<o:p id=\"yui_3_16_0_1_1468811023933_452188\"><\/o:p><\/span><\/div>\n<div style=\"text-align:justify;text-indent:35.4pt;tab-stops:90.75pt\" id=\"yui_3_16_0_1_1468811023933_452189\"><span style=\"font-size:12.0pt;line-height:115%;font-family:&quot;Arial&quot;,sans-serif\" id=\"yui_3_16_0_1_1468811023933_452190\">Pois  \u00e9. Depois disso o goleiro ficou desempregado e atualmente defende uma camisa de  time pequeno. Enquanto isso, o Vasc\u00e3o foi bicampe\u00e3o carioca. Quem tem mais peso  no cen\u00e1rio desportivo? Um atleta de mediano para ruim, que n\u00e3o pensa antes de  falar ou um clube com uma hist\u00f3ria vitoriosa, dentro e fora de campo. Com  t\u00edtulos expressivos, \u00eddolos diversos e muito sucesso?<o:p id=\"yui_3_16_0_1_1468811023933_452191\"><\/o:p><\/span><\/div>\n<div style=\"text-align:justify;text-indent:35.4pt;tab-stops:90.75pt\" id=\"yui_3_16_0_1_1468811023933_452192\"><span style=\"font-size:12.0pt;line-height:115%;font-family:&quot;Arial&quot;,sans-serif\" id=\"yui_3_16_0_1_1468811023933_452193\">Cala a  boca Felipe! Quando Rafael Grampola abriu o placar para os paulistanos,  certamente Felipe e demais jogadores acharam que ganhariam do Vasco. Por\u00e9m,  esqueceram que a partida era em S\u00e3o Janu\u00e1rio, e segundo a lenda, aqui ningu\u00e9m  ganha do Mach\u00e3o da Gama. <o:p id=\"yui_3_16_0_1_1468811023933_452194\"><\/o:p><\/span><\/div>\n<div style=\"text-align:justify;text-indent:35.4pt;tab-stops:90.75pt\" id=\"yui_3_16_0_1_1468811023933_452195\"><span style=\"font-size:12.0pt;line-height:115%;font-family:&quot;Arial&quot;,sans-serif\" id=\"yui_3_16_0_1_1468811023933_452196\">O  estreante \u00c9derson deixou tudo igual e coube ao zagueiro Rodrigo anotar o gol da  virada, mostrando ao advers\u00e1rio a for\u00e7a de um Gigante. Agora, o desafio ser\u00e1  s\u00e1bado, dia 30, \u00e0s 16h, em S\u00e3o Janu\u00e1rio, diante do Crici\u00fama. \u00c9 para lotar S\u00e3o  Janu\u00e1rio!<o:p id=\"yui_3_16_0_1_1468811023933_452197\"><\/o:p><\/span><\/div>\n<div style=\"text-align:justify;text-indent:35.4pt;tab-stops:111.0pt\" id=\"yui_3_16_0_1_1468811023933_452198\"><span style=\"font-size:12.0pt;line-height:115%;font-family:&quot;Arial&quot;,sans-serif\" id=\"yui_3_16_0_1_1468811023933_452199\"><o:p id=\"yui_3_16_0_1_1468811023933_452200\">&nbsp;<\/o:p><\/span><\/div>\n<div style=\"text-align:justify;text-indent:35.4pt;tab-stops:147.0pt\" id=\"yui_3_16_0_1_1468811023933_452201\"><span style=\"font-size:12.0pt;line-height:115%;font-family:&quot;Arial&quot;,sans-serif\" id=\"yui_3_16_0_1_1468811023933_452202\"><o:p id=\"yui_3_16_0_1_1468811023933_452203\">&nbsp;<\/o:p><\/span><\/div>\n<div style=\"text-align:justify;text-indent:35.4pt;tab-stops:111.0pt\" id=\"yui_3_16_0_1_1468811023933_452204\"><b id=\"yui_3_16_0_1_1468811023933_452205\"><u id=\"yui_3_16_0_1_1468811023933_452206\"><span style=\"font-size:20.0pt;line-height:115%;font-family:&quot;Arial&quot;,sans-serif\" id=\"yui_3_16_0_1_1468811023933_452207\">DIVULGUEM ESSA COVARDIA:<\/span><\/u><\/b><span style=\"font-size:16.0pt;line-height:115%;font-family:&quot;Arial&quot;,sans-serif\" id=\"yui_3_16_0_1_1468811023933_452208\"> GOSTARIA  DE PEDIR A TODOS OS MEUS AMIGOS E LEITORES QUE TIRASSE UM TEMPINHO PARA LER A  PETI\u00c7\u00c3O P\u00daBLICA, AO QUAL SEGUE ABAIXO O LINK. TAL DOCUMENTO REFERE-SE A <b id=\"yui_3_16_0_1_1468811023933_452209\"><u id=\"yui_3_16_0_1_1468811023933_452210\">UM ATO DE COVARDIA POR PARTE DA  VOLKSWAGEN DO BRASIL EM COAUTORIA DA ABOLI\u00c7\u00c3O VE\u00cdCULOS (GRUPO AB)<\/u><\/b>  CONTRA ESTE VELHO JORNALISTA. A REFERIDA CONCESSION\u00c1RIA EST\u00c1 ME LESANDO DESDE  FEVEREIRO DE 2013. MEU CARRO FOI BATIDO DENTRO DA OFICINA, FURTARAM ACESS\u00d3RIOS,  TEM PROBLEMAS CAUSADOS POR ELES, AL\u00c9M DE DEFEITOS DE FABRICA\u00c7\u00c3O. O CARRO 0 KM  COMPRADO POR MIM HOJE SE ENCONTRA NA OFICINA DA ABOLI\u00c7\u00c3O VE\u00cdCULOS (CENTRO DE  NITER\u00d3I) <b id=\"yui_3_16_0_1_1468811023933_452211\"><u id=\"yui_3_16_0_1_1468811023933_452212\">DESDE 10 DE JUNHO DE 2013<\/u><\/b>,  OU MELHOR, H\u00c1 <b id=\"yui_3_16_0_1_1468811023933_452213\"><u id=\"yui_3_16_0_1_1468811023933_452214\">36 MESES, OU SEJA, 3  ANOS.<\/u><\/b> <b id=\"yui_3_16_0_1_1468811023933_452215\"><u id=\"yui_3_16_0_1_1468811023933_452216\">TEM APENAS 729 KM  RODADOS<\/u><\/b> PARA COMPROVAR O CALV\u00c1RIO TENHO DOCUMENTOS, GRAVA\u00c7\u00d5ES DE AUDIO  E V\u00cdDEO, MAIS DE 600 FOTOGRAFIAS E E-MAILS TROCADOS COM FUNCION\u00c1RIOS DO BAIXO,  M\u00c9DIO E ALTO ESCAL\u00c3O DA EMPRESA. POR FAVOR, ASSINEM O DOCUMENTO PARA QUE OUTROS  CONSUMIDORES N\u00c3O SEJAM LESADOS POR EMPRESAS DESTE N\u00cdVEL.&nbsp; <\/span><a href=\"https:\/\/secure.avaaz.org\/po\/petition\/Aos_Orgaos_de_Defesa_do_Consumidor_e_ao_Poder_Judiciario_JUSTICA_CONTRA_UMA_MARCA_E_SUA_REVENDERORA_QUE_DESCUMPREM_A_LEI\/?lJEcNfb&amp;pv=0\" id=\"yui_3_16_0_1_1468811023933_452217\"><span style=\"font-size:16.0pt;line-height:115%;font-family:&quot;Arial&quot;,sans-serif\" id=\"yui_3_16_0_1_1468811023933_452218\">https:\/\/secure.avaaz.org\/po\/petition\/Aos_Orgaos_de_Defesa_do_Consumidor_e_ao_Poder_Judiciario_JUSTICA_CONTRA_UMA_MARCA_E_SUA_REVENDERORA_QUE_DESCUMPREM_A_LEI\/?lJEcNfb&amp;pv=0<\/span><\/a><span style=\"font-size:16.0pt;line-height:115%;font-family:&quot;Arial&quot;,sans-serif\" id=\"yui_3_16_0_1_1468811023933_452219\"><o:p id=\"yui_3_16_0_1_1468811023933_452220\"><\/o:p><\/span><\/div>\n<div style=\"text-align:justify;tab-stops:111.0pt\" id=\"yui_3_16_0_1_1468811023933_452221\"><span style=\"font-size:16.0pt;line-height:115%;font-family:&quot;Arial&quot;,sans-serif\" id=\"yui_3_16_0_1_1468811023933_452222\"><o:p id=\"yui_3_16_0_1_1468811023933_452223\">&nbsp;<\/o:p><\/span><\/div>\n<div style=\"text-align:justify;tab-stops:111.0pt\" id=\"yui_3_16_0_1_1468811023933_452224\"><b id=\"yui_3_16_0_1_1468811023933_452225\"><span style=\"font-size:16.0pt;line-height:115%;font-family:&quot;Arial&quot;,sans-serif\" id=\"yui_3_16_0_1_1468811023933_452226\">&nbsp;&nbsp;&nbsp;&nbsp;&nbsp;&nbsp;&nbsp;&nbsp;&nbsp;&nbsp;&nbsp;&nbsp;&nbsp;&nbsp;&nbsp;&nbsp;&nbsp;&nbsp;&nbsp;&nbsp;&nbsp;&nbsp;&nbsp;&nbsp; &nbsp;&nbsp;&nbsp;&nbsp;&nbsp;&nbsp; <o:p id=\"yui_3_16_0_1_1468811023933_452227\"><\/o:p><\/span><\/b><\/div>\n<div id=\"yui_3_16_0_1_1468811023933_451999\">                                        <\/div>\n<div style=\"text-align:justify\" dir=\"ltr\" id=\"yui_3_16_0_1_1468811023933_452228\"><b id=\"yui_3_16_0_1_1468811023933_452229\"><span style=\"font-size:14.0pt;line-height:115%;font-family:&quot;Arial&quot;,sans-serif\" id=\"yui_3_16_0_1_1468811023933_452230\">AP\u00d3S  AS TODAS AS PARTIDAS DO VASC\u00c3O EM MEU PERFIL DO FACEBOOK (QUEM QUISER RECEBER  AS CR\u00d4NICAS DE PRIMEIRA M\u00c3O \u00c9 S\u00d3 ME ADICIONAR), E NOS SITES WEBVASCO  (<a href=\"http:\/\/www.webvasco.com\">www.webvasco.com<\/a>), E VASCA\u00cdNOS UNIDOS (<a href=\"http:\/\/www.vascainosunidos.com.br\">www.vascainosunidos.com.br<\/a>) TEM A  OPINI\u00c3O DO JORNALISTA LUIZ CARLOS ROCHA. LEIAM! COMPARTILHEM E CURTAM!  VASCA\u00cdNOS UNIDOS JAMAIS SER\u00c3O VENCIDOS.<o:p id=\"yui_3_16_0_1_1468811023933_452231\"><\/o:p><\/span><\/b><\/div>\n<div id=\"yui_3_16_0_1_1468811023933_451999\"><span><br \/><\/span><\/div>\n<div id=\"yui_3_16_0_1_1468811023933_451999\"><span><br \/><\/span><\/div>\n<div><\/div>\n<div id=\"yui_3_16_0_1_1468811023933_452001\">&nbsp;<\/div>\n<div class=\"signature\" id=\"yui_3_16_0_1_1468811023933_451953\">\n<div id=\"RTEContent\">\n<div id=\"yui_3_16_0_1_1468811023933_451952\">\n<div id=\"yui_3_16_0_1_1468811023933_451951\">\n<div id=\"yui_3_16_0_1_1468811023933_451950\">\n<div align=\"center\" id=\"yui_3_16_0_1_1468811023933_451971\"><\/div>\n<\/div>\n<\/div>\n<\/div>\n<\/div>\n<\/div>\n<\/div>\n<\/div>\n<p><\/p>\n","protected":false},"excerpt":{"rendered":"<p>Ontem, o Vasco da Gama venceu \u2013 de virada \u2013 o Bragantino, por 2 a&#8230;<\/p>\n","protected":false},"author":7,"featured_media":0,"comment_status":"open","ping_status":"closed","sticky":false,"template":"","format":"standard","meta":{"footnotes":""},"categories":[4],"tags":[],"class_list":["post-7869","post","type-post","status-publish","format-standard","hentry","category-luizcarlosrocha"],"_links":{"self":[{"href":"https:\/\/webvasco.com\/artigos\/wp-json\/wp\/v2\/posts\/7869","targetHints":{"allow":["GET"]}}],"collection":[{"href":"https:\/\/webvasco.com\/artigos\/wp-json\/wp\/v2\/posts"}],"about":[{"href":"https:\/\/webvasco.com\/artigos\/wp-json\/wp\/v2\/types\/post"}],"author":[{"embeddable":true,"href":"https:\/\/webvasco.com\/artigos\/wp-json\/wp\/v2\/users\/7"}],"replies":[{"embeddable":true,"href":"https:\/\/webvasco.com\/artigos\/wp-json\/wp\/v2\/comments?post=7869"}],"version-history":[{"count":0,"href":"https:\/\/webvasco.com\/artigos\/wp-json\/wp\/v2\/posts\/7869\/revisions"}],"wp:attachment":[{"href":"https:\/\/webvasco.com\/artigos\/wp-json\/wp\/v2\/media?parent=7869"}],"wp:term":[{"taxonomy":"category","embeddable":true,"href":"https:\/\/webvasco.com\/artigos\/wp-json\/wp\/v2\/categories?post=7869"},{"taxonomy":"post_tag","embeddable":true,"href":"https:\/\/webvasco.com\/artigos\/wp-json\/wp\/v2\/tags?post=7869"}],"curies":[{"name":"wp","href":"https:\/\/api.w.org\/{rel}","templated":true}]}}