{"id":7870,"date":"2016-07-31T23:16:31","date_gmt":"2016-08-01T02:16:31","guid":{"rendered":"http:\/\/webvasco.com\/artigos\/?p=7870"},"modified":"2016-07-31T23:27:00","modified_gmt":"2016-08-01T02:27:00","slug":"metade-do-caminho-j-foi","status":"publish","type":"post","link":"https:\/\/webvasco.com\/artigos\/colunistas\/luizcarlosrocha\/metade-do-caminho-j-foi\/","title":{"rendered":"METADE DO CAMINHO J&Aacute; FOI!"},"content":{"rendered":"<div>\n<div style=\"color:#000; background-color:#fff; font-family:HelveticaNeue-Light, Helvetica Neue Light, Helvetica Neue, Helvetica, Arial, Lucida Grande, sans-serif;font-size:32px\">\n<div style=\"text-align:justify;text-indent:35.4pt;tab-stops:111.0pt\" id=\"yui_3_16_0_ym19_1_1469924867114_47638\"><span style=\"font-size:14.0pt;line-height:115%;font-family:&quot;Arial&quot;,sans-serif\" id=\"yui_3_16_0_ym19_1_1469924867114_47639\">Com a  vit\u00f3ria do Vasco, ontem, em cima do Crici\u00fama, em S\u00e3o Janu\u00e1rio, por 2 a 1 (gols  de \u00c9derson e Thalles, com Diego Giaretta descontando) a equipe carioca  sagrou-se \u201ccampe\u00e3\u201d do Primeiro Turno, do Campeonato Brasileiro, da S\u00e9rie B,  vers\u00e3o 2016. O Cruzmaltino tem agora 38 pontos na tabela de classifica\u00e7\u00e3o.<o:p id=\"yui_3_16_0_ym19_1_1469924867114_47640\"><\/o:p><\/span><\/div>\n<div style=\"text-align:justify;text-indent:35.4pt;tab-stops:111.0pt\" id=\"yui_3_16_0_ym19_1_1469924867114_47641\"><span style=\"font-size:14.0pt;line-height:115%;font-family:&quot;Arial&quot;,sans-serif\" id=\"yui_3_16_0_ym19_1_1469924867114_47642\">J\u00e1 s\u00e3o  12 vit\u00f3rias na competi\u00e7\u00e3o. O time est\u00e1 cada vez mais ganhando confian\u00e7a e \u201csobrevivendo\u201d  sem o meia Nen\u00ea, que est\u00e1 se recuperando de uma les\u00e3o. Se os meninos do  treinador Jorginho mantiverem o ritmo, a recoloca\u00e7\u00e3o na Elite do futebol  Brazuca poder\u00e1 chagar antes do planejado. <o:p id=\"yui_3_16_0_ym19_1_1469924867114_47643\"><\/o:p><\/span><\/div>\n<div style=\"text-align:justify;text-indent:35.4pt;tab-stops:111.0pt\" id=\"yui_3_16_0_ym19_1_1469924867114_47644\"><span style=\"font-size:14.0pt;line-height:115%;font-family:&quot;Arial&quot;,sans-serif\" id=\"yui_3_16_0_ym19_1_1469924867114_47645\">Na  ter\u00e7a-feira, dia 02 de agosto, o Gigante da Colina ir\u00e1 at\u00e9 o Est\u00e1dio do  Castel\u00e3o enfrentar o Cear\u00e1, justamente segundo colocado no Brasileir\u00e3o. A  diferen\u00e7a entre as equipes fica na casa dos 4 pontos. Se perder \u2013 nem pensar  nisso \u2013 ainda sim seremos l\u00edderes. Com o empate a diferen\u00e7a se mant\u00e9m. J\u00e1 com o  triunfo, o Vasco da Gama ter\u00e1 uma diferen\u00e7a de 7 pontos. <o:p id=\"yui_3_16_0_ym19_1_1469924867114_47646\"><\/o:p><\/span><\/div>\n<div style=\"text-align:justify;text-indent:35.4pt;tab-stops:111.0pt\" id=\"yui_3_16_0_ym19_1_1469924867114_47647\"><span style=\"font-size:14.0pt;line-height:115%;font-family:&quot;Arial&quot;,sans-serif\" id=\"yui_3_16_0_ym19_1_1469924867114_47648\">O  importante agora \u00e9 saber que a metade do caminho j\u00e1 foi percorrida. Al\u00e9m disso,  haver\u00e1 uma paradinha na competi\u00e7\u00e3o para que os atletas possam acompanhar os  Jogos Ol\u00edmpicos. Isso \u00e9 muito bom. A Comiss\u00e3o T\u00e9cnica ter\u00e1 tempo para ajustar  tudo que est\u00e1 errado. O Departamento M\u00e9dico de sanar as les\u00f5es e na retomada do  campeonato testemunharemos um Mach\u00e3o da Gama ainda mais forte!<o:p id=\"yui_3_16_0_ym19_1_1469924867114_47649\"><\/o:p><\/span><\/div>\n<div style=\"text-align:justify;text-indent:35.4pt;tab-stops:111.0pt\" id=\"yui_3_16_0_ym19_1_1469924867114_47650\"><span style=\"font-size:12.0pt;line-height:115%;font-family:&quot;Arial&quot;,sans-serif\" id=\"yui_3_16_0_ym19_1_1469924867114_47651\"><o:p id=\"yui_3_16_0_ym19_1_1469924867114_47652\">&nbsp;<\/o:p><\/span><\/div>\n<div style=\"text-align:justify;text-indent:35.4pt;tab-stops:111.0pt\" id=\"yui_3_16_0_ym19_1_1469924867114_47653\"><span style=\"font-size:12.0pt;line-height:115%;font-family:&quot;Arial&quot;,sans-serif\" id=\"yui_3_16_0_ym19_1_1469924867114_47654\"><o:p id=\"yui_3_16_0_ym19_1_1469924867114_47655\">&nbsp;<\/o:p><\/span><\/div>\n<div style=\"text-align:justify;text-indent:35.4pt;tab-stops:147.0pt\" id=\"yui_3_16_0_ym19_1_1469924867114_47656\"><span style=\"font-size:12.0pt;line-height:115%;font-family:&quot;Arial&quot;,sans-serif\" id=\"yui_3_16_0_ym19_1_1469924867114_47657\"><o:p id=\"yui_3_16_0_ym19_1_1469924867114_47658\">&nbsp;<\/o:p><\/span><\/div>\n<div style=\"text-align:justify;text-indent:35.4pt;tab-stops:111.0pt\" id=\"yui_3_16_0_ym19_1_1469924867114_47659\"><b id=\"yui_3_16_0_ym19_1_1469924867114_47660\"><u id=\"yui_3_16_0_ym19_1_1469924867114_47661\"><span style=\"font-size:20.0pt;line-height:115%;font-family:&quot;Arial&quot;,sans-serif\" id=\"yui_3_16_0_ym19_1_1469924867114_47662\">DIVULGUEM ESSA COVARDIA:<\/span><\/u><\/b><span style=\"font-size:16.0pt;line-height:115%;font-family:&quot;Arial&quot;,sans-serif\" id=\"yui_3_16_0_ym19_1_1469924867114_47663\"> GOSTARIA  DE PEDIR A TODOS OS MEUS AMIGOS E LEITORES QUE TIRASSE UM TEMPINHO PARA LER A  PETI\u00c7\u00c3O P\u00daBLICA, AO QUAL SEGUE ABAIXO O LINK. TAL DOCUMENTO REFERE-SE A <b id=\"yui_3_16_0_ym19_1_1469924867114_47664\"><u id=\"yui_3_16_0_ym19_1_1469924867114_47665\">UM ATO DE COVARDIA POR PARTE DA  VOLKSWAGEN DO BRASIL EM COAUTORIA DA ABOLI\u00c7\u00c3O VE\u00cdCULOS (GRUPO AB)<\/u><\/b>  CONTRA ESTE VELHO JORNALISTA. A REFERIDA CONCESSION\u00c1RIA EST\u00c1 ME LESANDO DESDE  FEVEREIRO DE 2013. MEU CARRO FOI BATIDO DENTRO DA OFICINA, FURTARAM ACESS\u00d3RIOS,  TEM PROBLEMAS CAUSADOS POR ELES, AL\u00c9M DE DEFEITOS DE FABRICA\u00c7\u00c3O. O CARRO 0 KM  COMPRADO POR MIM HOJE SE ENCONTRA NA OFICINA DA ABOLI\u00c7\u00c3O VE\u00cdCULOS (CENTRO DE  NITER\u00d3I) <b id=\"yui_3_16_0_ym19_1_1469924867114_47666\"><u id=\"yui_3_16_0_ym19_1_1469924867114_47667\">DESDE 10 DE JUNHO DE 2013<\/u><\/b>,  OU MELHOR, H\u00c1 <b id=\"yui_3_16_0_ym19_1_1469924867114_47668\"><u id=\"yui_3_16_0_ym19_1_1469924867114_47669\">37 MESES, OU SEJA, 3  ANOS E UM M\u00caS.<\/u><\/b> <b id=\"yui_3_16_0_ym19_1_1469924867114_47670\"><u id=\"yui_3_16_0_ym19_1_1469924867114_47671\">TEM APENAS 729  KM RODADOS<\/u><\/b> PARA COMPROVAR O CALV\u00c1RIO TENHO DOCUMENTOS, GRAVA\u00c7\u00d5ES DE  AUDIO E V\u00cdDEO, MAIS DE 600 FOTOGRAFIAS E E-MAILS TROCADOS COM FUNCION\u00c1RIOS DO  BAIXO, M\u00c9DIO E ALTO ESCAL\u00c3O DA EMPRESA. POR FAVOR, ASSINEM O DOCUMENTO PARA QUE  OUTROS CONSUMIDORES N\u00c3O SEJAM LESADOS POR EMPRESAS DESTE N\u00cdVEL.&nbsp; <\/span><a href=\"https:\/\/secure.avaaz.org\/po\/petition\/Aos_Orgaos_de_Defesa_do_Consumidor_e_ao_Poder_Judiciario_JUSTICA_CONTRA_UMA_MARCA_E_SUA_REVENDERORA_QUE_DESCUMPREM_A_LEI\/?lJEcNfb&amp;pv=0\" id=\"yui_3_16_0_ym19_1_1469924867114_47672\"><span style=\"font-size:16.0pt;line-height:115%;font-family:&quot;Arial&quot;,sans-serif\" id=\"yui_3_16_0_ym19_1_1469924867114_47673\">https:\/\/secure.avaaz.org\/po\/petition\/Aos_Orgaos_de_Defesa_do_Consumidor_e_ao_Poder_Judiciario_JUSTICA_CONTRA_UMA_MARCA_E_SUA_REVENDERORA_QUE_DESCUMPREM_A_LEI\/?lJEcNfb&amp;pv=0<\/span><\/a><span style=\"font-size:16.0pt;line-height:115%;font-family:&quot;Arial&quot;,sans-serif\" id=\"yui_3_16_0_ym19_1_1469924867114_47674\"><o:p id=\"yui_3_16_0_ym19_1_1469924867114_47675\"><\/o:p><\/span><\/div>\n<div style=\"text-align:justify;tab-stops:111.0pt\" id=\"yui_3_16_0_ym19_1_1469924867114_47676\"><span style=\"font-size:16.0pt;line-height:115%;font-family:&quot;Arial&quot;,sans-serif\" id=\"yui_3_16_0_ym19_1_1469924867114_47677\"><o:p id=\"yui_3_16_0_ym19_1_1469924867114_47678\">&nbsp;<\/o:p><\/span><\/div>\n<div style=\"text-align:justify;tab-stops:111.0pt\" id=\"yui_3_16_0_ym19_1_1469924867114_47679\"><b id=\"yui_3_16_0_ym19_1_1469924867114_47680\"><span style=\"font-size:16.0pt;line-height:115%;font-family:&quot;Arial&quot;,sans-serif\" id=\"yui_3_16_0_ym19_1_1469924867114_47681\">&nbsp;&nbsp;&nbsp;&nbsp;&nbsp;&nbsp;&nbsp;&nbsp;&nbsp;&nbsp;&nbsp;&nbsp;&nbsp;&nbsp;&nbsp;&nbsp;&nbsp;&nbsp;&nbsp;&nbsp;&nbsp;&nbsp;&nbsp;&nbsp; &nbsp;&nbsp;&nbsp;&nbsp;&nbsp;&nbsp; <o:p id=\"yui_3_16_0_ym19_1_1469924867114_47682\"><\/o:p><\/span><\/b><\/div>\n<div id=\"yui_3_16_0_ym19_1_1469924867114_47451\">                                        <\/div>\n<div style=\"text-align:justify\" dir=\"ltr\" id=\"yui_3_16_0_ym19_1_1469924867114_47683\"><b id=\"yui_3_16_0_ym19_1_1469924867114_47684\"><span style=\"font-size:14.0pt;line-height:115%;font-family:&quot;Arial&quot;,sans-serif\" id=\"yui_3_16_0_ym19_1_1469924867114_47685\">AP\u00d3S  AS TODAS AS PARTIDAS DO VASC\u00c3O EM MEU PERFIL DO FACEBOOK (QUEM QUISER RECEBER  AS CR\u00d4NICAS DE PRIMEIRA M\u00c3O \u00c9 S\u00d3 ME ADICIONAR), E NOS SITES WEBVASCO  (<a href=\"http:\/\/www.webvasco.com\">www.webvasco.com<\/a>), E VASCA\u00cdNOS UNIDOS (<a href=\"http:\/\/www.vascainosunidos.com.br\">www.vascainosunidos.com.br<\/a>) TEM A  OPINI\u00c3O DO JORNALISTA LUIZ CARLOS ROCHA. LEIAM! COMPARTILHEM E CURTAM!  VASCA\u00cdNOS UNIDOS JAMAIS SER\u00c3O VENCIDOS.<o:p id=\"yui_3_16_0_ym19_1_1469924867114_47686\"><\/o:p><\/span><\/b><\/div>\n<div id=\"yui_3_16_0_ym19_1_1469924867114_47451\"><span><br \/><\/span><\/div>\n<div id=\"yui_3_16_0_ym19_1_1469924867114_47451\"><span><br \/><\/span><\/div>\n<div id=\"yui_3_16_0_ym19_1_1469924867114_47451\"><span><br \/><\/span><\/div>\n<div id=\"yui_3_16_0_ym19_1_1469924867114_47451\"><span><br \/><\/span><\/div>\n<div id=\"yui_3_16_0_ym19_1_1469924867114_47451\"><span><br \/><\/span><\/div>\n<div><\/div>\n<div id=\"yui_3_16_0_ym19_1_1469924867114_47490\">&nbsp;<\/div>\n<div class=\"signature\" id=\"yui_3_16_0_ym19_1_1469924867114_47489\">\n<div id=\"RTEContent\">\n<div id=\"yui_3_16_0_ym19_1_1469924867114_47488\">\n<div id=\"yui_3_16_0_ym19_1_1469924867114_47487\">\n<div id=\"yui_3_16_0_ym19_1_1469924867114_47486\">\n<div align=\"center\" id=\"yui_3_16_0_ym19_1_1469924867114_47485\"><\/div>\n<\/div>\n<\/div>\n<\/div>\n<\/div>\n<\/div>\n<\/div>\n<\/div>\n<p><\/p>\n","protected":false},"excerpt":{"rendered":"<p>Com a vit\u00f3ria do Vasco, ontem, em cima do Crici\u00fama, em S\u00e3o Janu\u00e1rio, por 2&#8230;<\/p>\n","protected":false},"author":7,"featured_media":0,"comment_status":"open","ping_status":"closed","sticky":false,"template":"","format":"standard","meta":{"footnotes":""},"categories":[4],"tags":[],"class_list":["post-7870","post","type-post","status-publish","format-standard","hentry","category-luizcarlosrocha"],"_links":{"self":[{"href":"https:\/\/webvasco.com\/artigos\/wp-json\/wp\/v2\/posts\/7870","targetHints":{"allow":["GET"]}}],"collection":[{"href":"https:\/\/webvasco.com\/artigos\/wp-json\/wp\/v2\/posts"}],"about":[{"href":"https:\/\/webvasco.com\/artigos\/wp-json\/wp\/v2\/types\/post"}],"author":[{"embeddable":true,"href":"https:\/\/webvasco.com\/artigos\/wp-json\/wp\/v2\/users\/7"}],"replies":[{"embeddable":true,"href":"https:\/\/webvasco.com\/artigos\/wp-json\/wp\/v2\/comments?post=7870"}],"version-history":[{"count":0,"href":"https:\/\/webvasco.com\/artigos\/wp-json\/wp\/v2\/posts\/7870\/revisions"}],"wp:attachment":[{"href":"https:\/\/webvasco.com\/artigos\/wp-json\/wp\/v2\/media?parent=7870"}],"wp:term":[{"taxonomy":"category","embeddable":true,"href":"https:\/\/webvasco.com\/artigos\/wp-json\/wp\/v2\/categories?post=7870"},{"taxonomy":"post_tag","embeddable":true,"href":"https:\/\/webvasco.com\/artigos\/wp-json\/wp\/v2\/tags?post=7870"}],"curies":[{"name":"wp","href":"https:\/\/api.w.org\/{rel}","templated":true}]}}