{"id":7871,"date":"2016-08-03T01:04:06","date_gmt":"2016-08-03T04:04:06","guid":{"rendered":"http:\/\/webvasco.com\/artigos\/?p=7871"},"modified":"2016-08-03T01:07:51","modified_gmt":"2016-08-03T04:07:51","slug":"10-741","status":"publish","type":"post","link":"https:\/\/webvasco.com\/artigos\/colunistas\/luizcarlosrocha\/10-741\/","title":{"rendered":"10.741!"},"content":{"rendered":"<div>\n<div style=\"color:#000; background-color:#fff; font-family:HelveticaNeue-Light, Helvetica Neue Light, Helvetica Neue, Helvetica, Arial, Lucida Grande, sans-serif;font-size:32px\">\n<div style=\"text-align:justify;text-indent:35.4pt;tab-stops:111.0pt\" id=\"yui_3_16_0_ym19_1_1470196789831_14759\"><span style=\"font-size:12.0pt;line-height:115%;font-family:&quot;Arial&quot;,sans-serif\" id=\"yui_3_16_0_ym19_1_1470196789831_14760\">O  duelo entre Vasco da Gama e Cear\u00e1, hoje, no Est\u00e1dio Governador Pl\u00e1cido Castelo,  popularmente chamado de Arena Castel\u00e3o, em Fortaleza\/CE, na qual o placar se  manteve inerte durante todo o per\u00edodo regulamentar de jogo, manteve as equipes  em suas posi\u00e7\u00f5es de origem (antes da pelota rolar), bem como serviu como grande  exemplo de decep\u00e7\u00e3o futebol\u00edstica. <o:p id=\"yui_3_16_0_ym19_1_1470196789831_14761\"><\/o:p><\/span><\/div>\n<div style=\"text-align:justify;text-indent:35.4pt;tab-stops:111.0pt\" id=\"yui_3_16_0_ym19_1_1470196789831_14762\"><span style=\"font-size:12.0pt;line-height:115%;font-family:&quot;Arial&quot;,sans-serif\" id=\"yui_3_16_0_ym19_1_1470196789831_14763\">A  partida, que foi v\u00e1lida pela \u00faltima Rodada do Primeiro Turno, do Campeonato  Brasileiro, da S\u00e9rie B n\u00e3o saiu do zero a zero por conta da incompet\u00eancia de 22  atletas em campo! Est\u00e1 certo que o time da casa \u00e9 apelidado de Vov\u00f4, mas da\u00ed o  Cruzmaltino se portar como idoso, no que tange ao empenho foi demais. Seria  porque a palavra velho come\u00e7a com a mesma letra V, de Vasco? &nbsp;<o:p id=\"yui_3_16_0_ym19_1_1470196789831_14764\"><\/o:p><\/span><\/div>\n<div style=\"text-align:justify;text-indent:35.4pt;tab-stops:111.0pt\" id=\"yui_3_16_0_ym19_1_1470196789831_14765\"><span style=\"font-size:12.0pt;line-height:115%;font-family:&quot;Arial&quot;,sans-serif\" id=\"yui_3_16_0_ym19_1_1470196789831_14766\">Os 55.445  pagantes no espet\u00e1culo poderiam certamente assistir os \u201canci\u00f5es\u201d munidos do Estatuto  do Idoso (Lei 10.741, de 1\u00ba de outubro de 2003), devido a tanta lentid\u00e3o  durante os 90 minutos de embate. A m\u00e9dia de idade avan\u00e7ada (29 anos) n\u00e3o \u00e9  justificativa para isso! A prepara\u00e7\u00e3o f\u00edsica vasca\u00edna anda (ou melhor se arrasta)  meio lenta. <o:p id=\"yui_3_16_0_ym19_1_1470196789831_14767\"><\/o:p><\/span><\/div>\n<div style=\"text-align:justify;text-indent:35.4pt;tab-stops:111.0pt\" id=\"yui_3_16_0_ym19_1_1470196789831_14768\"><span style=\"font-size:12.0pt;line-height:115%;font-family:&quot;Arial&quot;,sans-serif\" id=\"yui_3_16_0_ym19_1_1470196789831_14769\">A  Comiss\u00e3o T\u00e9cnica do Gigante da Colina ter\u00e1 um bom tempo para reorganizar a  parte t\u00e9cnica, t\u00e1tica e principalmente f\u00edsica, pois haver\u00e1 uma paradinha na  competi\u00e7\u00e3o para que os jogadores possam acompanhar as Olimp\u00edadas. Portanto, o  Mach\u00e3o da Gama s\u00f3 voltar\u00e1 a atuar no Brasileir\u00e3o, dia 20 de agosto, contra o  lanterna Sampaio Corr\u00eaa, em S\u00e3o Janu\u00e1rio. <o:p id=\"yui_3_16_0_ym19_1_1470196789831_14770\"><\/o:p><\/span><\/div>\n<div style=\"text-align:justify;text-indent:35.4pt;tab-stops:111.0pt\" id=\"yui_3_16_0_ym19_1_1470196789831_14771\"><span style=\"font-size:12.0pt;line-height:115%;font-family:&quot;Arial&quot;,sans-serif\" id=\"yui_3_16_0_ym19_1_1470196789831_14772\">O  ponto ganho na partida de hoje, manteve o Vasco da Gama na lideran\u00e7a do  Campeonato Brasileiro, da S\u00e9rie B, agora com 39 pontos, quatro a mais que o  vice-l\u00edder Cear\u00e1. <o:p id=\"yui_3_16_0_ym19_1_1470196789831_14773\"><\/o:p><\/span><\/div>\n<div style=\"text-align:justify;text-indent:35.4pt;tab-stops:111.0pt\" id=\"yui_3_16_0_ym19_1_1470196789831_14774\"><span style=\"font-size:12.0pt;line-height:115%;font-family:&quot;Arial&quot;,sans-serif\" id=\"yui_3_16_0_ym19_1_1470196789831_14775\"><o:p id=\"yui_3_16_0_ym19_1_1470196789831_14776\">&nbsp;<\/o:p><\/span><\/div>\n<div style=\"text-align:justify;text-indent:35.4pt;tab-stops:147.0pt\" id=\"yui_3_16_0_ym19_1_1470196789831_14777\"><span style=\"font-size:12.0pt;line-height:115%;font-family:&quot;Arial&quot;,sans-serif\" id=\"yui_3_16_0_ym19_1_1470196789831_14778\"><o:p id=\"yui_3_16_0_ym19_1_1470196789831_14779\">&nbsp;<\/o:p><\/span><\/div>\n<div style=\"text-align:justify;text-indent:35.4pt;tab-stops:147.0pt\" id=\"yui_3_16_0_ym19_1_1470196789831_14780\"><span style=\"font-size:12.0pt;line-height:115%;font-family:&quot;Arial&quot;,sans-serif\" id=\"yui_3_16_0_ym19_1_1470196789831_14781\"><o:p id=\"yui_3_16_0_ym19_1_1470196789831_14782\">&nbsp;<\/o:p><\/span><\/div>\n<div style=\"text-align:justify;text-indent:35.4pt;tab-stops:111.0pt\" id=\"yui_3_16_0_ym19_1_1470196789831_14783\"><b id=\"yui_3_16_0_ym19_1_1470196789831_14784\"><u id=\"yui_3_16_0_ym19_1_1470196789831_14785\"><span style=\"font-size:20.0pt;line-height:115%;font-family:&quot;Arial&quot;,sans-serif\" id=\"yui_3_16_0_ym19_1_1470196789831_14786\">DIVULGUEM ESSA COVARDIA:<\/span><\/u><\/b><span style=\"font-size:16.0pt;line-height:115%;font-family:&quot;Arial&quot;,sans-serif\" id=\"yui_3_16_0_ym19_1_1470196789831_14787\"> GOSTARIA  DE PEDIR A TODOS OS MEUS AMIGOS E LEITORES QUE TIRASSE UM TEMPINHO PARA LER A  PETI\u00c7\u00c3O P\u00daBLICA, AO QUAL SEGUE ABAIXO O LINK. TAL DOCUMENTO REFERE-SE A <b id=\"yui_3_16_0_ym19_1_1470196789831_14788\"><u id=\"yui_3_16_0_ym19_1_1470196789831_14789\">UM ATO DE COVARDIA POR PARTE DA  VOLKSWAGEN DO BRASIL EM COAUTORIA DA ABOLI\u00c7\u00c3O VE\u00cdCULOS (GRUPO AB)<\/u><\/b>  CONTRA ESTE VELHO JORNALISTA. A REFERIDA CONCESSION\u00c1RIA EST\u00c1 ME LESANDO DESDE  FEVEREIRO DE 2013. MEU CARRO FOI BATIDO DENTRO DA OFICINA, FURTARAM ACESS\u00d3RIOS,  TEM PROBLEMAS CAUSADOS POR ELES, AL\u00c9M DE DEFEITOS DE FABRICA\u00c7\u00c3O. O CARRO 0 KM  COMPRADO POR MIM HOJE SE ENCONTRA NA OFICINA DA ABOLI\u00c7\u00c3O VE\u00cdCULOS (CENTRO DE  NITER\u00d3I) <b id=\"yui_3_16_0_ym19_1_1470196789831_14790\"><u id=\"yui_3_16_0_ym19_1_1470196789831_14791\">DESDE 10 DE JUNHO DE 2013<\/u><\/b>,  OU MELHOR, H\u00c1 <b id=\"yui_3_16_0_ym19_1_1470196789831_14792\"><u id=\"yui_3_16_0_ym19_1_1470196789831_14793\">37 MESES, OU SEJA, 3  ANOS E UM M\u00caS.<\/u><\/b> <b id=\"yui_3_16_0_ym19_1_1470196789831_14794\"><u id=\"yui_3_16_0_ym19_1_1470196789831_14795\">TEM APENAS 729  KM RODADOS<\/u><\/b> PARA COMPROVAR O CALV\u00c1RIO TENHO DOCUMENTOS, GRAVA\u00c7\u00d5ES DE  AUDIO E V\u00cdDEO, MAIS DE 600 FOTOGRAFIAS E E-MAILS TROCADOS COM FUNCION\u00c1RIOS DO  BAIXO, M\u00c9DIO E ALTO ESCAL\u00c3O DA EMPRESA. POR FAVOR, ASSINEM O DOCUMENTO PARA QUE  OUTROS CONSUMIDORES N\u00c3O SEJAM LESADOS POR EMPRESAS DESTE N\u00cdVEL.&nbsp; <\/span><a href=\"https:\/\/secure.avaaz.org\/po\/petition\/Aos_Orgaos_de_Defesa_do_Consumidor_e_ao_Poder_Judiciario_JUSTICA_CONTRA_UMA_MARCA_E_SUA_REVENDERORA_QUE_DESCUMPREM_A_LEI\/?lJEcNfb&amp;pv=0\" id=\"yui_3_16_0_ym19_1_1470196789831_14796\"><span style=\"font-size:16.0pt;line-height:115%;font-family:&quot;Arial&quot;,sans-serif\" id=\"yui_3_16_0_ym19_1_1470196789831_14797\">https:\/\/secure.avaaz.org\/po\/petition\/Aos_Orgaos_de_Defesa_do_Consumidor_e_ao_Poder_Judiciario_JUSTICA_CONTRA_UMA_MARCA_E_SUA_REVENDERORA_QUE_DESCUMPREM_A_LEI\/?lJEcNfb&amp;pv=0<\/span><\/a><span style=\"font-size:16.0pt;line-height:115%;font-family:&quot;Arial&quot;,sans-serif\" id=\"yui_3_16_0_ym19_1_1470196789831_14798\"><o:p id=\"yui_3_16_0_ym19_1_1470196789831_14799\"><\/o:p><\/span><\/div>\n<div style=\"text-align:justify;tab-stops:111.0pt\" id=\"yui_3_16_0_ym19_1_1470196789831_14800\"><span style=\"font-size:16.0pt;line-height:115%;font-family:&quot;Arial&quot;,sans-serif\" id=\"yui_3_16_0_ym19_1_1470196789831_14801\"><o:p id=\"yui_3_16_0_ym19_1_1470196789831_14802\">&nbsp;<\/o:p><\/span><\/div>\n<div style=\"text-align:justify;tab-stops:111.0pt\" id=\"yui_3_16_0_ym19_1_1470196789831_14803\"><b id=\"yui_3_16_0_ym19_1_1470196789831_14804\"><span style=\"font-size:16.0pt;line-height:115%;font-family:&quot;Arial&quot;,sans-serif\" id=\"yui_3_16_0_ym19_1_1470196789831_14805\">&nbsp;&nbsp;&nbsp;&nbsp;&nbsp;&nbsp;&nbsp;&nbsp;&nbsp;&nbsp;&nbsp;&nbsp;&nbsp;&nbsp;&nbsp;&nbsp;&nbsp;&nbsp;&nbsp;&nbsp;&nbsp;&nbsp;&nbsp;&nbsp; &nbsp;&nbsp;&nbsp;&nbsp;&nbsp;&nbsp; <o:p id=\"yui_3_16_0_ym19_1_1470196789831_14806\"><\/o:p><\/span><\/b><\/div>\n<div id=\"yui_3_16_0_ym19_1_1470196789831_14653\">                                            <\/div>\n<div style=\"text-align:justify\" dir=\"ltr\" id=\"yui_3_16_0_ym19_1_1470196789831_14807\"><b id=\"yui_3_16_0_ym19_1_1470196789831_14808\"><span style=\"font-size:14.0pt;line-height:115%;font-family:&quot;Arial&quot;,sans-serif\" id=\"yui_3_16_0_ym19_1_1470196789831_14809\">AP\u00d3S  AS TODAS AS PARTIDAS DO VASC\u00c3O EM MEU PERFIL DO FACEBOOK (QUEM QUISER RECEBER  AS CR\u00d4NICAS DE PRIMEIRA M\u00c3O \u00c9 S\u00d3 ME ADICIONAR), E NOS SITES WEBVASCO  (<a href=\"http:\/\/www.webvasco.com\">www.webvasco.com<\/a>), E VASCA\u00cdNOS UNIDOS (<a href=\"http:\/\/www.vascainosunidos.com.br\">www.vascainosunidos.com.br<\/a>) TEM A  OPINI\u00c3O DO JORNALISTA LUIZ CARLOS ROCHA. LEIAM! COMPARTILHEM E CURTAM!  VASCA\u00cdNOS UNIDOS JAMAIS SER\u00c3O VENCIDOS.<o:p id=\"yui_3_16_0_ym19_1_1470196789831_14810\"><\/o:p><\/span><\/b><\/div>\n<div id=\"yui_3_16_0_ym19_1_1470196789831_14811\"><span><br \/><\/span><\/div>\n<div><span><br \/><\/span><\/div>\n<div><span><br \/><\/span><\/div>\n<div><\/div>\n<div id=\"yui_3_16_0_ym19_1_1470196789831_14652\">&nbsp;<\/div>\n<div class=\"signature\" id=\"yui_3_16_0_ym19_1_1470196789831_14563\">\n<div id=\"RTEContent\">\n<div id=\"yui_3_16_0_ym19_1_1470196789831_14562\">\n<div id=\"yui_3_16_0_ym19_1_1470196789831_14561\">\n<div id=\"yui_3_16_0_ym19_1_1470196789831_14560\">\n<div align=\"center\" id=\"yui_3_16_0_ym19_1_1470196789831_14559\"><\/div>\n<\/div>\n<\/div>\n<\/div>\n<\/div>\n<\/div>\n<\/div>\n<\/div>\n<p><\/p>\n","protected":false},"excerpt":{"rendered":"<p>O duelo entre Vasco da Gama e Cear\u00e1, hoje, no Est\u00e1dio Governador Pl\u00e1cido Castelo, popularmente&#8230;<\/p>\n","protected":false},"author":7,"featured_media":0,"comment_status":"open","ping_status":"closed","sticky":false,"template":"","format":"standard","meta":{"footnotes":""},"categories":[4],"tags":[],"class_list":["post-7871","post","type-post","status-publish","format-standard","hentry","category-luizcarlosrocha"],"_links":{"self":[{"href":"https:\/\/webvasco.com\/artigos\/wp-json\/wp\/v2\/posts\/7871","targetHints":{"allow":["GET"]}}],"collection":[{"href":"https:\/\/webvasco.com\/artigos\/wp-json\/wp\/v2\/posts"}],"about":[{"href":"https:\/\/webvasco.com\/artigos\/wp-json\/wp\/v2\/types\/post"}],"author":[{"embeddable":true,"href":"https:\/\/webvasco.com\/artigos\/wp-json\/wp\/v2\/users\/7"}],"replies":[{"embeddable":true,"href":"https:\/\/webvasco.com\/artigos\/wp-json\/wp\/v2\/comments?post=7871"}],"version-history":[{"count":0,"href":"https:\/\/webvasco.com\/artigos\/wp-json\/wp\/v2\/posts\/7871\/revisions"}],"wp:attachment":[{"href":"https:\/\/webvasco.com\/artigos\/wp-json\/wp\/v2\/media?parent=7871"}],"wp:term":[{"taxonomy":"category","embeddable":true,"href":"https:\/\/webvasco.com\/artigos\/wp-json\/wp\/v2\/categories?post=7871"},{"taxonomy":"post_tag","embeddable":true,"href":"https:\/\/webvasco.com\/artigos\/wp-json\/wp\/v2\/tags?post=7871"}],"curies":[{"name":"wp","href":"https:\/\/api.w.org\/{rel}","templated":true}]}}