{"id":7872,"date":"2016-08-21T12:42:42","date_gmt":"2016-08-21T15:42:42","guid":{"rendered":"http:\/\/webvasco.com\/artigos\/?p=7872"},"modified":"2016-08-21T12:48:20","modified_gmt":"2016-08-21T15:48:20","slug":"medalha-de-lata","status":"publish","type":"post","link":"https:\/\/webvasco.com\/artigos\/colunistas\/luizcarlosrocha\/medalha-de-lata\/","title":{"rendered":"MEDALHA DE LATA!"},"content":{"rendered":"<div>\n<div style=\"color:#000; background-color:#fff; font-family:HelveticaNeue-Light, Helvetica Neue Light, Helvetica Neue, Helvetica, Arial, Lucida Grande, sans-serif;font-size:32px\">\n<div style=\"text-align:justify;text-indent:35.4pt;tab-stops:111.0pt\" id=\"yui_3_16_0_ym19_1_1471794096691_4539\"><span style=\"font-size:12.0pt;line-height:115%;font-family:&quot;Arial&quot;,sans-serif\" id=\"yui_3_16_0_ym19_1_1471794096691_4540\">Em  tempo de Olimp\u00edada, e na v\u00e9spera de seu anivers\u00e1rio (118 anos) o Vasco  conquista a MEDALHA DE LATA (ENFERRUJADA), nas modalidades in\u00e9rcia, incompet\u00eancia,  imaturidade e fanfarronice!&nbsp; Ao empatar  com o Sampaio Corr\u00eaa, ontem, no Est\u00e1dio Kleber Andrade, em Cariacica, no  Esp\u00edrito Santo, o Cruzmaltino desperdi\u00e7ou a oportunidade de manter a lideran\u00e7a ainda  mais isolada do Campeonato Brasileiro, S\u00e9rie B.<o:p id=\"yui_3_16_0_ym19_1_1471794096691_4541\"><\/o:p><\/span><\/div>\n<div style=\"text-align:justify;text-indent:35.4pt;tab-stops:111.0pt\" id=\"yui_3_16_0_ym19_1_1471794096691_4542\"><span style=\"font-size:12.0pt;line-height:115%;font-family:&quot;Arial&quot;,sans-serif\" id=\"yui_3_16_0_ym19_1_1471794096691_4543\">A 20\u00aa  Rodada era o momento perfeito, uma vez que houve uma paralisa\u00e7\u00e3o de 20 dias em  fun\u00e7\u00e3o dos Jogos Ol\u00edmpicos. Outro fato predominante \u00e9 que o advers\u00e1rio da tarde  de ontem, \u00e9 o lanterna da competi\u00e7\u00e3o. Portanto, a Comiss\u00e3o T\u00e9cnica teve tempo  suficiente para fazer uma brilhante partida. Mas n\u00e3o fez! Longe disso! Agora \u00e9  pensar no Tupi, s\u00e1bado, em Juiz de Fora, \u00e0s 16h30m.<o:p id=\"yui_3_16_0_ym19_1_1471794096691_4544\"><\/o:p><\/span><\/div>\n<div style=\"text-align:justify;text-indent:35.4pt;tab-stops:111.0pt\" id=\"yui_3_16_0_ym19_1_1471794096691_4545\"><span style=\"font-size:12.0pt;line-height:115%;font-family:&quot;Arial&quot;,sans-serif\" id=\"yui_3_16_0_ym19_1_1471794096691_4546\">O meia  atacante Nen\u00ea, abriu o placar de p\u00eanalti e Heverton descontou. S\u00f3 n\u00e3o viraram  em cima do dito time do amor de da virada, porque o gol de Elias, no final do  jogo foi mal anulado. Seria mais feio ainda! Uma l\u00e1stima. \u00c9 complicado para a  Imensa Torcida Bem Feliz (nem tanto assim) ver o Gigante (algumas vezes an\u00e3o)  se apequenar aos poucos. S\u00e3o anos de m\u00e1 administra\u00e7\u00e3o, que consequentemente  acaba refletindo dentro de campo.<o:p id=\"yui_3_16_0_ym19_1_1471794096691_4547\"><\/o:p><\/span><\/div>\n<div style=\"text-align:justify;text-indent:35.4pt;tab-stops:111.0pt\" id=\"yui_3_16_0_ym19_1_1471794096691_4548\"><span style=\"font-size:12.0pt;line-height:115%;font-family:&quot;Arial&quot;,sans-serif\" id=\"yui_3_16_0_ym19_1_1471794096691_4549\">Assim  como no ano da Copa do Mundo, o Per\u00edodo Ol\u00edmpico para o Vasco ser\u00e1 apagado.  Todas as modalidades n\u00e3o merecem medalhas. Talvez merdalhas! Podium s\u00f3 de for a  gasolina dos carr\u00f5es dos cartolas que sugam cada vez mais do Vasco, a fim de  passearem com as fam\u00edlias \u2013 sem nenhuma consci\u00eancia \u2013 pelos melhores lugares do  mundo. A tocha? Ah, a tocha&#8230; &nbsp;Essa sim,  se o torcedor n\u00e3o cobrar a\u00e7\u00f5es contundentes de cronologia de urg\u00eancia, todos  n\u00f3s sabemos onde vai ser enfiada! <o:p id=\"yui_3_16_0_ym19_1_1471794096691_4550\"><\/o:p><\/span><\/div>\n<div style=\"text-align:justify;text-indent:35.4pt;tab-stops:147.0pt\" id=\"yui_3_16_0_ym19_1_1471794096691_4551\"><span style=\"font-size:12.0pt;line-height:115%;font-family:&quot;Arial&quot;,sans-serif\" id=\"yui_3_16_0_ym19_1_1471794096691_4552\"><o:p id=\"yui_3_16_0_ym19_1_1471794096691_4553\">&nbsp;<\/o:p><\/span><\/div>\n<div style=\"text-align:justify;text-indent:35.4pt;tab-stops:147.0pt\" id=\"yui_3_16_0_ym19_1_1471794096691_4554\"><span style=\"font-size:12.0pt;line-height:115%;font-family:&quot;Arial&quot;,sans-serif\" id=\"yui_3_16_0_ym19_1_1471794096691_4555\"><o:p id=\"yui_3_16_0_ym19_1_1471794096691_4556\">&nbsp;<\/o:p><\/span><\/div>\n<div style=\"text-align:justify;text-indent:35.4pt;tab-stops:111.0pt\" id=\"yui_3_16_0_ym19_1_1471794096691_4557\"><b id=\"yui_3_16_0_ym19_1_1471794096691_4558\"><u id=\"yui_3_16_0_ym19_1_1471794096691_4559\"><span style=\"font-size:20.0pt;line-height:115%;font-family:&quot;Arial&quot;,sans-serif\" id=\"yui_3_16_0_ym19_1_1471794096691_4560\">DIVULGUEM ESSA COVARDIA:<\/span><\/u><\/b><span style=\"font-size:16.0pt;line-height:115%;font-family:&quot;Arial&quot;,sans-serif\" id=\"yui_3_16_0_ym19_1_1471794096691_4561\"> GOSTARIA  DE PEDIR A TODOS OS MEUS AMIGOS E LEITORES QUE TIRASSE UM TEMPINHO PARA LER A  PETI\u00c7\u00c3O P\u00daBLICA, AO QUAL SEGUE ABAIXO O LINK. TAL DOCUMENTO REFERE-SE A <b id=\"yui_3_16_0_ym19_1_1471794096691_4562\"><u id=\"yui_3_16_0_ym19_1_1471794096691_4563\">UM ATO DE COVARDIA POR PARTE DA  VOLKSWAGEN DO BRASIL EM COAUTORIA DA ABOLI\u00c7\u00c3O VE\u00cdCULOS (GRUPO AB)<\/u><\/b>  CONTRA ESTE VELHO JORNALISTA. A REFERIDA CONCESSION\u00c1RIA EST\u00c1 ME LESANDO DESDE  FEVEREIRO DE 2013. MEU CARRO FOI BATIDO DENTRO DA OFICINA, FURTARAM ACESS\u00d3RIOS,  TEM PROBLEMAS CAUSADOS POR ELES, AL\u00c9M DE DEFEITOS DE FABRICA\u00c7\u00c3O. O CARRO 0 KM  COMPRADO POR MIM HOJE SE ENCONTRA NA OFICINA DA ABOLI\u00c7\u00c3O VE\u00cdCULOS (CENTRO DE  NITER\u00d3I) <b id=\"yui_3_16_0_ym19_1_1471794096691_4564\"><u id=\"yui_3_16_0_ym19_1_1471794096691_4565\">DESDE 10 DE JUNHO DE 2013<\/u><\/b>,  OU MELHOR, H\u00c1 <b id=\"yui_3_16_0_ym19_1_1471794096691_4566\"><u id=\"yui_3_16_0_ym19_1_1471794096691_4567\">38 MESES, OU SEJA, 3  ANOS E DOIS MESES.<\/u><\/b> <b id=\"yui_3_16_0_ym19_1_1471794096691_4568\"><u id=\"yui_3_16_0_ym19_1_1471794096691_4569\">TEM APENAS  729 KM RODADOS<\/u><\/b> PARA COMPROVAR O CALV\u00c1RIO TENHO DOCUMENTOS, GRAVA\u00c7\u00d5ES DE  AUDIO E V\u00cdDEO, MAIS DE 600 FOTOGRAFIAS E E-MAILS TROCADOS COM FUNCION\u00c1RIOS DO  BAIXO, M\u00c9DIO E ALTO ESCAL\u00c3O DA EMPRESA. POR FAVOR, ASSINEM O DOCUMENTO PARA QUE  OUTROS CONSUMIDORES N\u00c3O SEJAM LESADOS POR EMPRESAS DESTE N\u00cdVEL.&nbsp; <\/span><a href=\"https:\/\/secure.avaaz.org\/po\/petition\/Aos_Orgaos_de_Defesa_do_Consumidor_e_ao_Poder_Judiciario_JUSTICA_CONTRA_UMA_MARCA_E_SUA_REVENDERORA_QUE_DESCUMPREM_A_LEI\/?lJEcNfb&amp;pv=0\" id=\"yui_3_16_0_ym19_1_1471794096691_4570\"><span style=\"font-size:16.0pt;line-height:115%;font-family:&quot;Arial&quot;,sans-serif\" id=\"yui_3_16_0_ym19_1_1471794096691_4571\">https:\/\/secure.avaaz.org\/po\/petition\/Aos_Orgaos_de_Defesa_do_Consumidor_e_ao_Poder_Judiciario_JUSTICA_CONTRA_UMA_MARCA_E_SUA_REVENDERORA_QUE_DESCUMPREM_A_LEI\/?lJEcNfb&amp;pv=0<\/span><\/a><span style=\"font-size:16.0pt;line-height:115%;font-family:&quot;Arial&quot;,sans-serif\" id=\"yui_3_16_0_ym19_1_1471794096691_4572\"><o:p id=\"yui_3_16_0_ym19_1_1471794096691_4573\"><\/o:p><\/span><\/div>\n<div style=\"text-align:justify;tab-stops:111.0pt\" id=\"yui_3_16_0_ym19_1_1471794096691_4574\"><span style=\"font-size:16.0pt;line-height:115%;font-family:&quot;Arial&quot;,sans-serif\" id=\"yui_3_16_0_ym19_1_1471794096691_4575\"><o:p id=\"yui_3_16_0_ym19_1_1471794096691_4576\">&nbsp;<\/o:p><\/span><\/div>\n<div style=\"text-align:justify;tab-stops:111.0pt\" id=\"yui_3_16_0_ym19_1_1471794096691_4577\"><b id=\"yui_3_16_0_ym19_1_1471794096691_4578\"><span style=\"font-size:16.0pt;line-height:115%;font-family:&quot;Arial&quot;,sans-serif\" id=\"yui_3_16_0_ym19_1_1471794096691_4579\">&nbsp;&nbsp;&nbsp;&nbsp;&nbsp;&nbsp;&nbsp;&nbsp;&nbsp;&nbsp;&nbsp;&nbsp;&nbsp;&nbsp;&nbsp;&nbsp;&nbsp;&nbsp;&nbsp;&nbsp;&nbsp;&nbsp;&nbsp;&nbsp; &nbsp;&nbsp;&nbsp;&nbsp;&nbsp;&nbsp; <o:p id=\"yui_3_16_0_ym19_1_1471794096691_4580\"><\/o:p><\/span><\/b><\/div>\n<div id=\"yui_3_16_0_ym19_1_1471794096691_4415\">                                    <\/div>\n<div style=\"text-align:justify\" dir=\"ltr\" id=\"yui_3_16_0_ym19_1_1471794096691_4581\"><b id=\"yui_3_16_0_ym19_1_1471794096691_4582\"><span style=\"font-size:14.0pt;line-height:115%;font-family:&quot;Arial&quot;,sans-serif\" id=\"yui_3_16_0_ym19_1_1471794096691_4583\">AP\u00d3S  AS TODAS AS PARTIDAS DO VASC\u00c3O EM MEU PERFIL DO FACEBOOK (QUEM QUISER RECEBER  AS CR\u00d4NICAS DE PRIMEIRA M\u00c3O \u00c9 S\u00d3 ME ADICIONAR), E NOS SITES WEBVASCO  (<a href=\"http:\/\/www.webvasco.com\">www.webvasco.com<\/a>), E VASCA\u00cdNOS UNIDOS (<a href=\"http:\/\/www.vascainosunidos.com.br\">www.vascainosunidos.com.br<\/a>) TEM A  OPINI\u00c3O DO JORNALISTA LUIZ CARLOS ROCHA. LEIAM! COMPARTILHEM E CURTAM!  VASCA\u00cdNOS UNIDOS JAMAIS SER\u00c3O VENCIDOS.<o:p id=\"yui_3_16_0_ym19_1_1471794096691_4584\"><\/o:p><\/span><\/b><\/div>\n<div id=\"yui_3_16_0_ym19_1_1471794096691_4414\"><span><br \/><\/span><\/div>\n<div id=\"yui_3_16_0_ym19_1_1471794096691_4413\"><span><br \/><\/span><\/div>\n<div><\/div>\n<div id=\"yui_3_16_0_ym19_1_1471794096691_4359\">&nbsp;<\/div>\n<div class=\"signature\" id=\"yui_3_16_0_ym19_1_1471794096691_4353\">\n<div id=\"RTEContent\">\n<div id=\"yui_3_16_0_ym19_1_1471794096691_4352\">\n<div id=\"yui_3_16_0_ym19_1_1471794096691_4351\">\n<div id=\"yui_3_16_0_ym19_1_1471794096691_4350\">\n<div align=\"center\" id=\"yui_3_16_0_ym19_1_1471794096691_4358\"><\/div>\n<\/div>\n<\/div>\n<\/div>\n<\/div>\n<\/div>\n<\/div>\n<\/div>\n<p><\/p>\n","protected":false},"excerpt":{"rendered":"<p>Em tempo de Olimp\u00edada, e na v\u00e9spera de seu anivers\u00e1rio (118 anos) o Vasco conquista&#8230;<\/p>\n","protected":false},"author":7,"featured_media":0,"comment_status":"open","ping_status":"closed","sticky":false,"template":"","format":"standard","meta":{"footnotes":""},"categories":[4],"tags":[],"class_list":["post-7872","post","type-post","status-publish","format-standard","hentry","category-luizcarlosrocha"],"_links":{"self":[{"href":"https:\/\/webvasco.com\/artigos\/wp-json\/wp\/v2\/posts\/7872","targetHints":{"allow":["GET"]}}],"collection":[{"href":"https:\/\/webvasco.com\/artigos\/wp-json\/wp\/v2\/posts"}],"about":[{"href":"https:\/\/webvasco.com\/artigos\/wp-json\/wp\/v2\/types\/post"}],"author":[{"embeddable":true,"href":"https:\/\/webvasco.com\/artigos\/wp-json\/wp\/v2\/users\/7"}],"replies":[{"embeddable":true,"href":"https:\/\/webvasco.com\/artigos\/wp-json\/wp\/v2\/comments?post=7872"}],"version-history":[{"count":0,"href":"https:\/\/webvasco.com\/artigos\/wp-json\/wp\/v2\/posts\/7872\/revisions"}],"wp:attachment":[{"href":"https:\/\/webvasco.com\/artigos\/wp-json\/wp\/v2\/media?parent=7872"}],"wp:term":[{"taxonomy":"category","embeddable":true,"href":"https:\/\/webvasco.com\/artigos\/wp-json\/wp\/v2\/categories?post=7872"},{"taxonomy":"post_tag","embeddable":true,"href":"https:\/\/webvasco.com\/artigos\/wp-json\/wp\/v2\/tags?post=7872"}],"curies":[{"name":"wp","href":"https:\/\/api.w.org\/{rel}","templated":true}]}}