{"id":7873,"date":"2016-08-21T16:25:19","date_gmt":"2016-08-21T19:25:19","guid":{"rendered":"http:\/\/webvasco.com\/artigos\/?p=7873"},"modified":"2016-08-21T16:25:56","modified_gmt":"2016-08-21T19:25:56","slug":"118-anos-de-vida","status":"publish","type":"post","link":"https:\/\/webvasco.com\/artigos\/colunistas\/luizcarlosrocha\/118-anos-de-vida\/","title":{"rendered":"118 ANOS DE VIDA!"},"content":{"rendered":"<div>\n<div style=\"color:#000; background-color:#fff; font-family:HelveticaNeue-Light, Helvetica Neue Light, Helvetica Neue, Helvetica, Arial, Lucida Grande, sans-serif;font-size:32px\">\n<div style=\"text-align:justify;text-indent:35.4pt;tab-stops:111.0pt\" id=\"yui_3_16_0_ym19_1_1471794096691_30110\"><span style=\"font-size:12.0pt;line-height:115%;font-family:&quot;Arial&quot;,sans-serif\" id=\"yui_3_16_0_ym19_1_1471794096691_30111\">Vencer,  verdade, virtude, valente, viver&#8230; S\u00e3o v\u00e1rias as palavras que come\u00e7am com a  letra V. Por\u00e9m, o nome Vasco da Gama \u00e9 quem faz justamente o sangue correr nas  veias (tamb\u00e9m come\u00e7ado pela V) e chegar at\u00e9 o cora\u00e7\u00e3o. <o:p id=\"yui_3_16_0_ym19_1_1471794096691_30112\"><\/o:p><\/span><\/div>\n<div style=\"text-align:justify;text-indent:35.4pt;tab-stops:111.0pt\" id=\"yui_3_16_0_ym19_1_1471794096691_30113\"><span style=\"font-size:12.0pt;line-height:115%;font-family:&quot;Arial&quot;,sans-serif\" id=\"yui_3_16_0_ym19_1_1471794096691_30114\">Ver\u00eddico!  \u00c9 com o lado esquerdo do peito que aprendemos a amar esse clube fant\u00e1stico. De  gl\u00f3rias, conquistas, e, sobretudo, de lutas. Desde 1898 somos discriminados e  menosprezados pela sociedade futebol\u00edstica. Ao inv\u00e9s de reclamar ou fazer  balb\u00fardias como forma de protestos, fizemos melhor.<o:p id=\"yui_3_16_0_ym19_1_1471794096691_30115\"><\/o:p><\/span><\/div>\n<div style=\"text-align:justify;text-indent:35.4pt;tab-stops:111.0pt\" id=\"yui_3_16_0_ym19_1_1471794096691_30116\"><span style=\"font-size:12.0pt;line-height:115%;font-family:&quot;Arial&quot;,sans-serif\" id=\"yui_3_16_0_ym19_1_1471794096691_30117\">Vagamente,  ponto a ponto, fomos conquistando espa\u00e7os. Mostrando a for\u00e7a de um Gigante!  Erguemos uma casa com recursos pr\u00f3prios, da iniciativa privada, sem qualquer  ajuda governamental, e com m\u00e3o-de-obra dos pr\u00f3prios torcedores. Fomos os  pioneiros a abrigar em nossas depend\u00eancias negros, pobres e oper\u00e1rios. <o:p id=\"yui_3_16_0_ym19_1_1471794096691_30118\"><\/o:p><\/span><\/div>\n<div style=\"text-align:justify;text-indent:35.4pt;tab-stops:111.0pt\" id=\"yui_3_16_0_ym19_1_1471794096691_30119\"><span style=\"font-size:12.0pt;line-height:115%;font-family:&quot;Arial&quot;,sans-serif\" id=\"yui_3_16_0_ym19_1_1471794096691_30120\">Vantagem?  Sim, muitas. Tendo como base o car\u00e1ter e a moral, sempre galgamos patamares mais  altos. Por isso que somos campe\u00f5es de quase tudo o que disputamos. O Povo do  Gueto \u2013 n\u00e3o sabe ler, tampouco interpretar, mas se soubesse- diria: \u201cN\u00f3s  ganhamos tudo\u201d. Toda verdade absoluta \u00e9 burra. N\u00f3s, vasca\u00ednos, aprendemos ao  longo desses 118 anos que ganhar e perder faz parte do jogo!<o:p id=\"yui_3_16_0_ym19_1_1471794096691_30121\"><\/o:p><\/span><\/div>\n<div style=\"text-align:justify;text-indent:35.4pt;tab-stops:111.0pt\" id=\"yui_3_16_0_ym19_1_1471794096691_30122\"><span style=\"font-size:12.0pt;line-height:115%;font-family:&quot;Arial&quot;,sans-serif\" id=\"yui_3_16_0_ym19_1_1471794096691_30123\">Votos  de Felicidades \u00e9 o que desejo ao Mach\u00e3o da Gama! Pois saber ser guerreiro e  sens\u00edvel n\u00e3o \u00e9 para qualquer institui\u00e7\u00e3o. O Vasco \u00e9 muito mais do que um time  da virada e do amor. \u00c9 um clube de valor infinito que o sentimento n\u00e3o pode  parar. <o:p id=\"yui_3_16_0_ym19_1_1471794096691_30124\"><\/o:p><\/span><\/div>\n<div style=\"text-align:justify;text-indent:35.4pt;tab-stops:111.0pt\" id=\"yui_3_16_0_ym19_1_1471794096691_30125\"><span style=\"font-size:12.0pt;line-height:115%;font-family:&quot;Arial&quot;,sans-serif\" id=\"yui_3_16_0_ym19_1_1471794096691_30126\">Vamos  todos cantar de cora\u00e7\u00e3o, a Cruz de Malta \u00e9 o meu pend\u00e3o&#8230;<o:p id=\"yui_3_16_0_ym19_1_1471794096691_30127\"><\/o:p><\/span><\/div>\n<div style=\"text-align:justify;text-indent:35.4pt;tab-stops:147.0pt\" id=\"yui_3_16_0_ym19_1_1471794096691_30128\"><span style=\"font-size:12.0pt;line-height:115%;font-family:&quot;Arial&quot;,sans-serif\" id=\"yui_3_16_0_ym19_1_1471794096691_30129\"><o:p id=\"yui_3_16_0_ym19_1_1471794096691_30130\">&nbsp;<\/o:p><\/span><\/div>\n<div style=\"text-align:justify;text-indent:35.4pt;tab-stops:147.0pt\" id=\"yui_3_16_0_ym19_1_1471794096691_30131\"><span style=\"font-size:12.0pt;line-height:115%;font-family:&quot;Arial&quot;,sans-serif\" id=\"yui_3_16_0_ym19_1_1471794096691_30132\"><o:p id=\"yui_3_16_0_ym19_1_1471794096691_30133\">&nbsp;<\/o:p><\/span><\/div>\n<div style=\"text-align:justify;text-indent:35.4pt;tab-stops:111.0pt\" id=\"yui_3_16_0_ym19_1_1471794096691_30134\"><b id=\"yui_3_16_0_ym19_1_1471794096691_30135\"><u id=\"yui_3_16_0_ym19_1_1471794096691_30136\"><span style=\"font-size:20.0pt;line-height:115%;font-family:&quot;Arial&quot;,sans-serif\" id=\"yui_3_16_0_ym19_1_1471794096691_30137\">DIVULGUEM ESSA COVARDIA:<\/span><\/u><\/b><span style=\"font-size:16.0pt;line-height:115%;font-family:&quot;Arial&quot;,sans-serif\" id=\"yui_3_16_0_ym19_1_1471794096691_30138\"> GOSTARIA  DE PEDIR A TODOS OS MEUS AMIGOS E LEITORES QUE TIRASSE UM TEMPINHO PARA LER A  PETI\u00c7\u00c3O P\u00daBLICA, AO QUAL SEGUE ABAIXO O LINK. TAL DOCUMENTO REFERE-SE A <b id=\"yui_3_16_0_ym19_1_1471794096691_30139\"><u id=\"yui_3_16_0_ym19_1_1471794096691_30140\">UM ATO DE COVARDIA POR PARTE DA  VOLKSWAGEN DO BRASIL EM COAUTORIA DA ABOLI\u00c7\u00c3O VE\u00cdCULOS (GRUPO AB)<\/u><\/b>  CONTRA ESTE VELHO JORNALISTA. A REFERIDA CONCESSION\u00c1RIA EST\u00c1 ME LESANDO DESDE  FEVEREIRO DE 2013. MEU CARRO FOI BATIDO DENTRO DA OFICINA, FURTARAM ACESS\u00d3RIOS,  TEM PROBLEMAS CAUSADOS POR ELES, AL\u00c9M DE DEFEITOS DE FABRICA\u00c7\u00c3O. O CARRO 0 KM  COMPRADO POR MIM HOJE SE ENCONTRA NA OFICINA DA ABOLI\u00c7\u00c3O VE\u00cdCULOS (CENTRO DE  NITER\u00d3I) <b id=\"yui_3_16_0_ym19_1_1471794096691_30141\"><u id=\"yui_3_16_0_ym19_1_1471794096691_30142\">DESDE 10 DE JUNHO DE 2013<\/u><\/b>,  OU MELHOR, H\u00c1 <b id=\"yui_3_16_0_ym19_1_1471794096691_30143\"><u id=\"yui_3_16_0_ym19_1_1471794096691_30144\">38 MESES, OU SEJA, 3  ANOS E DOIS MESES.<\/u><\/b> <b id=\"yui_3_16_0_ym19_1_1471794096691_30145\"><u id=\"yui_3_16_0_ym19_1_1471794096691_30146\">TEM APENAS  729 KM RODADOS<\/u><\/b> PARA COMPROVAR O CALV\u00c1RIO TENHO DOCUMENTOS, GRAVA\u00c7\u00d5ES DE  AUDIO E V\u00cdDEO, MAIS DE 600 FOTOGRAFIAS E E-MAILS TROCADOS COM FUNCION\u00c1RIOS DO  BAIXO, M\u00c9DIO E ALTO ESCAL\u00c3O DA EMPRESA. POR FAVOR, ASSINEM O DOCUMENTO PARA QUE  OUTROS CONSUMIDORES N\u00c3O SEJAM LESADOS POR EMPRESAS DESTE N\u00cdVEL.&nbsp; <\/span><a href=\"https:\/\/secure.avaaz.org\/po\/petition\/Aos_Orgaos_de_Defesa_do_Consumidor_e_ao_Poder_Judiciario_JUSTICA_CONTRA_UMA_MARCA_E_SUA_REVENDERORA_QUE_DESCUMPREM_A_LEI\/?lJEcNfb&amp;pv=0\" id=\"yui_3_16_0_ym19_1_1471794096691_30147\"><span style=\"font-size:16.0pt;line-height:115%;font-family:&quot;Arial&quot;,sans-serif\" id=\"yui_3_16_0_ym19_1_1471794096691_30148\">https:\/\/secure.avaaz.org\/po\/petition\/Aos_Orgaos_de_Defesa_do_Consumidor_e_ao_Poder_Judiciario_JUSTICA_CONTRA_UMA_MARCA_E_SUA_REVENDERORA_QUE_DESCUMPREM_A_LEI\/?lJEcNfb&amp;pv=0<\/span><\/a><span style=\"font-size:16.0pt;line-height:115%;font-family:&quot;Arial&quot;,sans-serif\" id=\"yui_3_16_0_ym19_1_1471794096691_30149\"><o:p id=\"yui_3_16_0_ym19_1_1471794096691_30150\"><\/o:p><\/span><\/div>\n<div style=\"text-align:justify;tab-stops:111.0pt\" id=\"yui_3_16_0_ym19_1_1471794096691_30151\"><span style=\"font-size:16.0pt;line-height:115%;font-family:&quot;Arial&quot;,sans-serif\" id=\"yui_3_16_0_ym19_1_1471794096691_30152\"><o:p id=\"yui_3_16_0_ym19_1_1471794096691_30153\">&nbsp;<\/o:p><\/span><\/div>\n<div style=\"text-align:justify;tab-stops:111.0pt\" id=\"yui_3_16_0_ym19_1_1471794096691_30154\"><b id=\"yui_3_16_0_ym19_1_1471794096691_30155\"><span style=\"font-size:16.0pt;line-height:115%;font-family:&quot;Arial&quot;,sans-serif\" id=\"yui_3_16_0_ym19_1_1471794096691_30156\">&nbsp;&nbsp;&nbsp;&nbsp;&nbsp;&nbsp;&nbsp;&nbsp;&nbsp;&nbsp;&nbsp;&nbsp;&nbsp;&nbsp;&nbsp;&nbsp;&nbsp;&nbsp;&nbsp;&nbsp;&nbsp;&nbsp;&nbsp;&nbsp; &nbsp;&nbsp;&nbsp;&nbsp;&nbsp;&nbsp; <o:p id=\"yui_3_16_0_ym19_1_1471794096691_30157\"><\/o:p><\/span><\/b><\/div>\n<div id=\"yui_3_16_0_ym19_1_1471794096691_29950\">                                            <\/div>\n<div style=\"text-align:justify\" dir=\"ltr\" id=\"yui_3_16_0_ym19_1_1471794096691_30158\"><b id=\"yui_3_16_0_ym19_1_1471794096691_30159\"><span style=\"font-size:14.0pt;line-height:115%;font-family:&quot;Arial&quot;,sans-serif\" id=\"yui_3_16_0_ym19_1_1471794096691_30160\">AP\u00d3S  AS TODAS AS PARTIDAS DO VASC\u00c3O EM MEU PERFIL DO FACEBOOK (QUEM QUISER RECEBER  AS CR\u00d4NICAS DE PRIMEIRA M\u00c3O \u00c9 S\u00d3 ME ADICIONAR), E NOS SITES WEBVASCO  (<a href=\"http:\/\/www.webvasco.com\">www.webvasco.com<\/a>), E VASCA\u00cdNOS UNIDOS (<a href=\"http:\/\/www.vascainosunidos.com.br\">www.vascainosunidos.com.br<\/a>) TEM A  OPINI\u00c3O DO JORNALISTA LUIZ CARLOS ROCHA. LEIAM! COMPARTILHEM E CURTAM!  VASCA\u00cdNOS UNIDOS JAMAIS SER\u00c3O VENCIDOS.<o:p id=\"yui_3_16_0_ym19_1_1471794096691_30161\"><\/o:p><\/span><\/b><\/div>\n<div id=\"yui_3_16_0_ym19_1_1471794096691_29916\"><span><br \/><\/span><\/div>\n<div id=\"yui_3_16_0_ym19_1_1471794096691_29917\"><span><br \/><\/span><\/div>\n<div><\/div>\n<div id=\"yui_3_16_0_ym19_1_1471794096691_29878\">&nbsp;<\/div>\n<div class=\"signature\" id=\"yui_3_16_0_ym19_1_1471794096691_29883\">\n<div id=\"RTEContent\">\n<div id=\"yui_3_16_0_ym19_1_1471794096691_29882\">\n<div id=\"yui_3_16_0_ym19_1_1471794096691_29881\">\n<div id=\"yui_3_16_0_ym19_1_1471794096691_29880\">\n<div align=\"center\" id=\"yui_3_16_0_ym19_1_1471794096691_29879\"><\/div>\n<\/div>\n<\/div>\n<\/div>\n<\/div>\n<\/div>\n<\/div>\n<\/div>\n<p><\/p>\n","protected":false},"excerpt":{"rendered":"<p>Vencer, verdade, virtude, valente, viver&#8230; S\u00e3o v\u00e1rias as palavras que come\u00e7am com a letra V&#8230;.<\/p>\n","protected":false},"author":7,"featured_media":0,"comment_status":"open","ping_status":"closed","sticky":false,"template":"","format":"standard","meta":{"footnotes":""},"categories":[4],"tags":[],"class_list":["post-7873","post","type-post","status-publish","format-standard","hentry","category-luizcarlosrocha"],"_links":{"self":[{"href":"https:\/\/webvasco.com\/artigos\/wp-json\/wp\/v2\/posts\/7873","targetHints":{"allow":["GET"]}}],"collection":[{"href":"https:\/\/webvasco.com\/artigos\/wp-json\/wp\/v2\/posts"}],"about":[{"href":"https:\/\/webvasco.com\/artigos\/wp-json\/wp\/v2\/types\/post"}],"author":[{"embeddable":true,"href":"https:\/\/webvasco.com\/artigos\/wp-json\/wp\/v2\/users\/7"}],"replies":[{"embeddable":true,"href":"https:\/\/webvasco.com\/artigos\/wp-json\/wp\/v2\/comments?post=7873"}],"version-history":[{"count":0,"href":"https:\/\/webvasco.com\/artigos\/wp-json\/wp\/v2\/posts\/7873\/revisions"}],"wp:attachment":[{"href":"https:\/\/webvasco.com\/artigos\/wp-json\/wp\/v2\/media?parent=7873"}],"wp:term":[{"taxonomy":"category","embeddable":true,"href":"https:\/\/webvasco.com\/artigos\/wp-json\/wp\/v2\/categories?post=7873"},{"taxonomy":"post_tag","embeddable":true,"href":"https:\/\/webvasco.com\/artigos\/wp-json\/wp\/v2\/tags?post=7873"}],"curies":[{"name":"wp","href":"https:\/\/api.w.org\/{rel}","templated":true}]}}