{"id":7874,"date":"2016-08-25T23:18:02","date_gmt":"2016-08-26T02:18:02","guid":{"rendered":"http:\/\/webvasco.com\/artigos\/?p=7874"},"modified":"2016-08-25T23:27:48","modified_gmt":"2016-08-26T02:27:48","slug":"agora-fod","status":"publish","type":"post","link":"https:\/\/webvasco.com\/artigos\/colunistas\/luizcarlosrocha\/agora-fod\/","title":{"rendered":"AGORA FOD&#8230;"},"content":{"rendered":"<div>\n<div style=\"color:#000; background-color:#fff; font-family:HelveticaNeue-Light, Helvetica Neue Light, Helvetica Neue, Helvetica, Arial, Lucida Grande, sans-serif;font-size:32px\">\n<div style=\"text-align:justify;text-indent:35.4pt;tab-stops:111.0pt\" id=\"yui_3_16_0_ym19_1_1472177769630_4590\"><span style=\"font-size:12.0pt;line-height:115%;font-family:&quot;Arial&quot;,sans-serif\" id=\"yui_3_16_0_ym19_1_1472177769630_4591\">O  volante Renato representa a letra F. J\u00e1 o atacante Ricardo Oliveira representa  a letra O. Por fim, o meia Lucas Lima simboliza a letra D no alfabeto. Ou seja,  agora FOD&#8230;<o:p id=\"yui_3_16_0_ym19_1_1472177769630_4592\"><\/o:p><\/span><\/div>\n<div style=\"text-align:justify;text-indent:35.4pt;tab-stops:111.0pt\" id=\"yui_3_16_0_ym19_1_1472177769630_4593\"><span style=\"font-size:12.0pt;line-height:115%;font-family:&quot;Arial&quot;,sans-serif\" id=\"yui_3_16_0_ym19_1_1472177769630_4594\">A  partida de ida, pelas Oitavas de Final, da Copa do Brasil, ontem, na Vila  Belmiro, contra o Santos, deixou o Vasco em uma situa\u00e7\u00e3o muito complicada.  Isto, porque, a derrota por 3 a 1 (\u00c9der Lu\u00eds amenizou nos descontos) obrigou o  Cruzmaltino ter de vencer e convencer, dia 21 de setembro, no jogo de volta, em  S\u00e3o Janu\u00e1rio. <o:p id=\"yui_3_16_0_ym19_1_1472177769630_4595\"><\/o:p><\/span><\/div>\n<div style=\"text-align:justify;text-indent:35.4pt;tab-stops:111.0pt\" id=\"yui_3_16_0_ym19_1_1472177769630_4596\"><span style=\"font-size:12.0pt;line-height:115%;font-family:&quot;Arial&quot;,sans-serif\" id=\"yui_3_16_0_ym19_1_1472177769630_4597\">O  Peixe poder\u00e1 perder por 1 a 0, que estar\u00e1 classificado. J\u00e1 o 2 a 0, classificar\u00e1  o Gigante da Colina. A devolu\u00e7\u00e3o do mesmo placar, a vaga ser\u00e1 decidida nos  p\u00eanaltis. Vale lembrar, que o time paulista tem um elenco bem superior.<o:p id=\"yui_3_16_0_ym19_1_1472177769630_4598\"><\/o:p><\/span><\/div>\n<div style=\"text-align:justify;text-indent:35.4pt;tab-stops:111.0pt\" id=\"yui_3_16_0_ym19_1_1472177769630_4599\"><span style=\"font-size:12.0pt;line-height:115%;font-family:&quot;Arial&quot;,sans-serif\" id=\"yui_3_16_0_ym19_1_1472177769630_4600\">Algu\u00e9m  precisa avisar ao treinador Jorginho, que o meia Diguinho n\u00e3o \u00e9 atleta para  vestir a camisa do Vasco da Gama, nem na reserva para compor plantel. Por todos  os times por onde passou comprometeu em partidas decisivas. Ontem, n\u00e3o foi  diferente. Teve participa\u00e7\u00e3o &#8211; ou melhor n\u00e3o teve, n\u00e3o impediu, n\u00e3o fez nada \u2013  negativa nos dois primeiros gols do Santos.<o:p id=\"yui_3_16_0_ym19_1_1472177769630_4601\"><\/o:p><\/span><\/div>\n<div style=\"text-align:justify;text-indent:35.4pt;tab-stops:111.0pt\" id=\"yui_3_16_0_ym19_1_1472177769630_4602\"><span style=\"font-size:12.0pt;line-height:115%;font-family:&quot;Arial&quot;,sans-serif\" id=\"yui_3_16_0_ym19_1_1472177769630_4603\">Curioso  \u00e9 saber que entre os feitos santistas o intervalo foi de exatos seis minutos.  Como um jogador consegue errar tanto em t\u00e3o pouco tempo? Quando Chico Bento  descontou para os cariocas a casa j\u00e1 estava arrombada, de pouca coisa adiantou  o cadeado! Enquanto esta miss\u00e3o (quase) imposs\u00edvel n\u00e3o chega, o compromisso  mais pr\u00f3ximo ser\u00e1 s\u00e1bado, \u00e0s 16h30m, contra o Tupi, em Juiz de Fora, pela 21\u00aa  Rodada, do Campeonato Brasileiro, da S\u00e9rie B.<o:p id=\"yui_3_16_0_ym19_1_1472177769630_4604\"><\/o:p><\/span><\/div>\n<div style=\"text-align:justify;text-indent:35.4pt;tab-stops:147.0pt\" id=\"yui_3_16_0_ym19_1_1472177769630_4605\"><span style=\"font-size:12.0pt;line-height:115%;font-family:&quot;Arial&quot;,sans-serif\" id=\"yui_3_16_0_ym19_1_1472177769630_4606\"><o:p id=\"yui_3_16_0_ym19_1_1472177769630_4607\">&nbsp;<\/o:p><\/span><\/div>\n<div style=\"text-align:justify;text-indent:35.4pt;tab-stops:147.0pt\" id=\"yui_3_16_0_ym19_1_1472177769630_4608\"><span style=\"font-size:12.0pt;line-height:115%;font-family:&quot;Arial&quot;,sans-serif\" id=\"yui_3_16_0_ym19_1_1472177769630_4609\"><o:p id=\"yui_3_16_0_ym19_1_1472177769630_4610\">&nbsp;<\/o:p><\/span><\/div>\n<div style=\"text-align:justify;text-indent:35.4pt;tab-stops:147.0pt\" id=\"yui_3_16_0_ym19_1_1472177769630_4611\"><span style=\"font-size:12.0pt;line-height:115%;font-family:&quot;Arial&quot;,sans-serif\" id=\"yui_3_16_0_ym19_1_1472177769630_4612\"><o:p id=\"yui_3_16_0_ym19_1_1472177769630_4613\">&nbsp;<\/o:p><\/span><\/div>\n<div style=\"text-align:justify;text-indent:35.4pt;tab-stops:111.0pt\" id=\"yui_3_16_0_ym19_1_1472177769630_4614\"><b id=\"yui_3_16_0_ym19_1_1472177769630_4615\"><u id=\"yui_3_16_0_ym19_1_1472177769630_4616\"><span style=\"font-size:20.0pt;line-height:115%;font-family:&quot;Arial&quot;,sans-serif\" id=\"yui_3_16_0_ym19_1_1472177769630_4617\">DIVULGUEM ESSA COVARDIA:<\/span><\/u><\/b><span style=\"font-size:16.0pt;line-height:115%;font-family:&quot;Arial&quot;,sans-serif\" id=\"yui_3_16_0_ym19_1_1472177769630_4618\"> GOSTARIA  DE PEDIR A TODOS OS MEUS AMIGOS E LEITORES QUE TIRASSE UM TEMPINHO PARA LER A  PETI\u00c7\u00c3O P\u00daBLICA, AO QUAL SEGUE ABAIXO O LINK. TAL DOCUMENTO REFERE-SE A <b id=\"yui_3_16_0_ym19_1_1472177769630_4619\"><u id=\"yui_3_16_0_ym19_1_1472177769630_4620\">UM ATO DE COVARDIA POR PARTE DA  VOLKSWAGEN DO BRASIL EM COAUTORIA DA ABOLI\u00c7\u00c3O VE\u00cdCULOS (GRUPO AB)<\/u><\/b>  CONTRA ESTE VELHO JORNALISTA. A REFERIDA CONCESSION\u00c1RIA EST\u00c1 ME LESANDO DESDE  FEVEREIRO DE 2013. MEU CARRO FOI BATIDO DENTRO DA OFICINA, FURTARAM ACESS\u00d3RIOS,  TEM PROBLEMAS CAUSADOS POR ELES, AL\u00c9M DE DEFEITOS DE FABRICA\u00c7\u00c3O. O CARRO 0 KM  COMPRADO POR MIM HOJE SE ENCONTRA NA OFICINA DA ABOLI\u00c7\u00c3O VE\u00cdCULOS (CENTRO DE  NITER\u00d3I) <b id=\"yui_3_16_0_ym19_1_1472177769630_4621\"><u id=\"yui_3_16_0_ym19_1_1472177769630_4622\">DESDE 10 DE JUNHO DE 2013<\/u><\/b>,  OU MELHOR, H\u00c1 <b id=\"yui_3_16_0_ym19_1_1472177769630_4623\"><u id=\"yui_3_16_0_ym19_1_1472177769630_4624\">38 MESES, OU SEJA, 3  ANOS E DOIS MESES.<\/u><\/b> <b id=\"yui_3_16_0_ym19_1_1472177769630_4625\"><u id=\"yui_3_16_0_ym19_1_1472177769630_4626\">TEM APENAS  729 KM RODADOS<\/u><\/b> PARA COMPROVAR O CALV\u00c1RIO TENHO DOCUMENTOS, GRAVA\u00c7\u00d5ES DE  AUDIO E V\u00cdDEO, MAIS DE 600 FOTOGRAFIAS E E-MAILS TROCADOS COM FUNCION\u00c1RIOS DO  BAIXO, M\u00c9DIO E ALTO ESCAL\u00c3O DA EMPRESA. POR FAVOR, ASSINEM O DOCUMENTO PARA QUE  OUTROS CONSUMIDORES N\u00c3O SEJAM LESADOS POR EMPRESAS DESTE N\u00cdVEL.&nbsp; <\/span><a href=\"https:\/\/secure.avaaz.org\/po\/petition\/Aos_Orgaos_de_Defesa_do_Consumidor_e_ao_Poder_Judiciario_JUSTICA_CONTRA_UMA_MARCA_E_SUA_REVENDERORA_QUE_DESCUMPREM_A_LEI\/?lJEcNfb&amp;pv=0\" id=\"yui_3_16_0_ym19_1_1472177769630_4627\"><span style=\"font-size:16.0pt;line-height:115%;font-family:&quot;Arial&quot;,sans-serif\" id=\"yui_3_16_0_ym19_1_1472177769630_4628\">https:\/\/secure.avaaz.org\/po\/petition\/Aos_Orgaos_de_Defesa_do_Consumidor_e_ao_Poder_Judiciario_JUSTICA_CONTRA_UMA_MARCA_E_SUA_REVENDERORA_QUE_DESCUMPREM_A_LEI\/?lJEcNfb&amp;pv=0<\/span><\/a><span style=\"font-size:16.0pt;line-height:115%;font-family:&quot;Arial&quot;,sans-serif\" id=\"yui_3_16_0_ym19_1_1472177769630_4629\"><o:p id=\"yui_3_16_0_ym19_1_1472177769630_4630\"><\/o:p><\/span><\/div>\n<div style=\"text-align:justify;tab-stops:111.0pt\" id=\"yui_3_16_0_ym19_1_1472177769630_4631\"><span style=\"font-size:16.0pt;line-height:115%;font-family:&quot;Arial&quot;,sans-serif\" id=\"yui_3_16_0_ym19_1_1472177769630_4632\"><o:p id=\"yui_3_16_0_ym19_1_1472177769630_4633\">&nbsp;<\/o:p><\/span><\/div>\n<div style=\"text-align:justify;tab-stops:111.0pt\" id=\"yui_3_16_0_ym19_1_1472177769630_4634\"><b id=\"yui_3_16_0_ym19_1_1472177769630_4635\"><span style=\"font-size:16.0pt;line-height:115%;font-family:&quot;Arial&quot;,sans-serif\" id=\"yui_3_16_0_ym19_1_1472177769630_4636\">&nbsp;&nbsp;&nbsp;&nbsp;&nbsp;&nbsp;&nbsp;&nbsp;&nbsp;&nbsp;&nbsp;&nbsp;&nbsp;&nbsp;&nbsp;&nbsp;&nbsp;&nbsp;&nbsp;&nbsp;&nbsp;&nbsp;&nbsp;&nbsp; &nbsp;&nbsp;&nbsp;&nbsp;&nbsp;&nbsp; <o:p id=\"yui_3_16_0_ym19_1_1472177769630_4637\"><\/o:p><\/span><\/b><\/div>\n<div id=\"yui_3_16_0_ym19_1_1472177769630_4443\">                                            <\/div>\n<div style=\"text-align:justify\" dir=\"ltr\" id=\"yui_3_16_0_ym19_1_1472177769630_4638\"><b id=\"yui_3_16_0_ym19_1_1472177769630_4639\"><span style=\"font-size:14.0pt;line-height:115%;font-family:&quot;Arial&quot;,sans-serif\" id=\"yui_3_16_0_ym19_1_1472177769630_4640\">AP\u00d3S  AS TODAS AS PARTIDAS DO VASC\u00c3O EM MEU PERFIL DO FACEBOOK (QUEM QUISER RECEBER  AS CR\u00d4NICAS DE PRIMEIRA M\u00c3O \u00c9 S\u00d3 ME ADICIONAR), E NOS SITES WEBVASCO  (<a href=\"http:\/\/www.webvasco.com\">www.webvasco.com<\/a>), E VASCA\u00cdNOS UNIDOS (<a href=\"http:\/\/www.vascainosunidos.com.br\">www.vascainosunidos.com.br<\/a>) TEM A  OPINI\u00c3O DO JORNALISTA LUIZ CARLOS ROCHA. LEIAM! COMPARTILHEM E CURTAM!  VASCA\u00cdNOS UNIDOS JAMAIS SER\u00c3O VENCIDOS.<o:p id=\"yui_3_16_0_ym19_1_1472177769630_4641\"><\/o:p><\/span><\/b><\/div>\n<div id=\"yui_3_16_0_ym19_1_1472177769630_4451\"><span><br \/><\/span><\/div>\n<div id=\"yui_3_16_0_ym19_1_1472177769630_4381\"><span><br \/><\/span><\/div>\n<div id=\"yui_3_16_0_ym19_1_1472177769630_4380\"><span><br \/><\/span><\/div>\n<div><\/div>\n<div id=\"yui_3_16_0_ym19_1_1472177769630_4413\">&nbsp;<\/div>\n<div class=\"signature\" id=\"yui_3_16_0_ym19_1_1472177769630_4306\">\n<div id=\"RTEContent\">\n<div id=\"yui_3_16_0_ym19_1_1472177769630_4305\">\n<div id=\"yui_3_16_0_ym19_1_1472177769630_4304\">\n<div id=\"yui_3_16_0_ym19_1_1472177769630_4303\">\n<div align=\"center\" id=\"yui_3_16_0_ym19_1_1472177769630_4302\"><\/div>\n<\/div>\n<\/div>\n<\/div>\n<\/div>\n<\/div>\n<\/div>\n<\/div>\n<p><\/p>\n","protected":false},"excerpt":{"rendered":"<p>O volante Renato representa a letra F. J\u00e1 o atacante Ricardo Oliveira representa a letra&#8230;<\/p>\n","protected":false},"author":7,"featured_media":0,"comment_status":"open","ping_status":"closed","sticky":false,"template":"","format":"standard","meta":{"footnotes":""},"categories":[4],"tags":[],"class_list":["post-7874","post","type-post","status-publish","format-standard","hentry","category-luizcarlosrocha"],"_links":{"self":[{"href":"https:\/\/webvasco.com\/artigos\/wp-json\/wp\/v2\/posts\/7874","targetHints":{"allow":["GET"]}}],"collection":[{"href":"https:\/\/webvasco.com\/artigos\/wp-json\/wp\/v2\/posts"}],"about":[{"href":"https:\/\/webvasco.com\/artigos\/wp-json\/wp\/v2\/types\/post"}],"author":[{"embeddable":true,"href":"https:\/\/webvasco.com\/artigos\/wp-json\/wp\/v2\/users\/7"}],"replies":[{"embeddable":true,"href":"https:\/\/webvasco.com\/artigos\/wp-json\/wp\/v2\/comments?post=7874"}],"version-history":[{"count":0,"href":"https:\/\/webvasco.com\/artigos\/wp-json\/wp\/v2\/posts\/7874\/revisions"}],"wp:attachment":[{"href":"https:\/\/webvasco.com\/artigos\/wp-json\/wp\/v2\/media?parent=7874"}],"wp:term":[{"taxonomy":"category","embeddable":true,"href":"https:\/\/webvasco.com\/artigos\/wp-json\/wp\/v2\/categories?post=7874"},{"taxonomy":"post_tag","embeddable":true,"href":"https:\/\/webvasco.com\/artigos\/wp-json\/wp\/v2\/tags?post=7874"}],"curies":[{"name":"wp","href":"https:\/\/api.w.org\/{rel}","templated":true}]}}