{"id":7876,"date":"2016-08-27T21:10:08","date_gmt":"2016-08-28T00:10:08","guid":{"rendered":"http:\/\/webvasco.com\/artigos\/?p=7876"},"modified":"2016-08-27T21:19:45","modified_gmt":"2016-08-28T00:19:45","slug":"o-respeito-re-voltou","status":"publish","type":"post","link":"https:\/\/webvasco.com\/artigos\/colunistas\/luizcarlosrocha\/o-respeito-re-voltou\/","title":{"rendered":"O RESPEITO (RE) VOLTOU!"},"content":{"rendered":"<div>\n<div style=\"color:#000; background-color:#fff; font-family:HelveticaNeue-Light, Helvetica Neue Light, Helvetica Neue, Helvetica, Arial, Lucida Grande, sans-serif;font-size:32px\">\n<div style=\"text-align:justify;text-indent:35.4pt;tab-stops:111.0pt\" id=\"yui_3_16_0_ym19_1_1472342936919_4600\"><span style=\"font-size:12.0pt;line-height:115%;font-family:&quot;Arial&quot;,sans-serif\" id=\"yui_3_16_0_ym19_1_1472342936919_4601\">O  Vasco da Gama somou a quarta partida sem vencer! Ap\u00f3s os trope\u00e7os contra Cear\u00e1  e Sampaio Corr\u00eaa (nesta competi\u00e7\u00e3o) e Santos (pela Copa do Brasil), hoje,  diante do Tupi, em Juiz de Fora, em jogo pelo Campeonato Brasileiro, da S\u00e9rie  B, o Cruzmaltino amargou um reles empate, por 2 a 2. Agora resta saber mesmo se  o respeito voltou, ou revoltou o futebol do clube. Isto, porque, a decad\u00eancia  futebol\u00edstica \u00e9 n\u00edtida!<o:p id=\"yui_3_16_0_ym19_1_1472342936919_4602\"><\/o:p><\/span><\/div>\n<div style=\"text-align:justify;text-indent:35.4pt;tab-stops:111.0pt\" id=\"yui_3_16_0_ym19_1_1472342936919_4603\"><span style=\"font-size:12.0pt;line-height:115%;font-family:&quot;Arial&quot;,sans-serif\" id=\"yui_3_16_0_ym19_1_1472342936919_4604\">O  resultado s\u00f3 manteve a equipe carioca na lideran\u00e7a isolada do Brasileir\u00e3o  porque o n\u00edvel t\u00e9cnico da Segundona \u00e9 baix\u00edssimo. Empatar com um time que \u00e9 pen\u00faltimo  colocado (apenas 19 pontos ganhos) na tabela \u00e9 o fim de picada (como dizem os  antigos). O Tupi abriu o placar com Oct\u00e1vio. Sinal que a press\u00e3o mineira foi  eficiente. <o:p id=\"yui_3_16_0_ym19_1_1472342936919_4605\"><\/o:p><\/span><\/div>\n<div style=\"text-align:justify;text-indent:35.4pt;tab-stops:111.0pt\" id=\"yui_3_16_0_ym19_1_1472342936919_4606\"><span style=\"font-size:12.0pt;line-height:115%;font-family:&quot;Arial&quot;,sans-serif\" id=\"yui_3_16_0_ym19_1_1472342936919_4607\">O  zagueiro Luan, em tarde inspirada (apenas ele e Andrezinho foram dignos de  vestir o manto sagrado) fez um gola\u00e7o, igualando o marcador. Andrezinho \u2013 de p\u00eanalti,  em lance pol\u00eamico \u2013 conseguiu a virada. Mas Renan Teixeira definiu o resultado,  deixando tudo igual. Patamar p\u00edfio de trabalho da Comiss\u00e3o T\u00e9cnica Vasca\u00edna.<o:p id=\"yui_3_16_0_ym19_1_1472342936919_4608\"><\/o:p><\/span><\/div>\n<div style=\"text-align:justify;text-indent:35.4pt;tab-stops:111.0pt\" id=\"yui_3_16_0_ym19_1_1472342936919_4609\"><span style=\"font-size:12.0pt;line-height:115%;font-family:&quot;Arial&quot;,sans-serif\" id=\"yui_3_16_0_ym19_1_1472342936919_4610\">O  presidente Dom Charuto \u2013 que some nas horas do fracasso \u2013 deveria observar que  o trabalho de Jorginho e seus auxiliares desgastou. O \u00fanico compromisso  importante do Vasco, no que tange a disputa por Trof\u00e9u \u00e9 a Copa do Brasil, na  qual a situa\u00e7\u00e3o est\u00e1 complicad\u00edssima para o prosseguimento de fase. Ou seja, se  Eurico n\u00e3o tomar provid\u00eancias urgentes o ano acabar\u00e1 prematuramente. Ademais,  caindo nesta peleja, certamente afetar\u00e1 o desenvolvimento no Campeonato Brasileiro.<o:p id=\"yui_3_16_0_ym19_1_1472342936919_4611\"><\/o:p><\/span><\/div>\n<div style=\"text-align:justify;text-indent:35.4pt;tab-stops:111.0pt\" id=\"yui_3_16_0_ym19_1_1472342936919_4612\"><span style=\"font-size:12.0pt;line-height:115%;font-family:&quot;Arial&quot;,sans-serif\" id=\"yui_3_16_0_ym19_1_1472342936919_4613\">O  respeito voltou? Cad\u00ea Dom Charuto? &nbsp;Onde  ele est\u00e1? No m\u00e1ximo o seu dito respeito revoltou! Revoltou o torcedor vasca\u00edno,  que n\u00e3o cansa de sofrer. Revoltou os patrocinadores, que est\u00e3o cada vez mais  nivelados por baixo, diante da grandeza da marca Vasco da Gama. Revoltou tamb\u00e9m  a atmosfera de S\u00e3o Janu\u00e1rio \u2013 palco de tantas gl\u00f3rias \u2013 hoje acostumada a secar  l\u00e1grimas constantes! Lastim\u00e1vel ver o Gigante se apequenar praticamente na  velocidade da luz.<o:p id=\"yui_3_16_0_ym19_1_1472342936919_4614\"><\/o:p><\/span><\/div>\n<div style=\"text-align:justify;text-indent:35.4pt;tab-stops:111.0pt\" id=\"yui_3_16_0_ym19_1_1472342936919_4615\"><span style=\"font-size:12.0pt;line-height:115%;font-family:&quot;Arial&quot;,sans-serif\" id=\"yui_3_16_0_ym19_1_1472342936919_4616\">O meu  leitor deve estar curioso, pelo motivo que comecei todos os par\u00e1grafos com a  letra O. Esta circunfer\u00eancia representa o n\u00famero 0, que \u00e9 a nota ideal para o  plantel do Machinho sem Gana! A pr\u00f3xima prov\u00e1vel porrada ser\u00e1 ter\u00e7a-feira, dia  30, em casa, contra o Vila Nova.<o:p id=\"yui_3_16_0_ym19_1_1472342936919_4617\"><\/o:p><\/span><\/div>\n<div style=\"text-align:justify;text-indent:35.4pt;tab-stops:111.0pt\" id=\"yui_3_16_0_ym19_1_1472342936919_4618\"><b id=\"yui_3_16_0_ym19_1_1472342936919_4619\"><u id=\"yui_3_16_0_ym19_1_1472342936919_4620\"><span style=\"font-size:20.0pt;line-height:115%;font-family:&quot;Arial&quot;,sans-serif\" id=\"yui_3_16_0_ym19_1_1472342936919_4621\"><o:p id=\"yui_3_16_0_ym19_1_1472342936919_4622\"><span style=\"text-decoration: none\" id=\"yui_3_16_0_ym19_1_1472342936919_4623\">&nbsp;<\/span><\/o:p><\/span><\/u><\/b><\/div>\n<div style=\"text-align:justify;text-indent:35.4pt;tab-stops:111.0pt\" id=\"yui_3_16_0_ym19_1_1472342936919_4624\"><b id=\"yui_3_16_0_ym19_1_1472342936919_4625\"><u id=\"yui_3_16_0_ym19_1_1472342936919_4626\"><span style=\"font-size:20.0pt;line-height:115%;font-family:&quot;Arial&quot;,sans-serif\" id=\"yui_3_16_0_ym19_1_1472342936919_4627\"><o:p id=\"yui_3_16_0_ym19_1_1472342936919_4628\"><span style=\"text-decoration: none\" id=\"yui_3_16_0_ym19_1_1472342936919_4629\">&nbsp;<\/span><\/o:p><\/span><\/u><\/b><\/div>\n<div style=\"text-align:justify;text-indent:35.4pt;tab-stops:111.0pt\" id=\"yui_3_16_0_ym19_1_1472342936919_4630\"><b id=\"yui_3_16_0_ym19_1_1472342936919_4631\"><u id=\"yui_3_16_0_ym19_1_1472342936919_4632\"><span style=\"font-size:20.0pt;line-height:115%;font-family:&quot;Arial&quot;,sans-serif\" id=\"yui_3_16_0_ym19_1_1472342936919_4633\">DIVULGUEM ESSA COVARDIA:<\/span><\/u><\/b><span style=\"font-size:16.0pt;line-height:115%;font-family:&quot;Arial&quot;,sans-serif\" id=\"yui_3_16_0_ym19_1_1472342936919_4634\"> GOSTARIA  DE PEDIR A TODOS OS MEUS AMIGOS E LEITORES QUE TIRASSE UM TEMPINHO PARA LER A  PETI\u00c7\u00c3O P\u00daBLICA, AO QUAL SEGUE ABAIXO O LINK. TAL DOCUMENTO REFERE-SE A <b id=\"yui_3_16_0_ym19_1_1472342936919_4635\"><u id=\"yui_3_16_0_ym19_1_1472342936919_4636\">UM ATO DE COVARDIA POR PARTE DA  VOLKSWAGEN DO BRASIL EM COAUTORIA DA ABOLI\u00c7\u00c3O VE\u00cdCULOS (GRUPO AB)<\/u><\/b>  CONTRA ESTE VELHO JORNALISTA. A REFERIDA CONCESSION\u00c1RIA EST\u00c1 ME LESANDO DESDE  FEVEREIRO DE 2013. MEU CARRO FOI BATIDO DENTRO DA OFICINA, FURTARAM ACESS\u00d3RIOS,  TEM PROBLEMAS CAUSADOS POR ELES, AL\u00c9M DE DEFEITOS DE FABRICA\u00c7\u00c3O. O CARRO 0 KM  COMPRADO POR MIM HOJE SE ENCONTRA NA OFICINA DA ABOLI\u00c7\u00c3O VE\u00cdCULOS (CENTRO DE  NITER\u00d3I) <b id=\"yui_3_16_0_ym19_1_1472342936919_4637\"><u id=\"yui_3_16_0_ym19_1_1472342936919_4638\">DESDE 10 DE JUNHO DE 2013<\/u><\/b>,  OU MELHOR, H\u00c1 <b id=\"yui_3_16_0_ym19_1_1472342936919_4639\"><u id=\"yui_3_16_0_ym19_1_1472342936919_4640\">38 MESES, OU SEJA, 3  ANOS E DOIS MESES.<\/u><\/b> <b id=\"yui_3_16_0_ym19_1_1472342936919_4641\"><u id=\"yui_3_16_0_ym19_1_1472342936919_4642\">TEM APENAS  729 KM RODADOS<\/u><\/b> PARA COMPROVAR O CALV\u00c1RIO TENHO DOCUMENTOS, GRAVA\u00c7\u00d5ES DE  AUDIO E V\u00cdDEO, MAIS DE 600 FOTOGRAFIAS E E-MAILS TROCADOS COM FUNCION\u00c1RIOS DO  BAIXO, M\u00c9DIO E ALTO ESCAL\u00c3O DA EMPRESA. POR FAVOR, ASSINEM O DOCUMENTO PARA QUE  OUTROS CONSUMIDORES N\u00c3O SEJAM LESADOS POR EMPRESAS DESTE N\u00cdVEL.&nbsp; <\/span><a href=\"https:\/\/secure.avaaz.org\/po\/petition\/Aos_Orgaos_de_Defesa_do_Consumidor_e_ao_Poder_Judiciario_JUSTICA_CONTRA_UMA_MARCA_E_SUA_REVENDERORA_QUE_DESCUMPREM_A_LEI\/?lJEcNfb&amp;pv=0\" id=\"yui_3_16_0_ym19_1_1472342936919_4643\"><span style=\"font-size:16.0pt;line-height:115%;font-family:&quot;Arial&quot;,sans-serif\" id=\"yui_3_16_0_ym19_1_1472342936919_4644\">https:\/\/secure.avaaz.org\/po\/petition\/Aos_Orgaos_de_Defesa_do_Consumidor_e_ao_Poder_Judiciario_JUSTICA_CONTRA_UMA_MARCA_E_SUA_REVENDERORA_QUE_DESCUMPREM_A_LEI\/?lJEcNfb&amp;pv=0<\/span><\/a><span style=\"font-size:16.0pt;line-height:115%;font-family:&quot;Arial&quot;,sans-serif\" id=\"yui_3_16_0_ym19_1_1472342936919_4645\"><o:p id=\"yui_3_16_0_ym19_1_1472342936919_4646\"><\/o:p><\/span><\/div>\n<div style=\"text-align:justify;tab-stops:111.0pt\" id=\"yui_3_16_0_ym19_1_1472342936919_4647\"><span style=\"font-size:16.0pt;line-height:115%;font-family:&quot;Arial&quot;,sans-serif\" id=\"yui_3_16_0_ym19_1_1472342936919_4648\"><o:p id=\"yui_3_16_0_ym19_1_1472342936919_4649\">&nbsp;<\/o:p><\/span><\/div>\n<div style=\"text-align:justify;tab-stops:111.0pt\" id=\"yui_3_16_0_ym19_1_1472342936919_4650\"><b id=\"yui_3_16_0_ym19_1_1472342936919_4651\"><span style=\"font-size:16.0pt;line-height:115%;font-family:&quot;Arial&quot;,sans-serif\" id=\"yui_3_16_0_ym19_1_1472342936919_4652\">&nbsp;&nbsp;&nbsp;&nbsp;&nbsp;&nbsp;&nbsp;&nbsp;&nbsp;&nbsp;&nbsp;&nbsp;&nbsp;&nbsp;&nbsp;&nbsp;&nbsp;&nbsp;&nbsp;&nbsp;&nbsp;&nbsp;&nbsp;&nbsp; &nbsp;&nbsp;&nbsp;&nbsp;&nbsp;&nbsp; <o:p id=\"yui_3_16_0_ym19_1_1472342936919_4653\"><\/o:p><\/span><\/b><\/div>\n<div id=\"yui_3_16_0_ym19_1_1472342936919_4360\">                                            <\/div>\n<div style=\"text-align:justify\" dir=\"ltr\" id=\"yui_3_16_0_ym19_1_1472342936919_4654\"><b id=\"yui_3_16_0_ym19_1_1472342936919_4655\"><span style=\"font-size:14.0pt;line-height:115%;font-family:&quot;Arial&quot;,sans-serif\" id=\"yui_3_16_0_ym19_1_1472342936919_4656\">AP\u00d3S  AS TODAS AS PARTIDAS DO VASC\u00c3O EM MEU PERFIL DO FACEBOOK (QUEM QUISER RECEBER  AS CR\u00d4NICAS DE PRIMEIRA M\u00c3O \u00c9 S\u00d3 ME ADICIONAR), E NOS SITES WEBVASCO  (<a href=\"http:\/\/www.webvasco.com\">www.webvasco.com<\/a>), E VASCA\u00cdNOS UNIDOS (<a href=\"http:\/\/www.vascainosunidos.com.br\">www.vascainosunidos.com.br<\/a>) TEM A  OPINI\u00c3O DO JORNALISTA LUIZ CARLOS ROCHA. LEIAM! COMPARTILHEM E CURTAM!  VASCA\u00cdNOS UNIDOS JAMAIS SER\u00c3O VENCIDOS.<o:p id=\"yui_3_16_0_ym19_1_1472342936919_4657\"><\/o:p><\/span><\/b><\/div>\n<div id=\"yui_3_16_0_ym19_1_1472342936919_4360\"><span><br \/><\/span><\/div>\n<div id=\"yui_3_16_0_ym19_1_1472342936919_4360\"><span><br \/><\/span><\/div>\n<div id=\"yui_3_16_0_ym19_1_1472342936919_4360\"><span><br \/><\/span><\/div>\n<div><\/div>\n<div id=\"yui_3_16_0_ym19_1_1472342936919_4378\">&nbsp;<\/div>\n<div class=\"signature\" id=\"yui_3_16_0_ym19_1_1472342936919_4365\">\n<div id=\"RTEContent\">\n<div id=\"yui_3_16_0_ym19_1_1472342936919_4364\">\n<div id=\"yui_3_16_0_ym19_1_1472342936919_4363\">\n<div id=\"yui_3_16_0_ym19_1_1472342936919_4362\">\n<div align=\"center\" id=\"yui_3_16_0_ym19_1_1472342936919_4377\"><\/div>\n<\/div>\n<\/div>\n<\/div>\n<\/div>\n<\/div>\n<\/div>\n<\/div>\n<p><\/p>\n","protected":false},"excerpt":{"rendered":"<p>O Vasco da Gama somou a quarta partida sem vencer! Ap\u00f3s os trope\u00e7os contra Cear\u00e1&#8230;<\/p>\n","protected":false},"author":7,"featured_media":0,"comment_status":"open","ping_status":"closed","sticky":false,"template":"","format":"standard","meta":{"footnotes":""},"categories":[4],"tags":[],"class_list":["post-7876","post","type-post","status-publish","format-standard","hentry","category-luizcarlosrocha"],"_links":{"self":[{"href":"https:\/\/webvasco.com\/artigos\/wp-json\/wp\/v2\/posts\/7876","targetHints":{"allow":["GET"]}}],"collection":[{"href":"https:\/\/webvasco.com\/artigos\/wp-json\/wp\/v2\/posts"}],"about":[{"href":"https:\/\/webvasco.com\/artigos\/wp-json\/wp\/v2\/types\/post"}],"author":[{"embeddable":true,"href":"https:\/\/webvasco.com\/artigos\/wp-json\/wp\/v2\/users\/7"}],"replies":[{"embeddable":true,"href":"https:\/\/webvasco.com\/artigos\/wp-json\/wp\/v2\/comments?post=7876"}],"version-history":[{"count":0,"href":"https:\/\/webvasco.com\/artigos\/wp-json\/wp\/v2\/posts\/7876\/revisions"}],"wp:attachment":[{"href":"https:\/\/webvasco.com\/artigos\/wp-json\/wp\/v2\/media?parent=7876"}],"wp:term":[{"taxonomy":"category","embeddable":true,"href":"https:\/\/webvasco.com\/artigos\/wp-json\/wp\/v2\/categories?post=7876"},{"taxonomy":"post_tag","embeddable":true,"href":"https:\/\/webvasco.com\/artigos\/wp-json\/wp\/v2\/tags?post=7876"}],"curies":[{"name":"wp","href":"https:\/\/api.w.org\/{rel}","templated":true}]}}