{"id":7877,"date":"2016-08-30T23:32:35","date_gmt":"2016-08-31T02:32:35","guid":{"rendered":"http:\/\/webvasco.com\/artigos\/?p=7877"},"modified":"2016-08-30T23:37:49","modified_gmt":"2016-08-31T02:37:49","slug":"a-vila-nova-mas-a-vergonha-velha","status":"publish","type":"post","link":"https:\/\/webvasco.com\/artigos\/colunistas\/luizcarlosrocha\/a-vila-nova-mas-a-vergonha-velha\/","title":{"rendered":"A VILA &Eacute; NOVA, MAS A VERGONHA &Eacute; VELHA!"},"content":{"rendered":"<div>\n<div style=\"color:#000; background-color:#fff; font-family:HelveticaNeue-Light, Helvetica Neue Light, Helvetica Neue, Helvetica, Arial, Lucida Grande, sans-serif;font-size:32px\">\n<div style=\"text-align:justify;text-indent:35.4pt;tab-stops:111.0pt\" id=\"yui_3_16_0_ym19_1_1472342936919_171020\"><span style=\"font-size:14.0pt;line-height:115%;font-family:&quot;Arial&quot;,sans-serif\" id=\"yui_3_16_0_ym19_1_1472342936919_171021\">Mais  uma porrada! Hoje, o Vasco da Gama recebeu o Vila Nova, em S\u00e3o Janu\u00e1rio, em  partida v\u00e1lida pela 22\u00aa Rodada do Campeonato Brasileiro, da S\u00e9rie B, e perdeu  por 2 a 1. Muito sofrimento! \u00c9 importante ressaltar, que a equipe goiana est\u00e1  no meio da tabela de classifica\u00e7\u00e3o e a carioca segue l\u00edder (por\u00e9m com menor  diferen\u00e7a para a segunda colocada).<o:p id=\"yui_3_16_0_ym19_1_1472342936919_171022\"><\/o:p><\/span><\/div>\n<div style=\"text-align:justify;text-indent:35.4pt;tab-stops:111.0pt\" id=\"yui_3_16_0_ym19_1_1472342936919_171023\"><span style=\"font-size:14.0pt;line-height:115%;font-family:&quot;Arial&quot;,sans-serif\" id=\"yui_3_16_0_ym19_1_1472342936919_171024\">Para  os visitantes marcaram Maguinho e Mois\u00e9s \u2013 ainda na etapa inicial \u2013 o garoto  rec\u00e9m promovido da base Douglas Luiz marcou um gola\u00e7o descontando \u2013 no tempo  complementar \u2013 mas n\u00e3o evitou a derrota. A Imensa Torcida Bem Feliz (agora  infeliz) protestou e chamou o treinador Jorginho de burro! N\u00e3o sem raz\u00e3o, n\u00e3o  \u00e9?<o:p id=\"yui_3_16_0_ym19_1_1472342936919_171025\"><\/o:p><\/span><\/div>\n<div style=\"text-align:justify;text-indent:35.4pt;tab-stops:111.0pt\" id=\"yui_3_16_0_ym19_1_1472342936919_171026\"><span style=\"font-size:14.0pt;line-height:115%;font-family:&quot;Arial&quot;,sans-serif\" id=\"yui_3_16_0_ym19_1_1472342936919_171027\">Com o  deslize \u00e9 o quinto jogo sem vencer (quatro pela competi\u00e7\u00e3o supracitada e uma  pela Copa do Brasil). Uma verdadeira l\u00e1stima! O respeito nem de longe habita a  Colina Hist\u00f3rica, que outrora foi palco de grandes conquistas e gl\u00f3rias  diversas.<o:p id=\"yui_3_16_0_ym19_1_1472342936919_171028\"><\/o:p><\/span><\/div>\n<div style=\"text-align:justify;text-indent:35.4pt;tab-stops:111.0pt\" id=\"yui_3_16_0_ym19_1_1472342936919_171029\"><span style=\"font-size:14.0pt;line-height:115%;font-family:&quot;Arial&quot;,sans-serif\" id=\"yui_3_16_0_ym19_1_1472342936919_171030\">No  primeiro gol sofrido MAIS UMA VEZ a culpa foi de Diguinho! O dito atleta perdeu  uma disputa no meio de campo que originou o gol de Maguinho. No segundo, Jordi  demorou a sair do gol, e foi encoberto por Mois\u00e9s. Imposs\u00edvel um arqueiro ter  d\u00favidas diante do advers\u00e1rio com a bola nos p\u00e9s.<o:p id=\"yui_3_16_0_ym19_1_1472342936919_171031\"><\/o:p><\/span><\/div>\n<div style=\"text-align:justify;text-indent:35.4pt;tab-stops:111.0pt\" id=\"yui_3_16_0_ym19_1_1472342936919_171032\"><span style=\"font-size:14.0pt;line-height:115%;font-family:&quot;Arial&quot;,sans-serif\" id=\"yui_3_16_0_ym19_1_1472342936919_171033\">Agora  \u00e9 trabalhar duro e corrigir todos os erros, para que s\u00e1bado, \u00e0s 16h30m, na Arena  Fonte Nova, em Salvador, o Cruzmaltino volte com um resultado positivo diante  do Bahia. O confronto ser\u00e1 dur\u00edssimo, uma vez que o time baiano luta para  entrar no G4.<o:p id=\"yui_3_16_0_ym19_1_1472342936919_171034\"><\/o:p><\/span><\/div>\n<div style=\"text-align:justify;text-indent:35.4pt;tab-stops:111.0pt\" id=\"yui_3_16_0_ym19_1_1472342936919_171035\"><span style=\"font-size:14.0pt;line-height:115%;font-family:&quot;Arial&quot;,sans-serif\" id=\"yui_3_16_0_ym19_1_1472342936919_171036\"><o:p id=\"yui_3_16_0_ym19_1_1472342936919_171037\">&nbsp;<\/o:p><\/span><\/div>\n<div style=\"text-align:justify;text-indent:35.4pt;tab-stops:111.0pt\" id=\"yui_3_16_0_ym19_1_1472342936919_171038\"><b id=\"yui_3_16_0_ym19_1_1472342936919_171039\"><u id=\"yui_3_16_0_ym19_1_1472342936919_171040\"><span style=\"font-size:20.0pt;line-height:115%;font-family:&quot;Arial&quot;,sans-serif\" id=\"yui_3_16_0_ym19_1_1472342936919_171041\">DIVULGUEM ESSA COVARDIA:<\/span><\/u><\/b><span style=\"font-size:16.0pt;line-height:115%;font-family:&quot;Arial&quot;,sans-serif\" id=\"yui_3_16_0_ym19_1_1472342936919_171042\"> GOSTARIA  DE PEDIR A TODOS OS MEUS AMIGOS E LEITORES QUE TIRASSE UM TEMPINHO PARA LER A  PETI\u00c7\u00c3O P\u00daBLICA, AO QUAL SEGUE ABAIXO O LINK. TAL DOCUMENTO REFERE-SE A <b id=\"yui_3_16_0_ym19_1_1472342936919_171043\"><u id=\"yui_3_16_0_ym19_1_1472342936919_171044\">UM ATO DE COVARDIA POR PARTE DA  VOLKSWAGEN DO BRASIL EM COAUTORIA DA ABOLI\u00c7\u00c3O VE\u00cdCULOS (GRUPO AB)<\/u><\/b>  CONTRA ESTE VELHO JORNALISTA. A REFERIDA CONCESSION\u00c1RIA EST\u00c1 ME LESANDO DESDE  FEVEREIRO DE 2013. MEU CARRO FOI BATIDO DENTRO DA OFICINA, FURTARAM ACESS\u00d3RIOS,  TEM PROBLEMAS CAUSADOS POR ELES, AL\u00c9M DE DEFEITOS DE FABRICA\u00c7\u00c3O. O CARRO 0 KM COMPRADO  POR MIM HOJE SE ENCONTRA NA OFICINA DA ABOLI\u00c7\u00c3O VE\u00cdCULOS (CENTRO DE NITER\u00d3I) <b id=\"yui_3_16_0_ym19_1_1472342936919_171045\"><u id=\"yui_3_16_0_ym19_1_1472342936919_171046\">DESDE 10 DE JUNHO DE 2013<\/u><\/b>, OU MELHOR,  H\u00c1 <b id=\"yui_3_16_0_ym19_1_1472342936919_171047\"><u id=\"yui_3_16_0_ym19_1_1472342936919_171048\">38 MESES, OU SEJA, 3 ANOS E DOIS MESES.<\/u><\/b>  <b id=\"yui_3_16_0_ym19_1_1472342936919_171049\"><u id=\"yui_3_16_0_ym19_1_1472342936919_171050\">TEM APENAS 729 KM RODADOS<\/u><\/b> PARA  COMPROVAR O CALV\u00c1RIO TENHO DOCUMENTOS, GRAVA\u00c7\u00d5ES DE AUDIO E V\u00cdDEO, MAIS DE 600  FOTOGRAFIAS E E-MAILS TROCADOS COM FUNCION\u00c1RIOS DO BAIXO, M\u00c9DIO E ALTO ESCAL\u00c3O  DA EMPRESA. POR FAVOR, ASSINEM O DOCUMENTO PARA QUE OUTROS CONSUMIDORES N\u00c3O  SEJAM LESADOS POR EMPRESAS DESTE N\u00cdVEL.&nbsp; <\/span><a href=\"https:\/\/secure.avaaz.org\/po\/petition\/Aos_Orgaos_de_Defesa_do_Consumidor_e_ao_Poder_Judiciario_JUSTICA_CONTRA_UMA_MARCA_E_SUA_REVENDERORA_QUE_DESCUMPREM_A_LEI\/?lJEcNfb&amp;pv=0\" id=\"yui_3_16_0_ym19_1_1472342936919_171051\"><span style=\"font-size:16.0pt;line-height:115%;font-family:&quot;Arial&quot;,sans-serif\" id=\"yui_3_16_0_ym19_1_1472342936919_171052\">https:\/\/secure.avaaz.org\/po\/petition\/Aos_Orgaos_de_Defesa_do_Consumidor_e_ao_Poder_Judiciario_JUSTICA_CONTRA_UMA_MARCA_E_SUA_REVENDERORA_QUE_DESCUMPREM_A_LEI\/?lJEcNfb&amp;pv=0<\/span><\/a><span style=\"font-size:16.0pt;line-height:115%;font-family:&quot;Arial&quot;,sans-serif\" id=\"yui_3_16_0_ym19_1_1472342936919_171053\"><o:p id=\"yui_3_16_0_ym19_1_1472342936919_171054\"><\/o:p><\/span><\/div>\n<div style=\"text-align:justify;tab-stops:111.0pt\" id=\"yui_3_16_0_ym19_1_1472342936919_171055\"><span style=\"font-size:16.0pt;line-height:115%;font-family:&quot;Arial&quot;,sans-serif\" id=\"yui_3_16_0_ym19_1_1472342936919_171056\"><o:p id=\"yui_3_16_0_ym19_1_1472342936919_171057\">&nbsp;<\/o:p><\/span><\/div>\n<div style=\"text-align:justify;tab-stops:111.0pt\" id=\"yui_3_16_0_ym19_1_1472342936919_171058\"><b id=\"yui_3_16_0_ym19_1_1472342936919_171059\"><span style=\"font-size:16.0pt;line-height:115%;font-family:&quot;Arial&quot;,sans-serif\" id=\"yui_3_16_0_ym19_1_1472342936919_171060\">&nbsp;&nbsp;&nbsp;&nbsp;&nbsp;&nbsp;&nbsp;&nbsp;&nbsp;&nbsp;&nbsp;&nbsp;&nbsp;&nbsp;&nbsp;&nbsp;&nbsp;&nbsp;&nbsp;&nbsp;&nbsp;&nbsp;&nbsp;&nbsp; &nbsp;&nbsp;&nbsp;&nbsp;&nbsp;&nbsp; <o:p id=\"yui_3_16_0_ym19_1_1472342936919_171061\"><\/o:p><\/span><\/b><\/div>\n<div id=\"yui_3_16_0_ym19_1_1472342936919_170794\">                                    <\/div>\n<div style=\"text-align:justify\" dir=\"ltr\" id=\"yui_3_16_0_ym19_1_1472342936919_171062\"><b id=\"yui_3_16_0_ym19_1_1472342936919_171063\"><span style=\"font-size:14.0pt;line-height:115%;font-family:&quot;Arial&quot;,sans-serif\" id=\"yui_3_16_0_ym19_1_1472342936919_171064\">AP\u00d3S  AS TODAS AS PARTIDAS DO VASC\u00c3O EM MEU PERFIL DO FACEBOOK (QUEM QUISER RECEBER  AS CR\u00d4NICAS DE PRIMEIRA M\u00c3O \u00c9 S\u00d3 ME ADICIONAR), E NOS SITES WEBVASCO  (<a href=\"http:\/\/www.webvasco.com\">www.webvasco.com<\/a>), E VASCA\u00cdNOS UNIDOS (<a href=\"http:\/\/www.vascainosunidos.com.br\">www.vascainosunidos.com.br<\/a>) TEM A  OPINI\u00c3O DO JORNALISTA LUIZ CARLOS ROCHA. LEIAM! COMPARTILHEM E CURTAM!  VASCA\u00cdNOS UNIDOS JAMAIS SER\u00c3O VENCIDOS.<o:p id=\"yui_3_16_0_ym19_1_1472342936919_171065\"><\/o:p><\/span><\/b><\/div>\n<div id=\"yui_3_16_0_ym19_1_1472342936919_170794\"><span><br \/><\/span><\/div>\n<div id=\"yui_3_16_0_ym19_1_1472342936919_170794\"><span><br \/><\/span><\/div>\n<div id=\"yui_3_16_0_ym19_1_1472342936919_170794\"><span><br \/><\/span><\/div>\n<div><\/div>\n<div id=\"yui_3_16_0_ym19_1_1472342936919_170793\">&nbsp;<\/div>\n<div class=\"signature\" id=\"yui_3_16_0_ym19_1_1472342936919_170821\">\n<div id=\"RTEContent\">\n<div id=\"yui_3_16_0_ym19_1_1472342936919_170820\">\n<div id=\"yui_3_16_0_ym19_1_1472342936919_170819\">\n<div id=\"yui_3_16_0_ym19_1_1472342936919_170818\">\n<div align=\"center\" id=\"yui_3_16_0_ym19_1_1472342936919_170817\"><\/div>\n<\/div>\n<\/div>\n<\/div>\n<\/div>\n<\/div>\n<\/div>\n<\/div>\n<p><\/p>\n","protected":false},"excerpt":{"rendered":"<p>Mais uma porrada! Hoje, o Vasco da Gama recebeu o Vila Nova, em S\u00e3o Janu\u00e1rio,&#8230;<\/p>\n","protected":false},"author":7,"featured_media":0,"comment_status":"open","ping_status":"closed","sticky":false,"template":"","format":"standard","meta":{"footnotes":""},"categories":[4],"tags":[],"class_list":["post-7877","post","type-post","status-publish","format-standard","hentry","category-luizcarlosrocha"],"_links":{"self":[{"href":"https:\/\/webvasco.com\/artigos\/wp-json\/wp\/v2\/posts\/7877","targetHints":{"allow":["GET"]}}],"collection":[{"href":"https:\/\/webvasco.com\/artigos\/wp-json\/wp\/v2\/posts"}],"about":[{"href":"https:\/\/webvasco.com\/artigos\/wp-json\/wp\/v2\/types\/post"}],"author":[{"embeddable":true,"href":"https:\/\/webvasco.com\/artigos\/wp-json\/wp\/v2\/users\/7"}],"replies":[{"embeddable":true,"href":"https:\/\/webvasco.com\/artigos\/wp-json\/wp\/v2\/comments?post=7877"}],"version-history":[{"count":0,"href":"https:\/\/webvasco.com\/artigos\/wp-json\/wp\/v2\/posts\/7877\/revisions"}],"wp:attachment":[{"href":"https:\/\/webvasco.com\/artigos\/wp-json\/wp\/v2\/media?parent=7877"}],"wp:term":[{"taxonomy":"category","embeddable":true,"href":"https:\/\/webvasco.com\/artigos\/wp-json\/wp\/v2\/categories?post=7877"},{"taxonomy":"post_tag","embeddable":true,"href":"https:\/\/webvasco.com\/artigos\/wp-json\/wp\/v2\/tags?post=7877"}],"curies":[{"name":"wp","href":"https:\/\/api.w.org\/{rel}","templated":true}]}}