{"id":7878,"date":"2016-08-31T17:26:52","date_gmt":"2016-08-31T20:26:52","guid":{"rendered":"http:\/\/webvasco.com\/artigos\/?p=7878"},"modified":"2016-08-31T17:30:18","modified_gmt":"2016-08-31T20:30:18","slug":"onde-estamos-errando","status":"publish","type":"post","link":"https:\/\/webvasco.com\/artigos\/colunistas\/onde-estamos-errando\/","title":{"rendered":"Onde estamos errando?"},"content":{"rendered":"<div dir=\"ltr\">\n<p>Ol\u00e1 a todos!<\/p>\n<p>E depois de um per\u00edodo de afastamento, retorno ao blog em um momento totalmente avesso \u00e0 \u00faltima vez que aqui postei! <\/p>\n<p>E nem faz tanto tempo assim que publiquei meu \u00faltimo texto nesse mesmo site, em que por motivos pessoais e, principalmente, profissionais fui obrigado a passar por mais este per\u00edodo sab\u00e1tico em rela\u00e7\u00e3o a escrever e debater em prosa sobre nosso Vasco, foco muitas vez (ou quase sempre) de alegrias e des\u00e2nimos para com o mundo futebol\u00edstico, de uma forma geral! <\/p>\n<p>E confesso-lhes, j\u00e1 era para ter postado algo na ter\u00e7a-feira cheguei, inclusive, a comentar em meu peril oficial no Twitter que estaria &quot;subindo&quot; um novo texto em tal dia! No entanto, esperei um pouco, procurei observar e analisar o resultado do jogo de ter\u00e7a, entre Vasco e Vila Nova, e&#8230;confesso-lhes que preciso, tenho realmente uma enorme necessidade nesse momento de expor alguns pensamentos meus!\u00a0\u00a0Certos ou n\u00e3o, mas que gostaria de trazer para debate e repercuss\u00e3o aos interessados&#8230;<\/p>\n<p>O fato \u00e9 que atravessamos, inegavelmente, nosso pior momento nesse ano! Diria at\u00e9 bem mais: nosso pior momento desde a goleada sofrida por n\u00f3s (e que, na pr\u00f3xima sexta-feira, j\u00e1 ir\u00e1 fazer anivers\u00e1rio de um ano!), de forma humilhante perante o Internacional ano passado. Aquele jogo nos trouxe \u00e0 tona toda vergonha e derradeiro sentimento de pequenez que um torcedor \u00e9 capaz de passar pelo seu clube amado! Mas tamb\u00e9m nos trouxe um senso de rid\u00edculo providencial, em que a partir da\u00ed vimos uma mudan\u00e7a de atitude por parte daquele mesmo elenco goleado, tanto que alavancamos uma campanha de recupera\u00e7\u00e3o naquele mesmo certame brasileiro e que, por muito pouco n\u00e3o culminou com a fuga em nossa j\u00e1 concebida queda (terceira). N\u00e3o cabe aqui voltarmos a enumerar as raz\u00f5es que travaram essa fa\u00e7anha, e sim, a exaltar que, desde ent\u00e3o, n\u00e3o pass\u00e1vamos por uma sequ\u00eancia de resultados t\u00e3o ruim, tal como agora&#8230;<\/p>\n<p>Mas, ent\u00e3o, o que aconteceu?! Esse mesmo grupo que quase se reergueu das cinzas foi (bi) campe\u00e3o (hexa invicto) do carioca em 2016, ficou 34 jogos sem perder um \u00fanico jogo, mais de sete\u00a0meses invicto, chegou a liderar com extrema folga \u00e0 famigerada S\u00e9rie B e nos deu muitas experan\u00e7as de partir forte para a conquista da Copa do Brasil. S\u00f3 que, como num mesmo passe de m\u00e1gica que fez o grupo chegar a ousar romper o recorde de jogos invictos pertencentes ao Expresso da Vit\u00f3ria, o futebol sumiu! Qual \u00e9 a diferen\u00e7a, ent\u00e3o, se o grupo \u00e9 praticamente o mesmo, comiss\u00e3o t\u00e9cnica inclusive?! E ainda contando com a val\u00eancia de jogar contra advers\u00e1rios mais inexpressivos do que outrora?!<\/p>\n<p><strong>Duas teses<\/strong><\/p>\n<p>Leio muito as redes sociais e constato, claramente, que existe uma corrente da torcida vasca\u00edna que defende que esse grupo nunca jogou tanto assim, e que muitas das vit\u00f3rias foi pura ilus\u00e3o, pois ao meio dessas o Vasco fez partidas horriveis, e que somente agora est\u00e1 chegando um choque de realidade sobre o que, verdadeiramente, esse grupo representa e produz em campo.\u00a0<\/p>\n<p>Assim como leio outras pessoas de outra corrente que defende a tese do desgaste e do relaxamento, e at\u00e9 um pouco mesmo de desd\u00e9m e de des\u00e2nimo por parte desse mesmo grupo que, findado o campeonato carioca com o t\u00edtulo, se v\u00ea obrigado a jogar in\u00fameras vezes contra advers\u00e1rios de naipes bem inferiores, tanto em termos de time como de marca. Aliado a uma sequ\u00eancia desumana de jogos para um grupo de jogadores cuja m\u00e9dia de idade \u00e9 elevada para os padr\u00f5es correria e alta competitividade de hoje.<\/p>\n<p>Eu, como todos sabem, defendi esse grupo de jogadores em meus textos anteriores, e atribui aos mesmos os m\u00e9ritos de terem tomado vergonha e terem, a partir do momento \u00e1pice da humilha\u00e7\u00e3o que foi na goleada perante o Internacional em setembro de 2015, emplacado uma campanha de recupera\u00e7\u00e3o que, daquele momento em diante, s\u00f3 n\u00e3o culminou com \u00eaxito muito por conta de arbitragens muito suspeitas em jogos-chaves como foram contra Cruzeiro, Chapecoense e Ava\u00ed, por exemplo. Enxergo no mesmo jogadores de qualidade que jogariam tranquilamente em outros clubes de ponta no Brasil, como Nen\u00ea, Andrezinho, Luan e Mart\u00edn Silva, por exemplo.\u00a0Portanto, n\u00e3o cabe a mim mudar radicalmente de postura e ir na contram\u00e3o do que ainda penso a respeito desse assunto. Penso que o grupo do Vasco \u00e9 envelhecido, sim, precisa de mudan\u00e7as providenciais, mas que ainda assim poderia estar jogando muito mais do que vem apresentando, em especial, h\u00e1 pelo menos uns quinze jogos.<\/p>\n<p>E nesse momento, enxergo um grupo sem foco e um t\u00e9cnico sem comando. Ao que parece para mim, depois que o campeonato carioca terminou e o t\u00edtulo foi conquistado, o foco passou a ser se manter invicto por mais tempo poss\u00edvel. E depois que a invencibilidade acabou e durante esse hiato de retomada de campanha na Copa do Brasil, com o time em primeiro lugar isolado na S\u00e9rie B, parece que faltou um atrativo para que esse grupo de jogadores pudesse ir atr\u00e1s, deixando em segundo plano o fato de &quot;trafegar&quot; ao meio de campos e arbitragens horrorosas, contra times horrorosos que constituem esse calv\u00e1rio que \u00e9 a segunda divis\u00e3o. Fatou um objetivo maior, e ainda falta. Alie-se essa falta de maior objetivo e, consequentemente, de maior entusiasmo ao desgaste f\u00edsico e comportamental de um grupo, em especial, de um onze prinicipal que precisa URGENTE ser mexido, haja visto que enxergo, agora, muito jogador na zona de conforto, ganhando posi\u00e7\u00e3o pelo nome, e n\u00e3o pelo que vem apresentando.<\/p>\n<p>E \u00e9 nesse momento que coloco a maior parcela de responsabilidade a Jorginho. O mesmo t\u00e9cnico que, ap\u00f3s o maior de nossos vexames ano passado, teve coragem de mexer no time, afastar alguns jogadores que mais nada rendiam, e que agora precisa, mais uma vez cravando de forma URGENTE, fazer uma nova bateria de mudan\u00e7as, tais como j\u00e1 disse, o pr\u00f3prio foi capaz de fazer. H\u00e1 jogadores que jogam NADA faz tempo e que Jorginho insiste em contar com eles, como J\u00falio C\u00e9sar, Diguinho e\u00a0Jorge Henrique por exemplo, e outros jovens que entram constantemente bem no time e que pedem passagem, como Henrique, Caio Monteiro, e a mais grata revela\u00e7\u00e3o muito rec\u00e9m surgida e que merece o m\u00e1ximo de zelo e cautela para n\u00e3o queim\u00e1-lo, Douglas Luiz.<\/p>\n<p>Al\u00e9m disso, Jorginho deve se convencer que retornou ao cen\u00e1rio brasileiro de visibilidade no futebol faz somente um ano, e que o pr\u00f3prio passa LONGE de ser considerado um Pep Guardiola, ou at\u00e9 mesmo um Tite ou Cuca, t\u00e9cnicos de MUITO mais rodagem e experi\u00eancia no futebol para com times e clubes de express\u00e3o, ganhando t\u00edtulos e revelando jogadores. Portanto, n\u00e3o cabe a ele inventar o que n\u00e3o deve: ali\u00e1s, se eu pessoalmemte pudesse lhe dar um conselho de amigo, lhe diria: fa\u00e7a o simples! N\u00e3o invente em terminar um jogo com 4 laterais, 2 volantes, 3 atacantes e sem meias de cria\u00e7\u00e3o tal como foi ontem o jogo diante do Vila Nova!<\/p>\n<p>Independentemente da escala\u00e7\u00e3o, algumas convic\u00e7\u00f5es parece que todos n\u00f3s possu\u00edmos: o time deve ser mexido, rejuvenescido, jogadores como os pr\u00f3prios sempre utilizados \u00c9der Lu\u00eds e Leandr\u00e3o n\u00e3o d\u00e3o mais pro gasto e s\u00f3 s\u00e3o capazes de provocarem &quot;gastura&quot; em n\u00f3s que, ainda sempre que poss\u00edvel, cismamos em acompanhar os jogos desse grupo na segunda divis\u00e3o.<\/p>\n<p>Portanto, Jorginho, v\u00e1 em frente: tenha a mesma coragem do ano passado! Ponha pra fora aqieles que nada mais rendem, e deixem os jovens promissores que est\u00e3o com g\u00e1s e merecendo novas oportunidades assumirem isso. Pois, no pior caso, mesmo que n\u00e3o d\u00ea certo (acho que dar\u00e1, se assim fizer!), voc\u00ea estar\u00e1 contando com o apoio da grande maioria de nossa torcida que assim pensa e anseia, bem como estar\u00e1 prestando um grande favor ao clube, ao permitir a visibilidade de muitos desses jovens formados em cen\u00e1rio nacional e contra times que permitem-nos a esse tipo de teste.<\/p>\n<p>********<\/p>\n<p>Alguns toques finais:<\/p>\n<p>&#8211; N\u00e3o creio sobre alguma suposta briga entre Jorginho e Nen\u00ea. Esse, inclusive, j\u00e1 gravou um v\u00eddeo na pr\u00f3pria segunda-feira recha\u00e7ando qualquer hip\u00f3tese a respeito de (falta de) interesse em atuar, mesmo ap\u00f3s sua substitui\u00e7\u00e3o diante do Santos, na quarta-feira passada;<\/p>\n<p>&#8211; O fator de motiva\u00e7\u00e3o que esse grupo precisa ter, agora, \u00e9 garantir o mais antecipadamente poss\u00edvel a pontua\u00e7\u00e3o necess\u00e1ria para o retorno \u00e0 S\u00e9rie A. Quem sabe, com uma campanha em pontos melhor do que a realizada em 2009, quando na B\u00a0estivemos pela primeira vez;<\/p>\n<p>&#8211; Vasco faz campanha de Z4 no returno, e s\u00f3 isso j\u00e1 \u00e9 motivo de alerta para todos n\u00f3s. Esse argumento apenas refor\u00e7a a necessidade das mudan\u00e7as providenciais suegridas nesse texto;<\/p>\n<p>&#8211; N\u00e3o comemoro de maneira efusiva e como se fosse final de campeonato gol contra Santos nos acr\u00e9scimos depois de ter tomado TR\u00caS e levado um &quot;baile&quot; da equipe alvinegra praiana durante o jogo todo.\u00a0\u00a0Ali\u00e1s, voltamos pro Rio perdendo de 3 vs 1, e a tirar o desempenho do atacante santista e de nossa defesa nos \u00faltimos tempos, dificilmente o Santos deixar\u00e1 de fazer gol em S\u00e3o Janu\u00e1rio, infelizmente. No entanto, esse \u00e9 mais um daqueles casos em que conta a s\u00e9rie que &quot;a esperan\u00e7a \u00e9 a \u00faltima que morre&quot;, e portanto, NADA est\u00e1 decidido ainda quanto \u00e0 essa vaga na p\u0155oxima fase. Tor\u00e7amos MUITO &quot;\u00e0 espera de um milagre&quot;&#8230;<\/p>\n<p><strong>@mscmariotti<\/strong><\/p>\n<\/div>\n<p><\/p>\n","protected":false},"excerpt":{"rendered":"<p>Ol\u00e1 a todos! E depois de um per\u00edodo de afastamento, retorno ao blog em um&#8230;<\/p>\n","protected":false},"author":12,"featured_media":0,"comment_status":"open","ping_status":"closed","sticky":false,"template":"","format":"standard","meta":{"footnotes":""},"categories":[3],"tags":[],"class_list":["post-7878","post","type-post","status-publish","format-standard","hentry","category-colunistas"],"_links":{"self":[{"href":"https:\/\/webvasco.com\/artigos\/wp-json\/wp\/v2\/posts\/7878","targetHints":{"allow":["GET"]}}],"collection":[{"href":"https:\/\/webvasco.com\/artigos\/wp-json\/wp\/v2\/posts"}],"about":[{"href":"https:\/\/webvasco.com\/artigos\/wp-json\/wp\/v2\/types\/post"}],"author":[{"embeddable":true,"href":"https:\/\/webvasco.com\/artigos\/wp-json\/wp\/v2\/users\/12"}],"replies":[{"embeddable":true,"href":"https:\/\/webvasco.com\/artigos\/wp-json\/wp\/v2\/comments?post=7878"}],"version-history":[{"count":0,"href":"https:\/\/webvasco.com\/artigos\/wp-json\/wp\/v2\/posts\/7878\/revisions"}],"wp:attachment":[{"href":"https:\/\/webvasco.com\/artigos\/wp-json\/wp\/v2\/media?parent=7878"}],"wp:term":[{"taxonomy":"category","embeddable":true,"href":"https:\/\/webvasco.com\/artigos\/wp-json\/wp\/v2\/categories?post=7878"},{"taxonomy":"post_tag","embeddable":true,"href":"https:\/\/webvasco.com\/artigos\/wp-json\/wp\/v2\/tags?post=7878"}],"curies":[{"name":"wp","href":"https:\/\/api.w.org\/{rel}","templated":true}]}}