{"id":7879,"date":"2016-09-03T22:55:42","date_gmt":"2016-09-04T01:55:42","guid":{"rendered":"http:\/\/webvasco.com\/artigos\/?p=7879"},"modified":"2016-09-03T23:01:32","modified_gmt":"2016-09-04T02:01:32","slug":"hexaenvergonhado","status":"publish","type":"post","link":"https:\/\/webvasco.com\/artigos\/colunistas\/luizcarlosrocha\/hexaenvergonhado\/","title":{"rendered":"HEXAENVERGONHADO!"},"content":{"rendered":"<div>\n<div style=\"color:#000; background-color:#fff; font-family:HelveticaNeue-Light, Helvetica Neue Light, Helvetica Neue, Helvetica, Arial, Lucida Grande, sans-serif;font-size:32px\">\n<div style=\"text-align:justify;text-indent:35.4pt;tab-stops:111.0pt\" id=\"yui_3_16_0_ym19_1_1472342936919_302628\"><span style=\"font-size:12.0pt;line-height:115%;font-family:&quot;Arial&quot;,sans-serif\" id=\"yui_3_16_0_ym19_1_1472342936919_302629\">Hexaenvergonhado!  O Vasco da Gama foi at\u00e9 a Arena Fonte nova encarar o Bahia, em partida v\u00e1lida  pela 23\u00aa Rodada, do Campeonato Brasileiro, da S\u00e9rie B, e trouxe de l\u00e1 na  bagagem mais um resultado negativo. O zagueiro Jackson fez o \u00fanico gol do jogo  e determinou a vit\u00f3ria para os baianos.<o:p id=\"yui_3_16_0_ym19_1_1472342936919_302630\"><\/o:p><\/span><\/div>\n<div style=\"text-align:justify;text-indent:35.4pt;tab-stops:111.0pt\" id=\"yui_3_16_0_ym19_1_1472342936919_302631\"><span style=\"font-size:12.0pt;line-height:115%;font-family:&quot;Arial&quot;,sans-serif\" id=\"yui_3_16_0_ym19_1_1472342936919_302632\">Embora  sem vencer h\u00e1 seis embates (cinco pela competi\u00e7\u00e3o supracitada e um pela Copa do  Brasil), o Cruzmaltino ainda \u00e9 l\u00edder da peleja, com 41 pontos ganhos na tabela.  Por\u00e9m, passou da hora de Jorginho e seus pupilos reagirem e n\u00e3o proporcionarem  mais vexames \u00e0 Imensa Torcida Bem (nem tanto assim) Feliz.<o:p id=\"yui_3_16_0_ym19_1_1472342936919_302633\"><\/o:p><\/span><\/div>\n<div style=\"text-align:justify;text-indent:35.4pt;tab-stops:111.0pt\" id=\"yui_3_16_0_ym19_1_1472342936919_302634\"><span style=\"font-size:12.0pt;line-height:115%;font-family:&quot;Arial&quot;,sans-serif\" id=\"yui_3_16_0_ym19_1_1472342936919_302635\">Se o  plantel \u00e9 o mesmo, a Comiss\u00e3o T\u00e9cnica rigorosamente igual e a torcida sempre  presente, o que est\u00e1 acontecendo? Ser\u00e1 o dito respeito que desapareceu? Sim,  porque atualmente todos que vestem o manto sagrado esqueceram de respeitar o  torcedor. <o:p id=\"yui_3_16_0_ym19_1_1472342936919_302636\"><\/o:p><\/span><\/div>\n<div style=\"text-align:justify;text-indent:35.4pt;tab-stops:111.0pt\" id=\"yui_3_16_0_ym19_1_1472342936919_302637\"><span style=\"font-size:12.0pt;line-height:115%;font-family:&quot;Arial&quot;,sans-serif\" id=\"yui_3_16_0_ym19_1_1472342936919_302638\">Dom  Charuto apequena em larga escala o Gigante que nem merece ser referido assim.  Talvez An\u00e3o da Colina! Lament\u00e1vel. Agora entendi tudo. O respeito de fato existe.  Por\u00e9m, \u00e9 um respeito an\u00e3o, bem diferente de um respeito gigante, por isso que  n\u00e3o conseguimos v\u00ea-lo. <o:p id=\"yui_3_16_0_ym19_1_1472342936919_302639\"><\/o:p><\/span><\/div>\n<div style=\"text-align:justify;text-indent:35.4pt;tab-stops:111.0pt\" id=\"yui_3_16_0_ym19_1_1472342936919_302640\"><span style=\"font-size:12.0pt;line-height:115%;font-family:&quot;Arial&quot;,sans-serif\" id=\"yui_3_16_0_ym19_1_1472342936919_302641\">S\u00e1bado,  dia 10, \u00e0s 16h30m, o Vasco receber\u00e1 em S\u00e3o Janu\u00e1rio, o Oeste. Se n\u00e3o ganhar  desta equipe, em casa, pode fechar as portas!<o:p id=\"yui_3_16_0_ym19_1_1472342936919_302642\"><\/o:p><\/span><\/div>\n<div style=\"text-align:justify;text-indent:35.4pt;tab-stops:111.0pt\" id=\"yui_3_16_0_ym19_1_1472342936919_302643\"><span style=\"font-size:12.0pt;line-height:115%;font-family:&quot;Arial&quot;,sans-serif\" id=\"yui_3_16_0_ym19_1_1472342936919_302644\"><o:p id=\"yui_3_16_0_ym19_1_1472342936919_302645\">&nbsp;<\/o:p><\/span><\/div>\n<div style=\"text-align:justify;text-indent:35.4pt;tab-stops:111.0pt\" id=\"yui_3_16_0_ym19_1_1472342936919_302646\"><span style=\"font-size:12.0pt;line-height:115%;font-family:&quot;Arial&quot;,sans-serif\" id=\"yui_3_16_0_ym19_1_1472342936919_302647\"><o:p id=\"yui_3_16_0_ym19_1_1472342936919_302648\">&nbsp;<\/o:p><\/span><\/div>\n<div style=\"text-align:justify;text-indent:35.4pt;tab-stops:111.0pt\" id=\"yui_3_16_0_ym19_1_1472342936919_302649\"><span style=\"font-size:14.0pt;line-height:115%;font-family:&quot;Arial&quot;,sans-serif\" id=\"yui_3_16_0_ym19_1_1472342936919_302650\"><o:p id=\"yui_3_16_0_ym19_1_1472342936919_302651\">&nbsp;<\/o:p><\/span><\/div>\n<div style=\"text-align:justify;text-indent:35.4pt;tab-stops:111.0pt\" id=\"yui_3_16_0_ym19_1_1472342936919_302652\"><b id=\"yui_3_16_0_ym19_1_1472342936919_302653\"><u id=\"yui_3_16_0_ym19_1_1472342936919_302654\"><span style=\"font-size:20.0pt;line-height:115%;font-family:&quot;Arial&quot;,sans-serif\" id=\"yui_3_16_0_ym19_1_1472342936919_302655\">DIVULGUEM ESSA COVARDIA:<\/span><\/u><\/b><span style=\"font-size:16.0pt;line-height:115%;font-family:&quot;Arial&quot;,sans-serif\" id=\"yui_3_16_0_ym19_1_1472342936919_302656\"> GOSTARIA  DE PEDIR A TODOS OS MEUS AMIGOS E LEITORES QUE TIRASSE UM TEMPINHO PARA LER A  PETI\u00c7\u00c3O P\u00daBLICA, AO QUAL SEGUE ABAIXO O LINK. TAL DOCUMENTO REFERE-SE A <b id=\"yui_3_16_0_ym19_1_1472342936919_302657\"><u id=\"yui_3_16_0_ym19_1_1472342936919_302658\">UM ATO DE COVARDIA POR PARTE DA  VOLKSWAGEN DO BRASIL EM COAUTORIA DA ABOLI\u00c7\u00c3O VE\u00cdCULOS (GRUPO AB)<\/u><\/b>  CONTRA ESTE VELHO JORNALISTA. A REFERIDA CONCESSION\u00c1RIA EST\u00c1 ME LESANDO DESDE  FEVEREIRO DE 2013. MEU CARRO FOI BATIDO DENTRO DA OFICINA, FURTARAM ACESS\u00d3RIOS,  TEM PROBLEMAS CAUSADOS POR ELES, AL\u00c9M DE DEFEITOS DE FABRICA\u00c7\u00c3O. O CARRO 0 KM  COMPRADO POR MIM HOJE SE ENCONTRA NA OFICINA DA ABOLI\u00c7\u00c3O VE\u00cdCULOS (CENTRO DE  NITER\u00d3I) <b id=\"yui_3_16_0_ym19_1_1472342936919_302659\"><u id=\"yui_3_16_0_ym19_1_1472342936919_302660\">DESDE 10 DE JUNHO DE 2013<\/u><\/b>,  OU MELHOR, H\u00c1 <b id=\"yui_3_16_0_ym19_1_1472342936919_302661\"><u id=\"yui_3_16_0_ym19_1_1472342936919_302662\">38 MESES, OU SEJA, 3  ANOS E DOIS MESES.<\/u><\/b> <b id=\"yui_3_16_0_ym19_1_1472342936919_302663\"><u id=\"yui_3_16_0_ym19_1_1472342936919_302664\">TEM APENAS  729 KM RODADOS<\/u><\/b> PARA COMPROVAR O CALV\u00c1RIO TENHO DOCUMENTOS, GRAVA\u00c7\u00d5ES DE  AUDIO E V\u00cdDEO, MAIS DE 600 FOTOGRAFIAS E E-MAILS TROCADOS COM FUNCION\u00c1RIOS DO  BAIXO, M\u00c9DIO E ALTO ESCAL\u00c3O DA EMPRESA. POR FAVOR, ASSINEM O DOCUMENTO PARA QUE  OUTROS CONSUMIDORES N\u00c3O SEJAM LESADOS POR EMPRESAS DESTE N\u00cdVEL.&nbsp; <\/span><a href=\"https:\/\/secure.avaaz.org\/po\/petition\/Aos_Orgaos_de_Defesa_do_Consumidor_e_ao_Poder_Judiciario_JUSTICA_CONTRA_UMA_MARCA_E_SUA_REVENDERORA_QUE_DESCUMPREM_A_LEI\/?lJEcNfb&amp;pv=0\" id=\"yui_3_16_0_ym19_1_1472342936919_302665\"><span style=\"font-size:16.0pt;line-height:115%;font-family:&quot;Arial&quot;,sans-serif\" id=\"yui_3_16_0_ym19_1_1472342936919_302666\">https:\/\/secure.avaaz.org\/po\/petition\/Aos_Orgaos_de_Defesa_do_Consumidor_e_ao_Poder_Judiciario_JUSTICA_CONTRA_UMA_MARCA_E_SUA_REVENDERORA_QUE_DESCUMPREM_A_LEI\/?lJEcNfb&amp;pv=0<\/span><\/a><span style=\"font-size:16.0pt;line-height:115%;font-family:&quot;Arial&quot;,sans-serif\" id=\"yui_3_16_0_ym19_1_1472342936919_302667\"><o:p id=\"yui_3_16_0_ym19_1_1472342936919_302668\"><\/o:p><\/span><\/div>\n<div style=\"text-align:justify;tab-stops:111.0pt\" id=\"yui_3_16_0_ym19_1_1472342936919_302669\"><span style=\"font-size:16.0pt;line-height:115%;font-family:&quot;Arial&quot;,sans-serif\" id=\"yui_3_16_0_ym19_1_1472342936919_302670\"><o:p id=\"yui_3_16_0_ym19_1_1472342936919_302671\">&nbsp;<\/o:p><\/span><\/div>\n<div style=\"text-align:justify;tab-stops:111.0pt\" id=\"yui_3_16_0_ym19_1_1472342936919_302672\"><b id=\"yui_3_16_0_ym19_1_1472342936919_302673\"><span style=\"font-size:16.0pt;line-height:115%;font-family:&quot;Arial&quot;,sans-serif\" id=\"yui_3_16_0_ym19_1_1472342936919_302674\">&nbsp;&nbsp;&nbsp;&nbsp;&nbsp;&nbsp;&nbsp;&nbsp;&nbsp;&nbsp;&nbsp;&nbsp;&nbsp;&nbsp;&nbsp;&nbsp;&nbsp;&nbsp;&nbsp;&nbsp;&nbsp;&nbsp;&nbsp;&nbsp; &nbsp;&nbsp;&nbsp;&nbsp;&nbsp;&nbsp; <o:p id=\"yui_3_16_0_ym19_1_1472342936919_302675\"><\/o:p><\/span><\/b><\/div>\n<div id=\"yui_3_16_0_ym19_1_1472342936919_302441\">                                            <\/div>\n<div style=\"text-align:justify\" dir=\"ltr\" id=\"yui_3_16_0_ym19_1_1472342936919_302676\"><b id=\"yui_3_16_0_ym19_1_1472342936919_302677\"><span style=\"font-size:14.0pt;line-height:115%;font-family:&quot;Arial&quot;,sans-serif\" id=\"yui_3_16_0_ym19_1_1472342936919_302678\">AP\u00d3S  AS TODAS AS PARTIDAS DO VASC\u00c3O EM MEU PERFIL DO FACEBOOK (QUEM QUISER RECEBER  AS CR\u00d4NICAS DE PRIMEIRA M\u00c3O \u00c9 S\u00d3 ME ADICIONAR), E NOS SITES WEBVASCO  (<a href=\"http:\/\/www.webvasco.com\">www.webvasco.com<\/a>), E VASCA\u00cdNOS UNIDOS (<a href=\"http:\/\/www.vascainosunidos.com.br\">www.vascainosunidos.com.br<\/a>) TEM A  OPINI\u00c3O DO JORNALISTA LUIZ CARLOS ROCHA. LEIAM! COMPARTILHEM E CURTAM!  VASCA\u00cdNOS UNIDOS JAMAIS SER\u00c3O VENCIDOS.<o:p id=\"yui_3_16_0_ym19_1_1472342936919_302679\"><\/o:p><\/span><\/b><\/div>\n<div id=\"yui_3_16_0_ym19_1_1472342936919_302441\"><span><br \/><\/span><\/div>\n<div id=\"yui_3_16_0_ym19_1_1472342936919_302441\"><span><br \/><\/span><\/div>\n<div id=\"yui_3_16_0_ym19_1_1472342936919_302441\"><span><br \/><\/span><\/div>\n<div id=\"yui_3_16_0_ym19_1_1472342936919_302441\"><span><br \/><\/span><\/div>\n<div><\/div>\n<div id=\"yui_3_16_0_ym19_1_1472342936919_302404\">&nbsp;<\/div>\n<div class=\"signature\" id=\"yui_3_16_0_ym19_1_1472342936919_302402\">\n<div id=\"RTEContent\">\n<div id=\"yui_3_16_0_ym19_1_1472342936919_302401\">\n<div id=\"yui_3_16_0_ym19_1_1472342936919_302400\">\n<div id=\"yui_3_16_0_ym19_1_1472342936919_302399\">\n<div align=\"center\" id=\"yui_3_16_0_ym19_1_1472342936919_302445\"><\/div>\n<\/div>\n<\/div>\n<\/div>\n<\/div>\n<\/div>\n<\/div>\n<\/div>\n<p><\/p>\n","protected":false},"excerpt":{"rendered":"<p>Hexaenvergonhado! O Vasco da Gama foi at\u00e9 a Arena Fonte nova encarar o Bahia, em&#8230;<\/p>\n","protected":false},"author":7,"featured_media":0,"comment_status":"open","ping_status":"closed","sticky":false,"template":"","format":"standard","meta":{"footnotes":""},"categories":[4],"tags":[],"class_list":["post-7879","post","type-post","status-publish","format-standard","hentry","category-luizcarlosrocha"],"_links":{"self":[{"href":"https:\/\/webvasco.com\/artigos\/wp-json\/wp\/v2\/posts\/7879","targetHints":{"allow":["GET"]}}],"collection":[{"href":"https:\/\/webvasco.com\/artigos\/wp-json\/wp\/v2\/posts"}],"about":[{"href":"https:\/\/webvasco.com\/artigos\/wp-json\/wp\/v2\/types\/post"}],"author":[{"embeddable":true,"href":"https:\/\/webvasco.com\/artigos\/wp-json\/wp\/v2\/users\/7"}],"replies":[{"embeddable":true,"href":"https:\/\/webvasco.com\/artigos\/wp-json\/wp\/v2\/comments?post=7879"}],"version-history":[{"count":0,"href":"https:\/\/webvasco.com\/artigos\/wp-json\/wp\/v2\/posts\/7879\/revisions"}],"wp:attachment":[{"href":"https:\/\/webvasco.com\/artigos\/wp-json\/wp\/v2\/media?parent=7879"}],"wp:term":[{"taxonomy":"category","embeddable":true,"href":"https:\/\/webvasco.com\/artigos\/wp-json\/wp\/v2\/categories?post=7879"},{"taxonomy":"post_tag","embeddable":true,"href":"https:\/\/webvasco.com\/artigos\/wp-json\/wp\/v2\/tags?post=7879"}],"curies":[{"name":"wp","href":"https:\/\/api.w.org\/{rel}","templated":true}]}}