{"id":7880,"date":"2016-09-11T10:24:23","date_gmt":"2016-09-11T13:24:23","guid":{"rendered":"http:\/\/webvasco.com\/artigos\/?p=7880"},"modified":"2016-09-11T10:51:59","modified_gmt":"2016-09-11T13:51:59","slug":"qual-o-amanh-pelo-qual-estamos-nos-preocupando-hoje","status":"publish","type":"post","link":"https:\/\/webvasco.com\/artigos\/colunistas\/andrepedro\/qual-o-amanh-pelo-qual-estamos-nos-preocupando-hoje\/","title":{"rendered":"Qual &eacute; o amanh&atilde; pelo qual estamos nos preocupando hoje?"},"content":{"rendered":"<div id='gallery-1' class='gallery galleryid-7880 gallery-columns-3 gallery-size-thumbnail'><figure class='gallery-item'>\n\t\t\t<div class='gallery-icon '>\n\t\t\t\t<a href='https:\/\/webvasco.com\/artigos\/colunistas\/andrepedro\/qual-o-amanh-pelo-qual-estamos-nos-preocupando-hoje\/attachment\/image-5\/'><img loading=\"lazy\" decoding=\"async\" width=\"1\" height=\"1\" src=\"https:\/\/webvasco.com\/artigos\/wp-content\/uploads\/2016\/09\/image.png\" class=\"attachment-thumbnail size-thumbnail\" alt=\"\" \/><\/a>\n\t\t\t<\/div><\/figure>\n\t\t<\/div>\n\n<div dir=\"ltr\">\n<div>\n<p class=\"MsoNormal\">H\u00e1 alguns dias foi feita uma pesquisa pelo grupo pol\u00edtico\u00a0Cruzada Vasca\u00edna, sendo o novo programa de s\u00f3cios do clube o tema principal.<\/p>\n<p class=\"MsoNormal\">O grupo fez uma an\u00e1lise que encontra-se no link: <a href=\"http:\/\/www.cruzadavascaina.com.br\/noticias\/falta-de-transparencia-e-desanimo-com-o-futebol-afastam-vascainos-do-programa-de-socios\/\">http:\/\/www.cruzadavascaina.com.br\/noticias\/falta-de-transparencia-e-desanimo-com-o-futebol-afastam-vascainos-do-programa-de-socios\/<\/a><\/p>\n<p class=\"MsoNormal\">As conclus\u00f5es do grupo s\u00e3o semelhantes \u00e0s que eu\u00a0cheguei ao analisar os n\u00fameros da pesquisa. Entretanto, resolvi criar este\u00a0pequeno artigo para colocar algumas reflex\u00f5es adicionais sobre o assunto que julgo importantes levar ao conhecimento do p\u00fablico vasca\u00edno.<\/p>\n<p class=\"MsoNormal\">A primeira coisa que salta aos olhos na mat\u00e9ria da Cruzada \u00e9\u00a0uma informa\u00e7\u00e3o que nos invoca a uma reflex\u00e3o se o clube est\u00e1 de fato resgatando\u00a0seu prest\u00edgio ou n\u00e3o: O Gerente de Marketing do nosso clube \u00e9 um flamenguista\u00a0(Marcus Duarte). Alguns ir\u00e3o dizer: \u201cmas o sujeito \u00e9 um profissional e n\u00e3o h\u00e1\u00a0problemas de torcer para outro clube\u201d!&#8230; Se fosse simples assim, tudo bem! Mas infelizmente para o Vasco, n\u00e3o \u00e9&#8230; Pesquisando rapidamente sobre ele na internet, \u00e9 f\u00e1cil constatar que\u00a0n\u00e3o \u00e9 a primeira vez que ele est\u00e1 nessa posi\u00e7\u00e3o no Vasco, e seus resultados\u00a0anteriores j\u00e1 foram muito questionados na \u00e9poca. Se pesquisarmos mais ainda,\u00a0veremos que h\u00e1 farto material na internet mostrando sua PAIX\u00c3O pelo Flamengo,\u00a0tendo inclusive seu nome em um dos tijolos colocados no muro dos GRANDES\u00a0DOADORES para constru\u00e7\u00e3o do CT do Flamengo. Por outro lado, levando ainda em considera\u00e7\u00e3o\u00a0recente entrevista do nosso presidente, Eurico Miranda, que disse \u201c<i>um filho ou um neto meu nascer flamengo \u00e9\u00a0como nascer com c\u00e2ncer<\/i>\u201d [ <a href=\"http:\/\/torcedores.com\/noticias\/2016\/09\/eurico-miranda-um-filho-ou-um-neto-meu-nascer-flamengo-e-como-nascer-com-cancer\">http:\/\/torcedores.com\/noticias\/2016\/09\/eurico-miranda-um-filho-ou-um-neto-meu-nascer-flamengo-e-como-nascer-com-cancer<\/a> ],\u00a0fico curioso em saber quais crit\u00e9rios ele utilizou em colocar uma das posi\u00e7\u00f5es\u00a0mais estrat\u00e9gicas do clube nas m\u00e3os de um flamenguista. Juntando ent\u00e3o <b>[1]<\/b> uma\u00a0efic\u00e1cia question\u00e1vel de sua passagem anterior, mais<b> [2]<\/b> sua paix\u00e3o pelo time\u00a0rival, mais <b>[3]<\/b> o fato que o Presidente do clube demonstrar um sentimento\u00a0extremamente negativo com flamenguistas, e mais ainda: <b>[4]<\/b> saber claramente da\u00a0incapacidade desse profissional em estimar n\u00fameros de seus projetos, j\u00e1 que\u00a0avaliou que chegar\u00edamos ao final do ano com<b> 25 mil s\u00f3cios no programa S\u00f3cio\u00a0Torcedor<\/b>, e, j\u00e1 em setembro, sequer\u00a0conseguimos <b>chegar em 10 mil s\u00f3cios<\/b>&#8230; Ser\u00e1 que estou sendo muito r\u00edgido em concluir que h\u00e1 algo muito\u00a0errado nessa equa\u00e7\u00e3o? Some voc\u00ea, amigo leitor, os itens <b>[1] + [2] + [3] + [4]<\/b> e\u00a0tente achar o resultado. Coloque nos coment\u00e1rios deste artigo o resultado da\u00a0soma e nos ajude a entender se \u00e9 poss\u00edvel que isso possa dar certo&#8230;<\/p>\n<p class=\"MsoNormal\">A\u00ed ent\u00e3o a gente segue com a seguinte pergunta: Como admitir\u00a0que um clube como o Vasco fique atr\u00e1s de Remo, Gr\u00eamio Osasco e Fortaleza em\u00a0n\u00famero de s\u00f3cios torcedores? Ser\u00e1 que precisamos mesmo de uma pesquisa para\u00a0entender que algo est\u00e1 MUITO errado nesse programa?<\/p>\n<p class=\"MsoNormal\">Eu n\u00e3o sou formado em marketing e n\u00e3o irei me aventurar em\u00a0tentar apontar solu\u00e7\u00f5es, mas existe uma frase milenar que nos ajuda sempre em\u00a0casos como esse: \u201c<i>\u00c9 pelos frutos que se conhece a \u00e1rvore<\/i>\u201d&#8230; Quais s\u00e3o os\u00a0frutos dessa \u00e1rvore?<\/p>\n<p class=\"MsoNormal\">Creio que \u00e9 necess\u00e1rio ao vasca\u00edno em geral, seja s\u00f3cio\u00a0estatut\u00e1rio, seja s\u00f3cio torcedor, seja apenas um f\u00e3 do clube, que comece a ser\u00a0mais r\u00edgido e questionador do que est\u00e1 sendo feito ao nosso clube. N\u00e3o estou\u00a0querendo dizer com isso que devemos agir com rispidez, raiva, agress\u00f5es,\u00a0trucul\u00eancia ou intoler\u00e2ncia&#8230; N\u00e3o! Essa arma \u00e9 dos fracos! <b>S\u00f3 os fracos usam a\u00a0for\u00e7a f\u00edsica ou viol\u00eancia verbal e moral para atingir seus fins<\/b>&#8230; Precisamos\u00a0ser <b>mais s\u00e9rios<\/b> e nos informarmos melhor sobre nosso clube, n\u00e3o aceitando mais o \u201cjeitinho\u201d,\u00a0as \u201cfrases de efeito\u201d, ou as \u201cfalsas promessas\u201d, ou as \u201cmaquiagens\u201d que estamos\u00a0acostumados a ver na pol\u00edtica brasileira! O Brasil est\u00e1 come\u00e7ando a despertar\u00a0politicamente depois de longos e longos anos de sono profundo&#8230; \u00c9 necess\u00e1rio\u00a0que o vasca\u00edno tamb\u00e9m desperte desse sono e dessa letargia pol\u00edtica e comece a\u00a0participar mais da vida social e pol\u00edtica de nossa institui\u00e7\u00e3o! \u00c9 da quantidade\u00a0que surge a qualidade! \u00c9 das discuss\u00f5es s\u00e9rias, sem vaidades e com propens\u00e3o a\u00a0ouvir o contradit\u00f3rio que conseguimos encontrar caminhos e solu\u00e7\u00f5es! N\u00e3o\u00a0podemos mais aceitar que o Vasco continue com as pr\u00e1ticas do s\u00e9culo XX, de\u00a0prepot\u00eancia e arrog\u00e2ncia&#8230; \u00c9 necess\u00e1rio entrarmos no s\u00e9culo XXI, mesmo que\u00a0passemos alguns anos corrigindo os erros para colher frutos somente l\u00e1 na\u00a0frente. Como disse o jurista <b>Joaquim Falc\u00e3o<\/b> em entrevista recente a <b>Roberto D\u2019Avila<\/b>,\u00a0<i>o s\u00e9culo XXI ser\u00e1 o s\u00e9culo do amadurecimento das democracias<\/i>, e \u00e9 somente com o\u00a0exerc\u00edcio pleno da democracia, com di\u00e1logo franco e troca de experi\u00eancias para\u00a0se chegar ao que \u00e9 melhor para todos, \u00e9 que colheremos frutos.<\/p>\n<p class=\"MsoNormal\">Ou decidimos agir e come\u00e7amos a lutar por um novo Vasco, ou\u00a0ficamos quietos e deixamos como est\u00e1. Tivemos 3 rebaixamentos recentes, e\u00a0como disse <b>Dale Carnegie<\/b>: &#8220;<i>Lembre-se,\u00a0hoje \u00e9 o amanh\u00e3 sobre o qual se preocupou ontem<\/i>&#8220;&#8230; Portanto, a pergunta\u00a0\u00e9: <b>qual \u00e9 o amanh\u00e3 pelo qual estamos nos preocupando hoje?<\/b><\/p>\n<p class=\"MsoNormal\">PS: Uma reflex\u00e3o final:<\/p>\n<p class=\"MsoNormal\"><em>O hist\u00f3rico campeonato de 1948 e o <strong>Vasco se tornar o clube mais popular do Brasil naquela \u00e9poca<\/strong> foi o <strong>amanh\u00e3 pelo qual nossos antepassados se preocuparam<\/strong> quando incentivaram o futebol no clube, sem discrimina\u00e7\u00e3o de ra\u00e7a e posi\u00e7\u00e3o social.<\/em><\/p>\n<p><img loading=\"lazy\" decoding=\"async\" src=\"https:\/\/webvasco.com\/artigos\/wp-content\/uploads\/2016\/09\/image.png\" alt=\"Imagem inline 1\" width=\"540\" height=\"403\" \/><b><br \/>\n<\/b><\/p>\n<\/div>\n<\/div>\n<p>&nbsp;<\/p>\n","protected":false},"excerpt":{"rendered":"<p>H\u00e1 alguns dias foi feita uma pesquisa pelo grupo pol\u00edtico\u00a0Cruzada Vasca\u00edna, sendo o novo programa&#8230;<\/p>\n","protected":false},"author":5,"featured_media":7881,"comment_status":"open","ping_status":"closed","sticky":false,"template":"","format":"standard","meta":{"footnotes":""},"categories":[2],"tags":[],"class_list":["post-7880","post","type-post","status-publish","format-standard","has-post-thumbnail","hentry","category-andrepedro"],"_links":{"self":[{"href":"https:\/\/webvasco.com\/artigos\/wp-json\/wp\/v2\/posts\/7880","targetHints":{"allow":["GET"]}}],"collection":[{"href":"https:\/\/webvasco.com\/artigos\/wp-json\/wp\/v2\/posts"}],"about":[{"href":"https:\/\/webvasco.com\/artigos\/wp-json\/wp\/v2\/types\/post"}],"author":[{"embeddable":true,"href":"https:\/\/webvasco.com\/artigos\/wp-json\/wp\/v2\/users\/5"}],"replies":[{"embeddable":true,"href":"https:\/\/webvasco.com\/artigos\/wp-json\/wp\/v2\/comments?post=7880"}],"version-history":[{"count":1,"href":"https:\/\/webvasco.com\/artigos\/wp-json\/wp\/v2\/posts\/7880\/revisions"}],"predecessor-version":[{"id":7883,"href":"https:\/\/webvasco.com\/artigos\/wp-json\/wp\/v2\/posts\/7880\/revisions\/7883"}],"wp:featuredmedia":[{"embeddable":true,"href":"https:\/\/webvasco.com\/artigos\/wp-json\/wp\/v2\/media\/7881"}],"wp:attachment":[{"href":"https:\/\/webvasco.com\/artigos\/wp-json\/wp\/v2\/media?parent=7880"}],"wp:term":[{"taxonomy":"category","embeddable":true,"href":"https:\/\/webvasco.com\/artigos\/wp-json\/wp\/v2\/categories?post=7880"},{"taxonomy":"post_tag","embeddable":true,"href":"https:\/\/webvasco.com\/artigos\/wp-json\/wp\/v2\/tags?post=7880"}],"curies":[{"name":"wp","href":"https:\/\/api.w.org\/{rel}","templated":true}]}}