{"id":7884,"date":"2016-09-11T15:14:13","date_gmt":"2016-09-11T18:14:13","guid":{"rendered":"http:\/\/webvasco.com\/artigos\/?p=7884"},"modified":"2016-09-11T15:27:47","modified_gmt":"2016-09-11T18:27:47","slug":"vestiu-preto-e-vermelho-porrada-neles","status":"publish","type":"post","link":"https:\/\/webvasco.com\/artigos\/colunistas\/luizcarlosrocha\/vestiu-preto-e-vermelho-porrada-neles\/","title":{"rendered":"VESTIU PRETO E VERMELHO? PORRADA NELES!"},"content":{"rendered":"<div>\n<div style=\"color:#000; background-color:#fff; font-family:HelveticaNeue-Light, Helvetica Neue Light, Helvetica Neue, Helvetica, Arial, Lucida Grande, sans-serif;font-size:32px\">\n<div style=\"text-align:justify;text-indent:35.4pt;tab-stops:111.0pt\" id=\"yui_3_16_0_ym19_1_1473617408421_11228\"><span style=\"font-size:12.0pt;line-height:115%;font-family:&quot;Arial&quot;,sans-serif\" id=\"yui_3_16_0_ym19_1_1473617408421_11229\">A saga  continua. Os 4.903 torcedores presentes em S\u00e3o Janu\u00e1rio, ontem, viram um  futebol longe daquele apresentando por planteis inquestion\u00e1veis, mas o Vasco manteve  a escrita de n\u00e3o dar mole para equipe que veste rubro-negro. Ao vencer o Oeste,  por 3 a 2, os pupilos do treinador Jorginho recolocaram o Cruzmaltino na  primeira posi\u00e7\u00e3o na tabela de classifica\u00e7\u00e3o.<o:p id=\"yui_3_16_0_ym19_1_1473617408421_11230\"><\/o:p><\/span><\/div>\n<div style=\"text-align:justify;text-indent:35.4pt;tab-stops:111.0pt\" id=\"yui_3_16_0_ym19_1_1473617408421_11231\"><span style=\"font-size:12.0pt;line-height:115%;font-family:&quot;Arial&quot;,sans-serif\" id=\"yui_3_16_0_ym19_1_1473617408421_11232\">Em  partida v\u00e1lida pela 24\u00aa Rodada, do Campeonato Brasileiro, da S\u00e9rie B, os noventa  minutos foram de muito sofrimento para a Imensa Torcida Bem (nem tanto assim)  Feliz. O meia atacante Nen\u00ea inaugurou o marcador com uma cobran\u00e7a de falta perfeita!  No \u00e2ngulo. Sem chance de defesa para o arqueiro advers\u00e1rio Felipe Alves. <o:p id=\"yui_3_16_0_ym19_1_1473617408421_11233\"><\/o:p><\/span><\/div>\n<div style=\"text-align:justify;text-indent:35.4pt;tab-stops:111.0pt\" id=\"yui_3_16_0_ym19_1_1473617408421_11234\"><span style=\"font-size:12.0pt;line-height:115%;font-family:&quot;Arial&quot;,sans-serif\" id=\"yui_3_16_0_ym19_1_1473617408421_11235\">Pouco  tempo depois \u2013 exatos quatro minutos \u2013 foi a vez de \u00c9derson mandar um bala\u00e7o  para o fundo da rede ampliando o placar. O que parecia f\u00e1cil (at\u00e9 aquele  momento estava 2 a 0 para o Gigante da Colina), ficou tenso! Ricardo Bueno  tratou de diminuir. Mas foi na etapa complementar que a emo\u00e7\u00e3o ficou ainda mais  forte.<o:p id=\"yui_3_16_0_ym19_1_1473617408421_11236\"><\/o:p><\/span><\/div>\n<div style=\"text-align:justify;text-indent:35.4pt;tab-stops:111.0pt\" id=\"yui_3_16_0_ym19_1_1473617408421_11237\"><span style=\"font-size:12.0pt;line-height:115%;font-family:&quot;Arial&quot;,sans-serif\" id=\"yui_3_16_0_ym19_1_1473617408421_11238\">Logo  aos 16 minutos, Crysan recebeu fora da \u00e1rea e bateu colocado para empatar o jogo.  Era a reden\u00e7\u00e3o rubro-negra. Uma esp\u00e9cie de vingan\u00e7a flamenguista. Justamente em  casa! O atacante (atualmente de nervos) Thalles marcou o gol que seria da  vit\u00f3ria, aos 38, mas a arbitragem anulou erradamente, alegando falta de ataque  do zagueiro Rodrigo.<o:p id=\"yui_3_16_0_ym19_1_1473617408421_11239\"><\/o:p><\/span><\/div>\n<div style=\"text-align:justify;text-indent:35.4pt;tab-stops:111.0pt\" id=\"yui_3_16_0_ym19_1_1473617408421_11240\"><span style=\"font-size:12.0pt;line-height:115%;font-family:&quot;Arial&quot;,sans-serif\" id=\"yui_3_16_0_ym19_1_1473617408421_11241\">Mas o  Vasco da Gama n\u00e3o se intimida com a cores preto e vermelho. Pelo contr\u00e1rio. Tem  ainda mais vontade de abater. Nos acr\u00e9scimos, aos 46 minutos, j\u00e1 que ningu\u00e9m  havia ca\u00e7ado o Pok\u00e9mon, justamente ele, Yago Pikachu, tratou de ser o ca\u00e7ador e  deu um tiro certeiro no Oeste! Definiu o placar: 3 a 2 Mach\u00e3o da Gama!<o:p id=\"yui_3_16_0_ym19_1_1473617408421_11242\"><\/o:p><\/span><\/div>\n<div style=\"text-align:justify;text-indent:35.4pt;tab-stops:111.0pt\" id=\"yui_3_16_0_ym19_1_1473617408421_11243\"><span style=\"font-size:12.0pt;line-height:115%;font-family:&quot;Arial&quot;,sans-serif\" id=\"yui_3_16_0_ym19_1_1473617408421_11244\">Ter\u00e7a-feira,  dia 13 de setembro, o Vasc\u00e3o ir\u00e1 at\u00e9 Goi\u00e2nia\/GO, no Est\u00e1dio Serra Dourada, encarrar  o Goi\u00e1s, \u00e0s 21h30m, em partida v\u00e1lida pela 25\u00aa Rodada do Brasileir\u00e3o da  Segundona, jogo de n\u00famero: 245 (registro da CBF).<o:p id=\"yui_3_16_0_ym19_1_1473617408421_11245\"><\/o:p><\/span><\/div>\n<div style=\"text-align:justify;text-indent:35.4pt;tab-stops:111.0pt\" id=\"yui_3_16_0_ym19_1_1473617408421_11246\"><b id=\"yui_3_16_0_ym19_1_1473617408421_11247\"><u id=\"yui_3_16_0_ym19_1_1473617408421_11248\"><span style=\"font-size:12.0pt;line-height:115%;font-family:&quot;Arial&quot;,sans-serif\" id=\"yui_3_16_0_ym19_1_1473617408421_11249\">JORNAL EXTRA:<\/span><\/u><\/b><span style=\"font-size:12.0pt;line-height:115%;font-family:&quot;Arial&quot;,sans-serif\" id=\"yui_3_16_0_ym19_1_1473617408421_11250\"> Na  capa do Jornal Extra (di\u00e1rio carioca), de sexta-feira, dia 09\/09\/2016, trouxe  como manchete: S\u00d3 N\u00c3O V\u00ca QUEM N\u00c3O QUER, na sub manchete assim: Matem\u00e1tica prova  que o Hepta do Meng\u00e3o t\u00e1 perto. E completando a burrice plena o desenho de um  frasco de perfume com a sigla CRF borrifando e escrito: T\u00e1 sentindo o  cheirinho? Tudo compat\u00edvel! Um jornaleco de quinta categoria, que torce  declaradamente para os Exclu\u00eddos, que jamais foi imparcial, induz os torcedores  do Gueto ao erro. Isto, porque, ap\u00f3s a borrifada de uma fragr\u00e2ncia, n\u00e3o cabe a  pergunta sobre o cheiro (ou reformul\u00e1-la) precisam avisar aos \u201ccoleguinhas\u201d que  l\u00e1 trabalham ser imposs\u00edvel ver o cheiro e sim sentir. N\u00e3o confundam os  sentidos, para n\u00e3o perderem o sentido do bom uso da l\u00edngua p\u00e1tria! E antes de  mais nada, precisam consultar um Departamento Jur\u00eddico a fim de se informar que  o t\u00edtulo do Campeonato Brasileiro de 1987 est\u00e1 transitado em julgado, COM  JULGAMENTO DO M\u00c9RITO! O que \u00e9 isso Jornal Extra? Estudem, consultem, sejam  imparciais e respons\u00e1veis que ir\u00e3o saber! Portanto, n\u00e3o h\u00e1 hepta sem conquistar  o hexa antes!<b id=\"yui_3_16_0_ym19_1_1473617408421_11251\"><u id=\"yui_3_16_0_ym19_1_1473617408421_11252\"><o:p id=\"yui_3_16_0_ym19_1_1473617408421_11253\"><\/o:p><\/u><\/b><\/span><\/div>\n<div style=\"text-align:justify;text-indent:35.4pt;tab-stops:111.0pt\" id=\"yui_3_16_0_ym19_1_1473617408421_11254\"><span style=\"font-size:12.0pt;line-height:115%;font-family:&quot;Arial&quot;,sans-serif\" id=\"yui_3_16_0_ym19_1_1473617408421_11255\"><o:p id=\"yui_3_16_0_ym19_1_1473617408421_11256\">&nbsp;<\/o:p><\/span><\/div>\n<div style=\"text-align:justify;text-indent:35.4pt;tab-stops:111.0pt\" id=\"yui_3_16_0_ym19_1_1473617408421_11257\"><span style=\"font-size:12.0pt;line-height:115%;font-family:&quot;Arial&quot;,sans-serif\" id=\"yui_3_16_0_ym19_1_1473617408421_11258\"><o:p id=\"yui_3_16_0_ym19_1_1473617408421_11259\">&nbsp;<\/o:p><\/span><\/div>\n<div style=\"text-align:justify;text-indent:35.4pt;tab-stops:111.0pt\" id=\"yui_3_16_0_ym19_1_1473617408421_11260\"><span style=\"font-size:14.0pt;line-height:115%;font-family:&quot;Arial&quot;,sans-serif\" id=\"yui_3_16_0_ym19_1_1473617408421_11261\"><o:p id=\"yui_3_16_0_ym19_1_1473617408421_11262\">&nbsp;<\/o:p><\/span><\/div>\n<div style=\"text-align:justify;text-indent:35.4pt;tab-stops:111.0pt\" id=\"yui_3_16_0_ym19_1_1473617408421_11263\"><b id=\"yui_3_16_0_ym19_1_1473617408421_11264\"><u id=\"yui_3_16_0_ym19_1_1473617408421_11265\"><span style=\"font-size:20.0pt;line-height:115%;font-family:&quot;Arial&quot;,sans-serif\" id=\"yui_3_16_0_ym19_1_1473617408421_11266\">DIVULGUEM ESSA COVARDIA:<\/span><\/u><\/b><span style=\"font-size:16.0pt;line-height:115%;font-family:&quot;Arial&quot;,sans-serif\" id=\"yui_3_16_0_ym19_1_1473617408421_11267\"> GOSTARIA  DE PEDIR A TODOS OS MEUS AMIGOS E LEITORES QUE TIRASSE UM TEMPINHO PARA LER A  PETI\u00c7\u00c3O P\u00daBLICA, AO QUAL SEGUE ABAIXO O LINK. TAL DOCUMENTO REFERE-SE A <b id=\"yui_3_16_0_ym19_1_1473617408421_11268\"><u id=\"yui_3_16_0_ym19_1_1473617408421_11269\">UM ATO DE COVARDIA POR PARTE DA  VOLKSWAGEN DO BRASIL EM COAUTORIA DA ABOLI\u00c7\u00c3O VE\u00cdCULOS (GRUPO AB)<\/u><\/b>  CONTRA ESTE VELHO JORNALISTA. A REFERIDA CONCESSION\u00c1RIA EST\u00c1 ME LESANDO DESDE  FEVEREIRO DE 2013. MEU CARRO FOI BATIDO DENTRO DA OFICINA, FURTARAM ACESS\u00d3RIOS,  TEM PROBLEMAS CAUSADOS POR ELES, AL\u00c9M DE DEFEITOS DE FABRICA\u00c7\u00c3O. O CARRO 0 KM  COMPRADO POR MIM HOJE SE ENCONTRA NA OFICINA DA ABOLI\u00c7\u00c3O VE\u00cdCULOS (CENTRO DE  NITER\u00d3I) <b id=\"yui_3_16_0_ym19_1_1473617408421_11270\"><u id=\"yui_3_16_0_ym19_1_1473617408421_11271\">DESDE 10 DE JUNHO DE 2013<\/u><\/b>,  OU MELHOR, H\u00c1 <b id=\"yui_3_16_0_ym19_1_1473617408421_11272\"><u id=\"yui_3_16_0_ym19_1_1473617408421_11273\">39 MESES, OU SEJA, 3  ANOS E TR\u00caS MESES.<\/u><\/b> <b id=\"yui_3_16_0_ym19_1_1473617408421_11274\"><u id=\"yui_3_16_0_ym19_1_1473617408421_11275\">TEM APENAS  729 KM RODADOS<\/u><\/b> PARA COMPROVAR O CALV\u00c1RIO TENHO DOCUMENTOS, GRAVA\u00c7\u00d5ES DE  AUDIO E V\u00cdDEO, MAIS DE 600 FOTOGRAFIAS E E-MAILS TROCADOS COM FUNCION\u00c1RIOS DO  BAIXO, M\u00c9DIO E ALTO ESCAL\u00c3O DA EMPRESA. POR FAVOR, ASSINEM O DOCUMENTO PARA QUE  OUTROS CONSUMIDORES N\u00c3O SEJAM LESADOS POR EMPRESAS DESTE N\u00cdVEL.&nbsp; <\/span><a href=\"https:\/\/secure.avaaz.org\/po\/petition\/Aos_Orgaos_de_Defesa_do_Consumidor_e_ao_Poder_Judiciario_JUSTICA_CONTRA_UMA_MARCA_E_SUA_REVENDERORA_QUE_DESCUMPREM_A_LEI\/?lJEcNfb&amp;pv=0\" id=\"yui_3_16_0_ym19_1_1473617408421_11276\"><span style=\"font-size:16.0pt;line-height:115%;font-family:&quot;Arial&quot;,sans-serif\" id=\"yui_3_16_0_ym19_1_1473617408421_11277\">https:\/\/secure.avaaz.org\/po\/petition\/Aos_Orgaos_de_Defesa_do_Consumidor_e_ao_Poder_Judiciario_JUSTICA_CONTRA_UMA_MARCA_E_SUA_REVENDERORA_QUE_DESCUMPREM_A_LEI\/?lJEcNfb&amp;pv=0<\/span><\/a><span style=\"font-size:16.0pt;line-height:115%;font-family:&quot;Arial&quot;,sans-serif\" id=\"yui_3_16_0_ym19_1_1473617408421_11278\"><o:p id=\"yui_3_16_0_ym19_1_1473617408421_11279\"><\/o:p><\/span><\/div>\n<div style=\"text-align:justify;tab-stops:111.0pt\" id=\"yui_3_16_0_ym19_1_1473617408421_11280\"><span style=\"font-size:16.0pt;line-height:115%;font-family:&quot;Arial&quot;,sans-serif\" id=\"yui_3_16_0_ym19_1_1473617408421_11281\"><o:p id=\"yui_3_16_0_ym19_1_1473617408421_11282\">&nbsp;<\/o:p><\/span><\/div>\n<div style=\"text-align:justify;tab-stops:111.0pt\" id=\"yui_3_16_0_ym19_1_1473617408421_11283\"><b id=\"yui_3_16_0_ym19_1_1473617408421_11284\"><span style=\"font-size:16.0pt;line-height:115%;font-family:&quot;Arial&quot;,sans-serif\" id=\"yui_3_16_0_ym19_1_1473617408421_11285\">&nbsp;&nbsp;&nbsp;&nbsp;&nbsp;&nbsp;&nbsp;&nbsp;&nbsp;&nbsp;&nbsp;&nbsp;&nbsp;&nbsp;&nbsp;&nbsp;&nbsp;&nbsp;&nbsp;&nbsp;&nbsp;&nbsp;&nbsp;&nbsp; &nbsp;&nbsp;&nbsp;&nbsp;&nbsp;&nbsp; <o:p id=\"yui_3_16_0_ym19_1_1473617408421_11286\"><\/o:p><\/span><\/b><\/div>\n<div id=\"yui_3_16_0_ym19_1_1473617408421_11003\">                                                    <\/div>\n<div style=\"text-align:justify\" dir=\"ltr\" id=\"yui_3_16_0_ym19_1_1473617408421_11287\"><b id=\"yui_3_16_0_ym19_1_1473617408421_11288\"><span style=\"font-size:14.0pt;line-height:115%;font-family:&quot;Arial&quot;,sans-serif\" id=\"yui_3_16_0_ym19_1_1473617408421_11289\">AP\u00d3S  AS TODAS AS PARTIDAS DO VASC\u00c3O EM MEU PERFIL DO FACEBOOK (QUEM QUISER RECEBER  AS CR\u00d4NICAS DE PRIMEIRA M\u00c3O \u00c9 S\u00d3 ME ADICIONAR), E NOS SITES WEBVASCO  (<a href=\"http:\/\/www.webvasco.com\">www.webvasco.com<\/a>), E VASCA\u00cdNOS UNIDOS (<a href=\"http:\/\/www.vascainosunidos.com.br\">www.vascainosunidos.com.br<\/a>) TEM A  OPINI\u00c3O DO JORNALISTA LUIZ CARLOS ROCHA. LEIAM! COMPARTILHEM E CURTAM!  VASCA\u00cdNOS UNIDOS JAMAIS SER\u00c3O VENCIDOS.<o:p id=\"yui_3_16_0_ym19_1_1473617408421_11290\"><\/o:p><\/span><\/b><\/div>\n<div id=\"yui_3_16_0_ym19_1_1473617408421_11003\"><span><br \/><\/span><\/div>\n<div id=\"yui_3_16_0_ym19_1_1473617408421_11003\"><span><br \/><\/span><\/div>\n<div id=\"yui_3_16_0_ym19_1_1473617408421_11003\"><span><br \/><\/span><\/div>\n<div><\/div>\n<div id=\"yui_3_16_0_ym19_1_1473617408421_11004\">&nbsp;<\/div>\n<div class=\"signature\" id=\"yui_3_16_0_ym19_1_1473617408421_11012\">\n<div id=\"RTEContent\">\n<div id=\"yui_3_16_0_ym19_1_1473617408421_11011\">\n<div id=\"yui_3_16_0_ym19_1_1473617408421_11010\">\n<div id=\"yui_3_16_0_ym19_1_1473617408421_11009\">\n<div align=\"center\" id=\"yui_3_16_0_ym19_1_1473617408421_11008\"><\/div>\n<\/div>\n<\/div>\n<\/div>\n<\/div>\n<\/div>\n<\/div>\n<\/div>\n<p><\/p>\n","protected":false},"excerpt":{"rendered":"<p>A saga continua. Os 4.903 torcedores presentes em S\u00e3o Janu\u00e1rio, ontem, viram um futebol longe&#8230;<\/p>\n","protected":false},"author":7,"featured_media":0,"comment_status":"open","ping_status":"closed","sticky":false,"template":"","format":"standard","meta":{"footnotes":""},"categories":[4],"tags":[],"class_list":["post-7884","post","type-post","status-publish","format-standard","hentry","category-luizcarlosrocha"],"_links":{"self":[{"href":"https:\/\/webvasco.com\/artigos\/wp-json\/wp\/v2\/posts\/7884","targetHints":{"allow":["GET"]}}],"collection":[{"href":"https:\/\/webvasco.com\/artigos\/wp-json\/wp\/v2\/posts"}],"about":[{"href":"https:\/\/webvasco.com\/artigos\/wp-json\/wp\/v2\/types\/post"}],"author":[{"embeddable":true,"href":"https:\/\/webvasco.com\/artigos\/wp-json\/wp\/v2\/users\/7"}],"replies":[{"embeddable":true,"href":"https:\/\/webvasco.com\/artigos\/wp-json\/wp\/v2\/comments?post=7884"}],"version-history":[{"count":0,"href":"https:\/\/webvasco.com\/artigos\/wp-json\/wp\/v2\/posts\/7884\/revisions"}],"wp:attachment":[{"href":"https:\/\/webvasco.com\/artigos\/wp-json\/wp\/v2\/media?parent=7884"}],"wp:term":[{"taxonomy":"category","embeddable":true,"href":"https:\/\/webvasco.com\/artigos\/wp-json\/wp\/v2\/categories?post=7884"},{"taxonomy":"post_tag","embeddable":true,"href":"https:\/\/webvasco.com\/artigos\/wp-json\/wp\/v2\/tags?post=7884"}],"curies":[{"name":"wp","href":"https:\/\/api.w.org\/{rel}","templated":true}]}}