{"id":7885,"date":"2016-09-14T05:34:07","date_gmt":"2016-09-14T08:34:07","guid":{"rendered":"http:\/\/webvasco.com\/artigos\/?p=7885"},"modified":"2016-09-14T10:35:46","modified_gmt":"2016-09-14T13:35:46","slug":"artigo-3","status":"publish","type":"post","link":"https:\/\/webvasco.com\/artigos\/colunistas\/luizcarlosrocha\/artigo-3\/","title":{"rendered":"ACABOU A GORDURA!"},"content":{"rendered":"<div>\n<div style=\"color: #000; background-color: #fff; font-family: HelveticaNeue-Light, Helvetica Neue Light, Helvetica Neue, Helvetica, Arial, Lucida Grande, sans-serif; font-size: 32px;\">\n<div id=\"yui_3_16_0_ym19_1_1473839245292_6498\" style=\"text-indent: 35.4pt; text-align: left;\" align=\"center\"><span style=\"font-family: Arial, sans-serif; font-size: 12pt; line-height: 115%; text-align: justify; text-indent: 35.4pt;\">\u00a0 \u00a0\u00a0<\/span><span id=\"yui_3_16_0_ym19_1_1473839245292_6571\" style=\"font-family: Arial, sans-serif; font-size: 12pt; line-height: 115%; text-align: justify; text-indent: 35.4pt;\">Ao empatar ontem, no Est\u00e1dio Serra Dourada, em Goi\u00e2nia\/GO, por 1 a 1, com o Goi\u00e1s, em partida v\u00e1lida pela 25\u00aa Rodada, do Campeonato Brasileiro, da S\u00e9rie B, o Vasco da Gama viu a gordura de pontos da tabela de classifica\u00e7\u00e3o acabar! Isto, porque, embora com 45 pontos ganhos na competi\u00e7\u00e3o, o vice-l\u00edder Atl\u00e9tico Goianiense possui a mesma pontua\u00e7\u00e3o e s\u00f3 ficou atr\u00e1s na contagem por crit\u00e9rio de desempate.<\/span><\/div>\n<div id=\"yui_3_16_0_ym19_1_1473839245292_6511\" style=\"text-align: justify; text-indent: 35.4pt; tab-stops: 111.0pt;\"><span id=\"yui_3_16_0_ym19_1_1473839245292_6512\" style=\"font-size: 12.0pt; line-height: 115%; font-family: 'Arial',sans-serif;\">O Gigante da Colina mais uma vez decepcionou. N\u00e3o atuou em compasso com as tradi\u00e7\u00f5es. Apresentou mais uma vez um futebol p\u00edfio e displicente. Abriu o placar com Marcelo Mattos j\u00e1 na etapa complementar depois de um primeiro tempo de marasmo. Pior. Cedeu o empate aos 41 minutos, quando permitiu o gol de L\u00e9o Gamalho para deixar tudo igual e n\u00e3o trazer para o Rio mais dois pontos!<\/span><\/div>\n<div id=\"yui_3_16_0_ym19_1_1473839245292_6514\" style=\"text-align: justify; text-indent: 35.4pt; tab-stops: 111.0pt;\"><span id=\"yui_3_16_0_ym19_1_1473839245292_6515\" style=\"font-size: 12.0pt; line-height: 115%; font-family: 'Arial',sans-serif;\">De maneira amadora a Comiss\u00e3o T\u00e9cnica passou p\u00e9ssimo exemplo para os atletas e de quebra prejudicou o Cruzmaltino. No m\u00ednimo a imagem do clube foi afetada, fora a reda\u00e7\u00e3o da s\u00famula pela arbitragem. Aos 20 minutos da segunda etapa, o treinador Jorginho n\u00e3o devolveu a bola na m\u00e3o de Ednei, lateral direito do Esmeraldino em tentativa de retardar o jogo. A\u00ed o bob\u00e3o do auxiliar t\u00e9cnico Zinho resmungou da arbitragem para o pr\u00f3prio \u00e1rbitro. Foi expulso. Quanta imaturidade e falta de profissionalismo!<\/span><\/div>\n<div id=\"yui_3_16_0_ym19_1_1473839245292_6517\" style=\"text-align: justify; text-indent: 35.4pt; tab-stops: 111.0pt;\"><span id=\"yui_3_16_0_ym19_1_1473839245292_6518\" style=\"font-size: 12.0pt; line-height: 115%; font-family: 'Arial',sans-serif;\">N\u00e3o h\u00e1 outro resultado que n\u00e3o seja a vit\u00f3ria na pr\u00f3xima partida, pois \u00e9 em casa e agora n\u00e3o existe mais gordura de pontos na tabela de classifica\u00e7\u00e3o do campeonato. Portanto, sexta-feira, dia 16, em S\u00e3o Janu\u00e1rio, contra o Joinville \u00e9 vencer ou vencer. O respeito acabou faz tempo! Mas o futebol se houver vergonha na cara ainda h\u00e1 salva\u00e7\u00e3o!<\/span><\/div>\n<div id=\"yui_3_16_0_ym19_1_1473839245292_6520\" style=\"text-align: justify; text-indent: 35.4pt; tab-stops: 111.0pt;\"><span id=\"yui_3_16_0_ym19_1_1473839245292_6521\" style=\"font-size: 12.0pt; line-height: 115%; font-family: 'Arial',sans-serif;\">\u00a0<\/span><\/div>\n<div id=\"yui_3_16_0_ym19_1_1473839245292_6523\" style=\"text-align: justify; text-indent: 35.4pt; tab-stops: 111.0pt;\"><span id=\"yui_3_16_0_ym19_1_1473839245292_6524\" style=\"font-size: 12.0pt; line-height: 115%; font-family: 'Arial',sans-serif;\">\u00a0<\/span><\/div>\n<div id=\"yui_3_16_0_ym19_1_1473839245292_6526\" style=\"text-align: justify; text-indent: 35.4pt; tab-stops: 111.0pt;\"><span id=\"yui_3_16_0_ym19_1_1473839245292_6527\" style=\"font-size: 14.0pt; line-height: 115%; font-family: 'Arial',sans-serif;\">\u00a0<\/span><\/div>\n<div id=\"yui_3_16_0_ym19_1_1473839245292_6529\" style=\"text-align: justify; text-indent: 35.4pt; tab-stops: 111.0pt;\"><b id=\"yui_3_16_0_ym19_1_1473839245292_6530\"><u id=\"yui_3_16_0_ym19_1_1473839245292_6531\"><span id=\"yui_3_16_0_ym19_1_1473839245292_6532\" style=\"font-size: 20.0pt; line-height: 115%; font-family: 'Arial',sans-serif;\">DIVULGUEM ESSA COVARDIA:<\/span><\/u><\/b><span id=\"yui_3_16_0_ym19_1_1473839245292_6533\" style=\"font-size: 16.0pt; line-height: 115%; font-family: 'Arial',sans-serif;\"> GOSTARIA DE PEDIR A TODOS OS MEUS AMIGOS E LEITORES QUE TIRASSE UM TEMPINHO PARA LER A PETI\u00c7\u00c3O P\u00daBLICA, AO QUAL SEGUE ABAIXO O LINK. TAL DOCUMENTO REFERE-SE A <b id=\"yui_3_16_0_ym19_1_1473839245292_6534\"><u id=\"yui_3_16_0_ym19_1_1473839245292_6535\">UM ATO DE COVARDIA POR PARTE DA VOLKSWAGEN DO BRASIL EM COAUTORIA DA ABOLI\u00c7\u00c3O VE\u00cdCULOS (GRUPO AB)<\/u><\/b> CONTRA ESTE VELHO JORNALISTA. A REFERIDA CONCESSION\u00c1RIA EST\u00c1 ME LESANDO DESDE FEVEREIRO DE 2013. MEU CARRO FOI BATIDO DENTRO DA OFICINA, FURTARAM ACESS\u00d3RIOS, TEM PROBLEMAS CAUSADOS POR ELES, AL\u00c9M DE DEFEITOS DE FABRICA\u00c7\u00c3O. O CARRO 0 KM COMPRADO POR MIM HOJE SE ENCONTRA NA OFICINA DA ABOLI\u00c7\u00c3O VE\u00cdCULOS (CENTRO DE NITER\u00d3I) <b id=\"yui_3_16_0_ym19_1_1473839245292_6536\"><u id=\"yui_3_16_0_ym19_1_1473839245292_6537\">DESDE 10 DE JUNHO DE 2013<\/u><\/b>, OU MELHOR, H\u00c1 <b id=\"yui_3_16_0_ym19_1_1473839245292_6538\"><u id=\"yui_3_16_0_ym19_1_1473839245292_6539\">39 MESES, OU SEJA, 3 ANOS E TR\u00caS MESES.<\/u><\/b> <b id=\"yui_3_16_0_ym19_1_1473839245292_6540\"><u id=\"yui_3_16_0_ym19_1_1473839245292_6541\">TEM APENAS 729 KM RODADOS<\/u><\/b> PARA COMPROVAR O CALV\u00c1RIO TENHO DOCUMENTOS, GRAVA\u00c7\u00d5ES DE AUDIO E V\u00cdDEO, MAIS DE 600 FOTOGRAFIAS E E-MAILS TROCADOS COM FUNCION\u00c1RIOS DO BAIXO, M\u00c9DIO E ALTO ESCAL\u00c3O DA EMPRESA. POR FAVOR, ASSINEM O DOCUMENTO PARA QUE OUTROS CONSUMIDORES N\u00c3O SEJAM LESADOS POR EMPRESAS DESTE N\u00cdVEL.\u00a0 <\/span><a id=\"yui_3_16_0_ym19_1_1473839245292_6542\" href=\"https:\/\/secure.avaaz.org\/po\/petition\/Aos_Orgaos_de_Defesa_do_Consumidor_e_ao_Poder_Judiciario_JUSTICA_CONTRA_UMA_MARCA_E_SUA_REVENDERORA_QUE_DESCUMPREM_A_LEI\/?lJEcNfb&amp;pv=0\"><span id=\"yui_3_16_0_ym19_1_1473839245292_6543\" style=\"font-size: 16.0pt; line-height: 115%; font-family: 'Arial',sans-serif;\">https:\/\/secure.avaaz.org\/po\/petition\/Aos_Orgaos_de_Defesa_do_Consumidor_e_ao_Poder_Judiciario_JUSTICA_CONTRA_UMA_MARCA_E_SUA_REVENDERORA_QUE_DESCUMPREM_A_LEI\/?lJEcNfb&amp;pv=0<\/span><\/a><span id=\"yui_3_16_0_ym19_1_1473839245292_6544\" style=\"font-size: 16.0pt; line-height: 115%; font-family: 'Arial',sans-serif;\"><\/span><\/div>\n<div id=\"yui_3_16_0_ym19_1_1473839245292_6546\" style=\"text-align: justify; tab-stops: 111.0pt;\"><span id=\"yui_3_16_0_ym19_1_1473839245292_6547\" style=\"font-size: 16.0pt; line-height: 115%; font-family: 'Arial',sans-serif;\">\u00a0<\/span><\/div>\n<div id=\"yui_3_16_0_ym19_1_1473839245292_6549\" style=\"text-align: justify; tab-stops: 111.0pt;\"><b id=\"yui_3_16_0_ym19_1_1473839245292_6550\"><span id=\"yui_3_16_0_ym19_1_1473839245292_6551\" style=\"font-size: 16.0pt; line-height: 115%; font-family: 'Arial',sans-serif;\">\u00a0\u00a0\u00a0\u00a0\u00a0\u00a0\u00a0\u00a0\u00a0\u00a0\u00a0\u00a0\u00a0\u00a0\u00a0\u00a0\u00a0\u00a0\u00a0\u00a0\u00a0\u00a0\u00a0\u00a0 \u00a0\u00a0\u00a0\u00a0\u00a0\u00a0 <\/span><\/b><\/div>\n<div id=\"yui_3_16_0_ym19_1_1473839245292_6295\"><\/div>\n<div id=\"yui_3_16_0_ym19_1_1473839245292_6553\" dir=\"ltr\" style=\"text-align: justify;\"><b id=\"yui_3_16_0_ym19_1_1473839245292_6554\"><span id=\"yui_3_16_0_ym19_1_1473839245292_6555\" style=\"font-size: 14.0pt; line-height: 115%; font-family: 'Arial',sans-serif;\">AP\u00d3S AS TODAS AS PARTIDAS DO VASC\u00c3O EM MEU PERFIL DO FACEBOOK (QUEM QUISER RECEBER AS CR\u00d4NICAS DE PRIMEIRA M\u00c3O \u00c9 S\u00d3 ME ADICIONAR), E NOS SITES WEBVASCO (<a href=\"http:\/\/www.webvasco.com\">www.webvasco.com<\/a>), E VASCA\u00cdNOS UNIDOS (<a href=\"http:\/\/www.vascainosunidos.com.br\">www.vascainosunidos.com.br<\/a>) TEM A OPINI\u00c3O DO JORNALISTA LUIZ CARLOS ROCHA. LEIAM! COMPARTILHEM E CURTAM! VASCA\u00cdNOS UNIDOS JAMAIS SER\u00c3O VENCIDOS.<\/span><\/b><\/div>\n<div id=\"yui_3_16_0_ym19_1_1473839245292_6295\"><\/div>\n<div id=\"yui_3_16_0_ym19_1_1473839245292_6295\"><\/div>\n<div id=\"yui_3_16_0_ym19_1_1473839245292_6295\"><\/div>\n<div><\/div>\n<div id=\"yui_3_16_0_ym19_1_1473839245292_6296\"><\/div>\n<div id=\"yui_3_16_0_ym19_1_1473839245292_6301\" class=\"signature\"><\/div>\n<\/div>\n<\/div>\n<p>&nbsp;<\/p>\n","protected":false},"excerpt":{"rendered":"<p>\u00a0 \u00a0\u00a0Ao empatar ontem, no Est\u00e1dio Serra Dourada, em Goi\u00e2nia\/GO, por 1 a 1, com&#8230;<\/p>\n","protected":false},"author":7,"featured_media":0,"comment_status":"open","ping_status":"closed","sticky":false,"template":"","format":"standard","meta":{"footnotes":""},"categories":[4],"tags":[],"class_list":["post-7885","post","type-post","status-publish","format-standard","hentry","category-luizcarlosrocha"],"_links":{"self":[{"href":"https:\/\/webvasco.com\/artigos\/wp-json\/wp\/v2\/posts\/7885","targetHints":{"allow":["GET"]}}],"collection":[{"href":"https:\/\/webvasco.com\/artigos\/wp-json\/wp\/v2\/posts"}],"about":[{"href":"https:\/\/webvasco.com\/artigos\/wp-json\/wp\/v2\/types\/post"}],"author":[{"embeddable":true,"href":"https:\/\/webvasco.com\/artigos\/wp-json\/wp\/v2\/users\/7"}],"replies":[{"embeddable":true,"href":"https:\/\/webvasco.com\/artigos\/wp-json\/wp\/v2\/comments?post=7885"}],"version-history":[{"count":1,"href":"https:\/\/webvasco.com\/artigos\/wp-json\/wp\/v2\/posts\/7885\/revisions"}],"predecessor-version":[{"id":7886,"href":"https:\/\/webvasco.com\/artigos\/wp-json\/wp\/v2\/posts\/7885\/revisions\/7886"}],"wp:attachment":[{"href":"https:\/\/webvasco.com\/artigos\/wp-json\/wp\/v2\/media?parent=7885"}],"wp:term":[{"taxonomy":"category","embeddable":true,"href":"https:\/\/webvasco.com\/artigos\/wp-json\/wp\/v2\/categories?post=7885"},{"taxonomy":"post_tag","embeddable":true,"href":"https:\/\/webvasco.com\/artigos\/wp-json\/wp\/v2\/tags?post=7885"}],"curies":[{"name":"wp","href":"https:\/\/api.w.org\/{rel}","templated":true}]}}