{"id":7887,"date":"2016-09-24T22:38:46","date_gmt":"2016-09-25T01:38:46","guid":{"rendered":"http:\/\/webvasco.com\/artigos\/?p=7887"},"modified":"2016-09-24T22:55:24","modified_gmt":"2016-09-25T01:55:24","slug":"time-pequeno-fcil","status":"publish","type":"post","link":"https:\/\/webvasco.com\/artigos\/colunistas\/luizcarlosrocha\/time-pequeno-fcil\/","title":{"rendered":"TIME PEQUENO &Eacute; F&Aacute;CIL!"},"content":{"rendered":"<div>\n<div style=\"color:#000; background-color:#fff; font-family:HelveticaNeue-Light, Helvetica Neue Light, Helvetica Neue, Helvetica, Arial, Lucida Grande, sans-serif;font-size:32px\">\n<div style=\"text-align:justify;text-indent:35.4pt;tab-stops:111.0pt\" id=\"yui_3_16_0_ym19_1_1474767304699_14314\"><span style=\"font-size:12.0pt;line-height:115%;font-family:&quot;Arial&quot;,sans-serif\" id=\"yui_3_16_0_ym19_1_1474767304699_14315\">&nbsp; &nbsp;&nbsp;O Vasco ganhou hoje, do Atl\u00e9tico\/GO, por 2  a 0, com gols de \u00c9derson (duas vezes), em S\u00e3o Janu\u00e1rio, em partida v\u00e1lida pela  27\u00aa Rodada, do Campeonato Brasileiro, da S\u00e9rie B, na qual lhe garantiu mais  tr\u00eas pontos na tabela de classifica\u00e7\u00e3o, somando agora 51. O triunfo al\u00e9m de  garantir a lideran\u00e7a isolada da competi\u00e7\u00e3o, ainda \u201camenizou\u201d a elimina\u00e7\u00e3o da  Copa do Brasil, na \u00faltima quarta-feira. No s\u00e1bado, dia 01 de outubro, \u00e0s  16h30m, enfrentar\u00e1 o N\u00e1utico, na Arena Pernambuco.<o:p id=\"yui_3_16_0_ym19_1_1474767304699_14316\"><\/o:p><\/span><\/div>\n<div style=\"text-align:justify;text-indent:35.4pt;tab-stops:111.0pt\" id=\"yui_3_16_0_ym19_1_1474767304699_14317\"><span style=\"font-size:12.0pt;line-height:115%;font-family:&quot;Arial&quot;,sans-serif\" id=\"yui_3_16_0_ym19_1_1474767304699_14318\">Por\u00e9m,  o torcedor vasca\u00edno n\u00e3o \u00e9 burro. Sabe bem que o Brasileir\u00e3o da Segundona n\u00e3o  levar\u00e1 a nada. Ou melhor, apenas ao acesso para a Elite do Futebol Brazuca. J\u00e1  a Copa do Brasil, o t\u00edtulo vale mais em termos pecuni\u00e1rios, al\u00e9m do prest\u00edgio  e, sobretudo, a vaga na Libertadores da Am\u00e9rica. Portanto, perder para o Santos  na quarta-feira, foi deixar de ganhar dinheiro, status e uma vaguinha na  competi\u00e7\u00e3o sulamericana.<o:p id=\"yui_3_16_0_ym19_1_1474767304699_14319\"><\/o:p><\/span><\/div>\n<div style=\"text-align:justify;text-indent:35.4pt;tab-stops:111.0pt\" id=\"yui_3_16_0_ym19_1_1474767304699_14320\"><span style=\"font-size:12.0pt;line-height:115%;font-family:&quot;Arial&quot;,sans-serif\" id=\"yui_3_16_0_ym19_1_1474767304699_14321\">Ah,  mas e o respeito? Voltou? Claro que n\u00e3o! Hoje o An\u00e3o da Colina est\u00e1 cada vez  mais sendo motivo de piadas de humor negro. Nitidamente apequenado. E s\u00f3 n\u00e3o  transformou o codinome de Mach\u00e3o da Gama para Bambi do Futebol de Bot\u00e3o, porque  este cabe melhor a um certo clube da Zona Sul Carioca.<o:p id=\"yui_3_16_0_ym19_1_1474767304699_14322\"><\/o:p><\/span><\/div>\n<div style=\"text-align:justify;text-indent:35.4pt;tab-stops:111.0pt\" id=\"yui_3_16_0_ym19_1_1474767304699_14323\"><span style=\"font-size:12.0pt;line-height:115%;font-family:&quot;Arial&quot;,sans-serif\" id=\"yui_3_16_0_ym19_1_1474767304699_14324\">Pergunto  ao Dom Charuto: Esse \u00e9 o tal do respeito? Aqui vai um conselho para o senhor  nobre presidente: Passou da hora de se aposentar! Baseado em que afirmo isso?  Simples: Pel\u00e9, o maior jogador de futebol do planeta de todos os tempos parou  antes da queda. Desta forma \u00e9 lembrado e RESPEITADO como vencedor. J\u00e1 uns e  outros jogadores decadentes, que contaram gols at\u00e9 do v\u00eddeo game para chegar a  meta de 1.000, atuaram de forma p\u00edfia e adversa ao auge da carreira, no final  desta. Portanto, Sr. Eurico, n\u00e3o caia ainda mais no rid\u00edculo. Seu prest\u00edgio,  sua for\u00e7a pol\u00edtica e sua press\u00e3o futebol\u00edstica acabaram! <o:p id=\"yui_3_16_0_ym19_1_1474767304699_14325\"><\/o:p><\/span><\/div>\n<div style=\"text-align:justify;text-indent:35.4pt;tab-stops:111.0pt\" id=\"yui_3_16_0_ym19_1_1474767304699_14326\"><span style=\"font-size:12.0pt;line-height:115%;font-family:&quot;Arial&quot;,sans-serif\" id=\"yui_3_16_0_ym19_1_1474767304699_14327\"><o:p id=\"yui_3_16_0_ym19_1_1474767304699_14328\">&nbsp;<\/o:p><\/span><\/div>\n<div style=\"text-align:justify;text-indent:35.4pt;tab-stops:111.0pt\" id=\"yui_3_16_0_ym19_1_1474767304699_14329\"><span style=\"font-size:14.0pt;line-height:115%;font-family:&quot;Arial&quot;,sans-serif\" id=\"yui_3_16_0_ym19_1_1474767304699_14330\"><o:p id=\"yui_3_16_0_ym19_1_1474767304699_14331\">&nbsp;<\/o:p><\/span><\/div>\n<div style=\"text-align:justify;text-indent:35.4pt;tab-stops:111.0pt\" id=\"yui_3_16_0_ym19_1_1474767304699_14332\"><b id=\"yui_3_16_0_ym19_1_1474767304699_14333\"><u id=\"yui_3_16_0_ym19_1_1474767304699_14334\"><span style=\"font-size:20.0pt;line-height:115%;font-family:&quot;Arial&quot;,sans-serif\" id=\"yui_3_16_0_ym19_1_1474767304699_14335\">DIVULGUEM ESSA COVARDIA:<\/span><\/u><\/b><span style=\"font-size:16.0pt;line-height:115%;font-family:&quot;Arial&quot;,sans-serif\" id=\"yui_3_16_0_ym19_1_1474767304699_14336\"> GOSTARIA  DE PEDIR A TODOS OS MEUS AMIGOS E LEITORES QUE TIRASSE UM TEMPINHO PARA LER A  PETI\u00c7\u00c3O P\u00daBLICA, AO QUAL SEGUE ABAIXO O LINK. TAL DOCUMENTO REFERE-SE A <b id=\"yui_3_16_0_ym19_1_1474767304699_14337\"><u id=\"yui_3_16_0_ym19_1_1474767304699_14338\">UM ATO DE COVARDIA POR PARTE DA  VOLKSWAGEN DO BRASIL EM COAUTORIA DA ABOLI\u00c7\u00c3O VE\u00cdCULOS (GRUPO AB)<\/u><\/b>  CONTRA ESTE VELHO JORNALISTA. A REFERIDA CONCESSION\u00c1RIA EST\u00c1 ME LESANDO DESDE  FEVEREIRO DE 2013. MEU CARRO FOI BATIDO DENTRO DA OFICINA, FURTARAM ACESS\u00d3RIOS,  TEM PROBLEMAS CAUSADOS POR ELES, AL\u00c9M DE DEFEITOS DE FABRICA\u00c7\u00c3O. O CARRO 0 KM  COMPRADO POR MIM HOJE SE ENCONTRA NA OFICINA DA ABOLI\u00c7\u00c3O VE\u00cdCULOS (CENTRO DE  NITER\u00d3I) <b id=\"yui_3_16_0_ym19_1_1474767304699_14339\"><u id=\"yui_3_16_0_ym19_1_1474767304699_14340\">DESDE 10 DE JUNHO DE 2013<\/u><\/b>,  OU MELHOR, H\u00c1 <b id=\"yui_3_16_0_ym19_1_1474767304699_14341\"><u id=\"yui_3_16_0_ym19_1_1474767304699_14342\">39 MESES, OU SEJA, 3  ANOS E TR\u00caS MESES.<\/u><\/b> <b id=\"yui_3_16_0_ym19_1_1474767304699_14343\"><u id=\"yui_3_16_0_ym19_1_1474767304699_14344\">TEM APENAS  729 KM RODADOS<\/u><\/b> PARA COMPROVAR O CALV\u00c1RIO TENHO DOCUMENTOS, GRAVA\u00c7\u00d5ES DE  AUDIO E V\u00cdDEO, MAIS DE 600 FOTOGRAFIAS E E-MAILS TROCADOS COM FUNCION\u00c1RIOS DO  BAIXO, M\u00c9DIO E ALTO ESCAL\u00c3O DA EMPRESA. POR FAVOR, ASSINEM O DOCUMENTO PARA QUE  OUTROS CONSUMIDORES N\u00c3O SEJAM LESADOS POR EMPRESAS DESTE N\u00cdVEL.&nbsp; <\/span><a href=\"https:\/\/secure.avaaz.org\/po\/petition\/Aos_Orgaos_de_Defesa_do_Consumidor_e_ao_Poder_Judiciario_JUSTICA_CONTRA_UMA_MARCA_E_SUA_REVENDERORA_QUE_DESCUMPREM_A_LEI\/?lJEcNfb&amp;pv=0\" id=\"yui_3_16_0_ym19_1_1474767304699_14345\"><span style=\"font-size:16.0pt;line-height:115%;font-family:&quot;Arial&quot;,sans-serif\" id=\"yui_3_16_0_ym19_1_1474767304699_14346\">https:\/\/secure.avaaz.org\/po\/petition\/Aos_Orgaos_de_Defesa_do_Consumidor_e_ao_Poder_Judiciario_JUSTICA_CONTRA_UMA_MARCA_E_SUA_REVENDERORA_QUE_DESCUMPREM_A_LEI\/?lJEcNfb&amp;pv=0<\/span><\/a><span style=\"font-size:16.0pt;line-height:115%;font-family:&quot;Arial&quot;,sans-serif\" id=\"yui_3_16_0_ym19_1_1474767304699_14347\"><o:p id=\"yui_3_16_0_ym19_1_1474767304699_14348\"><\/o:p><\/span><\/div>\n<div style=\"text-align:justify;tab-stops:111.0pt\" id=\"yui_3_16_0_ym19_1_1474767304699_14349\"><span style=\"font-size:16.0pt;line-height:115%;font-family:&quot;Arial&quot;,sans-serif\" id=\"yui_3_16_0_ym19_1_1474767304699_14350\"><o:p id=\"yui_3_16_0_ym19_1_1474767304699_14351\">&nbsp;<\/o:p><\/span><\/div>\n<div style=\"text-align:justify;tab-stops:111.0pt\" id=\"yui_3_16_0_ym19_1_1474767304699_14352\"><b id=\"yui_3_16_0_ym19_1_1474767304699_14353\"><span style=\"font-size:16.0pt;line-height:115%;font-family:&quot;Arial&quot;,sans-serif\" id=\"yui_3_16_0_ym19_1_1474767304699_14354\">&nbsp;&nbsp;&nbsp;&nbsp;&nbsp;&nbsp;&nbsp;&nbsp;&nbsp;&nbsp;&nbsp;&nbsp;&nbsp;&nbsp;&nbsp;&nbsp;&nbsp;&nbsp;&nbsp;&nbsp;&nbsp;&nbsp;&nbsp;&nbsp; &nbsp;&nbsp;&nbsp;&nbsp;&nbsp;&nbsp; <o:p id=\"yui_3_16_0_ym19_1_1474767304699_14355\"><\/o:p><\/span><\/b><\/div>\n<div id=\"yui_3_16_0_ym19_1_1474767304699_14170\">                                    <\/div>\n<div style=\"text-align:justify\" dir=\"ltr\" id=\"yui_3_16_0_ym19_1_1474767304699_14356\"><b id=\"yui_3_16_0_ym19_1_1474767304699_14357\"><span style=\"font-size:14.0pt;line-height:115%;font-family:&quot;Arial&quot;,sans-serif\" id=\"yui_3_16_0_ym19_1_1474767304699_14358\">AP\u00d3S  AS TODAS AS PARTIDAS DO VASC\u00c3O EM MEU PERFIL DO FACEBOOK (QUEM QUISER RECEBER  AS CR\u00d4NICAS DE PRIMEIRA M\u00c3O \u00c9 S\u00d3 ME ADICIONAR), E NOS SITES WEBVASCO  (<a href=\"http:\/\/www.webvasco.com\">www.webvasco.com<\/a>), E VASCA\u00cdNOS UNIDOS (<a href=\"http:\/\/www.vascainosunidos.com.br\">www.vascainosunidos.com.br<\/a>) TEM A  OPINI\u00c3O DO JORNALISTA LUIZ CARLOS ROCHA. LEIAM! COMPARTILHEM E CURTAM!  VASCA\u00cdNOS UNIDOS JAMAIS SER\u00c3O VENCIDOS.<o:p id=\"yui_3_16_0_ym19_1_1474767304699_14359\"><\/o:p><\/span><\/b><\/div>\n<div id=\"yui_3_16_0_ym19_1_1474767304699_14180\"><span><br \/><\/span><\/div>\n<div id=\"yui_3_16_0_ym19_1_1474767304699_14179\"><span><br \/><\/span><\/div>\n<div><\/div>\n<div id=\"yui_3_16_0_ym19_1_1474767304699_14110\">&nbsp;<\/div>\n<div class=\"signature\" id=\"yui_3_16_0_ym19_1_1474767304699_14117\">\n<div id=\"RTEContent\">\n<div id=\"yui_3_16_0_ym19_1_1474767304699_14116\">\n<div id=\"yui_3_16_0_ym19_1_1474767304699_14115\">\n<div id=\"yui_3_16_0_ym19_1_1474767304699_14114\">\n<div align=\"center\" id=\"yui_3_16_0_ym19_1_1474767304699_14113\"><\/div>\n<\/div>\n<\/div>\n<\/div>\n<\/div>\n<\/div>\n<\/div>\n<\/div>\n<p><\/p>\n","protected":false},"excerpt":{"rendered":"<p>&nbsp; &nbsp;&nbsp;O Vasco ganhou hoje, do Atl\u00e9tico\/GO, por 2 a 0, com gols de \u00c9derson&#8230;<\/p>\n","protected":false},"author":7,"featured_media":0,"comment_status":"open","ping_status":"closed","sticky":false,"template":"","format":"standard","meta":{"footnotes":""},"categories":[4],"tags":[],"class_list":["post-7887","post","type-post","status-publish","format-standard","hentry","category-luizcarlosrocha"],"_links":{"self":[{"href":"https:\/\/webvasco.com\/artigos\/wp-json\/wp\/v2\/posts\/7887","targetHints":{"allow":["GET"]}}],"collection":[{"href":"https:\/\/webvasco.com\/artigos\/wp-json\/wp\/v2\/posts"}],"about":[{"href":"https:\/\/webvasco.com\/artigos\/wp-json\/wp\/v2\/types\/post"}],"author":[{"embeddable":true,"href":"https:\/\/webvasco.com\/artigos\/wp-json\/wp\/v2\/users\/7"}],"replies":[{"embeddable":true,"href":"https:\/\/webvasco.com\/artigos\/wp-json\/wp\/v2\/comments?post=7887"}],"version-history":[{"count":0,"href":"https:\/\/webvasco.com\/artigos\/wp-json\/wp\/v2\/posts\/7887\/revisions"}],"wp:attachment":[{"href":"https:\/\/webvasco.com\/artigos\/wp-json\/wp\/v2\/media?parent=7887"}],"wp:term":[{"taxonomy":"category","embeddable":true,"href":"https:\/\/webvasco.com\/artigos\/wp-json\/wp\/v2\/categories?post=7887"},{"taxonomy":"post_tag","embeddable":true,"href":"https:\/\/webvasco.com\/artigos\/wp-json\/wp\/v2\/tags?post=7887"}],"curies":[{"name":"wp","href":"https:\/\/api.w.org\/{rel}","templated":true}]}}