{"id":7888,"date":"2016-09-28T09:15:20","date_gmt":"2016-09-28T12:15:20","guid":{"rendered":"http:\/\/webvasco.com\/artigos\/?p=7888"},"modified":"2016-09-28T09:17:36","modified_gmt":"2016-09-28T12:17:36","slug":"a-quase-misso-cumprida","status":"publish","type":"post","link":"https:\/\/webvasco.com\/artigos\/colunistas\/a-quase-misso-cumprida\/","title":{"rendered":"A quase miss&atilde;o cumprida!"},"content":{"rendered":"<div dir=\"ltr\">\n<p>Ol\u00e1 a todos!<\/p>\n<p>Depois de uma pausa para reflex\u00e3o e ainda por motivos de trabalho e tamb\u00e9m pessoal, retorno ao blog em um momento em que o time de futebol do Vasco deixou os maus resultados para tr\u00e1s e, finalmente, conseguiu fazer com que seu nome, sua camisa prevalecessem nessa disputa nada animadora desta s\u00e9rie B que, gra\u00e7as a DEUS, vai chegando em seu sprint final e, queiramos n\u00f3s (vasca\u00ednos), de forma derradeira:para nunca mais retornarmos nela. N\u00e3o que seja grande coisa (e n\u00e3o \u00e9 de forma alguma!), mas j\u00e1 traz um al\u00edvio para todos, inclusive aos que j\u00e1 questionavam o acesso \u00e0 s\u00e9rie A, justo num campeonato que, de t\u00e3o ruim e t\u00e3o fraco que \u00e9, d\u00e1 ao luxo de um time como o Vasco ficar rodadas jogando mal, obtendo resultados ruins e, ainda assim, n\u00e3o perder sequer a lideran\u00e7a em nenhuma rodada t\u00e3o logo findada!<\/p>\n<p>Confesso-lhes que sou do tipo de pessoa que tenta compreeder tudo, inclusive \u00e0quilo que dizem n\u00e3o haver explica\u00e7\u00e3o plaus\u00edvel. Com isso, se eu pude enxergar algo de bom nesta sequ\u00eancia ruim de cinco ou seis rodadas com resultados p\u00edfios a n\u00edvel de Vasco afora\u00a0outras tantas jogando muito abaixo do que o torcedor esperava foi justamente o fato de Jorginho ter enxergado a necessidade de uma renova\u00e7\u00e3o nesse onze principal, tal conforme j\u00e1 elucidara em meu \u00faltimo texto, faz quase um m\u00eas. Tecnicamente e at\u00e9 em rela\u00e7\u00e3o a mercado, o Vasco n\u00e3o necessita mais de alguns elementos que muito colaboraram nessa campanha de 2016, que nos gratificaram com um t\u00edtulo e mais de trinta jogos invictos, mas que j\u00e1 n\u00e3o rendem mais e, por essa raz\u00e3o, devem &quot;transferir o bast\u00e3o&quot; aos jovens promissores que buscam seu lugar ao Sol, ou melhor, sua posi\u00e7\u00e3o no mundo da bola, a come\u00e7ar pelo Vasco.<\/p>\n<p>E para o Vasco, institucionalmente, chegou o momento adequado de dar vez aos tais, pois a miss\u00e3o de 2016 delegada a Jorginho e sua turpe j\u00e1 se mostra quase cumprida. O Vasco tinha de conquistar o bicampeonato estadual, e assim o fez, diria eu com sobras e coroado por uma campanha invicta. <\/p>\n<p>O Vasco tinha OBRIGA\u00c7\u00c3O de ir bem na S\u00e9rie B, e assim faz, pois mesmo que questionado, JAMAIS perdemos sequer a lideran\u00e7a dessa competi\u00e7\u00e3o, tal conforme escrevera anteriormento. Hoje, o time est\u00e1 h\u00e1 dez pontos do quinto colocado que, no fim \u00e9 o que importa, ainda que creia que o t\u00edtulo ser\u00e1 quest\u00e3o de tempo, e o acesso j\u00e1 \u00e9 uma quase realidade, n\u00e3o confirmada ainda pela Matem\u00e1tica, mas que os progn\u00f3sticos e o pr\u00f3prio nome Vasco nos remete \u00e0 tal certeza. \u00a0<\/p>\n<p>O Vasco tinha OBRIGA\u00c7\u00c3O de cumprir um bom papel na Copa do Brasil, e assim fez, sendo eliminado por um dos melhores times do Brasil em condi\u00e7\u00f5es pra l\u00e1 de adversas e contest\u00e1veis por conta de (mais uma!) arbitragem que operou o time. N\u00e3o havia certeza de que o Vasco chegaria ao terceiro gol diante do Santos na \u00faltima quarta-feira \u00e0 noite (h\u00e1 exato uma semana), mas tal conforme o epis\u00f3dio do &quot;ladrilheiro&quot; na final contra &quot;o mais favorecido&quot; em 1981, o Vasco crescia no jogo, criou todo um ambiente em sinergia com sua torcida para que o resultado fosse virado para que, no final, fosse subtra\u00eddo o seu direito de lutar pelo resultado at\u00e9 o final do jogo. Ali\u00e1s sobre isso, n\u00e3o houve maior repercuss\u00e3o por parte sequer da m\u00eddia carioca sobre esse epis\u00f3dio, talvez por medo com a compara\u00e7\u00e3o com o &quot;ladrilheiro&quot; e, da\u00ed, ter de citar o nome do arquirrival (muitos jornalistas, mesmo que vasca\u00ednos, possuem receio nisso por, talvez, contrariar os princ\u00edpios editoriais de quem lhes paga), mas enfim, nenhuma novidade, pelo menos para mim&#8230;<\/p>\n<p>Finalmente, o Vasco, capitaneado por Jorginho, tinha de come\u00e7ar a estruturar o plantel para o pr\u00f3ximo ano, a come\u00e7ar por colocar para jogar esses novatos, dando-lhes rodagem e revelando-os para o clube e o mercado da bola. E assim, Jorginho est\u00e1 cumprindo, tamb\u00e9m. Hoje, o torcedor do Vasco olha com muita esperan\u00e7a os futuros de Alan Cardoso e Douglas Lu\u00eds, em especial, que encaixaram muito bem nesse time e n\u00e3o por acaso a subida de rendimento de todo o time, ao ponto de vencer com dom\u00ednio, tranquilidade e autoridade o vice-l\u00edder dessa competi\u00e7\u00e3o no \u00faltimo s\u00e1bado. E ainda cr\u00ea que outros como Evander, Matheus Vital e Caio Monteiro, que j\u00e1 tiveram chances, possam ter outras novas at\u00e9 o final do ano, convencendo \u00e0 torcida de que podem ser muito \u00fateis para um novo time que PRECISA se formar para 2017. E n\u00e3o por &quot;ego&quot;, &quot;persegui\u00e7\u00e3o&quot; a alguns veteranos ou outro motivo qualquer, e sim, pela NECESSIDADE de se ter um time mais din\u00e2mico e veloz para um campeonato de primeira linha.<\/p>\n<p>\u00d3bvio que n\u00e3o \u00e9 somente desses jovens e sem relegar a import\u00e2ncia (ainda) de veteranos tais com Mart\u00edn Silva, Rodrigo, Nen\u00ea e Andrezinho em especial que iremos compor um plantel competitivo para o pr\u00f3ximo ano. Haver\u00e1 a necessidade de prospec\u00e7\u00e3o de talentos pelo mundo da bola. Mas sem d\u00favida, a\u00a0miss\u00e3o delegada de momento\u00a0\u00a0&#8211; mais uma &#8211; est\u00e1 sendo cumprida, indicando tend\u00eancias e esperan\u00e7as de um pr\u00f3ximo\u00a0ano mais tranquilo.<\/p>\n<p>********<\/p>\n<p>E, nesse momento, gostaria de destacar (mais uma vez) o trabalho de Jorginho. N\u00e3o \u00e9 novidade para ningu\u00e9m que, de todas essas\u00a0tais miss\u00f5es, a que aparentemente seria menos complicada seria o retorno \u00e0 s\u00e9rie A. Ainda assim, dever\u00e1 cumprir com sobras, assim como as demais j\u00e1 citadas em presente texto!<\/p>\n<p>E tal destaque \u00e9 merecido! Confesso-lhes que, ainda que tenha o criticado tamb\u00e9m por certas escolhas feitas em alguns momentos, as cr\u00edticas ao seu trabalho ganharam tons supervalorados devidos a alguns resultados obtidos. Ao ponto de mat\u00e9rias de supostos &quot;rachas&quot; no grupo vasca\u00edno tenham sido veiculados sem o menor pudor pelas m\u00eddias que, historicamente, adoram esse tipo de postagem envolvendo o nome do clube (<strong>E<\/strong>les <strong>S<\/strong>\u00e3o <strong>P<\/strong>orcaria <strong>N<\/strong>enhuma\u00a0foi uma delas), dando a Jorginho quase que a totalidade da responsabilidade sobre esse suposto &quot;fato&quot;. E de a torcida do Vasco sugerir Fernando Diniz, t\u00e9cnico do Oeste, <strong>D\u00c9CIMO-SEXTO LUGAR, QUASE Z4\u00a0<\/strong>nesse certame em seu lugar!<\/p>\n<p>Evidente que Jorginho deve ter tido o respaldo de quem est\u00e1 acima dele hierarquicamente para esses momentos dif\u00edceis, mas Jorginho soube manter a paz, a serenidade e contornar essa mar\u00e9 turbulenta. Ali\u00e1s como tem sido sua postura desde que chegou ao clube. Seus m\u00e9ritos v\u00e3o, ainda, por ter ele (Jorginho) feito o simples nesses \u00faltimos tempos, ao inv\u00e9s de certas inven\u00e7\u00f5es que, vez ou outra, fazia e que n\u00e3o surtia o efeito desejado. <\/p>\n<p>Ao inv\u00e9s destas, Jorginho escalou o b\u00e1sico, simplificou sua vida, colocou a juventude em jogo e retornou ao caminho das vit\u00f3rias. Pode ser que n\u00e3o entregue tudo que a torcida desejava para esse ano (a Copa do Brasil era um sonho para n\u00f3s), mas tem tudo para entregar, depois de muita luta, grande parte do que se desejava. Tal conforme o pr\u00f3prio disse em sua \u00faltima coletiva de imprensa ap\u00f3s o jogo contra o Atl\u00e9tico-GO, &quot;deixando um legado&quot; para quem, no futuro, vier a assumir seu posto. Pode n\u00e3o significar muito a priori para a torcida, mas quantos t\u00e9cnicos que passaram por nosso clube, alguns com mais m\u00eddia como Paulo Autuori em 2013, que n\u00e3o conseguiram sequer cumprir o b\u00e1sico desejado?!<\/p>\n<p>*******<\/p>\n<p>Encerro o texto de hoje com meu sentimento de PROFUNDO AGRADECIMENTO ao time de basquetebol do Vasco, que depois de nove anos, retorna \u00e0 quadra para voltar aos bons tempos e derrotar o arquirrival, em uma competi\u00e7\u00e3o amistosa, sim,\u00a0aquecimento da NBB, mas que, para quem LUTOU pelo nosso retorno e quem APOIOU o projeto, significa DEMAIS essa conquista!<\/p>\n<p>Digo a todos que sou um apaixonado por Basquete, tendo inclusive n\u00e3o me sentido bem\u00a0diante de uma das finais contra o Flamengo em tempos remotos! Mesmo que, na \u00e9pooca em que o Vasco era visto t\u00e3o somente como um clube meramente de futebol entre 2008 e 2014, jamais desisti de sonhar com a volta do Vasco aos tempos \u00e1ureos nesse esporte. Mesmo sabendo de toda a dificuldade, mesmo sabendo que o futebol \u00e9 o &quot;carro-chefe&quot; dos clubes, mesmo sabendo que, no fim, de nada adianta ir bem no Basquete e mal no Futebol&#8230;ainda assim, vale MUITO a pena ver nossa marca BEM representada, tal como temos (agora, ainda mais) esperan\u00e7a que ser\u00e1 no pr\u00f3ximo NBB!\u00a0<\/p>\n<p>Parab\u00e9ns aos joggadores, ao treinador, ao VP de Esportes de Quadra Fernando Lima, e \u00e0 diretoria do Vasco tamb\u00e9m, que entre cr\u00edticas e acertos, lutou por isso e fez o sonho voltar \u00e0\u00a0realidade!<\/p>\n<p><strong>#ELESTREMEM<\/strong><\/p>\n<p><strong><a href=\"mailto:\u00a0@crismariottirj\">\u00a0@crismariottirj<\/a><\/strong><\/p>\n<\/div>\n<p><\/p>\n","protected":false},"excerpt":{"rendered":"<p>Ol\u00e1 a todos! Depois de uma pausa para reflex\u00e3o e ainda por motivos de trabalho&#8230;<\/p>\n","protected":false},"author":12,"featured_media":0,"comment_status":"open","ping_status":"closed","sticky":false,"template":"","format":"standard","meta":{"footnotes":""},"categories":[3],"tags":[],"class_list":["post-7888","post","type-post","status-publish","format-standard","hentry","category-colunistas"],"_links":{"self":[{"href":"https:\/\/webvasco.com\/artigos\/wp-json\/wp\/v2\/posts\/7888","targetHints":{"allow":["GET"]}}],"collection":[{"href":"https:\/\/webvasco.com\/artigos\/wp-json\/wp\/v2\/posts"}],"about":[{"href":"https:\/\/webvasco.com\/artigos\/wp-json\/wp\/v2\/types\/post"}],"author":[{"embeddable":true,"href":"https:\/\/webvasco.com\/artigos\/wp-json\/wp\/v2\/users\/12"}],"replies":[{"embeddable":true,"href":"https:\/\/webvasco.com\/artigos\/wp-json\/wp\/v2\/comments?post=7888"}],"version-history":[{"count":0,"href":"https:\/\/webvasco.com\/artigos\/wp-json\/wp\/v2\/posts\/7888\/revisions"}],"wp:attachment":[{"href":"https:\/\/webvasco.com\/artigos\/wp-json\/wp\/v2\/media?parent=7888"}],"wp:term":[{"taxonomy":"category","embeddable":true,"href":"https:\/\/webvasco.com\/artigos\/wp-json\/wp\/v2\/categories?post=7888"},{"taxonomy":"post_tag","embeddable":true,"href":"https:\/\/webvasco.com\/artigos\/wp-json\/wp\/v2\/tags?post=7888"}],"curies":[{"name":"wp","href":"https:\/\/api.w.org\/{rel}","templated":true}]}}