{"id":7889,"date":"2016-10-02T01:18:37","date_gmt":"2016-10-02T04:18:37","guid":{"rendered":"http:\/\/webvasco.com\/artigos\/?p=7889"},"modified":"2016-10-02T01:22:22","modified_gmt":"2016-10-02T04:22:22","slug":"acaba-logo","status":"publish","type":"post","link":"https:\/\/webvasco.com\/artigos\/colunistas\/luizcarlosrocha\/acaba-logo\/","title":{"rendered":"ACABA LOGO!"},"content":{"rendered":"<div>\n<div style=\"color:#000; background-color:#fff; font-family:HelveticaNeue-Light, Helvetica Neue Light, Helvetica Neue, Helvetica, Arial, Lucida Grande, sans-serif;font-size:32px\">\n<div style=\"text-align:justify;text-indent:35.4pt;tab-stops:111.0pt\" id=\"yui_3_16_0_ym19_1_1474947340981_501018\"><span style=\"font-size:12.0pt;line-height:115%;font-family:&quot;Arial&quot;,sans-serif\" id=\"yui_3_16_0_ym19_1_1474947340981_501019\">Ao  sofrer a derrota hoje, para o N\u00e1utico, por 3 a 1, na Arena Pernambuco ficou  constatado que o Vasco da Gama est\u00e1 mesmo em queda livre. Os gols de Rony (2) e  Bergson (Madson descontou para os cariocas) s\u00f3 mostrou o \u00f3bvio. Ainda bem que a  partida marcou a 28\u00aa Rodada, do Campeonato Brasileiro, da S\u00e9rie B, pois s\u00f3 tem  mais 10.<o:p id=\"yui_3_16_0_ym19_1_1474947340981_501020\"><\/o:p><\/span><\/div>\n<div style=\"text-align:justify;text-indent:35.4pt;tab-stops:111.0pt\" id=\"yui_3_16_0_ym19_1_1474947340981_501021\"><span style=\"font-size:12.0pt;line-height:115%;font-family:&quot;Arial&quot;,sans-serif\" id=\"yui_3_16_0_ym19_1_1474947340981_501022\">Ainda  na lideran\u00e7a isolada da competi\u00e7\u00e3o, com 51 pontos ganhos na tabela de  classifica\u00e7\u00e3o, o treinador Jorginho deve se preocupar com seu emprego, bem como  com a volta do Gigante da Colina \u00e0 S\u00e9rie A, em 2017. Dos 30 pontos em quest\u00e3o,  para sagrar-se campe\u00e3o desta famigerada S\u00e9rie e ingressar na Elite do Futebol \u00e9  necess\u00e1rio pelo menos de mais 20 pontos, ou seja, ganhar seis jogos e empatar  um, dos dez restantes.<o:p id=\"yui_3_16_0_ym19_1_1474947340981_501023\"><\/o:p><\/span><\/div>\n<div style=\"text-align:justify;text-indent:35.4pt;tab-stops:111.0pt\" id=\"yui_3_16_0_ym19_1_1474947340981_501024\"><span style=\"font-size:12.0pt;line-height:115%;font-family:&quot;Arial&quot;,sans-serif\" id=\"yui_3_16_0_ym19_1_1474947340981_501025\">Mas se  obtiver mais uns 15 pontos, ficaremos entre os quatro que subir\u00e3o, e certamente  no pr\u00f3ximo ano estaremos l\u00e1. O problema \u00e9 que a equipe vasca\u00edna est\u00e1 desgastada  e a Comiss\u00e3o T\u00e9cnica perdeu o fio da meada. Isso passa a ser perigoso \u00e0 medida  em que o Cruzmaltino ainda n\u00e3o tem garantida a volta para a Primeirona. <o:p id=\"yui_3_16_0_ym19_1_1474947340981_501026\"><\/o:p><\/span><\/div>\n<div style=\"text-align:justify;text-indent:35.4pt;tab-stops:111.0pt\" id=\"yui_3_16_0_ym19_1_1474947340981_501027\"><span style=\"font-size:12.0pt;line-height:115%;font-family:&quot;Arial&quot;,sans-serif\" id=\"yui_3_16_0_ym19_1_1474947340981_501028\">O que  ser\u00e1 do Vasco se n\u00e3o conseguir a pontua\u00e7\u00e3o que falta, e consequentemente  frequentar mais um ano a Segundona? Vai se apequenar ainda mais \u00e9 claro. O  respeito de fato s\u00f3 voltar\u00e1 na medida em que a marca Vasco da Gama voltar a ser  forte e temida por advers\u00e1rios. Enquanto isso, o tal respeito imagin\u00e1rio s\u00f3  existe na cabecinha fantasiosa de Dom Charuto, que pelo passar dos tempos j\u00e1  n\u00e3o responde com precis\u00e3o no que tange as faculdades mentais. <o:p id=\"yui_3_16_0_ym19_1_1474947340981_501029\"><\/o:p><\/span><\/div>\n<div style=\"text-align:justify;text-indent:35.4pt;tab-stops:111.0pt\" id=\"yui_3_16_0_ym19_1_1474947340981_501030\"><span style=\"font-size:12.0pt;line-height:115%;font-family:&quot;Arial&quot;,sans-serif\" id=\"yui_3_16_0_ym19_1_1474947340981_501031\">O  pr\u00f3ximo desafio do time ser\u00e1 na ter\u00e7a-feira, dia 04 de outubro, \u00e0s 21h30m, em  Bel\u00e9m, exatamente no Mangueir\u00e3o, diante do Paysandu.<o:p id=\"yui_3_16_0_ym19_1_1474947340981_501032\"><\/o:p><\/span><\/div>\n<div style=\"text-align:justify;text-indent:35.4pt;tab-stops:111.0pt\" id=\"yui_3_16_0_ym19_1_1474947340981_501033\"><span style=\"font-size:12.0pt;line-height:115%;font-family:&quot;Arial&quot;,sans-serif\" id=\"yui_3_16_0_ym19_1_1474947340981_501034\"><o:p id=\"yui_3_16_0_ym19_1_1474947340981_501035\">&nbsp;<\/o:p><\/span><\/div>\n<div style=\"text-align:justify;text-indent:35.4pt;tab-stops:111.0pt\" id=\"yui_3_16_0_ym19_1_1474947340981_501036\"><span style=\"font-size:12.0pt;line-height:115%;font-family:&quot;Arial&quot;,sans-serif\" id=\"yui_3_16_0_ym19_1_1474947340981_501037\"><o:p id=\"yui_3_16_0_ym19_1_1474947340981_501038\">&nbsp;<\/o:p><\/span><\/div>\n<div style=\"text-align:justify;text-indent:35.4pt;tab-stops:111.0pt\" id=\"yui_3_16_0_ym19_1_1474947340981_501039\"><span style=\"font-size:12.0pt;line-height:115%;font-family:&quot;Arial&quot;,sans-serif\" id=\"yui_3_16_0_ym19_1_1474947340981_501040\"><o:p id=\"yui_3_16_0_ym19_1_1474947340981_501041\">&nbsp;<\/o:p><\/span><\/div>\n<div style=\"text-align:justify;text-indent:35.4pt;tab-stops:111.0pt\" id=\"yui_3_16_0_ym19_1_1474947340981_501042\"><span style=\"font-size:14.0pt;line-height:115%;font-family:&quot;Arial&quot;,sans-serif\" id=\"yui_3_16_0_ym19_1_1474947340981_501043\"><o:p id=\"yui_3_16_0_ym19_1_1474947340981_501044\">&nbsp;<\/o:p><\/span><\/div>\n<div style=\"text-align:justify;text-indent:35.4pt;tab-stops:111.0pt\" id=\"yui_3_16_0_ym19_1_1474947340981_501045\"><b id=\"yui_3_16_0_ym19_1_1474947340981_501046\"><u id=\"yui_3_16_0_ym19_1_1474947340981_501047\"><span style=\"font-size:20.0pt;line-height:115%;font-family:&quot;Arial&quot;,sans-serif\" id=\"yui_3_16_0_ym19_1_1474947340981_501048\">DIVULGUEM ESSA COVARDIA:<\/span><\/u><\/b><span style=\"font-size:16.0pt;line-height:115%;font-family:&quot;Arial&quot;,sans-serif\" id=\"yui_3_16_0_ym19_1_1474947340981_501049\"> GOSTARIA  DE PEDIR A TODOS OS MEUS AMIGOS E LEITORES QUE TIRASSE UM TEMPINHO PARA LER A  PETI\u00c7\u00c3O P\u00daBLICA, AO QUAL SEGUE ABAIXO O LINK. TAL DOCUMENTO REFERE-SE A <b id=\"yui_3_16_0_ym19_1_1474947340981_501050\"><u id=\"yui_3_16_0_ym19_1_1474947340981_501051\">UM ATO DE COVARDIA POR PARTE DA  VOLKSWAGEN DO BRASIL EM COAUTORIA DA ABOLI\u00c7\u00c3O VE\u00cdCULOS (GRUPO AB)<\/u><\/b>  CONTRA ESTE VELHO JORNALISTA. A REFERIDA CONCESSION\u00c1RIA EST\u00c1 ME LESANDO DESDE  FEVEREIRO DE 2013. MEU CARRO FOI BATIDO DENTRO DA OFICINA, FURTARAM ACESS\u00d3RIOS,  TEM PROBLEMAS CAUSADOS POR ELES, AL\u00c9M DE DEFEITOS DE FABRICA\u00c7\u00c3O. O CARRO 0 KM  COMPRADO POR MIM HOJE SE ENCONTRA NA OFICINA DA ABOLI\u00c7\u00c3O VE\u00cdCULOS (CENTRO DE  NITER\u00d3I) <b id=\"yui_3_16_0_ym19_1_1474947340981_501052\"><u id=\"yui_3_16_0_ym19_1_1474947340981_501053\">DESDE 10 DE JUNHO DE 2013<\/u><\/b>,  OU MELHOR, H\u00c1 <b id=\"yui_3_16_0_ym19_1_1474947340981_501054\"><u id=\"yui_3_16_0_ym19_1_1474947340981_501055\">39 MESES, OU SEJA, 3  ANOS E TR\u00caS MESES.<\/u><\/b> <b id=\"yui_3_16_0_ym19_1_1474947340981_501056\"><u id=\"yui_3_16_0_ym19_1_1474947340981_501057\">TEM APENAS  729 KM RODADOS<\/u><\/b> PARA COMPROVAR O CALV\u00c1RIO TENHO DOCUMENTOS, GRAVA\u00c7\u00d5ES DE  AUDIO E V\u00cdDEO, MAIS DE 600 FOTOGRAFIAS E E-MAILS TROCADOS COM FUNCION\u00c1RIOS DO  BAIXO, M\u00c9DIO E ALTO ESCAL\u00c3O DA EMPRESA. POR FAVOR, ASSINEM O DOCUMENTO PARA QUE  OUTROS CONSUMIDORES N\u00c3O SEJAM LESADOS POR EMPRESAS DESTE N\u00cdVEL.&nbsp; <\/span><a href=\"https:\/\/secure.avaaz.org\/po\/petition\/Aos_Orgaos_de_Defesa_do_Consumidor_e_ao_Poder_Judiciario_JUSTICA_CONTRA_UMA_MARCA_E_SUA_REVENDERORA_QUE_DESCUMPREM_A_LEI\/?lJEcNfb&amp;pv=0\" id=\"yui_3_16_0_ym19_1_1474947340981_501058\"><span style=\"font-size:16.0pt;line-height:115%;font-family:&quot;Arial&quot;,sans-serif\" id=\"yui_3_16_0_ym19_1_1474947340981_501059\">https:\/\/secure.avaaz.org\/po\/petition\/Aos_Orgaos_de_Defesa_do_Consumidor_e_ao_Poder_Judiciario_JUSTICA_CONTRA_UMA_MARCA_E_SUA_REVENDERORA_QUE_DESCUMPREM_A_LEI\/?lJEcNfb&amp;pv=0<\/span><\/a><span style=\"font-size:16.0pt;line-height:115%;font-family:&quot;Arial&quot;,sans-serif\" id=\"yui_3_16_0_ym19_1_1474947340981_501060\"><o:p id=\"yui_3_16_0_ym19_1_1474947340981_501061\"><\/o:p><\/span><\/div>\n<div style=\"text-align:justify;tab-stops:69.75pt\" id=\"yui_3_16_0_ym19_1_1474947340981_501062\"><span style=\"font-size:16.0pt;line-height:115%;font-family:&quot;Arial&quot;,sans-serif\" id=\"yui_3_16_0_ym19_1_1474947340981_501063\">&nbsp;&nbsp;&nbsp;&nbsp;&nbsp;&nbsp;&nbsp;&nbsp;&nbsp;&nbsp;&nbsp;&nbsp;&nbsp;&nbsp;&nbsp; <o:p id=\"yui_3_16_0_ym19_1_1474947340981_501064\"><\/o:p><\/span><\/div>\n<div style=\"text-align:justify;tab-stops:111.0pt\" id=\"yui_3_16_0_ym19_1_1474947340981_501065\"><b id=\"yui_3_16_0_ym19_1_1474947340981_501066\"><span style=\"font-size:16.0pt;line-height:115%;font-family:&quot;Arial&quot;,sans-serif\" id=\"yui_3_16_0_ym19_1_1474947340981_501067\">&nbsp;&nbsp;&nbsp;&nbsp;&nbsp;&nbsp;&nbsp;&nbsp;&nbsp;&nbsp;&nbsp;&nbsp;&nbsp;&nbsp;&nbsp;&nbsp;&nbsp;&nbsp;&nbsp;&nbsp;&nbsp;&nbsp;&nbsp;&nbsp; &nbsp;&nbsp;&nbsp;&nbsp;&nbsp;&nbsp; <o:p id=\"yui_3_16_0_ym19_1_1474947340981_501068\"><\/o:p><\/span><\/b><\/div>\n<div id=\"yui_3_16_0_ym19_1_1474947340981_500872\">                                                <\/div>\n<div style=\"text-align:justify\" dir=\"ltr\" id=\"yui_3_16_0_ym19_1_1474947340981_501069\"><b id=\"yui_3_16_0_ym19_1_1474947340981_501070\"><span style=\"font-size:14.0pt;line-height:115%;font-family:&quot;Arial&quot;,sans-serif\" id=\"yui_3_16_0_ym19_1_1474947340981_501071\">AP\u00d3S  AS TODAS AS PARTIDAS DO VASC\u00c3O EM MEU PERFIL DO FACEBOOK (QUEM QUISER RECEBER  AS CR\u00d4NICAS DE PRIMEIRA M\u00c3O \u00c9 S\u00d3 ME ADICIONAR), E NOS SITES WEBVASCO  (<a href=\"http:\/\/www.webvasco.com\">www.webvasco.com<\/a>), E VASCA\u00cdNOS UNIDOS (<a href=\"http:\/\/www.vascainosunidos.com.br\">www.vascainosunidos.com.br<\/a>) TEM A  OPINI\u00c3O DO JORNALISTA LUIZ CARLOS ROCHA. LEIAM! COMPARTILHEM E CURTAM!  VASCA\u00cdNOS UNIDOS JAMAIS SER\u00c3O VENCIDOS.<o:p id=\"yui_3_16_0_ym19_1_1474947340981_501072\"><\/o:p><\/span><\/b><\/div>\n<div id=\"yui_3_16_0_ym19_1_1474947340981_500864\"><span><br \/><\/span><\/div>\n<div id=\"yui_3_16_0_ym19_1_1474947340981_500873\"><span><br \/><\/span><\/div>\n<div><span><br \/><\/span><\/div>\n<div id=\"yui_3_16_0_ym19_1_1474947340981_500879\"><span><br \/><\/span><\/div>\n<div><\/div>\n<div id=\"yui_3_16_0_ym19_1_1474947340981_500799\">&nbsp;<\/div>\n<div class=\"signature\" id=\"yui_3_16_0_ym19_1_1474947340981_500807\">\n<div id=\"RTEContent\">\n<div id=\"yui_3_16_0_ym19_1_1474947340981_500806\">\n<div id=\"yui_3_16_0_ym19_1_1474947340981_500805\">\n<div id=\"yui_3_16_0_ym19_1_1474947340981_500804\">\n<div align=\"center\" id=\"yui_3_16_0_ym19_1_1474947340981_500803\"><\/div>\n<\/div>\n<\/div>\n<\/div>\n<\/div>\n<\/div>\n<\/div>\n<\/div>\n<p><\/p>\n","protected":false},"excerpt":{"rendered":"<p>Ao sofrer a derrota hoje, para o N\u00e1utico, por 3 a 1, na Arena Pernambuco&#8230;<\/p>\n","protected":false},"author":7,"featured_media":0,"comment_status":"open","ping_status":"closed","sticky":false,"template":"","format":"standard","meta":{"footnotes":""},"categories":[4],"tags":[],"class_list":["post-7889","post","type-post","status-publish","format-standard","hentry","category-luizcarlosrocha"],"_links":{"self":[{"href":"https:\/\/webvasco.com\/artigos\/wp-json\/wp\/v2\/posts\/7889","targetHints":{"allow":["GET"]}}],"collection":[{"href":"https:\/\/webvasco.com\/artigos\/wp-json\/wp\/v2\/posts"}],"about":[{"href":"https:\/\/webvasco.com\/artigos\/wp-json\/wp\/v2\/types\/post"}],"author":[{"embeddable":true,"href":"https:\/\/webvasco.com\/artigos\/wp-json\/wp\/v2\/users\/7"}],"replies":[{"embeddable":true,"href":"https:\/\/webvasco.com\/artigos\/wp-json\/wp\/v2\/comments?post=7889"}],"version-history":[{"count":0,"href":"https:\/\/webvasco.com\/artigos\/wp-json\/wp\/v2\/posts\/7889\/revisions"}],"wp:attachment":[{"href":"https:\/\/webvasco.com\/artigos\/wp-json\/wp\/v2\/media?parent=7889"}],"wp:term":[{"taxonomy":"category","embeddable":true,"href":"https:\/\/webvasco.com\/artigos\/wp-json\/wp\/v2\/categories?post=7889"},{"taxonomy":"post_tag","embeddable":true,"href":"https:\/\/webvasco.com\/artigos\/wp-json\/wp\/v2\/tags?post=7889"}],"curies":[{"name":"wp","href":"https:\/\/api.w.org\/{rel}","templated":true}]}}